{"id":2395,"date":"2009-07-15T11:20:31","date_gmt":"2009-07-15T09:20:31","guid":{"rendered":"http:\/\/www.article-marketing.eu\/comunicati\/senza-categoria\/sfilata-di-moda-con-ospite-direttamente-da-amici-di-maria-de-filippi-il-ballerino-francesco-mariottini\/"},"modified":"2018-06-04T20:18:36","modified_gmt":"2018-06-04T18:18:36","slug":"sfilata-di-moda-con-ospite-direttamente-da-amici-di-maria-de-filippi-il-ballerino-francesco-mariottini","status":"publish","type":"post","link":"https:\/\/www.article-marketing.eu\/comunicati\/societa\/abbigliamento\/sfilata-di-moda-con-ospite-direttamente-da-amici-di-maria-de-filippi-il-ballerino-francesco-mariottini\/","title":{"rendered":"Sfilata di Moda con ospite direttamente da \u201cAmici\u201d di Maria De Filippi il ballerino Francesco Mariottini"},"content":{"rendered":"<p>Torna il <strong>1 agosto 2009 alle ore 21,30 a Cingoli in Piazza Vittorio Emanuele II<\/strong>, l\u2019ormai tradizionale incontro con la moda, organizzato come ogni anno dal Maglificio Pamira nella persona di Agostino Cipolloni.<\/p>\n<p>La manifestazione, giunta alla 5\u00b0 edizione, vero e proprio appuntamento con la moda di alto livello, si aprir\u00e0 con una conferenza stampa luned\u00ec 27 luglio nella Sala degli Stemmi del Comune di Cingoli alle ore 12,00 dove verr\u00e0 presentato l\u2019evento e interverranno autorit\u00e0, organizzatori e sponsor.<\/p>\n<p>L\u2019evento patrocinato dalla Provincia di Macerata, dal Comune di Cingoli e dalla Confartigianato di Macerata diventa ogni anno la <strong>vetrina della moda marchigiana<\/strong>.<\/p>\n<p>Madrina d\u2019eccezione per la serata e presentatrice della stessa sar\u00e0 quest\u2019anno <strong>Barbara Chiappini<\/strong>, accompagnata in passerella da <strong>Marco Moscatelli<\/strong>, e vedr\u00e0 come ospiti la otto volte campionessa mondiale di scherma <strong>Valentina Vezzali<\/strong> testimonial del Maglificio Pamira, e direttamente da \u201cAmici\u201d di Maria De Filippi il ballerino <strong>Francesco Mariottini<\/strong>.<\/p>\n<p>La serata prevede un\u2019ampia vetrina a quello che \u00e8 ormai considerato in Italia e all&#8217;estero il <strong>\u201cMade in Marche\u201d<\/strong> ovvero le creazioni pi\u00f9 belle ed eleganti delle aziende marchigiane, parteciperanno infatti aziende leader del settore moda come lo stesso Maglificio Pamira di Cingoli, la Sartoria Luca Paolo Rossi di Filottrano, la Scuola di Taglio e Confezione Cristyle di Jesi, Ales Pelletterie di Tolentino, il Centro degli Sposi di Ancona.<\/p>\n<p>Inoltre molte altre ditte ed esercizi commerciali di Cingoli contribuiranno a rendere la serata ricca di fascino ed eleganza ci sar\u00e0 infatti Licio Sport, White abbigliamento donna, Piediluna e lo Shpooing Blu Upim di Cingoli. Nel corso della sfilata, infine, fascino ed eleganza saranno miscelati con momenti di danza e creazioni d\u2019arte.<\/p>\n<p>Da non dimenticare il prezioso contributo di tutti gli sponsor che ogni anno hanno reso possibile rendere Cingoli per una sera al pari delle pi\u00f9 belle piazze italiane della moda.<\/p>\n<p>Ricordiamo a tutti che la data, ora e luogo della conferenza stampa:<\/p>\n<p><strong>Conferenza Stampa luned\u00ec 27 luglio 2009 ore 12,00 \u201cSala Degli Stemmi\u201d Comune di Cingoli.<\/strong><\/p>\n<p>Di seguito Manifesto e Volantino dell&#8217;evento:<strong><br \/>\n<\/strong><\/p>\n<p><strong>Volantino Il Balcone Della Moda<\/strong><\/p>\n<p><strong>Manifesto Balcone Della Moda<\/strong><\/p>\n<p><strong>Qui sotto invece alcuni link a risorse interessanti come i nostri vecchi video degli eventi:<\/strong><\/p>\n<p>http:\/\/www.maglificiopamira.it\/6-sfilate-di-moda\/<\/p>\n<p>http:\/\/www.youtube.com\/watch?v=O60Ss62lRjc<\/p>\n<p>http:\/\/www.youtube.com\/watch?v=pSsArYoU1YM<\/p>\n<p>http:\/\/www.youtube.com\/watch?v=YiUSCOfljbU<\/p>\n<p><strong>e le nostre foto gallery:<\/strong><\/p>\n<p>http:\/\/www.cingolinews.it\/foto-gallery\/2017.html<\/p>\n<p><strong>fonte:<\/strong><\/p>\n<p><strong>http:\/\/shop.maglificiopamira.it\/2009\/07\/sfilata-di-moda-\u201cil-balcone-della-moda\u201d-sabato-1-agosto-2009-ore-2130\/<\/strong><\/p>\n","protected":false},"excerpt":{"rendered":"<p>Torna il 1 agosto 2009 alle ore 21,30 a Cingoli in Piazza Vittorio Emanuele II, l\u2019ormai tradizionale incontro con la moda, organizzato come ogni anno dal Maglificio Pamira nella persona di Agostino Cipolloni.<\/p>\n","protected":false},"author":10,"featured_media":0,"comment_status":"open","ping_status":"open","sticky":false,"template":"","format":"standard","meta":{"cybocfi_hide_featured_image":"","footnotes":""},"categories":[3429],"tags":[7892],"class_list":["post-2395","post","type-post","status-publish","format-standard","hentry","category-abbigliamento","tag-moda-estate"],"yoast_head":"<!-- This site is optimized with the Yoast SEO plugin v27.0 - https:\/\/yoast.com\/product\/yoast-seo-wordpress\/ -->\n<title>Sfilata di Moda con ospite direttamente da \u201cAmici\u201d di Maria De Filippi il ballerino Francesco Mariottini - Article Marketing<\/title>\n<meta name=\"robots\" content=\"index, follow, max-snippet:-1, max-image-preview:large, max-video-preview:-1\" \/>\n<link rel=\"canonical\" href=\"https:\/\/www.article-marketing.eu\/comunicati\/societa\/abbigliamento\/sfilata-di-moda-con-ospite-direttamente-da-amici-di-maria-de-filippi-il-ballerino-francesco-mariottini\/\" \/>\n<meta property=\"og:locale\" content=\"it_IT\" \/>\n<meta property=\"og:type\" content=\"article\" \/>\n<meta property=\"og:title\" content=\"Sfilata di Moda con ospite direttamente da \u201cAmici\u201d di Maria De Filippi il ballerino Francesco Mariottini - Article Marketing\" \/>\n<meta property=\"og:description\" content=\"Torna il 1 agosto 2009 alle ore 21,30 a Cingoli in Piazza Vittorio Emanuele II, l\u2019ormai tradizionale incontro con la moda, organizzato come ogni anno dal Maglificio Pamira nella persona di Agostino Cipolloni.\" \/>\n<meta property=\"og:url\" content=\"https:\/\/www.article-marketing.eu\/comunicati\/societa\/abbigliamento\/sfilata-di-moda-con-ospite-direttamente-da-amici-di-maria-de-filippi-il-ballerino-francesco-mariottini\/\" \/>\n<meta property=\"og:site_name\" content=\"Article Marketing\" \/>\n<meta property=\"article:published_time\" content=\"2009-07-15T09:20:31+00:00\" \/>\n<meta property=\"article:modified_time\" content=\"2018-06-04T18:18:36+00:00\" \/>\n<meta name=\"author\" content=\"Redazione Comunicati Stampa\" \/>\n<meta name=\"twitter:card\" content=\"summary_large_image\" \/>\n<meta name=\"twitter:label1\" content=\"Scritto da\" \/>\n\t<meta name=\"twitter:data1\" content=\"Redazione Comunicati Stampa\" \/>\n\t<meta name=\"twitter:label2\" content=\"Tempo di lettura stimato\" \/>\n\t<meta name=\"twitter:data2\" content=\"2 minuti\" \/>\n<script type=\"application\/ld+json\" class=\"yoast-schema-graph\">{\"@context\":\"https:\/\/schema.org\",\"@graph\":[{\"@type\":\"Article\",\"@id\":\"https:\/\/www.article-marketing.eu\/comunicati\/societa\/abbigliamento\/sfilata-di-moda-con-ospite-direttamente-da-amici-di-maria-de-filippi-il-ballerino-francesco-mariottini\/#article\",\"isPartOf\":{\"@id\":\"https:\/\/www.article-marketing.eu\/comunicati\/societa\/abbigliamento\/sfilata-di-moda-con-ospite-direttamente-da-amici-di-maria-de-filippi-il-ballerino-francesco-mariottini\/\"},\"author\":{\"name\":\"Redazione Comunicati Stampa\",\"@id\":\"https:\/\/www.article-marketing.eu\/comunicati\/#\/schema\/person\/44372e4d4d0fa797b18e03ed1ace9017\"},\"headline\":\"Sfilata di Moda con ospite direttamente da \u201cAmici\u201d di Maria De Filippi il ballerino Francesco Mariottini\",\"datePublished\":\"2009-07-15T09:20:31+00:00\",\"dateModified\":\"2018-06-04T18:18:36+00:00\",\"mainEntityOfPage\":{\"@id\":\"https:\/\/www.article-marketing.eu\/comunicati\/societa\/abbigliamento\/sfilata-di-moda-con-ospite-direttamente-da-amici-di-maria-de-filippi-il-ballerino-francesco-mariottini\/\"},\"wordCount\":420,\"commentCount\":0,\"keywords\":[\"Moda Estate\"],\"articleSection\":[\"Abbigliamento e accessori\"],\"inLanguage\":\"it-IT\",\"potentialAction\":[{\"@type\":\"CommentAction\",\"name\":\"Comment\",\"target\":[\"https:\/\/www.article-marketing.eu\/comunicati\/societa\/abbigliamento\/sfilata-di-moda-con-ospite-direttamente-da-amici-di-maria-de-filippi-il-ballerino-francesco-mariottini\/#respond\"]}]},{\"@type\":\"WebPage\",\"@id\":\"https:\/\/www.article-marketing.eu\/comunicati\/societa\/abbigliamento\/sfilata-di-moda-con-ospite-direttamente-da-amici-di-maria-de-filippi-il-ballerino-francesco-mariottini\/\",\"url\":\"https:\/\/www.article-marketing.eu\/comunicati\/societa\/abbigliamento\/sfilata-di-moda-con-ospite-direttamente-da-amici-di-maria-de-filippi-il-ballerino-francesco-mariottini\/\",\"name\":\"Sfilata di Moda con ospite direttamente da \u201cAmici\u201d di Maria De Filippi il ballerino Francesco Mariottini - Article Marketing\",\"isPartOf\":{\"@id\":\"https:\/\/www.article-marketing.eu\/comunicati\/#website\"},\"datePublished\":\"2009-07-15T09:20:31+00:00\",\"dateModified\":\"2018-06-04T18:18:36+00:00\",\"author\":{\"@id\":\"https:\/\/www.article-marketing.eu\/comunicati\/#\/schema\/person\/44372e4d4d0fa797b18e03ed1ace9017\"},\"breadcrumb\":{\"@id\":\"https:\/\/www.article-marketing.eu\/comunicati\/societa\/abbigliamento\/sfilata-di-moda-con-ospite-direttamente-da-amici-di-maria-de-filippi-il-ballerino-francesco-mariottini\/#breadcrumb\"},\"inLanguage\":\"it-IT\",\"potentialAction\":[{\"@type\":\"ReadAction\",\"target\":[\"https:\/\/www.article-marketing.eu\/comunicati\/societa\/abbigliamento\/sfilata-di-moda-con-ospite-direttamente-da-amici-di-maria-de-filippi-il-ballerino-francesco-mariottini\/\"]}]},{\"@type\":\"BreadcrumbList\",\"@id\":\"https:\/\/www.article-marketing.eu\/comunicati\/societa\/abbigliamento\/sfilata-di-moda-con-ospite-direttamente-da-amici-di-maria-de-filippi-il-ballerino-francesco-mariottini\/#breadcrumb\",\"itemListElement\":[{\"@type\":\"ListItem\",\"position\":1,\"name\":\"Home\",\"item\":\"https:\/\/www.article-marketing.eu\/comunicati\/\"},{\"@type\":\"ListItem\",\"position\":2,\"name\":\"Sfilata di Moda con ospite direttamente da \u201cAmici\u201d di Maria De Filippi il ballerino Francesco Mariottini\"}]},{\"@type\":\"WebSite\",\"@id\":\"https:\/\/www.article-marketing.eu\/comunicati\/#website\",\"url\":\"https:\/\/www.article-marketing.eu\/comunicati\/\",\"name\":\"Article Marketing\",\"description\":\"article marketing &amp; press release\",\"potentialAction\":[{\"@type\":\"SearchAction\",\"target\":{\"@type\":\"EntryPoint\",\"urlTemplate\":\"https:\/\/www.article-marketing.eu\/comunicati\/?s={search_term_string}\"},\"query-input\":{\"@type\":\"PropertyValueSpecification\",\"valueRequired\":true,\"valueName\":\"search_term_string\"}}],\"inLanguage\":\"it-IT\"},{\"@type\":\"Person\",\"@id\":\"https:\/\/www.article-marketing.eu\/comunicati\/#\/schema\/person\/44372e4d4d0fa797b18e03ed1ace9017\",\"name\":\"Redazione Comunicati Stampa\",\"image\":{\"@type\":\"ImageObject\",\"inLanguage\":\"it-IT\",\"@id\":\"https:\/\/www.article-marketing.eu\/comunicati\/#\/schema\/person\/image\/\",\"url\":\"https:\/\/secure.gravatar.com\/avatar\/50e5c6421d3072f42e7ace803501602c60d75233d34e29fd05feb91c8760b792?s=96&d=mm&r=g\",\"contentUrl\":\"https:\/\/secure.gravatar.com\/avatar\/50e5c6421d3072f42e7ace803501602c60d75233d34e29fd05feb91c8760b792?s=96&d=mm&r=g\",\"caption\":\"Redazione Comunicati Stampa\"},\"url\":\"https:\/\/www.article-marketing.eu\/comunicati\/author\/redazione-comunicati-stampa\/\"}]}<\/script>\n<!-- \/ Yoast SEO plugin. -->","yoast_head_json":{"title":"Sfilata di Moda con ospite direttamente da \u201cAmici\u201d di Maria De Filippi il ballerino Francesco Mariottini - Article Marketing","robots":{"index":"index","follow":"follow","max-snippet":"max-snippet:-1","max-image-preview":"max-image-preview:large","max-video-preview":"max-video-preview:-1"},"canonical":"https:\/\/www.article-marketing.eu\/comunicati\/societa\/abbigliamento\/sfilata-di-moda-con-ospite-direttamente-da-amici-di-maria-de-filippi-il-ballerino-francesco-mariottini\/","og_locale":"it_IT","og_type":"article","og_title":"Sfilata di Moda con ospite direttamente da \u201cAmici\u201d di Maria De Filippi il ballerino Francesco Mariottini - Article Marketing","og_description":"Torna il 1 agosto 2009 alle ore 21,30 a Cingoli in Piazza Vittorio Emanuele II, l\u2019ormai tradizionale incontro con la moda, organizzato come ogni anno dal Maglificio Pamira nella persona di Agostino Cipolloni.","og_url":"https:\/\/www.article-marketing.eu\/comunicati\/societa\/abbigliamento\/sfilata-di-moda-con-ospite-direttamente-da-amici-di-maria-de-filippi-il-ballerino-francesco-mariottini\/","og_site_name":"Article Marketing","article_published_time":"2009-07-15T09:20:31+00:00","article_modified_time":"2018-06-04T18:18:36+00:00","author":"Redazione Comunicati Stampa","twitter_card":"summary_large_image","twitter_misc":{"Scritto da":"Redazione Comunicati Stampa","Tempo di lettura stimato":"2 minuti"},"schema":{"@context":"https:\/\/schema.org","@graph":[{"@type":"Article","@id":"https:\/\/www.article-marketing.eu\/comunicati\/societa\/abbigliamento\/sfilata-di-moda-con-ospite-direttamente-da-amici-di-maria-de-filippi-il-ballerino-francesco-mariottini\/#article","isPartOf":{"@id":"https:\/\/www.article-marketing.eu\/comunicati\/societa\/abbigliamento\/sfilata-di-moda-con-ospite-direttamente-da-amici-di-maria-de-filippi-il-ballerino-francesco-mariottini\/"},"author":{"name":"Redazione Comunicati Stampa","@id":"https:\/\/www.article-marketing.eu\/comunicati\/#\/schema\/person\/44372e4d4d0fa797b18e03ed1ace9017"},"headline":"Sfilata di Moda con ospite direttamente da \u201cAmici\u201d di Maria De Filippi il ballerino Francesco Mariottini","datePublished":"2009-07-15T09:20:31+00:00","dateModified":"2018-06-04T18:18:36+00:00","mainEntityOfPage":{"@id":"https:\/\/www.article-marketing.eu\/comunicati\/societa\/abbigliamento\/sfilata-di-moda-con-ospite-direttamente-da-amici-di-maria-de-filippi-il-ballerino-francesco-mariottini\/"},"wordCount":420,"commentCount":0,"keywords":["Moda Estate"],"articleSection":["Abbigliamento e accessori"],"inLanguage":"it-IT","potentialAction":[{"@type":"CommentAction","name":"Comment","target":["https:\/\/www.article-marketing.eu\/comunicati\/societa\/abbigliamento\/sfilata-di-moda-con-ospite-direttamente-da-amici-di-maria-de-filippi-il-ballerino-francesco-mariottini\/#respond"]}]},{"@type":"WebPage","@id":"https:\/\/www.article-marketing.eu\/comunicati\/societa\/abbigliamento\/sfilata-di-moda-con-ospite-direttamente-da-amici-di-maria-de-filippi-il-ballerino-francesco-mariottini\/","url":"https:\/\/www.article-marketing.eu\/comunicati\/societa\/abbigliamento\/sfilata-di-moda-con-ospite-direttamente-da-amici-di-maria-de-filippi-il-ballerino-francesco-mariottini\/","name":"Sfilata di Moda con ospite direttamente da \u201cAmici\u201d di Maria De Filippi il ballerino Francesco Mariottini - Article Marketing","isPartOf":{"@id":"https:\/\/www.article-marketing.eu\/comunicati\/#website"},"datePublished":"2009-07-15T09:20:31+00:00","dateModified":"2018-06-04T18:18:36+00:00","author":{"@id":"https:\/\/www.article-marketing.eu\/comunicati\/#\/schema\/person\/44372e4d4d0fa797b18e03ed1ace9017"},"breadcrumb":{"@id":"https:\/\/www.article-marketing.eu\/comunicati\/societa\/abbigliamento\/sfilata-di-moda-con-ospite-direttamente-da-amici-di-maria-de-filippi-il-ballerino-francesco-mariottini\/#breadcrumb"},"inLanguage":"it-IT","potentialAction":[{"@type":"ReadAction","target":["https:\/\/www.article-marketing.eu\/comunicati\/societa\/abbigliamento\/sfilata-di-moda-con-ospite-direttamente-da-amici-di-maria-de-filippi-il-ballerino-francesco-mariottini\/"]}]},{"@type":"BreadcrumbList","@id":"https:\/\/www.article-marketing.eu\/comunicati\/societa\/abbigliamento\/sfilata-di-moda-con-ospite-direttamente-da-amici-di-maria-de-filippi-il-ballerino-francesco-mariottini\/#breadcrumb","itemListElement":[{"@type":"ListItem","position":1,"name":"Home","item":"https:\/\/www.article-marketing.eu\/comunicati\/"},{"@type":"ListItem","position":2,"name":"Sfilata di Moda con ospite direttamente da \u201cAmici\u201d di Maria De Filippi il ballerino Francesco Mariottini"}]},{"@type":"WebSite","@id":"https:\/\/www.article-marketing.eu\/comunicati\/#website","url":"https:\/\/www.article-marketing.eu\/comunicati\/","name":"Article Marketing","description":"article marketing &amp; press release","potentialAction":[{"@type":"SearchAction","target":{"@type":"EntryPoint","urlTemplate":"https:\/\/www.article-marketing.eu\/comunicati\/?s={search_term_string}"},"query-input":{"@type":"PropertyValueSpecification","valueRequired":true,"valueName":"search_term_string"}}],"inLanguage":"it-IT"},{"@type":"Person","@id":"https:\/\/www.article-marketing.eu\/comunicati\/#\/schema\/person\/44372e4d4d0fa797b18e03ed1ace9017","name":"Redazione Comunicati Stampa","image":{"@type":"ImageObject","inLanguage":"it-IT","@id":"https:\/\/www.article-marketing.eu\/comunicati\/#\/schema\/person\/image\/","url":"https:\/\/secure.gravatar.com\/avatar\/50e5c6421d3072f42e7ace803501602c60d75233d34e29fd05feb91c8760b792?s=96&d=mm&r=g","contentUrl":"https:\/\/secure.gravatar.com\/avatar\/50e5c6421d3072f42e7ace803501602c60d75233d34e29fd05feb91c8760b792?s=96&d=mm&r=g","caption":"Redazione Comunicati Stampa"},"url":"https:\/\/www.article-marketing.eu\/comunicati\/author\/redazione-comunicati-stampa\/"}]}},"_links":{"self":[{"href":"https:\/\/www.article-marketing.eu\/comunicati\/wp-json\/wp\/v2\/posts\/2395","targetHints":{"allow":["GET"]}}],"collection":[{"href":"https:\/\/www.article-marketing.eu\/comunicati\/wp-json\/wp\/v2\/posts"}],"about":[{"href":"https:\/\/www.article-marketing.eu\/comunicati\/wp-json\/wp\/v2\/types\/post"}],"author":[{"embeddable":true,"href":"https:\/\/www.article-marketing.eu\/comunicati\/wp-json\/wp\/v2\/users\/10"}],"replies":[{"embeddable":true,"href":"https:\/\/www.article-marketing.eu\/comunicati\/wp-json\/wp\/v2\/comments?post=2395"}],"version-history":[{"count":2,"href":"https:\/\/www.article-marketing.eu\/comunicati\/wp-json\/wp\/v2\/posts\/2395\/revisions"}],"predecessor-version":[{"id":55637,"href":"https:\/\/www.article-marketing.eu\/comunicati\/wp-json\/wp\/v2\/posts\/2395\/revisions\/55637"}],"wp:attachment":[{"href":"https:\/\/www.article-marketing.eu\/comunicati\/wp-json\/wp\/v2\/media?parent=2395"}],"wp:term":[{"taxonomy":"category","embeddable":true,"href":"https:\/\/www.article-marketing.eu\/comunicati\/wp-json\/wp\/v2\/categories?post=2395"},{"taxonomy":"post_tag","embeddable":true,"href":"https:\/\/www.article-marketing.eu\/comunicati\/wp-json\/wp\/v2\/tags?post=2395"}],"curies":[{"name":"wp","href":"https:\/\/api.w.org\/{rel}","templated":true}]}}