{"id":2427,"date":"2009-07-20T11:14:26","date_gmt":"2009-07-20T09:14:26","guid":{"rendered":"http:\/\/www.article-marketing.eu\/comunicati\/senza-categoria\/i-giovani-imprenditori-di-confindustria-ancona-ospiti-alla-indesit-company\/"},"modified":"2009-07-20T11:14:26","modified_gmt":"2009-07-20T09:14:26","slug":"i-giovani-imprenditori-di-confindustria-ancona-ospiti-alla-indesit-company","status":"publish","type":"post","link":"https:\/\/www.article-marketing.eu\/comunicati\/comunicati-stampa\/eventi\/i-giovani-imprenditori-di-confindustria-ancona-ospiti-alla-indesit-company\/","title":{"rendered":"I Giovani Imprenditori di Confindustria Ancona ospiti alla Indesit Company"},"content":{"rendered":"<p>Senigallia, 31 marzo 2009 &#8211; 18:05 PM CEST<\/p>\n<p>&#61602; Si \u00e8 svolto nei giorni scorsi presso la sede corporate della Indesit Company di Fabriano (AN) il convegno che ha visto come partecipanti e protagonisti interessati i circa 150 Giovani Imprenditori legati a Confindustria Ancona.<br \/>Davanti ad un folto pubblico capitanato dal Presidente Giorgio Guidi, Andrea Merloni ha esposto la situazione corrente dell&#8217;azienda e le strategie per affrontare il prossimo futuro.<br \/>Accolti con eleganza e sobriet\u00e0 nella sala Europa della Indesit, i Giovani Imprenditori hanno avuto un\u2019importante occasione per raccogliere informazioni economiche e aziendali da poter trasferire con intelligenza all\u2019interno delle proprie realt\u00e0 aziendali affinch\u00e9 questo periodo di crisi venga vissuto come momento di transizione e di strutturazione capace di rendere le aziende pi\u00f9 forti e attente all\u2019innovazione, alle soluzioni, alla globalizzazione. Anche Luxtrainer\u00ae, mediante la partecipazione del General Manager &#8211; Mattia Gabarrini&nbsp;&nbsp;&nbsp;&nbsp;&nbsp;&nbsp;&nbsp;&nbsp; &#8211; ha preso parte all\u2019iniziativa dimostrando grande attenzione alle analisi e ai risultati di aziende modernamente strutturate e di grande spessore socio-economico a livello worlwide.<\/p>\n<p>Per ulteriori informazioni:<\/p>\n<p>Ufficio Stampa Luxtrainer<br \/>Cristiano Bettini, Tel.&nbsp;&nbsp;&nbsp;071&nbsp;7961014&nbsp; &nbsp; <br \/><a href=\"mailto:mediarelations@luxtrainer.com\">mediarelations@luxtrainer.com<\/a> <br \/>www.luxtrainer.com <\/p>\n<p>About us<br \/>Luxtrainer\u00ae, con sede corporate a Senigallia (AN), Italia, \u00e8 un produttore di attrezzature per il fitness di alta gamma interamente Made in Italy. Vanta un consolidato know-how nel settore delle costruzioni meccaniche e presta grande attenzione al design, alla ricercatezza di materiali e tecnologie avanzate che rappresentano gli elementi&nbsp; che la contraddistinguono sul mercato: non pi\u00f9 semplici macchine ma lussuosi elementi di arredo e oggetto dal design unico e sofisticato. Una gamma prodotti innovativa nata per le strutture ricettive che desiderano creare uno spazio dedicato al fitness, professionale ed esclusivo costituita dalla linea isotonica Multistations, Single Circuit&#x2122; e Free Weights Corner&#x2122;.<\/p>\n<p>Luxtrainer\u00ae, Luxtrainer logo sono marchi commerciali registrati di propriet\u00e0 di Luxtrainer\u00ae in Italia e in altri Paesi. X1&#x2122;, X1 logo, X2&#x2122;, X2 logo, X3&#x2122;, X3 logo, X4&#x2122;, X4 logo, Dumbbell Tower&#x2122;, Dumbbell Tower logo, Superbench&#x2122;, Superbench logo, Official Luxtrainer Fitness Suite&#x2122;, Official Luxtrainer Fitness Suite logo, Luxtrainer Financial Service&#x2122;, sono marchi commerciali di propriet\u00e0 di Luxtrainer\u00ae in Italia e in altri Paesi. Tutti i diritti riservati. Le denominazioni di altre societ\u00e0 e prodotti menzionate, sono marchi di propriet\u00e0 dei rispettivi titolari.<\/p>\n<p><\/p>\n","protected":false},"excerpt":{"rendered":"<p>Congiuntura economica e strategie future. Gli esperti si incontrano a Fabriano.<\/p>\n","protected":false},"author":10,"featured_media":0,"comment_status":"open","ping_status":"open","sticky":false,"template":"","format":"standard","meta":{"cybocfi_hide_featured_image":"","footnotes":""},"categories":[388],"tags":[5121,1235,1107,99,4476,255,3368,5128,309,4637,4119,5135,6143,3370,11],"class_list":["post-2427","post","type-post","status-publish","format-standard","hentry","category-eventi","tag-attrezzature-sportive","tag-benessere","tag-design","tag-economia","tag-fitness","tag-hotel","tag-lusso","tag-luxtrainer","tag-moda","tag-residence","tag-risorse-umane","tag-sala-fitness","tag-scienze-motorie","tag-spa","tag-sport"],"yoast_head":"<!-- This site is optimized with the Yoast SEO plugin v27.0 - https:\/\/yoast.com\/product\/yoast-seo-wordpress\/ -->\n<title>I Giovani Imprenditori di Confindustria Ancona ospiti alla Indesit Company - Article Marketing<\/title>\n<meta name=\"robots\" content=\"index, follow, max-snippet:-1, max-image-preview:large, max-video-preview:-1\" \/>\n<link rel=\"canonical\" href=\"https:\/\/www.article-marketing.eu\/comunicati\/comunicati-stampa\/eventi\/i-giovani-imprenditori-di-confindustria-ancona-ospiti-alla-indesit-company\/\" \/>\n<meta property=\"og:locale\" content=\"it_IT\" \/>\n<meta property=\"og:type\" content=\"article\" \/>\n<meta property=\"og:title\" content=\"I Giovani Imprenditori di Confindustria Ancona ospiti alla Indesit Company - Article Marketing\" \/>\n<meta property=\"og:description\" content=\"Congiuntura economica e strategie future. Gli esperti si incontrano a Fabriano.\" \/>\n<meta property=\"og:url\" content=\"https:\/\/www.article-marketing.eu\/comunicati\/comunicati-stampa\/eventi\/i-giovani-imprenditori-di-confindustria-ancona-ospiti-alla-indesit-company\/\" \/>\n<meta property=\"og:site_name\" content=\"Article Marketing\" \/>\n<meta property=\"article:published_time\" content=\"2009-07-20T09:14:26+00:00\" \/>\n<meta name=\"author\" content=\"Redazione Comunicati Stampa\" \/>\n<meta name=\"twitter:card\" content=\"summary_large_image\" \/>\n<meta name=\"twitter:label1\" content=\"Scritto da\" \/>\n\t<meta name=\"twitter:data1\" content=\"Redazione Comunicati Stampa\" \/>\n\t<meta name=\"twitter:label2\" content=\"Tempo di lettura stimato\" \/>\n\t<meta name=\"twitter:data2\" content=\"2 minuti\" \/>\n<script type=\"application\/ld+json\" class=\"yoast-schema-graph\">{\"@context\":\"https:\/\/schema.org\",\"@graph\":[{\"@type\":\"Article\",\"@id\":\"https:\/\/www.article-marketing.eu\/comunicati\/comunicati-stampa\/eventi\/i-giovani-imprenditori-di-confindustria-ancona-ospiti-alla-indesit-company\/#article\",\"isPartOf\":{\"@id\":\"https:\/\/www.article-marketing.eu\/comunicati\/comunicati-stampa\/eventi\/i-giovani-imprenditori-di-confindustria-ancona-ospiti-alla-indesit-company\/\"},\"author\":{\"name\":\"Redazione Comunicati Stampa\",\"@id\":\"https:\/\/www.article-marketing.eu\/comunicati\/#\/schema\/person\/44372e4d4d0fa797b18e03ed1ace9017\"},\"headline\":\"I Giovani Imprenditori di Confindustria Ancona ospiti alla Indesit Company\",\"datePublished\":\"2009-07-20T09:14:26+00:00\",\"mainEntityOfPage\":{\"@id\":\"https:\/\/www.article-marketing.eu\/comunicati\/comunicati-stampa\/eventi\/i-giovani-imprenditori-di-confindustria-ancona-ospiti-alla-indesit-company\/\"},\"wordCount\":396,\"commentCount\":0,\"keywords\":[\"Attrezzature Sportive\",\"benessere\",\"design\",\"economia\",\"FITNESS\",\"hotel\",\"lusso\",\"Luxtrainer\",\"moda\",\"Residence\",\"risorse umane\",\"Sala Fitness\",\"Scienze Motorie\",\"spa\",\"sport\"],\"articleSection\":[\"Eventi\"],\"inLanguage\":\"it-IT\",\"potentialAction\":[{\"@type\":\"CommentAction\",\"name\":\"Comment\",\"target\":[\"https:\/\/www.article-marketing.eu\/comunicati\/comunicati-stampa\/eventi\/i-giovani-imprenditori-di-confindustria-ancona-ospiti-alla-indesit-company\/#respond\"]}]},{\"@type\":\"WebPage\",\"@id\":\"https:\/\/www.article-marketing.eu\/comunicati\/comunicati-stampa\/eventi\/i-giovani-imprenditori-di-confindustria-ancona-ospiti-alla-indesit-company\/\",\"url\":\"https:\/\/www.article-marketing.eu\/comunicati\/comunicati-stampa\/eventi\/i-giovani-imprenditori-di-confindustria-ancona-ospiti-alla-indesit-company\/\",\"name\":\"I Giovani Imprenditori di Confindustria Ancona ospiti alla Indesit Company - Article Marketing\",\"isPartOf\":{\"@id\":\"https:\/\/www.article-marketing.eu\/comunicati\/#website\"},\"datePublished\":\"2009-07-20T09:14:26+00:00\",\"author\":{\"@id\":\"https:\/\/www.article-marketing.eu\/comunicati\/#\/schema\/person\/44372e4d4d0fa797b18e03ed1ace9017\"},\"breadcrumb\":{\"@id\":\"https:\/\/www.article-marketing.eu\/comunicati\/comunicati-stampa\/eventi\/i-giovani-imprenditori-di-confindustria-ancona-ospiti-alla-indesit-company\/#breadcrumb\"},\"inLanguage\":\"it-IT\",\"potentialAction\":[{\"@type\":\"ReadAction\",\"target\":[\"https:\/\/www.article-marketing.eu\/comunicati\/comunicati-stampa\/eventi\/i-giovani-imprenditori-di-confindustria-ancona-ospiti-alla-indesit-company\/\"]}]},{\"@type\":\"BreadcrumbList\",\"@id\":\"https:\/\/www.article-marketing.eu\/comunicati\/comunicati-stampa\/eventi\/i-giovani-imprenditori-di-confindustria-ancona-ospiti-alla-indesit-company\/#breadcrumb\",\"itemListElement\":[{\"@type\":\"ListItem\",\"position\":1,\"name\":\"Home\",\"item\":\"https:\/\/www.article-marketing.eu\/comunicati\/\"},{\"@type\":\"ListItem\",\"position\":2,\"name\":\"I Giovani Imprenditori di Confindustria Ancona ospiti alla Indesit Company\"}]},{\"@type\":\"WebSite\",\"@id\":\"https:\/\/www.article-marketing.eu\/comunicati\/#website\",\"url\":\"https:\/\/www.article-marketing.eu\/comunicati\/\",\"name\":\"Article Marketing\",\"description\":\"article marketing &amp; press release\",\"potentialAction\":[{\"@type\":\"SearchAction\",\"target\":{\"@type\":\"EntryPoint\",\"urlTemplate\":\"https:\/\/www.article-marketing.eu\/comunicati\/?s={search_term_string}\"},\"query-input\":{\"@type\":\"PropertyValueSpecification\",\"valueRequired\":true,\"valueName\":\"search_term_string\"}}],\"inLanguage\":\"it-IT\"},{\"@type\":\"Person\",\"@id\":\"https:\/\/www.article-marketing.eu\/comunicati\/#\/schema\/person\/44372e4d4d0fa797b18e03ed1ace9017\",\"name\":\"Redazione Comunicati Stampa\",\"image\":{\"@type\":\"ImageObject\",\"inLanguage\":\"it-IT\",\"@id\":\"https:\/\/www.article-marketing.eu\/comunicati\/#\/schema\/person\/image\/\",\"url\":\"https:\/\/secure.gravatar.com\/avatar\/50e5c6421d3072f42e7ace803501602c60d75233d34e29fd05feb91c8760b792?s=96&d=mm&r=g\",\"contentUrl\":\"https:\/\/secure.gravatar.com\/avatar\/50e5c6421d3072f42e7ace803501602c60d75233d34e29fd05feb91c8760b792?s=96&d=mm&r=g\",\"caption\":\"Redazione Comunicati Stampa\"},\"url\":\"https:\/\/www.article-marketing.eu\/comunicati\/author\/redazione-comunicati-stampa\/\"}]}<\/script>\n<!-- \/ Yoast SEO plugin. -->","yoast_head_json":{"title":"I Giovani Imprenditori di Confindustria Ancona ospiti alla Indesit Company - Article Marketing","robots":{"index":"index","follow":"follow","max-snippet":"max-snippet:-1","max-image-preview":"max-image-preview:large","max-video-preview":"max-video-preview:-1"},"canonical":"https:\/\/www.article-marketing.eu\/comunicati\/comunicati-stampa\/eventi\/i-giovani-imprenditori-di-confindustria-ancona-ospiti-alla-indesit-company\/","og_locale":"it_IT","og_type":"article","og_title":"I Giovani Imprenditori di Confindustria Ancona ospiti alla Indesit Company - Article Marketing","og_description":"Congiuntura economica e strategie future. Gli esperti si incontrano a Fabriano.","og_url":"https:\/\/www.article-marketing.eu\/comunicati\/comunicati-stampa\/eventi\/i-giovani-imprenditori-di-confindustria-ancona-ospiti-alla-indesit-company\/","og_site_name":"Article Marketing","article_published_time":"2009-07-20T09:14:26+00:00","author":"Redazione Comunicati Stampa","twitter_card":"summary_large_image","twitter_misc":{"Scritto da":"Redazione Comunicati Stampa","Tempo di lettura stimato":"2 minuti"},"schema":{"@context":"https:\/\/schema.org","@graph":[{"@type":"Article","@id":"https:\/\/www.article-marketing.eu\/comunicati\/comunicati-stampa\/eventi\/i-giovani-imprenditori-di-confindustria-ancona-ospiti-alla-indesit-company\/#article","isPartOf":{"@id":"https:\/\/www.article-marketing.eu\/comunicati\/comunicati-stampa\/eventi\/i-giovani-imprenditori-di-confindustria-ancona-ospiti-alla-indesit-company\/"},"author":{"name":"Redazione Comunicati Stampa","@id":"https:\/\/www.article-marketing.eu\/comunicati\/#\/schema\/person\/44372e4d4d0fa797b18e03ed1ace9017"},"headline":"I Giovani Imprenditori di Confindustria Ancona ospiti alla Indesit Company","datePublished":"2009-07-20T09:14:26+00:00","mainEntityOfPage":{"@id":"https:\/\/www.article-marketing.eu\/comunicati\/comunicati-stampa\/eventi\/i-giovani-imprenditori-di-confindustria-ancona-ospiti-alla-indesit-company\/"},"wordCount":396,"commentCount":0,"keywords":["Attrezzature Sportive","benessere","design","economia","FITNESS","hotel","lusso","Luxtrainer","moda","Residence","risorse umane","Sala Fitness","Scienze Motorie","spa","sport"],"articleSection":["Eventi"],"inLanguage":"it-IT","potentialAction":[{"@type":"CommentAction","name":"Comment","target":["https:\/\/www.article-marketing.eu\/comunicati\/comunicati-stampa\/eventi\/i-giovani-imprenditori-di-confindustria-ancona-ospiti-alla-indesit-company\/#respond"]}]},{"@type":"WebPage","@id":"https:\/\/www.article-marketing.eu\/comunicati\/comunicati-stampa\/eventi\/i-giovani-imprenditori-di-confindustria-ancona-ospiti-alla-indesit-company\/","url":"https:\/\/www.article-marketing.eu\/comunicati\/comunicati-stampa\/eventi\/i-giovani-imprenditori-di-confindustria-ancona-ospiti-alla-indesit-company\/","name":"I Giovani Imprenditori di Confindustria Ancona ospiti alla Indesit Company - Article Marketing","isPartOf":{"@id":"https:\/\/www.article-marketing.eu\/comunicati\/#website"},"datePublished":"2009-07-20T09:14:26+00:00","author":{"@id":"https:\/\/www.article-marketing.eu\/comunicati\/#\/schema\/person\/44372e4d4d0fa797b18e03ed1ace9017"},"breadcrumb":{"@id":"https:\/\/www.article-marketing.eu\/comunicati\/comunicati-stampa\/eventi\/i-giovani-imprenditori-di-confindustria-ancona-ospiti-alla-indesit-company\/#breadcrumb"},"inLanguage":"it-IT","potentialAction":[{"@type":"ReadAction","target":["https:\/\/www.article-marketing.eu\/comunicati\/comunicati-stampa\/eventi\/i-giovani-imprenditori-di-confindustria-ancona-ospiti-alla-indesit-company\/"]}]},{"@type":"BreadcrumbList","@id":"https:\/\/www.article-marketing.eu\/comunicati\/comunicati-stampa\/eventi\/i-giovani-imprenditori-di-confindustria-ancona-ospiti-alla-indesit-company\/#breadcrumb","itemListElement":[{"@type":"ListItem","position":1,"name":"Home","item":"https:\/\/www.article-marketing.eu\/comunicati\/"},{"@type":"ListItem","position":2,"name":"I Giovani Imprenditori di Confindustria Ancona ospiti alla Indesit Company"}]},{"@type":"WebSite","@id":"https:\/\/www.article-marketing.eu\/comunicati\/#website","url":"https:\/\/www.article-marketing.eu\/comunicati\/","name":"Article Marketing","description":"article marketing &amp; press release","potentialAction":[{"@type":"SearchAction","target":{"@type":"EntryPoint","urlTemplate":"https:\/\/www.article-marketing.eu\/comunicati\/?s={search_term_string}"},"query-input":{"@type":"PropertyValueSpecification","valueRequired":true,"valueName":"search_term_string"}}],"inLanguage":"it-IT"},{"@type":"Person","@id":"https:\/\/www.article-marketing.eu\/comunicati\/#\/schema\/person\/44372e4d4d0fa797b18e03ed1ace9017","name":"Redazione Comunicati Stampa","image":{"@type":"ImageObject","inLanguage":"it-IT","@id":"https:\/\/www.article-marketing.eu\/comunicati\/#\/schema\/person\/image\/","url":"https:\/\/secure.gravatar.com\/avatar\/50e5c6421d3072f42e7ace803501602c60d75233d34e29fd05feb91c8760b792?s=96&d=mm&r=g","contentUrl":"https:\/\/secure.gravatar.com\/avatar\/50e5c6421d3072f42e7ace803501602c60d75233d34e29fd05feb91c8760b792?s=96&d=mm&r=g","caption":"Redazione Comunicati Stampa"},"url":"https:\/\/www.article-marketing.eu\/comunicati\/author\/redazione-comunicati-stampa\/"}]}},"_links":{"self":[{"href":"https:\/\/www.article-marketing.eu\/comunicati\/wp-json\/wp\/v2\/posts\/2427","targetHints":{"allow":["GET"]}}],"collection":[{"href":"https:\/\/www.article-marketing.eu\/comunicati\/wp-json\/wp\/v2\/posts"}],"about":[{"href":"https:\/\/www.article-marketing.eu\/comunicati\/wp-json\/wp\/v2\/types\/post"}],"author":[{"embeddable":true,"href":"https:\/\/www.article-marketing.eu\/comunicati\/wp-json\/wp\/v2\/users\/10"}],"replies":[{"embeddable":true,"href":"https:\/\/www.article-marketing.eu\/comunicati\/wp-json\/wp\/v2\/comments?post=2427"}],"version-history":[{"count":0,"href":"https:\/\/www.article-marketing.eu\/comunicati\/wp-json\/wp\/v2\/posts\/2427\/revisions"}],"wp:attachment":[{"href":"https:\/\/www.article-marketing.eu\/comunicati\/wp-json\/wp\/v2\/media?parent=2427"}],"wp:term":[{"taxonomy":"category","embeddable":true,"href":"https:\/\/www.article-marketing.eu\/comunicati\/wp-json\/wp\/v2\/categories?post=2427"},{"taxonomy":"post_tag","embeddable":true,"href":"https:\/\/www.article-marketing.eu\/comunicati\/wp-json\/wp\/v2\/tags?post=2427"}],"curies":[{"name":"wp","href":"https:\/\/api.w.org\/{rel}","templated":true}]}}