{"id":2430,"date":"2009-07-20T12:43:46","date_gmt":"2009-07-20T10:43:46","guid":{"rendered":"http:\/\/www.article-marketing.eu\/comunicati\/senza-categoria\/estate-la-stagione-dellidea-regalo-piu-originale\/"},"modified":"2009-07-20T12:43:46","modified_gmt":"2009-07-20T10:43:46","slug":"estate-la-stagione-dellidea-regalo-piu-originale","status":"publish","type":"post","link":"https:\/\/www.article-marketing.eu\/comunicati\/tempo-libero\/shopping\/estate-la-stagione-dellidea-regalo-piu-originale\/","title":{"rendered":"Estate: la stagione dell\u2019idea regalo pi\u00fa originale"},"content":{"rendered":"<p style=\"text-align: justify;\" class=\"MsoNormal\">Chi \u00e8 convinto che la stagione delle <a href=\"http:\/\/www.fotoregali.com\/IdeeRegali\/IdeeRegalo.aspx\">idee regalo<\/a> sia<br \/>\nprevalentemente quella dei mesi che vanno da settembre fino al termine delle<br \/>\nfeste natalizie sar\u00e1 costretto ad ampliare i propri orizzonti valutando il<br \/>\nconcetto di idea regalo fotografica, realizzata con gli scatti dell\u2019estate.<\/p>\n<p style=\"text-align: justify;\" class=\"MsoNormal\">La stagione estiva infatti ci vede protagonisti di tanti momenti passati<br \/>\nfuori, nel mezzo del divertimento insieme alle persone con cui vogliamo<br \/>\ncondividere di pi\u00fa. Week-end lunghi, vacanze vere e proprie, lunghe notti<br \/>\npassate in giro alla luce della luna e incuranti del fatto che il giorno dopo<br \/>\nil lavoro ci aspetta.. L\u2019estate di molti noi \u00e8 fatta di queste cose che in gran<br \/>\nparte aspettiamo tutto l\u2019anno, come animaletti in letargo che guardano pigri la<br \/>\nstagione del gelo volgere al termine per ridarci le forze.<\/p>\n<p style=\"text-align: justify;\" class=\"MsoNormal\">Vogliamo tante immagini della nostra estate, \u00e8 naturale e viene spontaneo<br \/>\nperch\u00e9 ci vediamo pi\u00fa belli, pi\u00fa rilassati e vogliamo portarci le testimonianze<br \/>\ndel nostro possibile \u201critorno alla vita\u201d nel corso dell\u2019inverno successivo<br \/>\nquasi a ricordarci, nei momenti pi\u00fa tristi, che anche per noi esiste una rinascita<br \/>\nfisica e mentale.<\/p>\n<p style=\"text-align: justify;\" class=\"MsoNormal\">Archivi elettronici pieni delle foto gi\u00e1 selezionate e pi\u00fa belle, in riva<br \/>\nla mare o per locali pieni di persone sorridenti e felici. Non basta per\u00f3<br \/>\nriguardarsi le fotografie, catalogarle ordinatamente e lasciare soffocare il<br \/>\nsenso di vita che irradiano dentro &nbsp;una<br \/>\nottusa cartella del pc. Bisogna usarle.<\/p>\n<p style=\"text-align: justify;\" class=\"MsoNormal\">Le nostre fotografie estive sono potenziali estremamente ricchi per<br \/>\nautostimolarci realizzando stampe particolari fondate su idee d\u2019arte che<br \/>\nabbiamo da dedicare esclusivamente a noi stessi e soprattutto per concepire le<br \/>\nidee regalo per chi amiamo. Idee regalo come stampe in alta qualit\u00e0 su<br \/>\nmateriali particolari come la tela o il legno, stampe<br \/>\nbasate su idee che la foto stessa, la sua inquadratura o i suoi colori ci<br \/>\nsuggeriscono. Idee perfette per sancire la chiusura di un\u2019estate che ci ha<br \/>\nportato gioia e benessere e idee per proporre una nuova iconografia, una \u201cseconda<br \/>\nedizione\u201d, basata su un nuovo stile di noi e i nostri amici di sempre.<\/p>\n<p style=\"text-align: justify;\" class=\"MsoNormal\">Idee regalo personalizzate da concepire quando la mente \u00e8 ancora immersa<br \/>\nnella nella gioia estiva e utilizzabili per i regali da fare nel corso dell\u2019anno.<br \/>\nOggetti personalizzabili come tazze in ceramica, cuscini e coperte che con gli<br \/>\nscatti di un\u2019estate felice cambieranno radicalmente i vostri momenti di relax. &nbsp;Altri articoli da regalo semplici e divertenti<br \/>\ncome i foto puzzle, perfetti per ricordare e ricomporre ironicamente un momento<br \/>\nsu una spiaggia che si vuole ripetere indubbiamente.<\/p>\n<p style=\"text-align: justify;\" class=\"MsoNormal\">L\u2019estate \u00e8 davvero la stagione dell\u2019immagine. E\u2019 il tempo della fioritura,<br \/>\ndella manifestazione della parte pi\u00fa gioiosa di noi stessi&nbsp; che \u00e8 importante fissare e rendere arte, se<br \/>\nne abbiamo la possibilit\u00e0.<\/p>\n<p style=\"text-align: justify;\" class=\"MsoNormal\">L\u2019idea regalo pi\u00fa espressiva, per noi stessi e il nostro ambiente o per le<br \/>\npersone con cui condividiamo i momenti di spensieratezza \u00e8 sicuramente un\u2019idea<br \/>\nche ha dentro i nostri sentimenti e la nostra parte creativa. Quest\u2019ultima<br \/>\nviene stimolata dalle sensazioni forti che solo certe fotografie sono in grado<br \/>\ndi veicolarci. <\/p>\n<p style=\"text-align: justify;\" class=\"MsoNormal\">Non commettiamo ancora l\u2019errore quindi, di far cadere \u201cnel dimenticatoio\u201d<br \/>\nci\u00f3 che ci stimola e rende noi e le persone che ci stanno intorno ancora pi\u00fa<br \/>\nbelli e pieni di vita.<\/p>\n","protected":false},"excerpt":{"rendered":"<p>L&#8217;estate \u00e9 la fucina delle opere d&#8217;arte e delle idee regalo realizzare con le proprie fotografie.<\/p>\n","protected":false},"author":10,"featured_media":0,"comment_status":"open","ping_status":"open","sticky":false,"template":"","format":"standard","meta":{"cybocfi_hide_featured_image":"","footnotes":""},"categories":[308],"tags":[1085,7988,7628],"class_list":["post-2430","post","type-post","status-publish","format-standard","hentry","category-shopping","tag-estate","tag-foto-estate","tag-idea-regalo"],"yoast_head":"<!-- This site is optimized with the Yoast SEO plugin v27.0 - https:\/\/yoast.com\/product\/yoast-seo-wordpress\/ -->\n<title>Estate: la stagione dell\u2019idea regalo pi\u00fa originale - Article Marketing<\/title>\n<meta name=\"robots\" content=\"index, follow, max-snippet:-1, max-image-preview:large, max-video-preview:-1\" \/>\n<link rel=\"canonical\" href=\"https:\/\/www.article-marketing.eu\/comunicati\/tempo-libero\/shopping\/estate-la-stagione-dellidea-regalo-piu-originale\/\" \/>\n<meta property=\"og:locale\" content=\"it_IT\" \/>\n<meta property=\"og:type\" content=\"article\" \/>\n<meta property=\"og:title\" content=\"Estate: la stagione dell\u2019idea regalo pi\u00fa originale - Article Marketing\" \/>\n<meta property=\"og:description\" content=\"L&#039;estate \u00e9 la fucina delle opere d&#039;arte e delle idee regalo realizzare con le proprie fotografie.\" \/>\n<meta property=\"og:url\" content=\"https:\/\/www.article-marketing.eu\/comunicati\/tempo-libero\/shopping\/estate-la-stagione-dellidea-regalo-piu-originale\/\" \/>\n<meta property=\"og:site_name\" content=\"Article Marketing\" \/>\n<meta property=\"article:published_time\" content=\"2009-07-20T10:43:46+00:00\" \/>\n<meta name=\"author\" content=\"Redazione Comunicati Stampa\" \/>\n<meta name=\"twitter:card\" content=\"summary_large_image\" \/>\n<meta name=\"twitter:label1\" content=\"Scritto da\" \/>\n\t<meta name=\"twitter:data1\" content=\"Redazione Comunicati Stampa\" \/>\n\t<meta name=\"twitter:label2\" content=\"Tempo di lettura stimato\" \/>\n\t<meta name=\"twitter:data2\" content=\"3 minuti\" \/>\n<script type=\"application\/ld+json\" class=\"yoast-schema-graph\">{\"@context\":\"https:\/\/schema.org\",\"@graph\":[{\"@type\":\"Article\",\"@id\":\"https:\/\/www.article-marketing.eu\/comunicati\/tempo-libero\/shopping\/estate-la-stagione-dellidea-regalo-piu-originale\/#article\",\"isPartOf\":{\"@id\":\"https:\/\/www.article-marketing.eu\/comunicati\/tempo-libero\/shopping\/estate-la-stagione-dellidea-regalo-piu-originale\/\"},\"author\":{\"name\":\"Redazione Comunicati Stampa\",\"@id\":\"https:\/\/www.article-marketing.eu\/comunicati\/#\/schema\/person\/44372e4d4d0fa797b18e03ed1ace9017\"},\"headline\":\"Estate: la stagione dell\u2019idea regalo pi\u00fa originale\",\"datePublished\":\"2009-07-20T10:43:46+00:00\",\"mainEntityOfPage\":{\"@id\":\"https:\/\/www.article-marketing.eu\/comunicati\/tempo-libero\/shopping\/estate-la-stagione-dellidea-regalo-piu-originale\/\"},\"wordCount\":540,\"commentCount\":0,\"keywords\":[\"estate\",\"foto estate\",\"idea regalo\"],\"articleSection\":[\"Shopping\"],\"inLanguage\":\"it-IT\",\"potentialAction\":[{\"@type\":\"CommentAction\",\"name\":\"Comment\",\"target\":[\"https:\/\/www.article-marketing.eu\/comunicati\/tempo-libero\/shopping\/estate-la-stagione-dellidea-regalo-piu-originale\/#respond\"]}]},{\"@type\":\"WebPage\",\"@id\":\"https:\/\/www.article-marketing.eu\/comunicati\/tempo-libero\/shopping\/estate-la-stagione-dellidea-regalo-piu-originale\/\",\"url\":\"https:\/\/www.article-marketing.eu\/comunicati\/tempo-libero\/shopping\/estate-la-stagione-dellidea-regalo-piu-originale\/\",\"name\":\"Estate: la stagione dell\u2019idea regalo pi\u00fa originale - Article Marketing\",\"isPartOf\":{\"@id\":\"https:\/\/www.article-marketing.eu\/comunicati\/#website\"},\"datePublished\":\"2009-07-20T10:43:46+00:00\",\"author\":{\"@id\":\"https:\/\/www.article-marketing.eu\/comunicati\/#\/schema\/person\/44372e4d4d0fa797b18e03ed1ace9017\"},\"breadcrumb\":{\"@id\":\"https:\/\/www.article-marketing.eu\/comunicati\/tempo-libero\/shopping\/estate-la-stagione-dellidea-regalo-piu-originale\/#breadcrumb\"},\"inLanguage\":\"it-IT\",\"potentialAction\":[{\"@type\":\"ReadAction\",\"target\":[\"https:\/\/www.article-marketing.eu\/comunicati\/tempo-libero\/shopping\/estate-la-stagione-dellidea-regalo-piu-originale\/\"]}]},{\"@type\":\"BreadcrumbList\",\"@id\":\"https:\/\/www.article-marketing.eu\/comunicati\/tempo-libero\/shopping\/estate-la-stagione-dellidea-regalo-piu-originale\/#breadcrumb\",\"itemListElement\":[{\"@type\":\"ListItem\",\"position\":1,\"name\":\"Home\",\"item\":\"https:\/\/www.article-marketing.eu\/comunicati\/\"},{\"@type\":\"ListItem\",\"position\":2,\"name\":\"Estate: la stagione dell\u2019idea regalo pi\u00fa originale\"}]},{\"@type\":\"WebSite\",\"@id\":\"https:\/\/www.article-marketing.eu\/comunicati\/#website\",\"url\":\"https:\/\/www.article-marketing.eu\/comunicati\/\",\"name\":\"Article Marketing\",\"description\":\"article marketing &amp; press release\",\"potentialAction\":[{\"@type\":\"SearchAction\",\"target\":{\"@type\":\"EntryPoint\",\"urlTemplate\":\"https:\/\/www.article-marketing.eu\/comunicati\/?s={search_term_string}\"},\"query-input\":{\"@type\":\"PropertyValueSpecification\",\"valueRequired\":true,\"valueName\":\"search_term_string\"}}],\"inLanguage\":\"it-IT\"},{\"@type\":\"Person\",\"@id\":\"https:\/\/www.article-marketing.eu\/comunicati\/#\/schema\/person\/44372e4d4d0fa797b18e03ed1ace9017\",\"name\":\"Redazione Comunicati Stampa\",\"image\":{\"@type\":\"ImageObject\",\"inLanguage\":\"it-IT\",\"@id\":\"https:\/\/www.article-marketing.eu\/comunicati\/#\/schema\/person\/image\/\",\"url\":\"https:\/\/secure.gravatar.com\/avatar\/50e5c6421d3072f42e7ace803501602c60d75233d34e29fd05feb91c8760b792?s=96&d=mm&r=g\",\"contentUrl\":\"https:\/\/secure.gravatar.com\/avatar\/50e5c6421d3072f42e7ace803501602c60d75233d34e29fd05feb91c8760b792?s=96&d=mm&r=g\",\"caption\":\"Redazione Comunicati Stampa\"},\"url\":\"https:\/\/www.article-marketing.eu\/comunicati\/author\/redazione-comunicati-stampa\/\"}]}<\/script>\n<!-- \/ Yoast SEO plugin. -->","yoast_head_json":{"title":"Estate: la stagione dell\u2019idea regalo pi\u00fa originale - Article Marketing","robots":{"index":"index","follow":"follow","max-snippet":"max-snippet:-1","max-image-preview":"max-image-preview:large","max-video-preview":"max-video-preview:-1"},"canonical":"https:\/\/www.article-marketing.eu\/comunicati\/tempo-libero\/shopping\/estate-la-stagione-dellidea-regalo-piu-originale\/","og_locale":"it_IT","og_type":"article","og_title":"Estate: la stagione dell\u2019idea regalo pi\u00fa originale - Article Marketing","og_description":"L'estate \u00e9 la fucina delle opere d'arte e delle idee regalo realizzare con le proprie fotografie.","og_url":"https:\/\/www.article-marketing.eu\/comunicati\/tempo-libero\/shopping\/estate-la-stagione-dellidea-regalo-piu-originale\/","og_site_name":"Article Marketing","article_published_time":"2009-07-20T10:43:46+00:00","author":"Redazione Comunicati Stampa","twitter_card":"summary_large_image","twitter_misc":{"Scritto da":"Redazione Comunicati Stampa","Tempo di lettura stimato":"3 minuti"},"schema":{"@context":"https:\/\/schema.org","@graph":[{"@type":"Article","@id":"https:\/\/www.article-marketing.eu\/comunicati\/tempo-libero\/shopping\/estate-la-stagione-dellidea-regalo-piu-originale\/#article","isPartOf":{"@id":"https:\/\/www.article-marketing.eu\/comunicati\/tempo-libero\/shopping\/estate-la-stagione-dellidea-regalo-piu-originale\/"},"author":{"name":"Redazione Comunicati Stampa","@id":"https:\/\/www.article-marketing.eu\/comunicati\/#\/schema\/person\/44372e4d4d0fa797b18e03ed1ace9017"},"headline":"Estate: la stagione dell\u2019idea regalo pi\u00fa originale","datePublished":"2009-07-20T10:43:46+00:00","mainEntityOfPage":{"@id":"https:\/\/www.article-marketing.eu\/comunicati\/tempo-libero\/shopping\/estate-la-stagione-dellidea-regalo-piu-originale\/"},"wordCount":540,"commentCount":0,"keywords":["estate","foto estate","idea regalo"],"articleSection":["Shopping"],"inLanguage":"it-IT","potentialAction":[{"@type":"CommentAction","name":"Comment","target":["https:\/\/www.article-marketing.eu\/comunicati\/tempo-libero\/shopping\/estate-la-stagione-dellidea-regalo-piu-originale\/#respond"]}]},{"@type":"WebPage","@id":"https:\/\/www.article-marketing.eu\/comunicati\/tempo-libero\/shopping\/estate-la-stagione-dellidea-regalo-piu-originale\/","url":"https:\/\/www.article-marketing.eu\/comunicati\/tempo-libero\/shopping\/estate-la-stagione-dellidea-regalo-piu-originale\/","name":"Estate: la stagione dell\u2019idea regalo pi\u00fa originale - Article Marketing","isPartOf":{"@id":"https:\/\/www.article-marketing.eu\/comunicati\/#website"},"datePublished":"2009-07-20T10:43:46+00:00","author":{"@id":"https:\/\/www.article-marketing.eu\/comunicati\/#\/schema\/person\/44372e4d4d0fa797b18e03ed1ace9017"},"breadcrumb":{"@id":"https:\/\/www.article-marketing.eu\/comunicati\/tempo-libero\/shopping\/estate-la-stagione-dellidea-regalo-piu-originale\/#breadcrumb"},"inLanguage":"it-IT","potentialAction":[{"@type":"ReadAction","target":["https:\/\/www.article-marketing.eu\/comunicati\/tempo-libero\/shopping\/estate-la-stagione-dellidea-regalo-piu-originale\/"]}]},{"@type":"BreadcrumbList","@id":"https:\/\/www.article-marketing.eu\/comunicati\/tempo-libero\/shopping\/estate-la-stagione-dellidea-regalo-piu-originale\/#breadcrumb","itemListElement":[{"@type":"ListItem","position":1,"name":"Home","item":"https:\/\/www.article-marketing.eu\/comunicati\/"},{"@type":"ListItem","position":2,"name":"Estate: la stagione dell\u2019idea regalo pi\u00fa originale"}]},{"@type":"WebSite","@id":"https:\/\/www.article-marketing.eu\/comunicati\/#website","url":"https:\/\/www.article-marketing.eu\/comunicati\/","name":"Article Marketing","description":"article marketing &amp; press release","potentialAction":[{"@type":"SearchAction","target":{"@type":"EntryPoint","urlTemplate":"https:\/\/www.article-marketing.eu\/comunicati\/?s={search_term_string}"},"query-input":{"@type":"PropertyValueSpecification","valueRequired":true,"valueName":"search_term_string"}}],"inLanguage":"it-IT"},{"@type":"Person","@id":"https:\/\/www.article-marketing.eu\/comunicati\/#\/schema\/person\/44372e4d4d0fa797b18e03ed1ace9017","name":"Redazione Comunicati Stampa","image":{"@type":"ImageObject","inLanguage":"it-IT","@id":"https:\/\/www.article-marketing.eu\/comunicati\/#\/schema\/person\/image\/","url":"https:\/\/secure.gravatar.com\/avatar\/50e5c6421d3072f42e7ace803501602c60d75233d34e29fd05feb91c8760b792?s=96&d=mm&r=g","contentUrl":"https:\/\/secure.gravatar.com\/avatar\/50e5c6421d3072f42e7ace803501602c60d75233d34e29fd05feb91c8760b792?s=96&d=mm&r=g","caption":"Redazione Comunicati Stampa"},"url":"https:\/\/www.article-marketing.eu\/comunicati\/author\/redazione-comunicati-stampa\/"}]}},"_links":{"self":[{"href":"https:\/\/www.article-marketing.eu\/comunicati\/wp-json\/wp\/v2\/posts\/2430","targetHints":{"allow":["GET"]}}],"collection":[{"href":"https:\/\/www.article-marketing.eu\/comunicati\/wp-json\/wp\/v2\/posts"}],"about":[{"href":"https:\/\/www.article-marketing.eu\/comunicati\/wp-json\/wp\/v2\/types\/post"}],"author":[{"embeddable":true,"href":"https:\/\/www.article-marketing.eu\/comunicati\/wp-json\/wp\/v2\/users\/10"}],"replies":[{"embeddable":true,"href":"https:\/\/www.article-marketing.eu\/comunicati\/wp-json\/wp\/v2\/comments?post=2430"}],"version-history":[{"count":0,"href":"https:\/\/www.article-marketing.eu\/comunicati\/wp-json\/wp\/v2\/posts\/2430\/revisions"}],"wp:attachment":[{"href":"https:\/\/www.article-marketing.eu\/comunicati\/wp-json\/wp\/v2\/media?parent=2430"}],"wp:term":[{"taxonomy":"category","embeddable":true,"href":"https:\/\/www.article-marketing.eu\/comunicati\/wp-json\/wp\/v2\/categories?post=2430"},{"taxonomy":"post_tag","embeddable":true,"href":"https:\/\/www.article-marketing.eu\/comunicati\/wp-json\/wp\/v2\/tags?post=2430"}],"curies":[{"name":"wp","href":"https:\/\/api.w.org\/{rel}","templated":true}]}}