{"id":2450,"date":"2009-07-22T12:19:51","date_gmt":"2009-07-22T10:19:51","guid":{"rendered":"http:\/\/www.article-marketing.eu\/comunicati\/senza-categoria\/espressione-creativa-e-personalizzazione-la-teoria-del-regalo-perfetto\/"},"modified":"2009-07-22T12:19:51","modified_gmt":"2009-07-22T10:19:51","slug":"espressione-creativa-e-personalizzazione-la-teoria-del-regalo-perfetto","status":"publish","type":"post","link":"https:\/\/www.article-marketing.eu\/comunicati\/comunicati-stampa\/prodotti\/espressione-creativa-e-personalizzazione-la-teoria-del-regalo-perfetto\/","title":{"rendered":"Espressione creativa e personalizzazione: la teoria del regalo perfetto"},"content":{"rendered":"<p class=\"MsoNormal\" style=\"text-align: justify;\">Qual \u00e8 la differenza tra acquistare un regalo scegliendolo dallo scaffale<br \/>\ndi un negozio e farlo impacchettare dalla commessa, al massimo operando una<br \/>\nscelta per la carta da regalo, e concepirne uno passando attraverso un processo<br \/>\ndi creazione artistica che comincia dalla nostra immaginazione? Beh la<br \/>\ndifferenza c\u2019\u00e8 e non \u00e8 di poco conto: sia per noi che passiamo attraverso un<br \/>\nprocesso emozionale preparando qualcosa per chi amiamo, che per la persona a<br \/>\ncui viene dato il dono.<\/p>\n<p class=\"MsoNormal\" style=\"text-align: justify;\">Spesso nei nostri momenti di felicit\u00e0 o di gratificazione immaginiamo di<br \/>\ntrasformare qualche nostra fotografia che amiamo particolarmente in un\u2019opera<br \/>\nartistica che abbia il compito di celebrare il momento ritratto nell\u2019immagine o<br \/>\ndi diventare il simbolo di quello che siamo, di quello che ci sentiamo di rappresentare.<\/p>\n<p class=\"MsoNormal\" style=\"text-align: justify;\">Spesso poi questo proposito non viene realizzato per mancanza di tempo ma<br \/>\nsoprattutto per la mancanza di laboratori e boutiques di stampa che possono, in<br \/>\nmodo semplice e poco dispendioso, realizzare ci\u00f3 che ci frulla per la testa.<\/p>\n<p class=\"MsoNormal\" style=\"text-align: justify;\">Gadget personalizzati, quadri realizzati su tela pittorica installata su<br \/>\ntelaio in legno, stampe su pannello Kapafix, <a href=\"http:\/\/www.fotoregali.com\/Stampe\/Foto-su-Legno.aspx\">stampe su legno<\/a>, opzioni di scomposizione dell\u2019immagine su pi\u00fa<br \/>\npannelli e opzioni di rielaborazione stilistica e \u201cfinishing\u201d fotografico:<br \/>\ntutto questo spesso non pu\u00f3 venire offerto dalla stessa struttura per mancanza<br \/>\ndi possibilit\u00e0 tecniche; e in molti casi, quando si trova il laboratorio in<br \/>\ngrado di offrire una tale gamma di opzioni per la vostra idea regalo, la qualit\u00e0 esecutiva lascia a desiderare.<\/p>\n<p class=\"MsoNormal\" style=\"text-align: justify;\">Fotoregali nasce per cambiare il panorama della stampa in alta qualit\u00e0 e<br \/>\ndegli articoli da regalo personalizzati. <\/p>\n<p class=\"MsoNormal\" style=\"text-align: justify;\">La ricetta che propone infatti, raccogliendo tutte le possibilit\u00e0 citate<br \/>\nsopra realizzate con il principio della qualit\u00e0 totale, si pone come nuova<br \/>\npossibilit\u00e0 quasi pionieristica nel territorio del regalo. Un laboratorio<br \/>\ndotato di falegnameria interna che realizza stampe su tutti i supporti ma<br \/>\nsoprattutto in ogni formato possibile richiesto dall\u2019utente e in pi\u00fa \u00e8 in grado<br \/>\ndi creare gadgets personalizzati di ogni tipo, dal tessuto al legno fino alla<br \/>\nceramica, \u00e8 davvero una realt\u00e0 nuova nel web italiano.<\/p>\n<p class=\"MsoNormal\" style=\"text-align: justify;\">La possibilit\u00e0 offerta all\u2019utente \u00e8 quindi non solo quella di trovare<br \/>\nfinalmente le vie per stupire e rendere felici i suoi cari attraverso nuovi articoli da regalo di matrice artistica, ma anche quella di<br \/>\ndiventare egli stesso un \u201cdesigner\u201d di regali e stampe d\u2019alta qualit\u00e0 di foto<br \/>\ndigitali e sviluppare magari una sua personale linea creativa da proporre come<br \/>\nsuo prodotto personale.<\/p>\n<p class=\"MsoNormal\" style=\"text-align: justify;\">Per ci\u00f3 che riguarda l\u2019abissale differenza che passa tra un regalo scelto<br \/>\ntra i prodotti di serie e uno creato con un documento emozionante e personale<br \/>\ncome una fotografia, beh non c\u2019\u00e8 molto da discutere. Basta immaginare come<br \/>\nreagiremmo noi in prima persona nel ricevere una stampa artistica con la nostra<br \/>\nfoto preferita o anche solamente una simpatica tazza resa unica da una nostra<br \/>\nimmagine.<\/p>\n<p class=\"MsoNormal\" style=\"text-align: justify;\">Forse non esiste affettivamente una teoria per il regalo perfetto, si pu\u00f3<br \/>\nper\u00f3 dire che quando le componenti sono creativit\u00e0 ed elementi unici presi<br \/>\ndalla dimensione di chi vogliamo rendere felice, ci si avvicina molto a questa<br \/>\nprobabile utopia.<\/p>\n<p class=\"MsoNormal\" style=\"text-align: justify;\">&nbsp;<\/p>\n<p class=\"MsoNormal\" style=\"text-align: justify;\">&nbsp;<\/p>\n","protected":false},"excerpt":{"rendered":"<p>Fotoregali \u00e9 la realt\u00e1 innovativa nel territorio del regalo creativo. Tutte le possibilit\u00e1 per diventare &#8220;gift designer&#8221; e proporre la propria linea.<\/p>\n","protected":false},"author":10,"featured_media":0,"comment_status":"open","ping_status":"open","sticky":false,"template":"","format":"standard","meta":{"cybocfi_hide_featured_image":"","footnotes":""},"categories":[212],"tags":[7934,8029],"class_list":["post-2450","post","type-post","status-publish","format-standard","hentry","category-prodotti","tag-articoli-da-regalo","tag-idea-regalo-creativa"],"yoast_head":"<!-- This site is optimized with the Yoast SEO plugin v27.0 - https:\/\/yoast.com\/product\/yoast-seo-wordpress\/ -->\n<title>Espressione creativa e personalizzazione: la teoria del regalo perfetto - Article Marketing<\/title>\n<meta name=\"robots\" content=\"index, follow, max-snippet:-1, max-image-preview:large, max-video-preview:-1\" \/>\n<link rel=\"canonical\" href=\"https:\/\/www.article-marketing.eu\/comunicati\/comunicati-stampa\/prodotti\/espressione-creativa-e-personalizzazione-la-teoria-del-regalo-perfetto\/\" \/>\n<meta property=\"og:locale\" content=\"it_IT\" \/>\n<meta property=\"og:type\" content=\"article\" \/>\n<meta property=\"og:title\" content=\"Espressione creativa e personalizzazione: la teoria del regalo perfetto - Article Marketing\" \/>\n<meta property=\"og:description\" content=\"Fotoregali \u00e9 la realt\u00e1 innovativa nel territorio del regalo creativo. Tutte le possibilit\u00e1 per diventare &quot;gift designer&quot; e proporre la propria linea.\" \/>\n<meta property=\"og:url\" content=\"https:\/\/www.article-marketing.eu\/comunicati\/comunicati-stampa\/prodotti\/espressione-creativa-e-personalizzazione-la-teoria-del-regalo-perfetto\/\" \/>\n<meta property=\"og:site_name\" content=\"Article Marketing\" \/>\n<meta property=\"article:published_time\" content=\"2009-07-22T10:19:51+00:00\" \/>\n<meta name=\"author\" content=\"Redazione Comunicati Stampa\" \/>\n<meta name=\"twitter:card\" content=\"summary_large_image\" \/>\n<meta name=\"twitter:label1\" content=\"Scritto da\" \/>\n\t<meta name=\"twitter:data1\" content=\"Redazione Comunicati Stampa\" \/>\n\t<meta name=\"twitter:label2\" content=\"Tempo di lettura stimato\" \/>\n\t<meta name=\"twitter:data2\" content=\"3 minuti\" \/>\n<script type=\"application\/ld+json\" class=\"yoast-schema-graph\">{\"@context\":\"https:\/\/schema.org\",\"@graph\":[{\"@type\":\"Article\",\"@id\":\"https:\/\/www.article-marketing.eu\/comunicati\/comunicati-stampa\/prodotti\/espressione-creativa-e-personalizzazione-la-teoria-del-regalo-perfetto\/#article\",\"isPartOf\":{\"@id\":\"https:\/\/www.article-marketing.eu\/comunicati\/comunicati-stampa\/prodotti\/espressione-creativa-e-personalizzazione-la-teoria-del-regalo-perfetto\/\"},\"author\":{\"name\":\"Redazione Comunicati Stampa\",\"@id\":\"https:\/\/www.article-marketing.eu\/comunicati\/#\/schema\/person\/44372e4d4d0fa797b18e03ed1ace9017\"},\"headline\":\"Espressione creativa e personalizzazione: la teoria del regalo perfetto\",\"datePublished\":\"2009-07-22T10:19:51+00:00\",\"mainEntityOfPage\":{\"@id\":\"https:\/\/www.article-marketing.eu\/comunicati\/comunicati-stampa\/prodotti\/espressione-creativa-e-personalizzazione-la-teoria-del-regalo-perfetto\/\"},\"wordCount\":515,\"commentCount\":0,\"keywords\":[\"articoli da regalo\",\"idea regalo creativa\"],\"articleSection\":[\"Prodotti\"],\"inLanguage\":\"it-IT\",\"potentialAction\":[{\"@type\":\"CommentAction\",\"name\":\"Comment\",\"target\":[\"https:\/\/www.article-marketing.eu\/comunicati\/comunicati-stampa\/prodotti\/espressione-creativa-e-personalizzazione-la-teoria-del-regalo-perfetto\/#respond\"]}]},{\"@type\":\"WebPage\",\"@id\":\"https:\/\/www.article-marketing.eu\/comunicati\/comunicati-stampa\/prodotti\/espressione-creativa-e-personalizzazione-la-teoria-del-regalo-perfetto\/\",\"url\":\"https:\/\/www.article-marketing.eu\/comunicati\/comunicati-stampa\/prodotti\/espressione-creativa-e-personalizzazione-la-teoria-del-regalo-perfetto\/\",\"name\":\"Espressione creativa e personalizzazione: la teoria del regalo perfetto - Article Marketing\",\"isPartOf\":{\"@id\":\"https:\/\/www.article-marketing.eu\/comunicati\/#website\"},\"datePublished\":\"2009-07-22T10:19:51+00:00\",\"author\":{\"@id\":\"https:\/\/www.article-marketing.eu\/comunicati\/#\/schema\/person\/44372e4d4d0fa797b18e03ed1ace9017\"},\"breadcrumb\":{\"@id\":\"https:\/\/www.article-marketing.eu\/comunicati\/comunicati-stampa\/prodotti\/espressione-creativa-e-personalizzazione-la-teoria-del-regalo-perfetto\/#breadcrumb\"},\"inLanguage\":\"it-IT\",\"potentialAction\":[{\"@type\":\"ReadAction\",\"target\":[\"https:\/\/www.article-marketing.eu\/comunicati\/comunicati-stampa\/prodotti\/espressione-creativa-e-personalizzazione-la-teoria-del-regalo-perfetto\/\"]}]},{\"@type\":\"BreadcrumbList\",\"@id\":\"https:\/\/www.article-marketing.eu\/comunicati\/comunicati-stampa\/prodotti\/espressione-creativa-e-personalizzazione-la-teoria-del-regalo-perfetto\/#breadcrumb\",\"itemListElement\":[{\"@type\":\"ListItem\",\"position\":1,\"name\":\"Home\",\"item\":\"https:\/\/www.article-marketing.eu\/comunicati\/\"},{\"@type\":\"ListItem\",\"position\":2,\"name\":\"Espressione creativa e personalizzazione: la teoria del regalo perfetto\"}]},{\"@type\":\"WebSite\",\"@id\":\"https:\/\/www.article-marketing.eu\/comunicati\/#website\",\"url\":\"https:\/\/www.article-marketing.eu\/comunicati\/\",\"name\":\"Article Marketing\",\"description\":\"article marketing &amp; press release\",\"potentialAction\":[{\"@type\":\"SearchAction\",\"target\":{\"@type\":\"EntryPoint\",\"urlTemplate\":\"https:\/\/www.article-marketing.eu\/comunicati\/?s={search_term_string}\"},\"query-input\":{\"@type\":\"PropertyValueSpecification\",\"valueRequired\":true,\"valueName\":\"search_term_string\"}}],\"inLanguage\":\"it-IT\"},{\"@type\":\"Person\",\"@id\":\"https:\/\/www.article-marketing.eu\/comunicati\/#\/schema\/person\/44372e4d4d0fa797b18e03ed1ace9017\",\"name\":\"Redazione Comunicati Stampa\",\"image\":{\"@type\":\"ImageObject\",\"inLanguage\":\"it-IT\",\"@id\":\"https:\/\/www.article-marketing.eu\/comunicati\/#\/schema\/person\/image\/\",\"url\":\"https:\/\/secure.gravatar.com\/avatar\/50e5c6421d3072f42e7ace803501602c60d75233d34e29fd05feb91c8760b792?s=96&d=mm&r=g\",\"contentUrl\":\"https:\/\/secure.gravatar.com\/avatar\/50e5c6421d3072f42e7ace803501602c60d75233d34e29fd05feb91c8760b792?s=96&d=mm&r=g\",\"caption\":\"Redazione Comunicati Stampa\"},\"url\":\"https:\/\/www.article-marketing.eu\/comunicati\/author\/redazione-comunicati-stampa\/\"}]}<\/script>\n<!-- \/ Yoast SEO plugin. -->","yoast_head_json":{"title":"Espressione creativa e personalizzazione: la teoria del regalo perfetto - Article Marketing","robots":{"index":"index","follow":"follow","max-snippet":"max-snippet:-1","max-image-preview":"max-image-preview:large","max-video-preview":"max-video-preview:-1"},"canonical":"https:\/\/www.article-marketing.eu\/comunicati\/comunicati-stampa\/prodotti\/espressione-creativa-e-personalizzazione-la-teoria-del-regalo-perfetto\/","og_locale":"it_IT","og_type":"article","og_title":"Espressione creativa e personalizzazione: la teoria del regalo perfetto - Article Marketing","og_description":"Fotoregali \u00e9 la realt\u00e1 innovativa nel territorio del regalo creativo. Tutte le possibilit\u00e1 per diventare \"gift designer\" e proporre la propria linea.","og_url":"https:\/\/www.article-marketing.eu\/comunicati\/comunicati-stampa\/prodotti\/espressione-creativa-e-personalizzazione-la-teoria-del-regalo-perfetto\/","og_site_name":"Article Marketing","article_published_time":"2009-07-22T10:19:51+00:00","author":"Redazione Comunicati Stampa","twitter_card":"summary_large_image","twitter_misc":{"Scritto da":"Redazione Comunicati Stampa","Tempo di lettura stimato":"3 minuti"},"schema":{"@context":"https:\/\/schema.org","@graph":[{"@type":"Article","@id":"https:\/\/www.article-marketing.eu\/comunicati\/comunicati-stampa\/prodotti\/espressione-creativa-e-personalizzazione-la-teoria-del-regalo-perfetto\/#article","isPartOf":{"@id":"https:\/\/www.article-marketing.eu\/comunicati\/comunicati-stampa\/prodotti\/espressione-creativa-e-personalizzazione-la-teoria-del-regalo-perfetto\/"},"author":{"name":"Redazione Comunicati Stampa","@id":"https:\/\/www.article-marketing.eu\/comunicati\/#\/schema\/person\/44372e4d4d0fa797b18e03ed1ace9017"},"headline":"Espressione creativa e personalizzazione: la teoria del regalo perfetto","datePublished":"2009-07-22T10:19:51+00:00","mainEntityOfPage":{"@id":"https:\/\/www.article-marketing.eu\/comunicati\/comunicati-stampa\/prodotti\/espressione-creativa-e-personalizzazione-la-teoria-del-regalo-perfetto\/"},"wordCount":515,"commentCount":0,"keywords":["articoli da regalo","idea regalo creativa"],"articleSection":["Prodotti"],"inLanguage":"it-IT","potentialAction":[{"@type":"CommentAction","name":"Comment","target":["https:\/\/www.article-marketing.eu\/comunicati\/comunicati-stampa\/prodotti\/espressione-creativa-e-personalizzazione-la-teoria-del-regalo-perfetto\/#respond"]}]},{"@type":"WebPage","@id":"https:\/\/www.article-marketing.eu\/comunicati\/comunicati-stampa\/prodotti\/espressione-creativa-e-personalizzazione-la-teoria-del-regalo-perfetto\/","url":"https:\/\/www.article-marketing.eu\/comunicati\/comunicati-stampa\/prodotti\/espressione-creativa-e-personalizzazione-la-teoria-del-regalo-perfetto\/","name":"Espressione creativa e personalizzazione: la teoria del regalo perfetto - Article Marketing","isPartOf":{"@id":"https:\/\/www.article-marketing.eu\/comunicati\/#website"},"datePublished":"2009-07-22T10:19:51+00:00","author":{"@id":"https:\/\/www.article-marketing.eu\/comunicati\/#\/schema\/person\/44372e4d4d0fa797b18e03ed1ace9017"},"breadcrumb":{"@id":"https:\/\/www.article-marketing.eu\/comunicati\/comunicati-stampa\/prodotti\/espressione-creativa-e-personalizzazione-la-teoria-del-regalo-perfetto\/#breadcrumb"},"inLanguage":"it-IT","potentialAction":[{"@type":"ReadAction","target":["https:\/\/www.article-marketing.eu\/comunicati\/comunicati-stampa\/prodotti\/espressione-creativa-e-personalizzazione-la-teoria-del-regalo-perfetto\/"]}]},{"@type":"BreadcrumbList","@id":"https:\/\/www.article-marketing.eu\/comunicati\/comunicati-stampa\/prodotti\/espressione-creativa-e-personalizzazione-la-teoria-del-regalo-perfetto\/#breadcrumb","itemListElement":[{"@type":"ListItem","position":1,"name":"Home","item":"https:\/\/www.article-marketing.eu\/comunicati\/"},{"@type":"ListItem","position":2,"name":"Espressione creativa e personalizzazione: la teoria del regalo perfetto"}]},{"@type":"WebSite","@id":"https:\/\/www.article-marketing.eu\/comunicati\/#website","url":"https:\/\/www.article-marketing.eu\/comunicati\/","name":"Article Marketing","description":"article marketing &amp; press release","potentialAction":[{"@type":"SearchAction","target":{"@type":"EntryPoint","urlTemplate":"https:\/\/www.article-marketing.eu\/comunicati\/?s={search_term_string}"},"query-input":{"@type":"PropertyValueSpecification","valueRequired":true,"valueName":"search_term_string"}}],"inLanguage":"it-IT"},{"@type":"Person","@id":"https:\/\/www.article-marketing.eu\/comunicati\/#\/schema\/person\/44372e4d4d0fa797b18e03ed1ace9017","name":"Redazione Comunicati Stampa","image":{"@type":"ImageObject","inLanguage":"it-IT","@id":"https:\/\/www.article-marketing.eu\/comunicati\/#\/schema\/person\/image\/","url":"https:\/\/secure.gravatar.com\/avatar\/50e5c6421d3072f42e7ace803501602c60d75233d34e29fd05feb91c8760b792?s=96&d=mm&r=g","contentUrl":"https:\/\/secure.gravatar.com\/avatar\/50e5c6421d3072f42e7ace803501602c60d75233d34e29fd05feb91c8760b792?s=96&d=mm&r=g","caption":"Redazione Comunicati Stampa"},"url":"https:\/\/www.article-marketing.eu\/comunicati\/author\/redazione-comunicati-stampa\/"}]}},"_links":{"self":[{"href":"https:\/\/www.article-marketing.eu\/comunicati\/wp-json\/wp\/v2\/posts\/2450","targetHints":{"allow":["GET"]}}],"collection":[{"href":"https:\/\/www.article-marketing.eu\/comunicati\/wp-json\/wp\/v2\/posts"}],"about":[{"href":"https:\/\/www.article-marketing.eu\/comunicati\/wp-json\/wp\/v2\/types\/post"}],"author":[{"embeddable":true,"href":"https:\/\/www.article-marketing.eu\/comunicati\/wp-json\/wp\/v2\/users\/10"}],"replies":[{"embeddable":true,"href":"https:\/\/www.article-marketing.eu\/comunicati\/wp-json\/wp\/v2\/comments?post=2450"}],"version-history":[{"count":0,"href":"https:\/\/www.article-marketing.eu\/comunicati\/wp-json\/wp\/v2\/posts\/2450\/revisions"}],"wp:attachment":[{"href":"https:\/\/www.article-marketing.eu\/comunicati\/wp-json\/wp\/v2\/media?parent=2450"}],"wp:term":[{"taxonomy":"category","embeddable":true,"href":"https:\/\/www.article-marketing.eu\/comunicati\/wp-json\/wp\/v2\/categories?post=2450"},{"taxonomy":"post_tag","embeddable":true,"href":"https:\/\/www.article-marketing.eu\/comunicati\/wp-json\/wp\/v2\/tags?post=2450"}],"curies":[{"name":"wp","href":"https:\/\/api.w.org\/{rel}","templated":true}]}}