{"id":2452,"date":"2009-07-22T15:37:13","date_gmt":"2009-07-22T13:37:13","guid":{"rendered":"http:\/\/www.article-marketing.eu\/comunicati\/senza-categoria\/leducazione-musicale-fin-dalla-culla\/"},"modified":"2020-08-10T01:16:22","modified_gmt":"2020-08-09T23:16:22","slug":"leducazione-musicale-fin-dalla-culla","status":"publish","type":"post","link":"https:\/\/www.article-marketing.eu\/comunicati\/arte-e-cultura\/musica\/leducazione-musicale-fin-dalla-culla\/","title":{"rendered":"L\u2019educazione musicale fin dalla culla"},"content":{"rendered":"<p>La musica \u00e8 arte, cultura, spettacolo, divertimento, emozioni e quant\u2019altro. Gli stimoli musicali sono in continuo aumento durante tutto l\u2019arco della nostra vita, ma gli spazi per la vera educazione musicale scarseggiano sempre pi\u00f9.<\/p>\n<p>\u00c8 importantissimo invece avvicinare i bambini fin da piccoli alla musica. I bambini fin da piccoli non sono solo esserini da accudire e nutrire, ma anche individui portatori di bisogni cognitivi, che una corretta educazione musicale fin dalla nascita pu\u00f2 aiutare a sviluppare. Sia che da grandi diventino musicisti o meno, che suonino strumenti musicali o siano ascoltatori, in ogni caso entrer\u00e0 molte volte in un negozio musica e vendita strumenti, \u00e8 importante perci\u00f2 che questo talento venga nutrito e potenziato fin dall\u2019inizio. I primi tre anni di vita sono ormai considerati fondamentali per l\u2019apprendimento musicale, proprio come succede nell\u2019apprendimento linguistico. L\u2019attitudine musicale, e cio\u00e8 la potenzialit\u00e0 di apprendimento in musica, comunemente definita talento musicale, vede infatti nei primi anni di vita dell\u2019individuo un importante momento di sviluppo. Questa attitudine fa parte del patrimonio personale di ogni individuo, ed \u00e8 innata; ma un ambiente ricco di stimoli musicali \u00e8 la condizione indispensabile perch\u00e9 si sviluppi al massimo delle sue potenzialit\u00e0, cos\u00ec come un ambiente povero di stimoli musicali ne decreta automaticamente l\u2019involuzione.<\/p>\n<p>Se questi anni vengono sprecati, si perde cos\u00ec il modo di sviluppare l\u2019attitudine musicale del bambino, producendo in questo modo uno spreco di risorse umane.<br \/>\nNegli anni successivi poi si pu\u00f2 anche pensare di cominciare a suonare qualche strumento, ripiegando su strumenti musicali usati i rivenditori non sono numerosissimi ma in ogni citt\u00e0 se ne trova almeno uno.<\/p>\n<p>Infatti queste sono abilit\u00e0 che si acquisiscono solo praticandole, con la voce e con gli strumenti. Mentre al bambino che stona, con la voce o con il flauto dolce, l&#8217;insegnante di un tempo chiude la bocca, l&#8217;insegnante illuminato insegna proprio a intonare. Intonare non \u00e8 un prerequisito del far musica, \u00e8 un obiettivo. Chi potrebbe reprimere la gioia che il bimbo piccolo prova quando canta Madama Dor\u00e8, per il fatto che le note emesse dalle sue corde vocali hanno magari poco a che vedere con l&#8217;originale? Questa stessa soddisfazione si ripropone a livelli avanzati, quando il piccolo flautista, o pianista, o violinista, si cimenta al meglio delle sue capacit\u00e0, piccole o grandi che siano. Si suona e si canta per se stessi, prima di tutto, per la propria soddisfazione e il proprio benessere.<br \/>\nL\u2019educazione musicale \u00e8 sempre pi\u00f9 bandita dai programmi della scuola, con spazi e orari sempre pi\u00f9 ridotti, scarsit\u00e0 di materiali e di fondi, non resta perci\u00f2 che rivolgersi alle scuole private, che si occupano di formare i bambini musicalmente e arricchire cos\u00ec il loro bagagli culturale.<\/p>\n<p>Anche per chi non \u00e8 pi\u00f9 nell\u2019et\u00e0 dello sviluppo, in ogni caso, la pratica di uno strumento pu\u00f2 essere un utile esercizio. Anche se il tempo scarseggia, la vendita strumenti online ci viene in aiuto, ma si possono trovare anche spartiti, corsi, consigli, lezioni ed mp3 players. Magari non diventeremo grandi artisti, ma almeno potremo passare moltissimi momenti di benessere personale, ampliare le nostre conoscenze e abilit\u00e0 e magari anche trovare un pubblico che apprezzi i nostri sforzi e allietare le serate in compagnia.<\/p>\n","protected":false},"excerpt":{"rendered":"<p>La musica \u00e8 arte, cultura, spettacolo, divertimento, emozioni e quant\u2019altro. Gli stimoli musicali sono in continuo aumento durante tutto l\u2019arco della nostra vita, ma gli spazi per la vera educazione musicale scarseggiano sempre pi\u00f9.<\/p>\n","protected":false},"author":10,"featured_media":0,"comment_status":"open","ping_status":"open","sticky":false,"template":"","format":"standard","meta":{"cybocfi_hide_featured_image":"","footnotes":""},"categories":[42],"tags":[8033,45,8034,7945,8035],"class_list":["post-2452","post","type-post","status-publish","format-standard","hentry","category-musica","tag-eventi-musicali","tag-musica","tag-rivenditori-strumenti-musicali","tag-strumenti-musicali","tag-strumenti-online"],"yoast_head":"<!-- This site is optimized with the Yoast SEO plugin v27.0 - https:\/\/yoast.com\/product\/yoast-seo-wordpress\/ -->\n<title>L\u2019educazione musicale fin dalla culla - Article Marketing<\/title>\n<meta name=\"robots\" content=\"index, follow, max-snippet:-1, max-image-preview:large, max-video-preview:-1\" \/>\n<link rel=\"canonical\" href=\"https:\/\/www.article-marketing.eu\/comunicati\/arte-e-cultura\/musica\/leducazione-musicale-fin-dalla-culla\/\" \/>\n<meta property=\"og:locale\" content=\"it_IT\" \/>\n<meta property=\"og:type\" content=\"article\" \/>\n<meta property=\"og:title\" content=\"L\u2019educazione musicale fin dalla culla - Article Marketing\" \/>\n<meta property=\"og:description\" content=\"La musica \u00e8 arte, cultura, spettacolo, divertimento, emozioni e quant\u2019altro. Gli stimoli musicali sono in continuo aumento durante tutto l\u2019arco della nostra vita, ma gli spazi per la vera educazione musicale scarseggiano sempre pi\u00f9.\" \/>\n<meta property=\"og:url\" content=\"https:\/\/www.article-marketing.eu\/comunicati\/arte-e-cultura\/musica\/leducazione-musicale-fin-dalla-culla\/\" \/>\n<meta property=\"og:site_name\" content=\"Article Marketing\" \/>\n<meta property=\"article:published_time\" content=\"2009-07-22T13:37:13+00:00\" \/>\n<meta property=\"article:modified_time\" content=\"2020-08-09T23:16:22+00:00\" \/>\n<meta name=\"author\" content=\"Redazione Comunicati Stampa\" \/>\n<meta name=\"twitter:card\" content=\"summary_large_image\" \/>\n<meta name=\"twitter:label1\" content=\"Scritto da\" \/>\n\t<meta name=\"twitter:data1\" content=\"Redazione Comunicati Stampa\" \/>\n\t<meta name=\"twitter:label2\" content=\"Tempo di lettura stimato\" \/>\n\t<meta name=\"twitter:data2\" content=\"3 minuti\" \/>\n<script type=\"application\/ld+json\" class=\"yoast-schema-graph\">{\"@context\":\"https:\/\/schema.org\",\"@graph\":[{\"@type\":\"Article\",\"@id\":\"https:\/\/www.article-marketing.eu\/comunicati\/arte-e-cultura\/musica\/leducazione-musicale-fin-dalla-culla\/#article\",\"isPartOf\":{\"@id\":\"https:\/\/www.article-marketing.eu\/comunicati\/arte-e-cultura\/musica\/leducazione-musicale-fin-dalla-culla\/\"},\"author\":{\"name\":\"Redazione Comunicati Stampa\",\"@id\":\"https:\/\/www.article-marketing.eu\/comunicati\/#\/schema\/person\/44372e4d4d0fa797b18e03ed1ace9017\"},\"headline\":\"L\u2019educazione musicale fin dalla culla\",\"datePublished\":\"2009-07-22T13:37:13+00:00\",\"dateModified\":\"2020-08-09T23:16:22+00:00\",\"mainEntityOfPage\":{\"@id\":\"https:\/\/www.article-marketing.eu\/comunicati\/arte-e-cultura\/musica\/leducazione-musicale-fin-dalla-culla\/\"},\"wordCount\":535,\"commentCount\":0,\"keywords\":[\"eventi musicali\",\"musica\",\"rivenditori strumenti musicali\",\"Strumenti Musicali\",\"strumenti online\"],\"articleSection\":[\"Musica\"],\"inLanguage\":\"it-IT\",\"potentialAction\":[{\"@type\":\"CommentAction\",\"name\":\"Comment\",\"target\":[\"https:\/\/www.article-marketing.eu\/comunicati\/arte-e-cultura\/musica\/leducazione-musicale-fin-dalla-culla\/#respond\"]}]},{\"@type\":\"WebPage\",\"@id\":\"https:\/\/www.article-marketing.eu\/comunicati\/arte-e-cultura\/musica\/leducazione-musicale-fin-dalla-culla\/\",\"url\":\"https:\/\/www.article-marketing.eu\/comunicati\/arte-e-cultura\/musica\/leducazione-musicale-fin-dalla-culla\/\",\"name\":\"L\u2019educazione musicale fin dalla culla - Article Marketing\",\"isPartOf\":{\"@id\":\"https:\/\/www.article-marketing.eu\/comunicati\/#website\"},\"datePublished\":\"2009-07-22T13:37:13+00:00\",\"dateModified\":\"2020-08-09T23:16:22+00:00\",\"author\":{\"@id\":\"https:\/\/www.article-marketing.eu\/comunicati\/#\/schema\/person\/44372e4d4d0fa797b18e03ed1ace9017\"},\"breadcrumb\":{\"@id\":\"https:\/\/www.article-marketing.eu\/comunicati\/arte-e-cultura\/musica\/leducazione-musicale-fin-dalla-culla\/#breadcrumb\"},\"inLanguage\":\"it-IT\",\"potentialAction\":[{\"@type\":\"ReadAction\",\"target\":[\"https:\/\/www.article-marketing.eu\/comunicati\/arte-e-cultura\/musica\/leducazione-musicale-fin-dalla-culla\/\"]}]},{\"@type\":\"BreadcrumbList\",\"@id\":\"https:\/\/www.article-marketing.eu\/comunicati\/arte-e-cultura\/musica\/leducazione-musicale-fin-dalla-culla\/#breadcrumb\",\"itemListElement\":[{\"@type\":\"ListItem\",\"position\":1,\"name\":\"Home\",\"item\":\"https:\/\/www.article-marketing.eu\/comunicati\/\"},{\"@type\":\"ListItem\",\"position\":2,\"name\":\"L\u2019educazione musicale fin dalla culla\"}]},{\"@type\":\"WebSite\",\"@id\":\"https:\/\/www.article-marketing.eu\/comunicati\/#website\",\"url\":\"https:\/\/www.article-marketing.eu\/comunicati\/\",\"name\":\"Article Marketing\",\"description\":\"article marketing &amp; press release\",\"potentialAction\":[{\"@type\":\"SearchAction\",\"target\":{\"@type\":\"EntryPoint\",\"urlTemplate\":\"https:\/\/www.article-marketing.eu\/comunicati\/?s={search_term_string}\"},\"query-input\":{\"@type\":\"PropertyValueSpecification\",\"valueRequired\":true,\"valueName\":\"search_term_string\"}}],\"inLanguage\":\"it-IT\"},{\"@type\":\"Person\",\"@id\":\"https:\/\/www.article-marketing.eu\/comunicati\/#\/schema\/person\/44372e4d4d0fa797b18e03ed1ace9017\",\"name\":\"Redazione Comunicati Stampa\",\"image\":{\"@type\":\"ImageObject\",\"inLanguage\":\"it-IT\",\"@id\":\"https:\/\/www.article-marketing.eu\/comunicati\/#\/schema\/person\/image\/\",\"url\":\"https:\/\/secure.gravatar.com\/avatar\/50e5c6421d3072f42e7ace803501602c60d75233d34e29fd05feb91c8760b792?s=96&d=mm&r=g\",\"contentUrl\":\"https:\/\/secure.gravatar.com\/avatar\/50e5c6421d3072f42e7ace803501602c60d75233d34e29fd05feb91c8760b792?s=96&d=mm&r=g\",\"caption\":\"Redazione Comunicati Stampa\"},\"url\":\"https:\/\/www.article-marketing.eu\/comunicati\/author\/redazione-comunicati-stampa\/\"}]}<\/script>\n<!-- \/ Yoast SEO plugin. -->","yoast_head_json":{"title":"L\u2019educazione musicale fin dalla culla - Article Marketing","robots":{"index":"index","follow":"follow","max-snippet":"max-snippet:-1","max-image-preview":"max-image-preview:large","max-video-preview":"max-video-preview:-1"},"canonical":"https:\/\/www.article-marketing.eu\/comunicati\/arte-e-cultura\/musica\/leducazione-musicale-fin-dalla-culla\/","og_locale":"it_IT","og_type":"article","og_title":"L\u2019educazione musicale fin dalla culla - Article Marketing","og_description":"La musica \u00e8 arte, cultura, spettacolo, divertimento, emozioni e quant\u2019altro. Gli stimoli musicali sono in continuo aumento durante tutto l\u2019arco della nostra vita, ma gli spazi per la vera educazione musicale scarseggiano sempre pi\u00f9.","og_url":"https:\/\/www.article-marketing.eu\/comunicati\/arte-e-cultura\/musica\/leducazione-musicale-fin-dalla-culla\/","og_site_name":"Article Marketing","article_published_time":"2009-07-22T13:37:13+00:00","article_modified_time":"2020-08-09T23:16:22+00:00","author":"Redazione Comunicati Stampa","twitter_card":"summary_large_image","twitter_misc":{"Scritto da":"Redazione Comunicati Stampa","Tempo di lettura stimato":"3 minuti"},"schema":{"@context":"https:\/\/schema.org","@graph":[{"@type":"Article","@id":"https:\/\/www.article-marketing.eu\/comunicati\/arte-e-cultura\/musica\/leducazione-musicale-fin-dalla-culla\/#article","isPartOf":{"@id":"https:\/\/www.article-marketing.eu\/comunicati\/arte-e-cultura\/musica\/leducazione-musicale-fin-dalla-culla\/"},"author":{"name":"Redazione Comunicati Stampa","@id":"https:\/\/www.article-marketing.eu\/comunicati\/#\/schema\/person\/44372e4d4d0fa797b18e03ed1ace9017"},"headline":"L\u2019educazione musicale fin dalla culla","datePublished":"2009-07-22T13:37:13+00:00","dateModified":"2020-08-09T23:16:22+00:00","mainEntityOfPage":{"@id":"https:\/\/www.article-marketing.eu\/comunicati\/arte-e-cultura\/musica\/leducazione-musicale-fin-dalla-culla\/"},"wordCount":535,"commentCount":0,"keywords":["eventi musicali","musica","rivenditori strumenti musicali","Strumenti Musicali","strumenti online"],"articleSection":["Musica"],"inLanguage":"it-IT","potentialAction":[{"@type":"CommentAction","name":"Comment","target":["https:\/\/www.article-marketing.eu\/comunicati\/arte-e-cultura\/musica\/leducazione-musicale-fin-dalla-culla\/#respond"]}]},{"@type":"WebPage","@id":"https:\/\/www.article-marketing.eu\/comunicati\/arte-e-cultura\/musica\/leducazione-musicale-fin-dalla-culla\/","url":"https:\/\/www.article-marketing.eu\/comunicati\/arte-e-cultura\/musica\/leducazione-musicale-fin-dalla-culla\/","name":"L\u2019educazione musicale fin dalla culla - Article Marketing","isPartOf":{"@id":"https:\/\/www.article-marketing.eu\/comunicati\/#website"},"datePublished":"2009-07-22T13:37:13+00:00","dateModified":"2020-08-09T23:16:22+00:00","author":{"@id":"https:\/\/www.article-marketing.eu\/comunicati\/#\/schema\/person\/44372e4d4d0fa797b18e03ed1ace9017"},"breadcrumb":{"@id":"https:\/\/www.article-marketing.eu\/comunicati\/arte-e-cultura\/musica\/leducazione-musicale-fin-dalla-culla\/#breadcrumb"},"inLanguage":"it-IT","potentialAction":[{"@type":"ReadAction","target":["https:\/\/www.article-marketing.eu\/comunicati\/arte-e-cultura\/musica\/leducazione-musicale-fin-dalla-culla\/"]}]},{"@type":"BreadcrumbList","@id":"https:\/\/www.article-marketing.eu\/comunicati\/arte-e-cultura\/musica\/leducazione-musicale-fin-dalla-culla\/#breadcrumb","itemListElement":[{"@type":"ListItem","position":1,"name":"Home","item":"https:\/\/www.article-marketing.eu\/comunicati\/"},{"@type":"ListItem","position":2,"name":"L\u2019educazione musicale fin dalla culla"}]},{"@type":"WebSite","@id":"https:\/\/www.article-marketing.eu\/comunicati\/#website","url":"https:\/\/www.article-marketing.eu\/comunicati\/","name":"Article Marketing","description":"article marketing &amp; press release","potentialAction":[{"@type":"SearchAction","target":{"@type":"EntryPoint","urlTemplate":"https:\/\/www.article-marketing.eu\/comunicati\/?s={search_term_string}"},"query-input":{"@type":"PropertyValueSpecification","valueRequired":true,"valueName":"search_term_string"}}],"inLanguage":"it-IT"},{"@type":"Person","@id":"https:\/\/www.article-marketing.eu\/comunicati\/#\/schema\/person\/44372e4d4d0fa797b18e03ed1ace9017","name":"Redazione Comunicati Stampa","image":{"@type":"ImageObject","inLanguage":"it-IT","@id":"https:\/\/www.article-marketing.eu\/comunicati\/#\/schema\/person\/image\/","url":"https:\/\/secure.gravatar.com\/avatar\/50e5c6421d3072f42e7ace803501602c60d75233d34e29fd05feb91c8760b792?s=96&d=mm&r=g","contentUrl":"https:\/\/secure.gravatar.com\/avatar\/50e5c6421d3072f42e7ace803501602c60d75233d34e29fd05feb91c8760b792?s=96&d=mm&r=g","caption":"Redazione Comunicati Stampa"},"url":"https:\/\/www.article-marketing.eu\/comunicati\/author\/redazione-comunicati-stampa\/"}]}},"_links":{"self":[{"href":"https:\/\/www.article-marketing.eu\/comunicati\/wp-json\/wp\/v2\/posts\/2452","targetHints":{"allow":["GET"]}}],"collection":[{"href":"https:\/\/www.article-marketing.eu\/comunicati\/wp-json\/wp\/v2\/posts"}],"about":[{"href":"https:\/\/www.article-marketing.eu\/comunicati\/wp-json\/wp\/v2\/types\/post"}],"author":[{"embeddable":true,"href":"https:\/\/www.article-marketing.eu\/comunicati\/wp-json\/wp\/v2\/users\/10"}],"replies":[{"embeddable":true,"href":"https:\/\/www.article-marketing.eu\/comunicati\/wp-json\/wp\/v2\/comments?post=2452"}],"version-history":[{"count":1,"href":"https:\/\/www.article-marketing.eu\/comunicati\/wp-json\/wp\/v2\/posts\/2452\/revisions"}],"predecessor-version":[{"id":55646,"href":"https:\/\/www.article-marketing.eu\/comunicati\/wp-json\/wp\/v2\/posts\/2452\/revisions\/55646"}],"wp:attachment":[{"href":"https:\/\/www.article-marketing.eu\/comunicati\/wp-json\/wp\/v2\/media?parent=2452"}],"wp:term":[{"taxonomy":"category","embeddable":true,"href":"https:\/\/www.article-marketing.eu\/comunicati\/wp-json\/wp\/v2\/categories?post=2452"},{"taxonomy":"post_tag","embeddable":true,"href":"https:\/\/www.article-marketing.eu\/comunicati\/wp-json\/wp\/v2\/tags?post=2452"}],"curies":[{"name":"wp","href":"https:\/\/api.w.org\/{rel}","templated":true}]}}