{"id":2461,"date":"2009-07-23T11:12:39","date_gmt":"2009-07-23T09:12:39","guid":{"rendered":"http:\/\/www.article-marketing.eu\/comunicati\/senza-categoria\/estate-veneziana-2009-che-lo-spettacolo-abbia-inzio\/"},"modified":"2009-07-23T11:12:39","modified_gmt":"2009-07-23T09:12:39","slug":"estate-veneziana-2009-che-lo-spettacolo-abbia-inzio","status":"publish","type":"post","link":"https:\/\/www.article-marketing.eu\/comunicati\/arte-e-cultura\/estate-veneziana-2009-che-lo-spettacolo-abbia-inzio\/","title":{"rendered":"Estate veneziana 2009: che lo spettacolo abbia inzio!"},"content":{"rendered":"<p>Sono sempre di pi\u00f9 i turisti italiani e stranieri che scelgono Venezia come meta per le loro vacanze. Ecco una breve guida dei maggiori eventi che si terranno in Laguna durante l\u2019estate.<\/p>\n<p>Gli eventi, i concerti e le mostre sono davvero numerosissimi. Prima fra tutti non possiamo non nominare la Biennale d\u2019Arte. Giunta ormai alla 53. edizione, \u00e8 sempre per\u00f2 l\u2019evento pi\u00f9 atteso da tutti gli appassionati d\u2019arte moderna e contemporanea. Il titolo quest\u2019anno \u00e8 \u201cFare Mondi\u201d e si riferisce all&#8217;atto del creare dell&#8217;artista secondo la propria &#8216;weltanschauung&#8217;: l&#8217;opera d&#8217;arte \u00e8 la concretizzazione della &#8216;visione del mondo&#8217; di chi la realizza. Moltissimi sono gli artisti italiani ed internazionali che espongono le loro opere in questa meravigliosa cornice e tutti i turisti che sceglieranno di approfittare delle offerte hotel Venezia avranno la possibilit\u00e0 di godere di queste kermesse.<\/p>\n<p>Altre mostre in programma, sempre molto interessanti, sono quella dei capolavori futuristi al museo Peggy Guggenheim, che racchiude capolavori di tutti i maggior artisti futuristi, ossia Balla, Boccioni, Carr\u00e0, Russolo e Severini, insieme a quelli di altri artisti legati al movimento, nell\u2019anno dell\u2019anniversario della pubblicazione del Manifesto del Futurismo di Marinetti. Sempre al museo Guggenheim possiamo ammirare la mostra di Robert Rauschenberg, con una selezione di circa 40 sculture provenienti da istituzioni e collezioni private. Negli anni &#8217;80 Rauschemberg ha concentrato il proprio interesse artistico sull&#8217;esplorazione delle propriet\u00e0 visive del metallo. Assemblando oggetti vari, soprattutto materiali di scarto raccolti nelle stazioni di benzina, pezzi di automobili abbandonate, e altri rifiuti industriali deleteri per l&#8217;ambiente, l&#8217;artista texano ha creato crea altorilievi e sculture che ricordano i suoi primi Combines, da cui nasce cos\u00ec la serie di Gluts, qui in mostra.<\/p>\n<p>Organizzata dalla Fondazione Musei Civici di Venezia e dalla Vervoordt Foundation, In-finitum, prevista a Venezia, Palazzo Fortuny dal 6 giugno al 15 novembre 2009, esplora la categoria dell\u2019Infinito nelle sue diverse accezioni, dal non-finito all\u2019illimitato, con un approccio multidisciplinare in cui arte, scienza e filosofia di ere e civilt\u00e0 diverse si incontrano e si confrontano.<\/p>\n<p>Oltre alla Biennale ci sono per\u00f2 anche molti altri appuntamenti da non perdere, come il grande concerto in Piazza San Marco di Leonard Cohen il 3 Agosto, l\u2019unica data italiana di questo evento imperdibile, in cui il famoso poeta, scrittore e cantautore canadese presenter\u00e0 i brani che l&#8217;hanno reso famoso durante la sua carriera quarantennale.<br \/>\nUn artista dalla classe inimitabile che incanter\u00e0 il pubblico riproponendo i brani pi\u00f9 famosi della sua ultra quarantennale carriera, nel corso della quale ha venduto oltre 21 milioni di dischi in tutto il mondo, un\u2019occasione da non perdere per chi sceglier\u00e0 di prenotare <a href=\"http:\/\/www.duodopalace.it\/ita\/camere-venezia\/\">camere singole Venezia<\/a>.<\/p>\n<p>Da segnalare anche i concerti nella casa di Goldoni, col titolo \u201cSerenata Italiana\u201d, le domeniche di luglio, con la musica delle due compositrici veneziane Barbara Strozzi e Anna Bon. E da non perdere sicuramente ci sono i venerd\u00ec del Conservatorio, a Palazzo Pisani, con L\u2019Ensamble Klavierimba del Conservatorio di musica Benedetto Marcello di Venezia.<\/p>\n<p>Durante tutta l\u2019estate inoltre si terr\u00e0 il mercatino dell\u2019antiquariato nella pescheria del ponte di Rialto, ogni seconda domenica e luned\u00ec del mese.<\/p>\n<p>Non si pu\u00f2 dimenticare poi una delle tradizioni pi\u00f9 antiche e suggestive di Venezia, la festa del Redentore il 18 e 19 luglio. Una delle feste pi\u00f9 tradizionali che risale all&#8217;anno 1576, epoca in cui, a causa di una terribile pestilenza che infieriva sulla citt\u00e0, il Senato della Repubblica fece voto di innalzare un tempio in onore di Cristo Redentore nell&#8217;isola della Giudecca. A tale tempio sono legati i famosi architetti Andrea Palladio e Antonio Da Ponte, appuntamento irrinunciabile durante le vostre vacanze e se sceglierete le prenotazioni hotel Venezia.<br \/>\nNella serata del terzo sabato di luglio centinaia di imbarcazioni, ornate di fronde e palloncini multicolori, si radunano nel Canale della Giudecca e nel Bacino di S. Marco. Dalle rive illuminate e sui balconi si assiepa una grande folla per assistere a questa festa che trionfa con un grande spettacolo. Poi le barche, fra canti e suoni, si irradiano per i canali della citt\u00e0 per ricongiungersi verso l&#8217;alba al Lido ad attendere il levar del sole.<br \/>\nLa giornata di Domenica \u00e8 dedicata al pellegrinaggio alla Chiese del Redentore, attraversando il ponte di barche.<\/p>\n","protected":false},"excerpt":{"rendered":"<p>Sono sempre di pi\u00f9 i turisti italiani e stranieri che scelgono Venezia come meta per le loro vacanze. Ecco una breve guida dei maggiori eventi che si terranno in Laguna durante l\u2019estate.<\/p>\n","protected":false},"author":10,"featured_media":0,"comment_status":"open","ping_status":"open","sticky":false,"template":"","format":"standard","meta":{"cybocfi_hide_featured_image":"","footnotes":""},"categories":[27],"tags":[1840,456,707,45,891,1358],"class_list":["post-2461","post","type-post","status-publish","format-standard","hentry","category-arte-e-cultura","tag-concerti","tag-eventi","tag-mostre","tag-musica","tag-spettacoli","tag-venezia"],"yoast_head":"<!-- This site is optimized with the Yoast SEO plugin v27.0 - https:\/\/yoast.com\/product\/yoast-seo-wordpress\/ -->\n<title>Estate veneziana 2009: che lo spettacolo abbia inzio! - Article Marketing<\/title>\n<meta name=\"robots\" content=\"index, follow, max-snippet:-1, max-image-preview:large, max-video-preview:-1\" \/>\n<link rel=\"canonical\" href=\"https:\/\/www.article-marketing.eu\/comunicati\/arte-e-cultura\/estate-veneziana-2009-che-lo-spettacolo-abbia-inzio\/\" \/>\n<meta property=\"og:locale\" content=\"it_IT\" \/>\n<meta property=\"og:type\" content=\"article\" \/>\n<meta property=\"og:title\" content=\"Estate veneziana 2009: che lo spettacolo abbia inzio! - Article Marketing\" \/>\n<meta property=\"og:description\" content=\"Sono sempre di pi\u00f9 i turisti italiani e stranieri che scelgono Venezia come meta per le loro vacanze. Ecco una breve guida dei maggiori eventi che si terranno in Laguna durante l\u2019estate.\" \/>\n<meta property=\"og:url\" content=\"https:\/\/www.article-marketing.eu\/comunicati\/arte-e-cultura\/estate-veneziana-2009-che-lo-spettacolo-abbia-inzio\/\" \/>\n<meta property=\"og:site_name\" content=\"Article Marketing\" \/>\n<meta property=\"article:published_time\" content=\"2009-07-23T09:12:39+00:00\" \/>\n<meta name=\"author\" content=\"Redazione Comunicati Stampa\" \/>\n<meta name=\"twitter:card\" content=\"summary_large_image\" \/>\n<meta name=\"twitter:label1\" content=\"Scritto da\" \/>\n\t<meta name=\"twitter:data1\" content=\"Redazione Comunicati Stampa\" \/>\n\t<meta name=\"twitter:label2\" content=\"Tempo di lettura stimato\" \/>\n\t<meta name=\"twitter:data2\" content=\"3 minuti\" \/>\n<script type=\"application\/ld+json\" class=\"yoast-schema-graph\">{\"@context\":\"https:\/\/schema.org\",\"@graph\":[{\"@type\":\"Article\",\"@id\":\"https:\/\/www.article-marketing.eu\/comunicati\/arte-e-cultura\/estate-veneziana-2009-che-lo-spettacolo-abbia-inzio\/#article\",\"isPartOf\":{\"@id\":\"https:\/\/www.article-marketing.eu\/comunicati\/arte-e-cultura\/estate-veneziana-2009-che-lo-spettacolo-abbia-inzio\/\"},\"author\":{\"name\":\"Redazione Comunicati Stampa\",\"@id\":\"https:\/\/www.article-marketing.eu\/comunicati\/#\/schema\/person\/44372e4d4d0fa797b18e03ed1ace9017\"},\"headline\":\"Estate veneziana 2009: che lo spettacolo abbia inzio!\",\"datePublished\":\"2009-07-23T09:12:39+00:00\",\"mainEntityOfPage\":{\"@id\":\"https:\/\/www.article-marketing.eu\/comunicati\/arte-e-cultura\/estate-veneziana-2009-che-lo-spettacolo-abbia-inzio\/\"},\"wordCount\":698,\"commentCount\":0,\"keywords\":[\"concerti\",\"eventi\",\"mostre\",\"musica\",\"spettacoli\",\"venezia\"],\"articleSection\":[\"Arte e cultura\"],\"inLanguage\":\"it-IT\",\"potentialAction\":[{\"@type\":\"CommentAction\",\"name\":\"Comment\",\"target\":[\"https:\/\/www.article-marketing.eu\/comunicati\/arte-e-cultura\/estate-veneziana-2009-che-lo-spettacolo-abbia-inzio\/#respond\"]}]},{\"@type\":\"WebPage\",\"@id\":\"https:\/\/www.article-marketing.eu\/comunicati\/arte-e-cultura\/estate-veneziana-2009-che-lo-spettacolo-abbia-inzio\/\",\"url\":\"https:\/\/www.article-marketing.eu\/comunicati\/arte-e-cultura\/estate-veneziana-2009-che-lo-spettacolo-abbia-inzio\/\",\"name\":\"Estate veneziana 2009: che lo spettacolo abbia inzio! - Article Marketing\",\"isPartOf\":{\"@id\":\"https:\/\/www.article-marketing.eu\/comunicati\/#website\"},\"datePublished\":\"2009-07-23T09:12:39+00:00\",\"author\":{\"@id\":\"https:\/\/www.article-marketing.eu\/comunicati\/#\/schema\/person\/44372e4d4d0fa797b18e03ed1ace9017\"},\"breadcrumb\":{\"@id\":\"https:\/\/www.article-marketing.eu\/comunicati\/arte-e-cultura\/estate-veneziana-2009-che-lo-spettacolo-abbia-inzio\/#breadcrumb\"},\"inLanguage\":\"it-IT\",\"potentialAction\":[{\"@type\":\"ReadAction\",\"target\":[\"https:\/\/www.article-marketing.eu\/comunicati\/arte-e-cultura\/estate-veneziana-2009-che-lo-spettacolo-abbia-inzio\/\"]}]},{\"@type\":\"BreadcrumbList\",\"@id\":\"https:\/\/www.article-marketing.eu\/comunicati\/arte-e-cultura\/estate-veneziana-2009-che-lo-spettacolo-abbia-inzio\/#breadcrumb\",\"itemListElement\":[{\"@type\":\"ListItem\",\"position\":1,\"name\":\"Home\",\"item\":\"https:\/\/www.article-marketing.eu\/comunicati\/\"},{\"@type\":\"ListItem\",\"position\":2,\"name\":\"Estate veneziana 2009: che lo spettacolo abbia inzio!\"}]},{\"@type\":\"WebSite\",\"@id\":\"https:\/\/www.article-marketing.eu\/comunicati\/#website\",\"url\":\"https:\/\/www.article-marketing.eu\/comunicati\/\",\"name\":\"Article Marketing\",\"description\":\"article marketing &amp; press release\",\"potentialAction\":[{\"@type\":\"SearchAction\",\"target\":{\"@type\":\"EntryPoint\",\"urlTemplate\":\"https:\/\/www.article-marketing.eu\/comunicati\/?s={search_term_string}\"},\"query-input\":{\"@type\":\"PropertyValueSpecification\",\"valueRequired\":true,\"valueName\":\"search_term_string\"}}],\"inLanguage\":\"it-IT\"},{\"@type\":\"Person\",\"@id\":\"https:\/\/www.article-marketing.eu\/comunicati\/#\/schema\/person\/44372e4d4d0fa797b18e03ed1ace9017\",\"name\":\"Redazione Comunicati Stampa\",\"image\":{\"@type\":\"ImageObject\",\"inLanguage\":\"it-IT\",\"@id\":\"https:\/\/www.article-marketing.eu\/comunicati\/#\/schema\/person\/image\/\",\"url\":\"https:\/\/secure.gravatar.com\/avatar\/50e5c6421d3072f42e7ace803501602c60d75233d34e29fd05feb91c8760b792?s=96&d=mm&r=g\",\"contentUrl\":\"https:\/\/secure.gravatar.com\/avatar\/50e5c6421d3072f42e7ace803501602c60d75233d34e29fd05feb91c8760b792?s=96&d=mm&r=g\",\"caption\":\"Redazione Comunicati Stampa\"},\"url\":\"https:\/\/www.article-marketing.eu\/comunicati\/author\/redazione-comunicati-stampa\/\"}]}<\/script>\n<!-- \/ Yoast SEO plugin. -->","yoast_head_json":{"title":"Estate veneziana 2009: che lo spettacolo abbia inzio! - Article Marketing","robots":{"index":"index","follow":"follow","max-snippet":"max-snippet:-1","max-image-preview":"max-image-preview:large","max-video-preview":"max-video-preview:-1"},"canonical":"https:\/\/www.article-marketing.eu\/comunicati\/arte-e-cultura\/estate-veneziana-2009-che-lo-spettacolo-abbia-inzio\/","og_locale":"it_IT","og_type":"article","og_title":"Estate veneziana 2009: che lo spettacolo abbia inzio! - Article Marketing","og_description":"Sono sempre di pi\u00f9 i turisti italiani e stranieri che scelgono Venezia come meta per le loro vacanze. Ecco una breve guida dei maggiori eventi che si terranno in Laguna durante l\u2019estate.","og_url":"https:\/\/www.article-marketing.eu\/comunicati\/arte-e-cultura\/estate-veneziana-2009-che-lo-spettacolo-abbia-inzio\/","og_site_name":"Article Marketing","article_published_time":"2009-07-23T09:12:39+00:00","author":"Redazione Comunicati Stampa","twitter_card":"summary_large_image","twitter_misc":{"Scritto da":"Redazione Comunicati Stampa","Tempo di lettura stimato":"3 minuti"},"schema":{"@context":"https:\/\/schema.org","@graph":[{"@type":"Article","@id":"https:\/\/www.article-marketing.eu\/comunicati\/arte-e-cultura\/estate-veneziana-2009-che-lo-spettacolo-abbia-inzio\/#article","isPartOf":{"@id":"https:\/\/www.article-marketing.eu\/comunicati\/arte-e-cultura\/estate-veneziana-2009-che-lo-spettacolo-abbia-inzio\/"},"author":{"name":"Redazione Comunicati Stampa","@id":"https:\/\/www.article-marketing.eu\/comunicati\/#\/schema\/person\/44372e4d4d0fa797b18e03ed1ace9017"},"headline":"Estate veneziana 2009: che lo spettacolo abbia inzio!","datePublished":"2009-07-23T09:12:39+00:00","mainEntityOfPage":{"@id":"https:\/\/www.article-marketing.eu\/comunicati\/arte-e-cultura\/estate-veneziana-2009-che-lo-spettacolo-abbia-inzio\/"},"wordCount":698,"commentCount":0,"keywords":["concerti","eventi","mostre","musica","spettacoli","venezia"],"articleSection":["Arte e cultura"],"inLanguage":"it-IT","potentialAction":[{"@type":"CommentAction","name":"Comment","target":["https:\/\/www.article-marketing.eu\/comunicati\/arte-e-cultura\/estate-veneziana-2009-che-lo-spettacolo-abbia-inzio\/#respond"]}]},{"@type":"WebPage","@id":"https:\/\/www.article-marketing.eu\/comunicati\/arte-e-cultura\/estate-veneziana-2009-che-lo-spettacolo-abbia-inzio\/","url":"https:\/\/www.article-marketing.eu\/comunicati\/arte-e-cultura\/estate-veneziana-2009-che-lo-spettacolo-abbia-inzio\/","name":"Estate veneziana 2009: che lo spettacolo abbia inzio! - Article Marketing","isPartOf":{"@id":"https:\/\/www.article-marketing.eu\/comunicati\/#website"},"datePublished":"2009-07-23T09:12:39+00:00","author":{"@id":"https:\/\/www.article-marketing.eu\/comunicati\/#\/schema\/person\/44372e4d4d0fa797b18e03ed1ace9017"},"breadcrumb":{"@id":"https:\/\/www.article-marketing.eu\/comunicati\/arte-e-cultura\/estate-veneziana-2009-che-lo-spettacolo-abbia-inzio\/#breadcrumb"},"inLanguage":"it-IT","potentialAction":[{"@type":"ReadAction","target":["https:\/\/www.article-marketing.eu\/comunicati\/arte-e-cultura\/estate-veneziana-2009-che-lo-spettacolo-abbia-inzio\/"]}]},{"@type":"BreadcrumbList","@id":"https:\/\/www.article-marketing.eu\/comunicati\/arte-e-cultura\/estate-veneziana-2009-che-lo-spettacolo-abbia-inzio\/#breadcrumb","itemListElement":[{"@type":"ListItem","position":1,"name":"Home","item":"https:\/\/www.article-marketing.eu\/comunicati\/"},{"@type":"ListItem","position":2,"name":"Estate veneziana 2009: che lo spettacolo abbia inzio!"}]},{"@type":"WebSite","@id":"https:\/\/www.article-marketing.eu\/comunicati\/#website","url":"https:\/\/www.article-marketing.eu\/comunicati\/","name":"Article Marketing","description":"article marketing &amp; press release","potentialAction":[{"@type":"SearchAction","target":{"@type":"EntryPoint","urlTemplate":"https:\/\/www.article-marketing.eu\/comunicati\/?s={search_term_string}"},"query-input":{"@type":"PropertyValueSpecification","valueRequired":true,"valueName":"search_term_string"}}],"inLanguage":"it-IT"},{"@type":"Person","@id":"https:\/\/www.article-marketing.eu\/comunicati\/#\/schema\/person\/44372e4d4d0fa797b18e03ed1ace9017","name":"Redazione Comunicati Stampa","image":{"@type":"ImageObject","inLanguage":"it-IT","@id":"https:\/\/www.article-marketing.eu\/comunicati\/#\/schema\/person\/image\/","url":"https:\/\/secure.gravatar.com\/avatar\/50e5c6421d3072f42e7ace803501602c60d75233d34e29fd05feb91c8760b792?s=96&d=mm&r=g","contentUrl":"https:\/\/secure.gravatar.com\/avatar\/50e5c6421d3072f42e7ace803501602c60d75233d34e29fd05feb91c8760b792?s=96&d=mm&r=g","caption":"Redazione Comunicati Stampa"},"url":"https:\/\/www.article-marketing.eu\/comunicati\/author\/redazione-comunicati-stampa\/"}]}},"_links":{"self":[{"href":"https:\/\/www.article-marketing.eu\/comunicati\/wp-json\/wp\/v2\/posts\/2461","targetHints":{"allow":["GET"]}}],"collection":[{"href":"https:\/\/www.article-marketing.eu\/comunicati\/wp-json\/wp\/v2\/posts"}],"about":[{"href":"https:\/\/www.article-marketing.eu\/comunicati\/wp-json\/wp\/v2\/types\/post"}],"author":[{"embeddable":true,"href":"https:\/\/www.article-marketing.eu\/comunicati\/wp-json\/wp\/v2\/users\/10"}],"replies":[{"embeddable":true,"href":"https:\/\/www.article-marketing.eu\/comunicati\/wp-json\/wp\/v2\/comments?post=2461"}],"version-history":[{"count":0,"href":"https:\/\/www.article-marketing.eu\/comunicati\/wp-json\/wp\/v2\/posts\/2461\/revisions"}],"wp:attachment":[{"href":"https:\/\/www.article-marketing.eu\/comunicati\/wp-json\/wp\/v2\/media?parent=2461"}],"wp:term":[{"taxonomy":"category","embeddable":true,"href":"https:\/\/www.article-marketing.eu\/comunicati\/wp-json\/wp\/v2\/categories?post=2461"},{"taxonomy":"post_tag","embeddable":true,"href":"https:\/\/www.article-marketing.eu\/comunicati\/wp-json\/wp\/v2\/tags?post=2461"}],"curies":[{"name":"wp","href":"https:\/\/api.w.org\/{rel}","templated":true}]}}