{"id":2462,"date":"2009-07-23T12:24:56","date_gmt":"2009-07-23T10:24:56","guid":{"rendered":"http:\/\/www.article-marketing.eu\/comunicati\/senza-categoria\/affitti-calano-milano-e-roma-su-torino\/"},"modified":"2018-06-04T20:18:42","modified_gmt":"2018-06-04T18:18:42","slug":"affitti-calano-milano-e-roma-su-torino","status":"publish","type":"post","link":"https:\/\/www.article-marketing.eu\/comunicati\/economia-e-lavoro\/affitti-calano-milano-e-roma-su-torino\/","title":{"rendered":"affitti: calano milano e roma, su torino"},"content":{"rendered":"<p>\u2022 inversione di tendenza anche nel mercato degli affitti. canoni pi\u00f9 accessibili a milano (-1,5%) e nella capitale (-3,9%). dopo il primo semestre di quest\u2019anno resiste solo torino (+1,3%) <\/p>\n<p><strong>milano, 21 luglio 2009 \u2013 prezzi dei canoni d\u2019affitto in altalena nel primo semestre di quest\u2019anno<\/strong> secondo l\u2019ultimo rapporto di <a href=\"http:\/\/www.idealista.it\/\">idealista.it<\/a> relativo a tre delle principali citt\u00e0 italiane. <strong>gi\u00f9 i prezzi a milano (-1,5%), su a torino (+1,3%), ancora pi\u00f9 gi\u00f9 a roma dove le locazioni sono calate addirittura del 3,9% rispetto a sei mesi fa<\/strong> <\/p>\n<p>la crisi, che si protrae da diversi mesi, ha spinto evidentemente i proprietari a rivedere a ribasso le proprie pretese o li ha costretti a rinegoziare il prezzo inizialmente pattuito per la locazione dei loro immobili, a fronte delle risorse sempre pi\u00f9 esigue delle famiglie <strong><\/strong><\/p>\n<p><strong>a milano<\/strong>, dopo la frenata dei prezzi degli immobili da locare registratasi gi\u00e0 a partire dal luglio dello scorso anno, proseguita poi con un leggero calo nella seconda parte dell\u2019anno, <strong>la caduta dei prezzi ha registrato un\u2019accelerazione in questo primo semestre del <\/strong><strong>2009<\/strong> <\/p>\n<p>in base all\u2019analisi condotta dall\u2019ufficio studi di idealista.it su un campione di 1.125 immobili presenti nel portale, <strong>affittare casa sotto la madonnina costa in media 13,9 euro\/m2, l\u20191,5% in meno di sei mesi fa, un 2,4% in meno rispetto allo stesso periodo dell\u2019anno scorso<\/strong> <\/p>\n<\/p>\n<p>&nbsp;<\/p>\n<p>se a luglio 2008 affittare un appartamento di due stanze &#8211; 65 m2, lo standard abitativo cittadino \u2013 costava mediamente 930 euro\/mese, ora bastano 909 euro\/mese. in pratica, per le famiglie milanesi si tratta di un risparmio pari a circa 240 euro annui <\/p>\n<p>la flessione pi\u00f9 significativa su base annuale in zona chiesa rossa\u2013gratosoglio (-8,8%; 13,2 euro\/m2), quella su base semestrale spetta a porta vittoria (-5,7%; 15,1 euro\/m2), ma in periferia i prezzi avevano imboccato prima la loro parabola discendente <\/p>\n<p><strong>per la prima volta idealista.it rende pubblici i dati di roma<\/strong>, il cui andamento \u00e8 oggetto di un monitoraggio costante da parte dell\u2019ufficio studi da pi\u00f9 di un anno <\/p>\n<p>per la capitale \u00e8 gi\u00e0 possibile rilevare un primo dato di tendenza circa la situazione degli affitti. dai dati di oltre 600 immobili del portale emerge un mercato delle locazioni in sofferenza nel corso dei primi sei mesi dell\u2019anno. <strong>la media cittadina dei canoni di 15,3 euro\/m2, pur nettamente superiore a quella milanese, ha subito un importante calo del 3,9% in soli sei mesi<\/strong><\/p>\n<\/p>\n<p>&nbsp;<\/p>\n<p>da questa prima fotografia degli immobili in affitto nella capitale \u00e8 stato possibile andare nello specifico di due quartieri: il centro storico che con i suoi 22,5 euro\/m2 si colloca molto al di sopra della media dei prezzi cittadini, ma in soli sei mesi ha visto crollare i canoni del 5,9% <\/p>\n<p>tutto come prima, o quasi, nel quartiere monte sacro, dove i prezzi, nettamente pi\u00f9 abbordabili per le famiglie romane (13,2 euro\/m2), sono calati appena dello 0,6% <\/p>\n<p>in controtendenza rispetto alle due principali citt\u00e0 italiane per numero di abitanti, <strong>torino registra un ulteriore incremento dei canoni negli ultimi sei mesi (+1,3%),<\/strong> dopo un lieve aumento nell\u2019ultima parte del 2008 <\/p>\n<\/p>\n<p><strong>ora il prezzo medio di un immobile in affitto sotto la mole \u00e8 pari a 8,7 euro\/m2, +1,6% rispetto allo stesso periodo dell\u2019anno scorso<\/strong> <\/p>\n<p>&nbsp;<\/p>\n<p>nello specifico delle zone, prezzi sopra la media in centro\u2013crocetta (+1,3%; 9,2 euro\/m2), mentre arretra san paolo\u2013san donato, nella zona ovest della citt\u00e0, dove si registra una flessione delle quotazioni pari all\u20191,2% che fissa il prezzo a 8,2 euro al metro quadro insomma, abitare a torino conviene un po\u2019 meno di ieri, ma le famiglie torinesi possono ancora consolarsi con affitti di gran lunga pi\u00f9 sostenibili rispetto a quelli di roma e milano <\/p>\n","protected":false},"excerpt":{"rendered":"<p>idealista.it: rapporto sul mercato degli affitti di milano, roma e torino<\/p>\n","protected":false},"author":10,"featured_media":0,"comment_status":"open","ping_status":"open","sticky":false,"template":"","format":"standard","meta":{"cybocfi_hide_featured_image":"","footnotes":""},"categories":[59],"tags":[3351,8064,5761,7742,4107,1343,7745,7741,7746,251,2555],"class_list":["post-2462","post","type-post","status-publish","format-standard","hentry","category-economia-e-lavoro","tag-affitti","tag-canoni-affitto","tag-idealista-it","tag-indagine","tag-mercato-immobiliare","tag-milano","tag-portali-immobiliari","tag-rapporto","tag-real-estate","tag-roma","tag-torino"],"yoast_head":"<!-- This site is optimized with the Yoast SEO plugin v27.0 - https:\/\/yoast.com\/product\/yoast-seo-wordpress\/ -->\n<title>affitti: calano milano e roma, su torino - Article Marketing<\/title>\n<meta name=\"robots\" content=\"index, follow, max-snippet:-1, max-image-preview:large, max-video-preview:-1\" \/>\n<link rel=\"canonical\" href=\"https:\/\/www.article-marketing.eu\/comunicati\/economia-e-lavoro\/affitti-calano-milano-e-roma-su-torino\/\" \/>\n<meta property=\"og:locale\" content=\"it_IT\" \/>\n<meta property=\"og:type\" content=\"article\" \/>\n<meta property=\"og:title\" content=\"affitti: calano milano e roma, su torino - Article Marketing\" \/>\n<meta property=\"og:description\" content=\"idealista.it: rapporto sul mercato degli affitti di milano, roma e torino\" \/>\n<meta property=\"og:url\" content=\"https:\/\/www.article-marketing.eu\/comunicati\/economia-e-lavoro\/affitti-calano-milano-e-roma-su-torino\/\" \/>\n<meta property=\"og:site_name\" content=\"Article Marketing\" \/>\n<meta property=\"article:published_time\" content=\"2009-07-23T10:24:56+00:00\" \/>\n<meta property=\"article:modified_time\" content=\"2018-06-04T18:18:42+00:00\" \/>\n<meta name=\"author\" content=\"Redazione Comunicati Stampa\" \/>\n<meta name=\"twitter:card\" content=\"summary_large_image\" \/>\n<meta name=\"twitter:label1\" content=\"Scritto da\" \/>\n\t<meta name=\"twitter:data1\" content=\"Redazione Comunicati Stampa\" \/>\n\t<meta name=\"twitter:label2\" content=\"Tempo di lettura stimato\" \/>\n\t<meta name=\"twitter:data2\" content=\"3 minuti\" \/>\n<script type=\"application\/ld+json\" class=\"yoast-schema-graph\">{\"@context\":\"https:\/\/schema.org\",\"@graph\":[{\"@type\":\"Article\",\"@id\":\"https:\/\/www.article-marketing.eu\/comunicati\/economia-e-lavoro\/affitti-calano-milano-e-roma-su-torino\/#article\",\"isPartOf\":{\"@id\":\"https:\/\/www.article-marketing.eu\/comunicati\/economia-e-lavoro\/affitti-calano-milano-e-roma-su-torino\/\"},\"author\":{\"name\":\"Redazione Comunicati Stampa\",\"@id\":\"https:\/\/www.article-marketing.eu\/comunicati\/#\/schema\/person\/44372e4d4d0fa797b18e03ed1ace9017\"},\"headline\":\"affitti: calano milano e roma, su torino\",\"datePublished\":\"2009-07-23T10:24:56+00:00\",\"dateModified\":\"2018-06-04T18:18:42+00:00\",\"mainEntityOfPage\":{\"@id\":\"https:\/\/www.article-marketing.eu\/comunicati\/economia-e-lavoro\/affitti-calano-milano-e-roma-su-torino\/\"},\"wordCount\":598,\"commentCount\":0,\"keywords\":[\"affitti\",\"canoni affitto\",\"idealista.it\",\"indagine\",\"mercato immobiliare\",\"milano\",\"portali immobiliari\",\"rapporto\",\"real estate\",\"roma\",\"Torino\"],\"articleSection\":[\"Economia e lavoro\"],\"inLanguage\":\"it-IT\",\"potentialAction\":[{\"@type\":\"CommentAction\",\"name\":\"Comment\",\"target\":[\"https:\/\/www.article-marketing.eu\/comunicati\/economia-e-lavoro\/affitti-calano-milano-e-roma-su-torino\/#respond\"]}]},{\"@type\":\"WebPage\",\"@id\":\"https:\/\/www.article-marketing.eu\/comunicati\/economia-e-lavoro\/affitti-calano-milano-e-roma-su-torino\/\",\"url\":\"https:\/\/www.article-marketing.eu\/comunicati\/economia-e-lavoro\/affitti-calano-milano-e-roma-su-torino\/\",\"name\":\"affitti: calano milano e roma, su torino - Article Marketing\",\"isPartOf\":{\"@id\":\"https:\/\/www.article-marketing.eu\/comunicati\/#website\"},\"datePublished\":\"2009-07-23T10:24:56+00:00\",\"dateModified\":\"2018-06-04T18:18:42+00:00\",\"author\":{\"@id\":\"https:\/\/www.article-marketing.eu\/comunicati\/#\/schema\/person\/44372e4d4d0fa797b18e03ed1ace9017\"},\"breadcrumb\":{\"@id\":\"https:\/\/www.article-marketing.eu\/comunicati\/economia-e-lavoro\/affitti-calano-milano-e-roma-su-torino\/#breadcrumb\"},\"inLanguage\":\"it-IT\",\"potentialAction\":[{\"@type\":\"ReadAction\",\"target\":[\"https:\/\/www.article-marketing.eu\/comunicati\/economia-e-lavoro\/affitti-calano-milano-e-roma-su-torino\/\"]}]},{\"@type\":\"BreadcrumbList\",\"@id\":\"https:\/\/www.article-marketing.eu\/comunicati\/economia-e-lavoro\/affitti-calano-milano-e-roma-su-torino\/#breadcrumb\",\"itemListElement\":[{\"@type\":\"ListItem\",\"position\":1,\"name\":\"Home\",\"item\":\"https:\/\/www.article-marketing.eu\/comunicati\/\"},{\"@type\":\"ListItem\",\"position\":2,\"name\":\"affitti: calano milano e roma, su torino\"}]},{\"@type\":\"WebSite\",\"@id\":\"https:\/\/www.article-marketing.eu\/comunicati\/#website\",\"url\":\"https:\/\/www.article-marketing.eu\/comunicati\/\",\"name\":\"Article Marketing\",\"description\":\"article marketing &amp; press release\",\"potentialAction\":[{\"@type\":\"SearchAction\",\"target\":{\"@type\":\"EntryPoint\",\"urlTemplate\":\"https:\/\/www.article-marketing.eu\/comunicati\/?s={search_term_string}\"},\"query-input\":{\"@type\":\"PropertyValueSpecification\",\"valueRequired\":true,\"valueName\":\"search_term_string\"}}],\"inLanguage\":\"it-IT\"},{\"@type\":\"Person\",\"@id\":\"https:\/\/www.article-marketing.eu\/comunicati\/#\/schema\/person\/44372e4d4d0fa797b18e03ed1ace9017\",\"name\":\"Redazione Comunicati Stampa\",\"image\":{\"@type\":\"ImageObject\",\"inLanguage\":\"it-IT\",\"@id\":\"https:\/\/www.article-marketing.eu\/comunicati\/#\/schema\/person\/image\/\",\"url\":\"https:\/\/secure.gravatar.com\/avatar\/50e5c6421d3072f42e7ace803501602c60d75233d34e29fd05feb91c8760b792?s=96&d=mm&r=g\",\"contentUrl\":\"https:\/\/secure.gravatar.com\/avatar\/50e5c6421d3072f42e7ace803501602c60d75233d34e29fd05feb91c8760b792?s=96&d=mm&r=g\",\"caption\":\"Redazione Comunicati Stampa\"},\"url\":\"https:\/\/www.article-marketing.eu\/comunicati\/author\/redazione-comunicati-stampa\/\"}]}<\/script>\n<!-- \/ Yoast SEO plugin. -->","yoast_head_json":{"title":"affitti: calano milano e roma, su torino - Article Marketing","robots":{"index":"index","follow":"follow","max-snippet":"max-snippet:-1","max-image-preview":"max-image-preview:large","max-video-preview":"max-video-preview:-1"},"canonical":"https:\/\/www.article-marketing.eu\/comunicati\/economia-e-lavoro\/affitti-calano-milano-e-roma-su-torino\/","og_locale":"it_IT","og_type":"article","og_title":"affitti: calano milano e roma, su torino - Article Marketing","og_description":"idealista.it: rapporto sul mercato degli affitti di milano, roma e torino","og_url":"https:\/\/www.article-marketing.eu\/comunicati\/economia-e-lavoro\/affitti-calano-milano-e-roma-su-torino\/","og_site_name":"Article Marketing","article_published_time":"2009-07-23T10:24:56+00:00","article_modified_time":"2018-06-04T18:18:42+00:00","author":"Redazione Comunicati Stampa","twitter_card":"summary_large_image","twitter_misc":{"Scritto da":"Redazione Comunicati Stampa","Tempo di lettura stimato":"3 minuti"},"schema":{"@context":"https:\/\/schema.org","@graph":[{"@type":"Article","@id":"https:\/\/www.article-marketing.eu\/comunicati\/economia-e-lavoro\/affitti-calano-milano-e-roma-su-torino\/#article","isPartOf":{"@id":"https:\/\/www.article-marketing.eu\/comunicati\/economia-e-lavoro\/affitti-calano-milano-e-roma-su-torino\/"},"author":{"name":"Redazione Comunicati Stampa","@id":"https:\/\/www.article-marketing.eu\/comunicati\/#\/schema\/person\/44372e4d4d0fa797b18e03ed1ace9017"},"headline":"affitti: calano milano e roma, su torino","datePublished":"2009-07-23T10:24:56+00:00","dateModified":"2018-06-04T18:18:42+00:00","mainEntityOfPage":{"@id":"https:\/\/www.article-marketing.eu\/comunicati\/economia-e-lavoro\/affitti-calano-milano-e-roma-su-torino\/"},"wordCount":598,"commentCount":0,"keywords":["affitti","canoni affitto","idealista.it","indagine","mercato immobiliare","milano","portali immobiliari","rapporto","real estate","roma","Torino"],"articleSection":["Economia e lavoro"],"inLanguage":"it-IT","potentialAction":[{"@type":"CommentAction","name":"Comment","target":["https:\/\/www.article-marketing.eu\/comunicati\/economia-e-lavoro\/affitti-calano-milano-e-roma-su-torino\/#respond"]}]},{"@type":"WebPage","@id":"https:\/\/www.article-marketing.eu\/comunicati\/economia-e-lavoro\/affitti-calano-milano-e-roma-su-torino\/","url":"https:\/\/www.article-marketing.eu\/comunicati\/economia-e-lavoro\/affitti-calano-milano-e-roma-su-torino\/","name":"affitti: calano milano e roma, su torino - Article Marketing","isPartOf":{"@id":"https:\/\/www.article-marketing.eu\/comunicati\/#website"},"datePublished":"2009-07-23T10:24:56+00:00","dateModified":"2018-06-04T18:18:42+00:00","author":{"@id":"https:\/\/www.article-marketing.eu\/comunicati\/#\/schema\/person\/44372e4d4d0fa797b18e03ed1ace9017"},"breadcrumb":{"@id":"https:\/\/www.article-marketing.eu\/comunicati\/economia-e-lavoro\/affitti-calano-milano-e-roma-su-torino\/#breadcrumb"},"inLanguage":"it-IT","potentialAction":[{"@type":"ReadAction","target":["https:\/\/www.article-marketing.eu\/comunicati\/economia-e-lavoro\/affitti-calano-milano-e-roma-su-torino\/"]}]},{"@type":"BreadcrumbList","@id":"https:\/\/www.article-marketing.eu\/comunicati\/economia-e-lavoro\/affitti-calano-milano-e-roma-su-torino\/#breadcrumb","itemListElement":[{"@type":"ListItem","position":1,"name":"Home","item":"https:\/\/www.article-marketing.eu\/comunicati\/"},{"@type":"ListItem","position":2,"name":"affitti: calano milano e roma, su torino"}]},{"@type":"WebSite","@id":"https:\/\/www.article-marketing.eu\/comunicati\/#website","url":"https:\/\/www.article-marketing.eu\/comunicati\/","name":"Article Marketing","description":"article marketing &amp; press release","potentialAction":[{"@type":"SearchAction","target":{"@type":"EntryPoint","urlTemplate":"https:\/\/www.article-marketing.eu\/comunicati\/?s={search_term_string}"},"query-input":{"@type":"PropertyValueSpecification","valueRequired":true,"valueName":"search_term_string"}}],"inLanguage":"it-IT"},{"@type":"Person","@id":"https:\/\/www.article-marketing.eu\/comunicati\/#\/schema\/person\/44372e4d4d0fa797b18e03ed1ace9017","name":"Redazione Comunicati Stampa","image":{"@type":"ImageObject","inLanguage":"it-IT","@id":"https:\/\/www.article-marketing.eu\/comunicati\/#\/schema\/person\/image\/","url":"https:\/\/secure.gravatar.com\/avatar\/50e5c6421d3072f42e7ace803501602c60d75233d34e29fd05feb91c8760b792?s=96&d=mm&r=g","contentUrl":"https:\/\/secure.gravatar.com\/avatar\/50e5c6421d3072f42e7ace803501602c60d75233d34e29fd05feb91c8760b792?s=96&d=mm&r=g","caption":"Redazione Comunicati Stampa"},"url":"https:\/\/www.article-marketing.eu\/comunicati\/author\/redazione-comunicati-stampa\/"}]}},"_links":{"self":[{"href":"https:\/\/www.article-marketing.eu\/comunicati\/wp-json\/wp\/v2\/posts\/2462","targetHints":{"allow":["GET"]}}],"collection":[{"href":"https:\/\/www.article-marketing.eu\/comunicati\/wp-json\/wp\/v2\/posts"}],"about":[{"href":"https:\/\/www.article-marketing.eu\/comunicati\/wp-json\/wp\/v2\/types\/post"}],"author":[{"embeddable":true,"href":"https:\/\/www.article-marketing.eu\/comunicati\/wp-json\/wp\/v2\/users\/10"}],"replies":[{"embeddable":true,"href":"https:\/\/www.article-marketing.eu\/comunicati\/wp-json\/wp\/v2\/comments?post=2462"}],"version-history":[{"count":3,"href":"https:\/\/www.article-marketing.eu\/comunicati\/wp-json\/wp\/v2\/posts\/2462\/revisions"}],"predecessor-version":[{"id":55652,"href":"https:\/\/www.article-marketing.eu\/comunicati\/wp-json\/wp\/v2\/posts\/2462\/revisions\/55652"}],"wp:attachment":[{"href":"https:\/\/www.article-marketing.eu\/comunicati\/wp-json\/wp\/v2\/media?parent=2462"}],"wp:term":[{"taxonomy":"category","embeddable":true,"href":"https:\/\/www.article-marketing.eu\/comunicati\/wp-json\/wp\/v2\/categories?post=2462"},{"taxonomy":"post_tag","embeddable":true,"href":"https:\/\/www.article-marketing.eu\/comunicati\/wp-json\/wp\/v2\/tags?post=2462"}],"curies":[{"name":"wp","href":"https:\/\/api.w.org\/{rel}","templated":true}]}}