{"id":2464,"date":"2009-07-23T13:09:54","date_gmt":"2009-07-23T11:09:54","guid":{"rendered":"http:\/\/www.article-marketing.eu\/comunicati\/senza-categoria\/milano-affitti-in-calo-dell1-5%25-nellultimo-semestre\/"},"modified":"2018-06-04T20:18:43","modified_gmt":"2018-06-04T18:18:43","slug":"milano-affitti-in-calo-dell1-5%25-nellultimo-semestre","status":"publish","type":"post","link":"https:\/\/www.article-marketing.eu\/comunicati\/economia-e-lavoro\/milano-affitti-in-calo-dell1-5%25-nellultimo-semestre\/","title":{"rendered":"milano, affitti in calo dell&#8217;1,5% nell&#8217;ultimo semestre"},"content":{"rendered":"<p>\u2022&nbsp;il prezzo medio degli immobili da locare \u00e8 ora a 13,9 euro\/m2, praticamente come due anni fa<br \/>\u2022&nbsp;in alcuni quartieri i prezzi sono andati gi\u00f9 oltre il 5%: porta vittoria, fiera-de angeli e corvetto-rogoredo le zone che hanno sofferto di pi\u00f9 nel primo semestre 2009<\/p>\n<p><strong>milano, 21 luglio 2009 \u2013 i prezzi degli affitti a milano sono calati dell\u20191,5% negli ultimi 6 mesi<\/strong>, attestandosi a 13,9 euro\/m2. \u00e8 quanto emerge dall\u2019analisi condotta dalla divisione studi di idealista.it su un&nbsp;campione di 1.125 immobili del portale<\/p>\n<p>ora affittare un bilocale \u2013 circa 65 m2, la metratura tipo sotto la madonnina \u2013 costa in media circa 909 euro al mese contro i 923 di 6 mesi fa. rispetto allo stesso periodo dell\u2019anno scorso, i prezzi sono calati invece del 2,4%, con un risparmio medio per le famiglie quantificabile in circa 240 euro l\u2019anno <\/p>\n<p><strong>nel primo semestre del 2009 i prezzi hanno accelerato la loro caduta<\/strong>. cali in 8 delle 10 zone monitorate<\/p>\n<p><strong>crollano i prezzi nei quartieri&nbsp; dove erano cresciuti di pi\u00f9<\/strong>: porta vittoria (-5,7%; 15,1 euro\/m2), fiera-de angeli (-5,5%; 14,2 euro\/m2) e <strong>navigli-bocconi (-4,5%; 15,7 euro\/m2), la seconda zona pi\u00f9 cara della citt\u00e0 alle spalle del centro storico <\/strong>dove<strong> <\/strong>per un monolocale-mansarda si pu\u00f2 arrivare a pagare 1.250 euro\/mese (41,7 euro\/m2)<\/p>\n<p>discorso a parte merita l\u2019area di corvetto-rogoredo (-5,2%, 12,9), al centro di un massiccio intervento di edilizia residenziale: l\u2019offerta di immobili in locazione in questa zona \u00e8 sensibilmente aumentata, come effetto anche della mancata vendita degli immobili che non hanno trovato acquirente. proprio l\u2019eccesso di offerta spiega il calo repentino delle quotazioni negli ultimi mesi<\/p>\n<p><strong>segno meno dappertutto<\/strong>: calano per il secondo semestre consecutivo comasina-bicocca (-4,7%; 12,5 euro\/m2) &#8211; che risulta anche il pi\u00f9 economico tra i quartieri oggetto di questo rapporto &#8211; chiesa rossa-gratosoglio (- 2,5%; 13,2 euro\/m2), greco-turro (- 2,5%; 12,7 euro\/m2) e lorenteggio-bande nere (-0,4%; 12,6 euro\/m2)<\/p>\n<p><strong>hanno tenuto solo citt\u00e0 studi-lambrate (+0,3%; 13,6 euro\/m2) e garibaldi-porta venezia (+0,2%; 15,1 euro\/m2)<\/strong> dove i prezzi sono rimasti pressoch\u00e9 invariati rispetto allo scorso febbraio<\/p>\n<p><strong>prezzi troppo alti, si va in provincia<\/strong>. in brianza prezzi ancora su del 5,1% nel primo semestre dell\u2019anno. quest\u2019area sembra non conoscere crisi, infatti dall\u2019anno scorso ad oggi i prezzi dei canoni sono passati da 9,3 euro\/m2 ai 10 attuali<\/p>\n<p>\u201cin questi mesi abbiamo notato grande interesse degli utenti del nostro portale per gli immobili in affitto \u2013 ha rilevato paolo zanetti, amministratore delegato di idealista.it -, tuttavia i canoni sono calati. sembrano emergere comportamenti differenti sul fronte della domanda da parte di famiglie che, per prudenza o per effettiva necessit\u00e0, valutano tutte le soluzioni possibili prima di scegliere quella che considerano pi\u00f9 consona alle loro possibilit\u00e0. questo mutamento di atteggiamento del consumatore agevolato dal web, ci dice che se una volta a guidare la scelta erano le caratteristiche dell\u2019immobile, oggi a guidare la scelta \u00e8 il budget familiare\u201d<\/p><\/p>\n","protected":false},"excerpt":{"rendered":"<p>idealista.it: rapporto sul mercato degli affitti nella citt\u00e0 di milano, I semestre 2009<\/p>\n","protected":false},"author":10,"featured_media":0,"comment_status":"open","ping_status":"open","sticky":false,"template":"","format":"standard","meta":{"cybocfi_hide_featured_image":"","footnotes":""},"categories":[59],"tags":[3351,8064,5761,7742,4107,1343,7745,7741,7746],"class_list":["post-2464","post","type-post","status-publish","format-standard","hentry","category-economia-e-lavoro","tag-affitti","tag-canoni-affitto","tag-idealista-it","tag-indagine","tag-mercato-immobiliare","tag-milano","tag-portali-immobiliari","tag-rapporto","tag-real-estate"],"yoast_head":"<!-- This site is optimized with the Yoast SEO plugin v27.0 - https:\/\/yoast.com\/product\/yoast-seo-wordpress\/ -->\n<title>milano, affitti in calo dell&#039;1,5% nell&#039;ultimo semestre - Article Marketing<\/title>\n<meta name=\"robots\" content=\"index, follow, max-snippet:-1, max-image-preview:large, max-video-preview:-1\" \/>\n<link rel=\"canonical\" href=\"https:\/\/www.article-marketing.eu\/comunicati\/economia-e-lavoro\/milano-affitti-in-calo-dell1-5%-nellultimo-semestre\/\" \/>\n<meta property=\"og:locale\" content=\"it_IT\" \/>\n<meta property=\"og:type\" content=\"article\" \/>\n<meta property=\"og:title\" content=\"milano, affitti in calo dell&#039;1,5% nell&#039;ultimo semestre - Article Marketing\" \/>\n<meta property=\"og:description\" content=\"idealista.it: rapporto sul mercato degli affitti nella citt\u00e0 di milano, I semestre 2009\" \/>\n<meta property=\"og:url\" content=\"https:\/\/www.article-marketing.eu\/comunicati\/economia-e-lavoro\/milano-affitti-in-calo-dell1-5%-nellultimo-semestre\/\" \/>\n<meta property=\"og:site_name\" content=\"Article Marketing\" \/>\n<meta property=\"article:published_time\" content=\"2009-07-23T11:09:54+00:00\" \/>\n<meta property=\"article:modified_time\" content=\"2018-06-04T18:18:43+00:00\" \/>\n<meta name=\"author\" content=\"Redazione Comunicati Stampa\" \/>\n<meta name=\"twitter:card\" content=\"summary_large_image\" \/>\n<meta name=\"twitter:label1\" content=\"Scritto da\" \/>\n\t<meta name=\"twitter:data1\" content=\"Redazione Comunicati Stampa\" \/>\n\t<meta name=\"twitter:label2\" content=\"Tempo di lettura stimato\" \/>\n\t<meta name=\"twitter:data2\" content=\"2 minuti\" \/>\n<script type=\"application\/ld+json\" class=\"yoast-schema-graph\">{\"@context\":\"https:\/\/schema.org\",\"@graph\":[{\"@type\":\"Article\",\"@id\":\"https:\/\/www.article-marketing.eu\/comunicati\/economia-e-lavoro\/milano-affitti-in-calo-dell1-5%25-nellultimo-semestre\/#article\",\"isPartOf\":{\"@id\":\"https:\/\/www.article-marketing.eu\/comunicati\/economia-e-lavoro\/milano-affitti-in-calo-dell1-5%25-nellultimo-semestre\/\"},\"author\":{\"name\":\"Redazione Comunicati Stampa\",\"@id\":\"https:\/\/www.article-marketing.eu\/comunicati\/#\/schema\/person\/44372e4d4d0fa797b18e03ed1ace9017\"},\"headline\":\"milano, affitti in calo dell&#8217;1,5% nell&#8217;ultimo semestre\",\"datePublished\":\"2009-07-23T11:09:54+00:00\",\"dateModified\":\"2018-06-04T18:18:43+00:00\",\"mainEntityOfPage\":{\"@id\":\"https:\/\/www.article-marketing.eu\/comunicati\/economia-e-lavoro\/milano-affitti-in-calo-dell1-5%25-nellultimo-semestre\/\"},\"wordCount\":467,\"commentCount\":0,\"keywords\":[\"affitti\",\"canoni affitto\",\"idealista.it\",\"indagine\",\"mercato immobiliare\",\"milano\",\"portali immobiliari\",\"rapporto\",\"real estate\"],\"articleSection\":[\"Economia e lavoro\"],\"inLanguage\":\"it-IT\",\"potentialAction\":[{\"@type\":\"CommentAction\",\"name\":\"Comment\",\"target\":[\"https:\/\/www.article-marketing.eu\/comunicati\/economia-e-lavoro\/milano-affitti-in-calo-dell1-5%25-nellultimo-semestre\/#respond\"]}]},{\"@type\":\"WebPage\",\"@id\":\"https:\/\/www.article-marketing.eu\/comunicati\/economia-e-lavoro\/milano-affitti-in-calo-dell1-5%25-nellultimo-semestre\/\",\"url\":\"https:\/\/www.article-marketing.eu\/comunicati\/economia-e-lavoro\/milano-affitti-in-calo-dell1-5%25-nellultimo-semestre\/\",\"name\":\"milano, affitti in calo dell'1,5% nell'ultimo semestre - Article Marketing\",\"isPartOf\":{\"@id\":\"https:\/\/www.article-marketing.eu\/comunicati\/#website\"},\"datePublished\":\"2009-07-23T11:09:54+00:00\",\"dateModified\":\"2018-06-04T18:18:43+00:00\",\"author\":{\"@id\":\"https:\/\/www.article-marketing.eu\/comunicati\/#\/schema\/person\/44372e4d4d0fa797b18e03ed1ace9017\"},\"breadcrumb\":{\"@id\":\"https:\/\/www.article-marketing.eu\/comunicati\/economia-e-lavoro\/milano-affitti-in-calo-dell1-5%25-nellultimo-semestre\/#breadcrumb\"},\"inLanguage\":\"it-IT\",\"potentialAction\":[{\"@type\":\"ReadAction\",\"target\":[\"https:\/\/www.article-marketing.eu\/comunicati\/economia-e-lavoro\/milano-affitti-in-calo-dell1-5%25-nellultimo-semestre\/\"]}]},{\"@type\":\"BreadcrumbList\",\"@id\":\"https:\/\/www.article-marketing.eu\/comunicati\/economia-e-lavoro\/milano-affitti-in-calo-dell1-5%25-nellultimo-semestre\/#breadcrumb\",\"itemListElement\":[{\"@type\":\"ListItem\",\"position\":1,\"name\":\"Home\",\"item\":\"https:\/\/www.article-marketing.eu\/comunicati\/\"},{\"@type\":\"ListItem\",\"position\":2,\"name\":\"milano, affitti in calo dell&#8217;1,5% nell&#8217;ultimo semestre\"}]},{\"@type\":\"WebSite\",\"@id\":\"https:\/\/www.article-marketing.eu\/comunicati\/#website\",\"url\":\"https:\/\/www.article-marketing.eu\/comunicati\/\",\"name\":\"Article Marketing\",\"description\":\"article marketing &amp; press release\",\"potentialAction\":[{\"@type\":\"SearchAction\",\"target\":{\"@type\":\"EntryPoint\",\"urlTemplate\":\"https:\/\/www.article-marketing.eu\/comunicati\/?s={search_term_string}\"},\"query-input\":{\"@type\":\"PropertyValueSpecification\",\"valueRequired\":true,\"valueName\":\"search_term_string\"}}],\"inLanguage\":\"it-IT\"},{\"@type\":\"Person\",\"@id\":\"https:\/\/www.article-marketing.eu\/comunicati\/#\/schema\/person\/44372e4d4d0fa797b18e03ed1ace9017\",\"name\":\"Redazione Comunicati Stampa\",\"image\":{\"@type\":\"ImageObject\",\"inLanguage\":\"it-IT\",\"@id\":\"https:\/\/www.article-marketing.eu\/comunicati\/#\/schema\/person\/image\/\",\"url\":\"https:\/\/secure.gravatar.com\/avatar\/50e5c6421d3072f42e7ace803501602c60d75233d34e29fd05feb91c8760b792?s=96&d=mm&r=g\",\"contentUrl\":\"https:\/\/secure.gravatar.com\/avatar\/50e5c6421d3072f42e7ace803501602c60d75233d34e29fd05feb91c8760b792?s=96&d=mm&r=g\",\"caption\":\"Redazione Comunicati Stampa\"},\"url\":\"https:\/\/www.article-marketing.eu\/comunicati\/author\/redazione-comunicati-stampa\/\"}]}<\/script>\n<!-- \/ Yoast SEO plugin. -->","yoast_head_json":{"title":"milano, affitti in calo dell'1,5% nell'ultimo semestre - Article Marketing","robots":{"index":"index","follow":"follow","max-snippet":"max-snippet:-1","max-image-preview":"max-image-preview:large","max-video-preview":"max-video-preview:-1"},"canonical":"https:\/\/www.article-marketing.eu\/comunicati\/economia-e-lavoro\/milano-affitti-in-calo-dell1-5%-nellultimo-semestre\/","og_locale":"it_IT","og_type":"article","og_title":"milano, affitti in calo dell'1,5% nell'ultimo semestre - Article Marketing","og_description":"idealista.it: rapporto sul mercato degli affitti nella citt\u00e0 di milano, I semestre 2009","og_url":"https:\/\/www.article-marketing.eu\/comunicati\/economia-e-lavoro\/milano-affitti-in-calo-dell1-5%-nellultimo-semestre\/","og_site_name":"Article Marketing","article_published_time":"2009-07-23T11:09:54+00:00","article_modified_time":"2018-06-04T18:18:43+00:00","author":"Redazione Comunicati Stampa","twitter_card":"summary_large_image","twitter_misc":{"Scritto da":"Redazione Comunicati Stampa","Tempo di lettura stimato":"2 minuti"},"schema":{"@context":"https:\/\/schema.org","@graph":[{"@type":"Article","@id":"https:\/\/www.article-marketing.eu\/comunicati\/economia-e-lavoro\/milano-affitti-in-calo-dell1-5%25-nellultimo-semestre\/#article","isPartOf":{"@id":"https:\/\/www.article-marketing.eu\/comunicati\/economia-e-lavoro\/milano-affitti-in-calo-dell1-5%25-nellultimo-semestre\/"},"author":{"name":"Redazione Comunicati Stampa","@id":"https:\/\/www.article-marketing.eu\/comunicati\/#\/schema\/person\/44372e4d4d0fa797b18e03ed1ace9017"},"headline":"milano, affitti in calo dell&#8217;1,5% nell&#8217;ultimo semestre","datePublished":"2009-07-23T11:09:54+00:00","dateModified":"2018-06-04T18:18:43+00:00","mainEntityOfPage":{"@id":"https:\/\/www.article-marketing.eu\/comunicati\/economia-e-lavoro\/milano-affitti-in-calo-dell1-5%25-nellultimo-semestre\/"},"wordCount":467,"commentCount":0,"keywords":["affitti","canoni affitto","idealista.it","indagine","mercato immobiliare","milano","portali immobiliari","rapporto","real estate"],"articleSection":["Economia e lavoro"],"inLanguage":"it-IT","potentialAction":[{"@type":"CommentAction","name":"Comment","target":["https:\/\/www.article-marketing.eu\/comunicati\/economia-e-lavoro\/milano-affitti-in-calo-dell1-5%25-nellultimo-semestre\/#respond"]}]},{"@type":"WebPage","@id":"https:\/\/www.article-marketing.eu\/comunicati\/economia-e-lavoro\/milano-affitti-in-calo-dell1-5%25-nellultimo-semestre\/","url":"https:\/\/www.article-marketing.eu\/comunicati\/economia-e-lavoro\/milano-affitti-in-calo-dell1-5%25-nellultimo-semestre\/","name":"milano, affitti in calo dell'1,5% nell'ultimo semestre - Article Marketing","isPartOf":{"@id":"https:\/\/www.article-marketing.eu\/comunicati\/#website"},"datePublished":"2009-07-23T11:09:54+00:00","dateModified":"2018-06-04T18:18:43+00:00","author":{"@id":"https:\/\/www.article-marketing.eu\/comunicati\/#\/schema\/person\/44372e4d4d0fa797b18e03ed1ace9017"},"breadcrumb":{"@id":"https:\/\/www.article-marketing.eu\/comunicati\/economia-e-lavoro\/milano-affitti-in-calo-dell1-5%25-nellultimo-semestre\/#breadcrumb"},"inLanguage":"it-IT","potentialAction":[{"@type":"ReadAction","target":["https:\/\/www.article-marketing.eu\/comunicati\/economia-e-lavoro\/milano-affitti-in-calo-dell1-5%25-nellultimo-semestre\/"]}]},{"@type":"BreadcrumbList","@id":"https:\/\/www.article-marketing.eu\/comunicati\/economia-e-lavoro\/milano-affitti-in-calo-dell1-5%25-nellultimo-semestre\/#breadcrumb","itemListElement":[{"@type":"ListItem","position":1,"name":"Home","item":"https:\/\/www.article-marketing.eu\/comunicati\/"},{"@type":"ListItem","position":2,"name":"milano, affitti in calo dell&#8217;1,5% nell&#8217;ultimo semestre"}]},{"@type":"WebSite","@id":"https:\/\/www.article-marketing.eu\/comunicati\/#website","url":"https:\/\/www.article-marketing.eu\/comunicati\/","name":"Article Marketing","description":"article marketing &amp; press release","potentialAction":[{"@type":"SearchAction","target":{"@type":"EntryPoint","urlTemplate":"https:\/\/www.article-marketing.eu\/comunicati\/?s={search_term_string}"},"query-input":{"@type":"PropertyValueSpecification","valueRequired":true,"valueName":"search_term_string"}}],"inLanguage":"it-IT"},{"@type":"Person","@id":"https:\/\/www.article-marketing.eu\/comunicati\/#\/schema\/person\/44372e4d4d0fa797b18e03ed1ace9017","name":"Redazione Comunicati Stampa","image":{"@type":"ImageObject","inLanguage":"it-IT","@id":"https:\/\/www.article-marketing.eu\/comunicati\/#\/schema\/person\/image\/","url":"https:\/\/secure.gravatar.com\/avatar\/50e5c6421d3072f42e7ace803501602c60d75233d34e29fd05feb91c8760b792?s=96&d=mm&r=g","contentUrl":"https:\/\/secure.gravatar.com\/avatar\/50e5c6421d3072f42e7ace803501602c60d75233d34e29fd05feb91c8760b792?s=96&d=mm&r=g","caption":"Redazione Comunicati Stampa"},"url":"https:\/\/www.article-marketing.eu\/comunicati\/author\/redazione-comunicati-stampa\/"}]}},"_links":{"self":[{"href":"https:\/\/www.article-marketing.eu\/comunicati\/wp-json\/wp\/v2\/posts\/2464","targetHints":{"allow":["GET"]}}],"collection":[{"href":"https:\/\/www.article-marketing.eu\/comunicati\/wp-json\/wp\/v2\/posts"}],"about":[{"href":"https:\/\/www.article-marketing.eu\/comunicati\/wp-json\/wp\/v2\/types\/post"}],"author":[{"embeddable":true,"href":"https:\/\/www.article-marketing.eu\/comunicati\/wp-json\/wp\/v2\/users\/10"}],"replies":[{"embeddable":true,"href":"https:\/\/www.article-marketing.eu\/comunicati\/wp-json\/wp\/v2\/comments?post=2464"}],"version-history":[{"count":2,"href":"https:\/\/www.article-marketing.eu\/comunicati\/wp-json\/wp\/v2\/posts\/2464\/revisions"}],"predecessor-version":[{"id":55655,"href":"https:\/\/www.article-marketing.eu\/comunicati\/wp-json\/wp\/v2\/posts\/2464\/revisions\/55655"}],"wp:attachment":[{"href":"https:\/\/www.article-marketing.eu\/comunicati\/wp-json\/wp\/v2\/media?parent=2464"}],"wp:term":[{"taxonomy":"category","embeddable":true,"href":"https:\/\/www.article-marketing.eu\/comunicati\/wp-json\/wp\/v2\/categories?post=2464"},{"taxonomy":"post_tag","embeddable":true,"href":"https:\/\/www.article-marketing.eu\/comunicati\/wp-json\/wp\/v2\/tags?post=2464"}],"curies":[{"name":"wp","href":"https:\/\/api.w.org\/{rel}","templated":true}]}}