{"id":2472,"date":"2009-07-24T10:41:53","date_gmt":"2009-07-24T08:41:53","guid":{"rendered":"http:\/\/www.article-marketing.eu\/comunicati\/senza-categoria\/meridiana-eurofly-nuovo-volo-venezia-catania-e-viceversa\/"},"modified":"2009-07-24T10:41:53","modified_gmt":"2009-07-24T08:41:53","slug":"meridiana-eurofly-nuovo-volo-venezia-catania-e-viceversa","status":"publish","type":"post","link":"https:\/\/www.article-marketing.eu\/comunicati\/tempo-libero\/meridiana-eurofly-nuovo-volo-venezia-catania-e-viceversa\/","title":{"rendered":"Meridiana-Eurofly: Nuovo volo VENEZIA \u2013 CATANIA e viceversa"},"content":{"rendered":"<p><a href=\"http:\/\/www.meridiana.it\/it\/index.aspx\"><strong>Meridiana-Eurofly:<\/strong><\/a><\/p>\n<p>Dal 7 agosto nuovo volo <strong>VENEZIA \u2013 CATANIA<\/strong> e viceversa<\/p>\n<p><strong>Dal 7 agosto al 30 settembre<\/strong> collegamenti di venerd\u00ec, sabato e domenica<\/p>\n<p><strong>Dal 1\u00b0 ottobre<\/strong> collegamenti giornalieri<\/p>\n<p><strong>ORARI MESE AGOSTO<\/strong><\/p>\n<p>        DA<br \/>\n        A<br \/>\n        N\u00b0 VOLO<br \/>\n        PART<br \/>\n        ARR<br \/>\n        GIORNI<\/p>\n<p>        VENEZIA<br \/>\n        CATANIA<br \/>\n        IG962<br \/>\n        16.40<br \/>\n        18.20<br \/>\n        V &#8211; S &#8211; D<\/p>\n<p>        CATANIA<br \/>\n        VENEZIA<br \/>\n        IG961<br \/>\n        19.05<br \/>\n        20.45<br \/>\n        V &#8211; S &#8211; D<\/p>\n<p>Tariffe di sola andata tutto compreso da <strong>51 euro<\/strong><\/p>\n<p align=\"justify\"><strong>Meridiana<\/strong>, originariamente Alisarda, fu costituita il 29 marzo 1963 per iniziativa di S.A. il Principe Aga Khan, con lo scopo iniziale di favorire lo sviluppo dell&#8217;attivit\u00e0 turistica in Costa Smeralda, nella Sardegna nord-orientale, fino ad allora servita solo via mare.<\/p>\n<p>Meridiana \u00e8 nata nel 1963, nel dicembre 2006 ha acquisito una quota del 29,95% della Compagnia Eurofly, oggi salita al 46,1%. <\/p>\n<p align=\"justify\">La base principale della compagnia aerea Meridiana \u00e8 Olbia \u2013 Aeroporto Costa Smeralda \u2013 con hubs a Catania, Firenze e Verona. Nel 2007 ha trasportato oltre 4.6 milioni di persone, e tuttora il sito web della compagnia \u00e8 il secondo pi\u00f9 visitato nel mercato italiano e il primo per crescita. <\/p>\n<p><strong>Meridiana S.p.A<\/strong> controlla un Gruppo che vede al suo interno le seguenti partecipazioni: <br \/><strong>Geasar<\/strong> &#8211; Societ\u00e0 di gestione dell\u2019aeroporto Olbia Costa Smeralda &#8211; 79,79%; <br \/><strong>Wokita.com<\/strong> &#8211; tour operator &#8211; 50%; <br \/><strong>Same Italy<\/strong> &#8211; Societ\u00e0 di commercializzazione del network dei voli Meridiana ed Eurofly &#8211; 50%; <br \/><strong>ADF Firenze di Aeroporto<\/strong> &#8211; societ\u00e0 di gestione dell\u2019aeroporto di Firenze &#8211; 15%; <br \/><strong>Eurofly<\/strong> &#8211; Compagnia aerea italiana &#8211; 46,10%.<\/p>\n<p><strong>Eurofly<\/strong> \u00e8 nata diciannove anni fa e da quel lontano 1989 di strada ne ha fatta tanta, apportando numerosi cambiamenti sia per quanto riguarda la gestione dell&#8217;azienda sia per la sua flotta, la cui et\u00e0 media oggi \u00e8 di circa 5 anni, sempre alla ricerca di un prodotto migliore volto a soddisfare il pi\u00f9 possibile le esigenze dei suoi clienti.<\/p>\n<p>Oggi Eurofly \u00e8 il vettore italiano leader nel segmento leisure ed \u00e8 tra i primi 5 vettori (Fonte: Annuario ENAC 2006).<\/p>\n<p>La nostra missione: <strong>essere la compagnia aerea delle vacanze<\/strong>. Vogliamo che Eurofly sia riconosciuta come la compagnia aerea delle vacanze per eccellenza. Vogliamo essere la scelta pi\u00f9 naturale di Tour Operator, Agenzie Viaggi, e Passeggeri.<\/p>\n<p>Desideriamo offrire ai nostri passeggeri la migliore accoglienza possibile mirando, in ogni circostanza, a proporre servizi sempre pi\u00f9 personalizzati, flessibili e in linea con le loro pi\u00f9 diverse esigenze. <\/p>\n<p>Questo grazie ad una flotta di aerei tra le pi\u00f9 giovani in Italia e ad un <strong>sempre miglior rapporto qualit\u00e0-prezzo<\/strong> per i voli diretti verso i luoghi di vacanza senza fastidiosi scali e cambi di aeromobile. Il nostro fine \u00e8 far provare a chi vola con noi, per un breve, medio o lungo tratto, quello che solo una vacanza da sogno \u00e8 in grado di trasmettere pienamente: un sentimento di piacere e di libert\u00e0.<br \/>&nbsp;<\/p>\n","protected":false},"excerpt":{"rendered":"<p>Dal 7 agosto nuovo volo VENEZIA \u2013 CATANIA e viceversa<\/p>\n<p>Dal 7 agosto al 30 settembre collegamenti di venerd\u00ec, sabato e domenica<\/p>\n<p>Dal 1\u00b0 ottobre collegamenti giornalieri<\/p>\n","protected":false},"author":10,"featured_media":0,"comment_status":"open","ping_status":"open","sticky":false,"template":"","format":"standard","meta":{"cybocfi_hide_featured_image":"","footnotes":""},"categories":[295],"tags":[878,5748,5747,1358,508],"class_list":["post-2472","post","type-post","status-publish","format-standard","hentry","category-tempo-libero","tag-catania","tag-eurofly","tag-meridiana","tag-venezia","tag-voli"],"yoast_head":"<!-- This site is optimized with the Yoast SEO plugin v27.0 - https:\/\/yoast.com\/product\/yoast-seo-wordpress\/ -->\n<title>Meridiana-Eurofly: Nuovo volo VENEZIA \u2013 CATANIA e viceversa - Article Marketing<\/title>\n<meta name=\"robots\" content=\"index, follow, max-snippet:-1, max-image-preview:large, max-video-preview:-1\" \/>\n<link rel=\"canonical\" href=\"https:\/\/www.article-marketing.eu\/comunicati\/tempo-libero\/meridiana-eurofly-nuovo-volo-venezia-catania-e-viceversa\/\" \/>\n<meta property=\"og:locale\" content=\"it_IT\" \/>\n<meta property=\"og:type\" content=\"article\" \/>\n<meta property=\"og:title\" content=\"Meridiana-Eurofly: Nuovo volo VENEZIA \u2013 CATANIA e viceversa - Article Marketing\" \/>\n<meta property=\"og:description\" content=\"Dal 7 agosto nuovo volo VENEZIA \u2013 CATANIA e viceversa Dal 7 agosto al 30 settembre collegamenti di venerd\u00ec, sabato e domenica Dal 1\u00b0 ottobre collegamenti giornalieri\" \/>\n<meta property=\"og:url\" content=\"https:\/\/www.article-marketing.eu\/comunicati\/tempo-libero\/meridiana-eurofly-nuovo-volo-venezia-catania-e-viceversa\/\" \/>\n<meta property=\"og:site_name\" content=\"Article Marketing\" \/>\n<meta property=\"article:published_time\" content=\"2009-07-24T08:41:53+00:00\" \/>\n<meta name=\"author\" content=\"Redazione Comunicati Stampa\" \/>\n<meta name=\"twitter:card\" content=\"summary_large_image\" \/>\n<meta name=\"twitter:label1\" content=\"Scritto da\" \/>\n\t<meta name=\"twitter:data1\" content=\"Redazione Comunicati Stampa\" \/>\n\t<meta name=\"twitter:label2\" content=\"Tempo di lettura stimato\" \/>\n\t<meta name=\"twitter:data2\" content=\"2 minuti\" \/>\n<script type=\"application\/ld+json\" class=\"yoast-schema-graph\">{\"@context\":\"https:\/\/schema.org\",\"@graph\":[{\"@type\":\"Article\",\"@id\":\"https:\/\/www.article-marketing.eu\/comunicati\/tempo-libero\/meridiana-eurofly-nuovo-volo-venezia-catania-e-viceversa\/#article\",\"isPartOf\":{\"@id\":\"https:\/\/www.article-marketing.eu\/comunicati\/tempo-libero\/meridiana-eurofly-nuovo-volo-venezia-catania-e-viceversa\/\"},\"author\":{\"name\":\"Redazione Comunicati Stampa\",\"@id\":\"https:\/\/www.article-marketing.eu\/comunicati\/#\/schema\/person\/44372e4d4d0fa797b18e03ed1ace9017\"},\"headline\":\"Meridiana-Eurofly: Nuovo volo VENEZIA \u2013 CATANIA e viceversa\",\"datePublished\":\"2009-07-24T08:41:53+00:00\",\"mainEntityOfPage\":{\"@id\":\"https:\/\/www.article-marketing.eu\/comunicati\/tempo-libero\/meridiana-eurofly-nuovo-volo-venezia-catania-e-viceversa\/\"},\"wordCount\":439,\"commentCount\":0,\"keywords\":[\"catania\",\"eurofly\",\"meridiana\",\"venezia\",\"voli\"],\"articleSection\":[\"Tempo libero\"],\"inLanguage\":\"it-IT\",\"potentialAction\":[{\"@type\":\"CommentAction\",\"name\":\"Comment\",\"target\":[\"https:\/\/www.article-marketing.eu\/comunicati\/tempo-libero\/meridiana-eurofly-nuovo-volo-venezia-catania-e-viceversa\/#respond\"]}]},{\"@type\":\"WebPage\",\"@id\":\"https:\/\/www.article-marketing.eu\/comunicati\/tempo-libero\/meridiana-eurofly-nuovo-volo-venezia-catania-e-viceversa\/\",\"url\":\"https:\/\/www.article-marketing.eu\/comunicati\/tempo-libero\/meridiana-eurofly-nuovo-volo-venezia-catania-e-viceversa\/\",\"name\":\"Meridiana-Eurofly: Nuovo volo VENEZIA \u2013 CATANIA e viceversa - Article Marketing\",\"isPartOf\":{\"@id\":\"https:\/\/www.article-marketing.eu\/comunicati\/#website\"},\"datePublished\":\"2009-07-24T08:41:53+00:00\",\"author\":{\"@id\":\"https:\/\/www.article-marketing.eu\/comunicati\/#\/schema\/person\/44372e4d4d0fa797b18e03ed1ace9017\"},\"breadcrumb\":{\"@id\":\"https:\/\/www.article-marketing.eu\/comunicati\/tempo-libero\/meridiana-eurofly-nuovo-volo-venezia-catania-e-viceversa\/#breadcrumb\"},\"inLanguage\":\"it-IT\",\"potentialAction\":[{\"@type\":\"ReadAction\",\"target\":[\"https:\/\/www.article-marketing.eu\/comunicati\/tempo-libero\/meridiana-eurofly-nuovo-volo-venezia-catania-e-viceversa\/\"]}]},{\"@type\":\"BreadcrumbList\",\"@id\":\"https:\/\/www.article-marketing.eu\/comunicati\/tempo-libero\/meridiana-eurofly-nuovo-volo-venezia-catania-e-viceversa\/#breadcrumb\",\"itemListElement\":[{\"@type\":\"ListItem\",\"position\":1,\"name\":\"Home\",\"item\":\"https:\/\/www.article-marketing.eu\/comunicati\/\"},{\"@type\":\"ListItem\",\"position\":2,\"name\":\"Meridiana-Eurofly: Nuovo volo VENEZIA \u2013 CATANIA e viceversa\"}]},{\"@type\":\"WebSite\",\"@id\":\"https:\/\/www.article-marketing.eu\/comunicati\/#website\",\"url\":\"https:\/\/www.article-marketing.eu\/comunicati\/\",\"name\":\"Article Marketing\",\"description\":\"article marketing &amp; press release\",\"potentialAction\":[{\"@type\":\"SearchAction\",\"target\":{\"@type\":\"EntryPoint\",\"urlTemplate\":\"https:\/\/www.article-marketing.eu\/comunicati\/?s={search_term_string}\"},\"query-input\":{\"@type\":\"PropertyValueSpecification\",\"valueRequired\":true,\"valueName\":\"search_term_string\"}}],\"inLanguage\":\"it-IT\"},{\"@type\":\"Person\",\"@id\":\"https:\/\/www.article-marketing.eu\/comunicati\/#\/schema\/person\/44372e4d4d0fa797b18e03ed1ace9017\",\"name\":\"Redazione Comunicati Stampa\",\"image\":{\"@type\":\"ImageObject\",\"inLanguage\":\"it-IT\",\"@id\":\"https:\/\/www.article-marketing.eu\/comunicati\/#\/schema\/person\/image\/\",\"url\":\"https:\/\/secure.gravatar.com\/avatar\/50e5c6421d3072f42e7ace803501602c60d75233d34e29fd05feb91c8760b792?s=96&d=mm&r=g\",\"contentUrl\":\"https:\/\/secure.gravatar.com\/avatar\/50e5c6421d3072f42e7ace803501602c60d75233d34e29fd05feb91c8760b792?s=96&d=mm&r=g\",\"caption\":\"Redazione Comunicati Stampa\"},\"url\":\"https:\/\/www.article-marketing.eu\/comunicati\/author\/redazione-comunicati-stampa\/\"}]}<\/script>\n<!-- \/ Yoast SEO plugin. -->","yoast_head_json":{"title":"Meridiana-Eurofly: Nuovo volo VENEZIA \u2013 CATANIA e viceversa - Article Marketing","robots":{"index":"index","follow":"follow","max-snippet":"max-snippet:-1","max-image-preview":"max-image-preview:large","max-video-preview":"max-video-preview:-1"},"canonical":"https:\/\/www.article-marketing.eu\/comunicati\/tempo-libero\/meridiana-eurofly-nuovo-volo-venezia-catania-e-viceversa\/","og_locale":"it_IT","og_type":"article","og_title":"Meridiana-Eurofly: Nuovo volo VENEZIA \u2013 CATANIA e viceversa - Article Marketing","og_description":"Dal 7 agosto nuovo volo VENEZIA \u2013 CATANIA e viceversa Dal 7 agosto al 30 settembre collegamenti di venerd\u00ec, sabato e domenica Dal 1\u00b0 ottobre collegamenti giornalieri","og_url":"https:\/\/www.article-marketing.eu\/comunicati\/tempo-libero\/meridiana-eurofly-nuovo-volo-venezia-catania-e-viceversa\/","og_site_name":"Article Marketing","article_published_time":"2009-07-24T08:41:53+00:00","author":"Redazione Comunicati Stampa","twitter_card":"summary_large_image","twitter_misc":{"Scritto da":"Redazione Comunicati Stampa","Tempo di lettura stimato":"2 minuti"},"schema":{"@context":"https:\/\/schema.org","@graph":[{"@type":"Article","@id":"https:\/\/www.article-marketing.eu\/comunicati\/tempo-libero\/meridiana-eurofly-nuovo-volo-venezia-catania-e-viceversa\/#article","isPartOf":{"@id":"https:\/\/www.article-marketing.eu\/comunicati\/tempo-libero\/meridiana-eurofly-nuovo-volo-venezia-catania-e-viceversa\/"},"author":{"name":"Redazione Comunicati Stampa","@id":"https:\/\/www.article-marketing.eu\/comunicati\/#\/schema\/person\/44372e4d4d0fa797b18e03ed1ace9017"},"headline":"Meridiana-Eurofly: Nuovo volo VENEZIA \u2013 CATANIA e viceversa","datePublished":"2009-07-24T08:41:53+00:00","mainEntityOfPage":{"@id":"https:\/\/www.article-marketing.eu\/comunicati\/tempo-libero\/meridiana-eurofly-nuovo-volo-venezia-catania-e-viceversa\/"},"wordCount":439,"commentCount":0,"keywords":["catania","eurofly","meridiana","venezia","voli"],"articleSection":["Tempo libero"],"inLanguage":"it-IT","potentialAction":[{"@type":"CommentAction","name":"Comment","target":["https:\/\/www.article-marketing.eu\/comunicati\/tempo-libero\/meridiana-eurofly-nuovo-volo-venezia-catania-e-viceversa\/#respond"]}]},{"@type":"WebPage","@id":"https:\/\/www.article-marketing.eu\/comunicati\/tempo-libero\/meridiana-eurofly-nuovo-volo-venezia-catania-e-viceversa\/","url":"https:\/\/www.article-marketing.eu\/comunicati\/tempo-libero\/meridiana-eurofly-nuovo-volo-venezia-catania-e-viceversa\/","name":"Meridiana-Eurofly: Nuovo volo VENEZIA \u2013 CATANIA e viceversa - Article Marketing","isPartOf":{"@id":"https:\/\/www.article-marketing.eu\/comunicati\/#website"},"datePublished":"2009-07-24T08:41:53+00:00","author":{"@id":"https:\/\/www.article-marketing.eu\/comunicati\/#\/schema\/person\/44372e4d4d0fa797b18e03ed1ace9017"},"breadcrumb":{"@id":"https:\/\/www.article-marketing.eu\/comunicati\/tempo-libero\/meridiana-eurofly-nuovo-volo-venezia-catania-e-viceversa\/#breadcrumb"},"inLanguage":"it-IT","potentialAction":[{"@type":"ReadAction","target":["https:\/\/www.article-marketing.eu\/comunicati\/tempo-libero\/meridiana-eurofly-nuovo-volo-venezia-catania-e-viceversa\/"]}]},{"@type":"BreadcrumbList","@id":"https:\/\/www.article-marketing.eu\/comunicati\/tempo-libero\/meridiana-eurofly-nuovo-volo-venezia-catania-e-viceversa\/#breadcrumb","itemListElement":[{"@type":"ListItem","position":1,"name":"Home","item":"https:\/\/www.article-marketing.eu\/comunicati\/"},{"@type":"ListItem","position":2,"name":"Meridiana-Eurofly: Nuovo volo VENEZIA \u2013 CATANIA e viceversa"}]},{"@type":"WebSite","@id":"https:\/\/www.article-marketing.eu\/comunicati\/#website","url":"https:\/\/www.article-marketing.eu\/comunicati\/","name":"Article Marketing","description":"article marketing &amp; press release","potentialAction":[{"@type":"SearchAction","target":{"@type":"EntryPoint","urlTemplate":"https:\/\/www.article-marketing.eu\/comunicati\/?s={search_term_string}"},"query-input":{"@type":"PropertyValueSpecification","valueRequired":true,"valueName":"search_term_string"}}],"inLanguage":"it-IT"},{"@type":"Person","@id":"https:\/\/www.article-marketing.eu\/comunicati\/#\/schema\/person\/44372e4d4d0fa797b18e03ed1ace9017","name":"Redazione Comunicati Stampa","image":{"@type":"ImageObject","inLanguage":"it-IT","@id":"https:\/\/www.article-marketing.eu\/comunicati\/#\/schema\/person\/image\/","url":"https:\/\/secure.gravatar.com\/avatar\/50e5c6421d3072f42e7ace803501602c60d75233d34e29fd05feb91c8760b792?s=96&d=mm&r=g","contentUrl":"https:\/\/secure.gravatar.com\/avatar\/50e5c6421d3072f42e7ace803501602c60d75233d34e29fd05feb91c8760b792?s=96&d=mm&r=g","caption":"Redazione Comunicati Stampa"},"url":"https:\/\/www.article-marketing.eu\/comunicati\/author\/redazione-comunicati-stampa\/"}]}},"_links":{"self":[{"href":"https:\/\/www.article-marketing.eu\/comunicati\/wp-json\/wp\/v2\/posts\/2472","targetHints":{"allow":["GET"]}}],"collection":[{"href":"https:\/\/www.article-marketing.eu\/comunicati\/wp-json\/wp\/v2\/posts"}],"about":[{"href":"https:\/\/www.article-marketing.eu\/comunicati\/wp-json\/wp\/v2\/types\/post"}],"author":[{"embeddable":true,"href":"https:\/\/www.article-marketing.eu\/comunicati\/wp-json\/wp\/v2\/users\/10"}],"replies":[{"embeddable":true,"href":"https:\/\/www.article-marketing.eu\/comunicati\/wp-json\/wp\/v2\/comments?post=2472"}],"version-history":[{"count":0,"href":"https:\/\/www.article-marketing.eu\/comunicati\/wp-json\/wp\/v2\/posts\/2472\/revisions"}],"wp:attachment":[{"href":"https:\/\/www.article-marketing.eu\/comunicati\/wp-json\/wp\/v2\/media?parent=2472"}],"wp:term":[{"taxonomy":"category","embeddable":true,"href":"https:\/\/www.article-marketing.eu\/comunicati\/wp-json\/wp\/v2\/categories?post=2472"},{"taxonomy":"post_tag","embeddable":true,"href":"https:\/\/www.article-marketing.eu\/comunicati\/wp-json\/wp\/v2\/tags?post=2472"}],"curies":[{"name":"wp","href":"https:\/\/api.w.org\/{rel}","templated":true}]}}