{"id":2481,"date":"2009-07-25T10:03:18","date_gmt":"2009-07-25T08:03:18","guid":{"rendered":"http:\/\/www.article-marketing.eu\/comunicati\/senza-categoria\/vacanze-marche-in-agriturismo-e-b-and-b\/"},"modified":"2009-07-25T10:03:18","modified_gmt":"2009-07-25T08:03:18","slug":"vacanze-marche-in-agriturismo-e-b-and-b","status":"publish","type":"post","link":"https:\/\/www.article-marketing.eu\/comunicati\/viaggi-e-vacanze\/destinazioni\/vacanze-marche-in-agriturismo-e-b-and-b\/","title":{"rendered":"vacanze marche in agriturismo e b&#038;b"},"content":{"rendered":"<p>C\u00e8 un nuovo portale,turismosi, che racchiude al suo interno diverse tipologie di strutture ricettive, per garantirvi un buon soggiorno nelle Marche. <a title=\"vacanze marche\" href=\"http:\/\/www.turismosi.it\/\">Vacanze marche<\/a>&nbsp;; una nuova destinazione dove il turismo non \u00e8 ancora di massa e si possono scoprire luoghi fantastici.Mare,monti,colline, citt\u00e0 d&#8217;arte Vi aspettano. Inoltre l&#8217;estate nelle Marche \u00e8 arricchita da tante manifestazioni; da Macerata Opera, a Montelago Celtic Festival,alla Biennale dell&#8217;umorismo nell&#8217;arte e tanti altri appuntamenti.Potete visitare numerosi borghi insigniti della Bandiera Arancione come Urbisaglia,Visso,San Ginesio,Sarnano,Corinaldo,Genga,Ripatransone,Monterubbiano,Montelupone,Acquaviva Picena,Gradara,e altri. Borghi ottimamente conservati dove il tempo scorre lento e armonioso. Potete fare avventurose escursioni sui Monti Sibillini, o rilassanti camminate all&#8217;Abbadia di Fiastra un&#8217;oasi protetta, oppure cullarvi al sole nelle numerose spiagge della riviera. Anche lo shopping puo&#8217; essere un&#8217;ottima attrattiva; numerosi spacci aziendali vi attendono. Scarpe,borse,abbiglaimento Vi attendono. Le Marche si stanno facendo conoscere solo ora, ed \u00e8 per questo che cerchiamo di dare informazioni il pi\u00f9 precise possibili, e poi una volta che sono state scoperta tutti vogliono ritornare volentieri, perch\u00e8 qui si vive bene.Non a caso viene chiamata la terra delle armonie&#8230;&#8230;&#8230;&#8230;&#8230;&#8230;a Voi il piacere della scoperta.L&#8217;offerta delle strutture ricettive \u00e8 ampia; si va dall&#8217;hotel.all&#8217;agriturismo,al bed and braekfast,passando per le case vacanze. Per tutte le tasche e i prezzi sono molto contenuti. Potete trovare agrituri con piscina,maneggio,oppure strutture dove recarVi con i vostri amici a quattro zampe in quanto sono ben accetti. Macerata,Tolentino,Ascoli Piceno,Fermo,Gualdo,Treia ,Muccia,Matelica,Civitanova Marche,Montemonaco,Sarnano&#8230;&#8230;&#8230;.queste sono solo alcune delle localit\u00e0 dove sono presenti le strutture offerte.Cos\u00ec turismosi.it vuole essere una vetrina dove poter esporre la propria attivit\u00e0 per potersi far conoscere. Ogni struttura ha una scheda dove evngono riepilogati tutti i dati; foto,prezzi,come arrivare e altro,e il numero diretto della struttura stessa,cos\u00ec che la prenotazione avviene senza intermediari.Numerose sono le strutture che hanno aderito e che sttannoa derendo ora. Tutto questo per offrire all&#8217;ospite di trovare un buon livello di ospitalit\u00e0, con proposte aggiornate e corrispondenti al vero. Una panoramica su cio&#8217; che le Marche possono offrire.Dagli agriturismi economici,ai bed and breakfast di lusso,a hotel in centro citt\u00e0,a case vacanza in posizioni ottimali.Insomma a Voi il piacere della scelta!Se non avete deciso ancora la vostra vacanza per questa estate siete ancora in tempo,qualche posto in queste strutture riuscite a trovarlo, magari a prezzi vantaggiosi con qualche last minute!<\/p>\n<p>Vi a spettiamo nelle Marche, l&#8217;Italia in una regione!!!!<\/p>\n<p>&nbsp;&nbsp;&nbsp;&nbsp;&nbsp;&nbsp;&nbsp;&nbsp;&nbsp;&nbsp;&nbsp;&nbsp;&nbsp;&nbsp;&nbsp;&nbsp;&nbsp;&nbsp; Los taffi di turismosi<\/p>\n","protected":false},"excerpt":{"rendered":"<p>strutture ricettive per soggiorni e vacanze nelle Marche a buon prezzo<\/p>\n","protected":false},"author":10,"featured_media":0,"comment_status":"open","ping_status":"open","sticky":false,"template":"","format":"standard","meta":{"cybocfi_hide_featured_image":"","footnotes":""},"categories":[143],"tags":[8050,8110],"class_list":["post-2481","post","type-post","status-publish","format-standard","hentry","category-destinazioni","tag-agriturismo-marche","tag-vacanze-marche"],"yoast_head":"<!-- This site is optimized with the Yoast SEO plugin v27.0 - https:\/\/yoast.com\/product\/yoast-seo-wordpress\/ -->\n<title>vacanze marche in agriturismo e b&amp;b - Article Marketing<\/title>\n<meta name=\"robots\" content=\"index, follow, max-snippet:-1, max-image-preview:large, max-video-preview:-1\" \/>\n<link rel=\"canonical\" href=\"https:\/\/www.article-marketing.eu\/comunicati\/viaggi-e-vacanze\/destinazioni\/vacanze-marche-in-agriturismo-e-b-and-b\/\" \/>\n<meta property=\"og:locale\" content=\"it_IT\" \/>\n<meta property=\"og:type\" content=\"article\" \/>\n<meta property=\"og:title\" content=\"vacanze marche in agriturismo e b&amp;b - Article Marketing\" \/>\n<meta property=\"og:description\" content=\"strutture ricettive per soggiorni e vacanze nelle Marche a buon prezzo\" \/>\n<meta property=\"og:url\" content=\"https:\/\/www.article-marketing.eu\/comunicati\/viaggi-e-vacanze\/destinazioni\/vacanze-marche-in-agriturismo-e-b-and-b\/\" \/>\n<meta property=\"og:site_name\" content=\"Article Marketing\" \/>\n<meta property=\"article:published_time\" content=\"2009-07-25T08:03:18+00:00\" \/>\n<meta name=\"author\" content=\"Redazione Comunicati Stampa\" \/>\n<meta name=\"twitter:card\" content=\"summary_large_image\" \/>\n<meta name=\"twitter:label1\" content=\"Scritto da\" \/>\n\t<meta name=\"twitter:data1\" content=\"Redazione Comunicati Stampa\" \/>\n\t<meta name=\"twitter:label2\" content=\"Tempo di lettura stimato\" \/>\n\t<meta name=\"twitter:data2\" content=\"2 minuti\" \/>\n<script type=\"application\/ld+json\" class=\"yoast-schema-graph\">{\"@context\":\"https:\/\/schema.org\",\"@graph\":[{\"@type\":\"Article\",\"@id\":\"https:\/\/www.article-marketing.eu\/comunicati\/viaggi-e-vacanze\/destinazioni\/vacanze-marche-in-agriturismo-e-b-and-b\/#article\",\"isPartOf\":{\"@id\":\"https:\/\/www.article-marketing.eu\/comunicati\/viaggi-e-vacanze\/destinazioni\/vacanze-marche-in-agriturismo-e-b-and-b\/\"},\"author\":{\"name\":\"Redazione Comunicati Stampa\",\"@id\":\"https:\/\/www.article-marketing.eu\/comunicati\/#\/schema\/person\/44372e4d4d0fa797b18e03ed1ace9017\"},\"headline\":\"vacanze marche in agriturismo e b&#038;b\",\"datePublished\":\"2009-07-25T08:03:18+00:00\",\"mainEntityOfPage\":{\"@id\":\"https:\/\/www.article-marketing.eu\/comunicati\/viaggi-e-vacanze\/destinazioni\/vacanze-marche-in-agriturismo-e-b-and-b\/\"},\"wordCount\":457,\"commentCount\":0,\"keywords\":[\"agriturismo Marche\",\"vacanze marche\"],\"articleSection\":[\"Destinazioni\"],\"inLanguage\":\"it-IT\",\"potentialAction\":[{\"@type\":\"CommentAction\",\"name\":\"Comment\",\"target\":[\"https:\/\/www.article-marketing.eu\/comunicati\/viaggi-e-vacanze\/destinazioni\/vacanze-marche-in-agriturismo-e-b-and-b\/#respond\"]}]},{\"@type\":\"WebPage\",\"@id\":\"https:\/\/www.article-marketing.eu\/comunicati\/viaggi-e-vacanze\/destinazioni\/vacanze-marche-in-agriturismo-e-b-and-b\/\",\"url\":\"https:\/\/www.article-marketing.eu\/comunicati\/viaggi-e-vacanze\/destinazioni\/vacanze-marche-in-agriturismo-e-b-and-b\/\",\"name\":\"vacanze marche in agriturismo e b&b - Article Marketing\",\"isPartOf\":{\"@id\":\"https:\/\/www.article-marketing.eu\/comunicati\/#website\"},\"datePublished\":\"2009-07-25T08:03:18+00:00\",\"author\":{\"@id\":\"https:\/\/www.article-marketing.eu\/comunicati\/#\/schema\/person\/44372e4d4d0fa797b18e03ed1ace9017\"},\"breadcrumb\":{\"@id\":\"https:\/\/www.article-marketing.eu\/comunicati\/viaggi-e-vacanze\/destinazioni\/vacanze-marche-in-agriturismo-e-b-and-b\/#breadcrumb\"},\"inLanguage\":\"it-IT\",\"potentialAction\":[{\"@type\":\"ReadAction\",\"target\":[\"https:\/\/www.article-marketing.eu\/comunicati\/viaggi-e-vacanze\/destinazioni\/vacanze-marche-in-agriturismo-e-b-and-b\/\"]}]},{\"@type\":\"BreadcrumbList\",\"@id\":\"https:\/\/www.article-marketing.eu\/comunicati\/viaggi-e-vacanze\/destinazioni\/vacanze-marche-in-agriturismo-e-b-and-b\/#breadcrumb\",\"itemListElement\":[{\"@type\":\"ListItem\",\"position\":1,\"name\":\"Home\",\"item\":\"https:\/\/www.article-marketing.eu\/comunicati\/\"},{\"@type\":\"ListItem\",\"position\":2,\"name\":\"vacanze marche in agriturismo e b&#038;b\"}]},{\"@type\":\"WebSite\",\"@id\":\"https:\/\/www.article-marketing.eu\/comunicati\/#website\",\"url\":\"https:\/\/www.article-marketing.eu\/comunicati\/\",\"name\":\"Article Marketing\",\"description\":\"article marketing &amp; press release\",\"potentialAction\":[{\"@type\":\"SearchAction\",\"target\":{\"@type\":\"EntryPoint\",\"urlTemplate\":\"https:\/\/www.article-marketing.eu\/comunicati\/?s={search_term_string}\"},\"query-input\":{\"@type\":\"PropertyValueSpecification\",\"valueRequired\":true,\"valueName\":\"search_term_string\"}}],\"inLanguage\":\"it-IT\"},{\"@type\":\"Person\",\"@id\":\"https:\/\/www.article-marketing.eu\/comunicati\/#\/schema\/person\/44372e4d4d0fa797b18e03ed1ace9017\",\"name\":\"Redazione Comunicati Stampa\",\"image\":{\"@type\":\"ImageObject\",\"inLanguage\":\"it-IT\",\"@id\":\"https:\/\/www.article-marketing.eu\/comunicati\/#\/schema\/person\/image\/\",\"url\":\"https:\/\/secure.gravatar.com\/avatar\/50e5c6421d3072f42e7ace803501602c60d75233d34e29fd05feb91c8760b792?s=96&d=mm&r=g\",\"contentUrl\":\"https:\/\/secure.gravatar.com\/avatar\/50e5c6421d3072f42e7ace803501602c60d75233d34e29fd05feb91c8760b792?s=96&d=mm&r=g\",\"caption\":\"Redazione Comunicati Stampa\"},\"url\":\"https:\/\/www.article-marketing.eu\/comunicati\/author\/redazione-comunicati-stampa\/\"}]}<\/script>\n<!-- \/ Yoast SEO plugin. -->","yoast_head_json":{"title":"vacanze marche in agriturismo e b&b - Article Marketing","robots":{"index":"index","follow":"follow","max-snippet":"max-snippet:-1","max-image-preview":"max-image-preview:large","max-video-preview":"max-video-preview:-1"},"canonical":"https:\/\/www.article-marketing.eu\/comunicati\/viaggi-e-vacanze\/destinazioni\/vacanze-marche-in-agriturismo-e-b-and-b\/","og_locale":"it_IT","og_type":"article","og_title":"vacanze marche in agriturismo e b&b - Article Marketing","og_description":"strutture ricettive per soggiorni e vacanze nelle Marche a buon prezzo","og_url":"https:\/\/www.article-marketing.eu\/comunicati\/viaggi-e-vacanze\/destinazioni\/vacanze-marche-in-agriturismo-e-b-and-b\/","og_site_name":"Article Marketing","article_published_time":"2009-07-25T08:03:18+00:00","author":"Redazione Comunicati Stampa","twitter_card":"summary_large_image","twitter_misc":{"Scritto da":"Redazione Comunicati Stampa","Tempo di lettura stimato":"2 minuti"},"schema":{"@context":"https:\/\/schema.org","@graph":[{"@type":"Article","@id":"https:\/\/www.article-marketing.eu\/comunicati\/viaggi-e-vacanze\/destinazioni\/vacanze-marche-in-agriturismo-e-b-and-b\/#article","isPartOf":{"@id":"https:\/\/www.article-marketing.eu\/comunicati\/viaggi-e-vacanze\/destinazioni\/vacanze-marche-in-agriturismo-e-b-and-b\/"},"author":{"name":"Redazione Comunicati Stampa","@id":"https:\/\/www.article-marketing.eu\/comunicati\/#\/schema\/person\/44372e4d4d0fa797b18e03ed1ace9017"},"headline":"vacanze marche in agriturismo e b&#038;b","datePublished":"2009-07-25T08:03:18+00:00","mainEntityOfPage":{"@id":"https:\/\/www.article-marketing.eu\/comunicati\/viaggi-e-vacanze\/destinazioni\/vacanze-marche-in-agriturismo-e-b-and-b\/"},"wordCount":457,"commentCount":0,"keywords":["agriturismo Marche","vacanze marche"],"articleSection":["Destinazioni"],"inLanguage":"it-IT","potentialAction":[{"@type":"CommentAction","name":"Comment","target":["https:\/\/www.article-marketing.eu\/comunicati\/viaggi-e-vacanze\/destinazioni\/vacanze-marche-in-agriturismo-e-b-and-b\/#respond"]}]},{"@type":"WebPage","@id":"https:\/\/www.article-marketing.eu\/comunicati\/viaggi-e-vacanze\/destinazioni\/vacanze-marche-in-agriturismo-e-b-and-b\/","url":"https:\/\/www.article-marketing.eu\/comunicati\/viaggi-e-vacanze\/destinazioni\/vacanze-marche-in-agriturismo-e-b-and-b\/","name":"vacanze marche in agriturismo e b&b - Article Marketing","isPartOf":{"@id":"https:\/\/www.article-marketing.eu\/comunicati\/#website"},"datePublished":"2009-07-25T08:03:18+00:00","author":{"@id":"https:\/\/www.article-marketing.eu\/comunicati\/#\/schema\/person\/44372e4d4d0fa797b18e03ed1ace9017"},"breadcrumb":{"@id":"https:\/\/www.article-marketing.eu\/comunicati\/viaggi-e-vacanze\/destinazioni\/vacanze-marche-in-agriturismo-e-b-and-b\/#breadcrumb"},"inLanguage":"it-IT","potentialAction":[{"@type":"ReadAction","target":["https:\/\/www.article-marketing.eu\/comunicati\/viaggi-e-vacanze\/destinazioni\/vacanze-marche-in-agriturismo-e-b-and-b\/"]}]},{"@type":"BreadcrumbList","@id":"https:\/\/www.article-marketing.eu\/comunicati\/viaggi-e-vacanze\/destinazioni\/vacanze-marche-in-agriturismo-e-b-and-b\/#breadcrumb","itemListElement":[{"@type":"ListItem","position":1,"name":"Home","item":"https:\/\/www.article-marketing.eu\/comunicati\/"},{"@type":"ListItem","position":2,"name":"vacanze marche in agriturismo e b&#038;b"}]},{"@type":"WebSite","@id":"https:\/\/www.article-marketing.eu\/comunicati\/#website","url":"https:\/\/www.article-marketing.eu\/comunicati\/","name":"Article Marketing","description":"article marketing &amp; press release","potentialAction":[{"@type":"SearchAction","target":{"@type":"EntryPoint","urlTemplate":"https:\/\/www.article-marketing.eu\/comunicati\/?s={search_term_string}"},"query-input":{"@type":"PropertyValueSpecification","valueRequired":true,"valueName":"search_term_string"}}],"inLanguage":"it-IT"},{"@type":"Person","@id":"https:\/\/www.article-marketing.eu\/comunicati\/#\/schema\/person\/44372e4d4d0fa797b18e03ed1ace9017","name":"Redazione Comunicati Stampa","image":{"@type":"ImageObject","inLanguage":"it-IT","@id":"https:\/\/www.article-marketing.eu\/comunicati\/#\/schema\/person\/image\/","url":"https:\/\/secure.gravatar.com\/avatar\/50e5c6421d3072f42e7ace803501602c60d75233d34e29fd05feb91c8760b792?s=96&d=mm&r=g","contentUrl":"https:\/\/secure.gravatar.com\/avatar\/50e5c6421d3072f42e7ace803501602c60d75233d34e29fd05feb91c8760b792?s=96&d=mm&r=g","caption":"Redazione Comunicati Stampa"},"url":"https:\/\/www.article-marketing.eu\/comunicati\/author\/redazione-comunicati-stampa\/"}]}},"_links":{"self":[{"href":"https:\/\/www.article-marketing.eu\/comunicati\/wp-json\/wp\/v2\/posts\/2481","targetHints":{"allow":["GET"]}}],"collection":[{"href":"https:\/\/www.article-marketing.eu\/comunicati\/wp-json\/wp\/v2\/posts"}],"about":[{"href":"https:\/\/www.article-marketing.eu\/comunicati\/wp-json\/wp\/v2\/types\/post"}],"author":[{"embeddable":true,"href":"https:\/\/www.article-marketing.eu\/comunicati\/wp-json\/wp\/v2\/users\/10"}],"replies":[{"embeddable":true,"href":"https:\/\/www.article-marketing.eu\/comunicati\/wp-json\/wp\/v2\/comments?post=2481"}],"version-history":[{"count":0,"href":"https:\/\/www.article-marketing.eu\/comunicati\/wp-json\/wp\/v2\/posts\/2481\/revisions"}],"wp:attachment":[{"href":"https:\/\/www.article-marketing.eu\/comunicati\/wp-json\/wp\/v2\/media?parent=2481"}],"wp:term":[{"taxonomy":"category","embeddable":true,"href":"https:\/\/www.article-marketing.eu\/comunicati\/wp-json\/wp\/v2\/categories?post=2481"},{"taxonomy":"post_tag","embeddable":true,"href":"https:\/\/www.article-marketing.eu\/comunicati\/wp-json\/wp\/v2\/tags?post=2481"}],"curies":[{"name":"wp","href":"https:\/\/api.w.org\/{rel}","templated":true}]}}