{"id":24821,"date":"2012-03-19T08:49:09","date_gmt":"2012-03-19T07:49:09","guid":{"rendered":"http:\/\/www.article-marketing.eu\/comunicati\/senza-categoria\/calliope-la-musa-ispiratrice-nellera-della-pop-music_1\/"},"modified":"2012-03-19T08:49:09","modified_gmt":"2012-03-19T07:49:09","slug":"calliope-la-musa-ispiratrice-nellera-della-pop-music_1","status":"publish","type":"post","link":"https:\/\/www.article-marketing.eu\/comunicati\/arte-e-cultura\/musica\/calliope-la-musa-ispiratrice-nellera-della-pop-music_1\/","title":{"rendered":"Calliope, la musa ispiratrice nell&#8217;era della pop music"},"content":{"rendered":"<p><em style=\"border-image: initial; outline-width: 0px; outline-style: initial; outline-color: initial; background-image: initial; background-attachment: initial; background-origin: initial; background-clip: initial; background-color: transparent; font-family: Soho, Verdana, Arial, Helvetica; clear: none !important; padding: 0px; margin: 0px; border: 0px initial initial;\">&ldquo;<em style=\"border-image: initial; outline-width: 0px; outline-style: initial; outline-color: initial; background-image: initial; background-attachment: initial; background-origin: initial; background-clip: initial; background-color: transparent; clear: none !important; padding: 0px; margin: 0px; border: 0px initial initial;\">Cantami<\/em><\/em><em style=\"border-image: initial; outline-width: 0px; outline-style: initial; outline-color: initial; background-image: initial; background-attachment: initial; background-origin: initial; background-clip: initial; background-color: transparent; clear: none !important; padding: 0px; margin: 0px; border: 0px initial initial;\">, <\/em><em style=\"border-image: initial; outline-width: 0px; outline-style: initial; outline-color: initial; background-image: initial; background-attachment: initial; background-origin: initial; background-clip: initial; background-color: transparent; font-family: Soho, Verdana, Arial, Helvetica; clear: none !important; padding: 0px; margin: 0px; border: 0px initial initial;\"><em style=\"border-image: initial; outline-width: 0px; outline-style: initial; outline-color: initial; background-image: initial; background-attachment: initial; background-origin: initial; background-clip: initial; background-color: transparent; clear: none !important; padding: 0px; margin: 0px; border: 0px initial initial;\">o Diva<\/em><\/em><em style=\"border-image: initial; outline-width: 0px; outline-style: initial; outline-color: initial; background-image: initial; background-attachment: initial; background-origin: initial; background-clip: initial; background-color: transparent; clear: none !important; padding: 0px; margin: 0px; border: 0px initial initial;\">, <\/em><em style=\"border-image: initial; outline-width: 0px; outline-style: initial; outline-color: initial; background-image: initial; background-attachment: initial; background-origin: initial; background-clip: initial; background-color: transparent; font-family: Soho, Verdana, Arial, Helvetica; clear: none !important; padding: 0px; margin: 0px; border: 0px initial initial;\"><em style=\"border-image: initial; outline-width: 0px; outline-style: initial; outline-color: initial; background-image: initial; background-attachment: initial; background-origin: initial; background-clip: initial; background-color: transparent; clear: none !important; padding: 0px; margin: 0px; border: 0px initial initial;\">del Pel&igrave;de Achille&#8230;<\/em><\/em><em style=\"border-image: initial; outline-width: 0px; outline-style: initial; outline-color: initial; background-image: initial; background-attachment: initial; background-origin: initial; background-clip: initial; background-color: transparent; clear: none !important; padding: 0px; margin: 0px; border: 0px initial initial;\">&rdquo;<\/em>. <img decoding=\"async\" src=\"http:\/\/www.calliopepoetryseries.com\/attachments\/Image\/Calliope_by_Marcello_Bacciarelli.jpg\" border=\"0\" width=\"250\" \/>Le abbiamo imparate a memoria un po&#8217; tutti, le parole con cui<strong style=\"border-image: initial; outline-width: 0px; outline-style: initial; outline-color: initial; background-image: initial; background-attachment: initial; background-origin: initial; background-clip: initial; background-color: transparent; font-family: Soho, Verdana, Arial, Helvetica; clear: none !important; padding: 0px; margin: 0px; border: 0px initial initial;\">Omero<\/strong> inizia la sua Iliade. Un proemio che, per costrutto classico, parte dall&#8217;invocazione della Musa ispiratrice, <strong style=\"border-image: initial; outline-width: 0px; outline-style: initial; outline-color: initial; background-image: initial; background-attachment: initial; background-origin: initial; background-clip: initial; background-color: transparent; font-family: Soho, Verdana, Arial, Helvetica; clear: none !important; padding: 0px; margin: 0px; border: 0px initial initial;\">Calliope<\/strong>.<em style=\"border-image: initial; outline-width: 0px; outline-style: initial; outline-color: initial; background-image: initial; background-attachment: initial; background-origin: initial; background-clip: initial; background-color: transparent; font-family: Soho, Verdana, Arial, Helvetica; clear: none !important; padding: 0px; margin: 0px; border: 0px initial initial;\">Dalla bella voce<\/em>, questo il significato del suo nome, &egrave; colei che canta al poeta e lo ispira nella realizzazione della sua opera. E non &egrave; un caso che essa si esprima in forma di musica. Il canto ha quell&#8217;espressivit&agrave; melodica, in grado di restituire armonia al caos del mondo. Allo stesso modo, l&#8217;atto diviene creativo, nel momento in cui guada il caos, e approda all&#8217;altro argine del fiume, quello nel quale trova struttura il proprio vissuto. Un processo di conoscenza e ricordo, che si connette alla matrice generativa delle muse. Figlie di Zeus, creatore di ogni cosa, e di Mnemosine, personificazione della memoria, esse sono frutto della conoscenza e risultato del ricordo. Ed &egrave; da questi due appaiati processi che si genera l&#8217;opera d&#8217;arte: una ricostruzione dell&#8217;esperienza fatta del mondo, operata attraverso il lume della conoscenza. <br style=\"clear: none !important; font-family: Soho, Verdana, Arial, Helvetica;\" \/> Ma se la musa reca ispirazione attraverso la musica, possiamo dire che i due fattori, musica e ispirazione, siano due volti della stessa medaglia, e che dunque la musa sia esattamente &ldquo;illuminazione armonica&rdquo;? <em style=\"border-image: initial; outline-width: 0px; outline-style: initial; outline-color: initial; background-image: initial; background-attachment: initial; background-origin: initial; background-clip: initial; background-color: transparent; font-family: Soho, Verdana, Arial, Helvetica; clear: none !important; padding: 0px; margin: 0px; border: 0px initial initial;\"><br style=\"clear: none !important;\" \/>&ldquo;<\/em><em style=\"border-image: initial; outline-width: 0px; outline-style: initial; outline-color: initial; background-image: initial; background-attachment: initial; background-origin: initial; background-clip: initial; background-color: transparent; font-family: Soho, Verdana, Arial, Helvetica; clear: none !important; padding: 0px; margin: 0px; border: 0px initial initial;\">E d&#8217;un tratto capii che il pensare &egrave; per gli stupidi, mentre i cervelluti si affidano all&#8217;<strong style=\"border-image: initial; outline-width: 0px; outline-style: initial; outline-color: initial; background-image: initial; background-attachment: initial; background-origin: initial; background-clip: initial; background-color: transparent; clear: none !important; padding: 0px; margin: 0px; border: 0px initial initial;\">ispirazione<\/strong>&rdquo;<\/em>, sosteneva Alex in <strong style=\"border-image: initial; outline-width: 0px; outline-style: initial; outline-color: initial; background-image: initial; background-attachment: initial; background-origin: initial; background-clip: initial; background-color: transparent; clear: none !important; padding: 0px; margin: 0px; border: 0px initial initial;\">Arancia Meccanica<\/strong>, illuminato cos&igrave; dalla musica di Beethoven. La musica come aiuto, risoluzione del caos, ispirazione del costitutivo di mondo che &egrave; l&#8217;opera d&#8217;arte. Ma facciamo un passo indietro. Perch&eacute; il genio creativo dovrebbe giungere solo attraverso l&#8217;armonia musicale? Perch&eacute; &egrave; irresistibile. Non vi convince? Prendiamo il mito di Orfeo. Disperato per la morte della moglie, Euridice, <strong style=\"border-image: initial; outline-width: 0px; outline-style: initial; outline-color: initial; background-image: initial; background-attachment: initial; background-origin: initial; background-clip: initial; background-color: transparent; clear: none !important; padding: 0px; margin: 0px; border: 0px initial initial;\">Orfeo<\/strong> canta canzoni struggenti ad Ade per convincerlo a restituirgli l&#8217;amata. Ade, toccato dall&#8217;intensit&agrave; di quei suoni, acconsente, a patto che Orfeo cammini davanti a lei e non si volti a guardarla finch&eacute; non fossero alla luce del sole. Ma Orfeo non ci riesce, si volta e vede l&#8217;anima di Euridice sprofondare nell&#8217;Ade. A prescindere dalla tragica fine,<strong style=\"border-image: initial; outline-width: 0px; outline-style: initial; outline-color: initial; background-image: initial; background-attachment: initial; background-origin: initial; background-clip: initial; background-color: transparent; clear: none !important; padding: 0px; margin: 0px; border: 0px initial initial;\">Marcuse<\/strong> nel suo &ldquo;Eros e civilt&agrave;&rdquo; coglie un aspetto a noi funzionale. Riferendosi a Orfeo, lo definisce come &ldquo;<em style=\"border-image: initial; outline-width: 0px; outline-style: initial; outline-color: initial; background-image: initial; background-attachment: initial; background-origin: initial; background-clip: initial; background-color: transparent; font-family: Soho, Verdana, Arial, Helvetica; clear: none !important; padding: 0px; margin: 0px; border: 0px initial initial;\">la voce che non comanda ma canta&rdquo;<\/em>, intuendo cos&igrave; un potere pi&ugrave; alto che non si avvale di alcuna repressione o violenza per esprimersi. La musa reca quindi l&#8217;ispirazione attraverso il canto, proprio perch&eacute; la musica possiede quella capacit&agrave; di &ldquo;ordinare&rdquo; senza comandare, di giungere irresistibilmente al quid senza possibilit&agrave; di sottrazione. <br style=\"clear: none !important; font-family: Soho, Verdana, Arial, Helvetica;\" \/> Ma, nell&#8217;era della riproducibilit&agrave; tecnica definita da Benjamin, esiste ancora la musa ispiratrice?<img decoding=\"async\" src=\"http:\/\/www.repubblica.it\/2007\/09\/sezioni\/spettacoli_e_cultura\/kubrick-clockwork\/kubrick-clockwork\/stor_9392462_42050.jpg\" border=\"0\" width=\"250\" \/> In <em style=\"border-image: initial; outline-width: 0px; outline-style: initial; outline-color: initial; background-image: initial; background-attachment: initial; background-origin: initial; background-clip: initial; background-color: transparent; font-family: Soho, Verdana, Arial, Helvetica; clear: none !important; padding: 0px; margin: 0px; border: 0px initial initial;\">Filosofia della musica moderna,<\/em><strong style=\"border-image: initial; outline-width: 0px; outline-style: initial; outline-color: initial; background-image: initial; background-attachment: initial; background-origin: initial; background-clip: initial; background-color: transparent; font-family: Soho, Verdana, Arial, Helvetica; clear: none !important; padding: 0px; margin: 0px; border: 0px initial initial;\">Adorno<\/strong> sostiene: <em style=\"border-image: initial; outline-width: 0px; outline-style: initial; outline-color: initial; background-image: initial; background-attachment: initial; background-origin: initial; background-clip: initial; background-color: transparent; font-family: Soho, Verdana, Arial, Helvetica; clear: none !important; padding: 0px; margin: 0px; border: 0px initial initial;\">&laquo;La musica leggera e tutta la musica destinata al consumo [&#8230;] sembra che sia direttamente complementare all&#8217;ammutolirsi dell&#8217;uomo, all&#8217;estinguersi del linguaggio inteso come espressione, all&#8217;incapacit&agrave; di comunicazione. [&#8230;] Questa musica viene percepita solo come uno sfondo sonoro: se nessuno pi&ugrave; &egrave; in grado di parlare realmente, nessuno &egrave; nemmeno pi&ugrave; in grado di ascoltare [&#8230;] la potenza del banale si &egrave; estesa sulla societ&agrave; nel suo insieme.&raquo;<\/em> La musica di cui parla il filosofo &egrave; &ldquo;prodotto di fabbrica&rdquo;, destinato al consumo nel mercato in cui agiscono uomini vuoti, ammutoliti, che non hanno pi&ugrave; nulla n&eacute; da dire, n&eacute; da ascoltare. Insomma la musa sembra essersi estinta, azzitita dall&#8217;incapacit&agrave; di comunicare. Ma se questo fosse vero, l&#8217;arte sarebbe morta. Non &egrave; cos&igrave;. Forse la figura della musa ispiratrice c&#8217;&egrave; ancora e c&#8217;&egrave; persino in quella musica leggera che Adorno definisce sfondo sonoro. <br style=\"clear: none !important; font-family: Soho, Verdana, Arial, Helvetica;\" \/> Vorrei sottoporvi come esempio, la prima traccia dell&#8217;album del 2009 di <strong style=\"border-image: initial; outline-width: 0px; outline-style: initial; outline-color: initial; background-image: initial; background-attachment: initial; background-origin: initial; background-clip: initial; background-color: transparent; font-family: Soho, Verdana, Arial, Helvetica; clear: none !important; padding: 0px; margin: 0px; border: 0px initial initial;\">Marina Rei<\/strong>, <em style=\"border-image: initial; outline-width: 0px; outline-style: initial; outline-color: initial; background-image: initial; background-attachment: initial; background-origin: initial; background-clip: initial; background-color: transparent; font-family: Soho, Verdana, Arial, Helvetica; clear: none !important; padding: 0px; margin: 0px; border: 0px initial initial;\">Musa<\/em>, che d&agrave; il nome all&#8217;intero cd. Trattandosi del brano di apertura, esso funge gi&agrave; da proemio epico, un&#8217;invocazione alla <em style=\"border-image: initial; outline-width: 0px; outline-style: initial; outline-color: initial; background-image: initial; background-attachment: initial; background-origin: initial; background-clip: initial; background-color: transparent; font-family: Soho, Verdana, Arial, Helvetica; clear: none !important; padding: 0px; margin: 0px; border: 0px initial initial;\">fonte di perdizione<\/em> in grado di guarire e tormentare allo stesso tempo: la Calliope dell&#8217;era 3.0. Esattamente come la musa dei componimenti epici, l&#8217;ispirazione che essa induce &egrave; in grado di agitare il sonno e di assorbire completamente, a partire dalla razionalit&agrave; del logos (&ldquo;<em style=\"border-image: initial; outline-width: 0px; outline-style: initial; outline-color: initial; background-image: initial; background-attachment: initial; background-origin: initial; background-clip: initial; background-color: transparent; font-family: Soho, Verdana, Arial, Helvetica; clear: none !important; padding: 0px; margin: 0px; border: 0px initial initial;\">la mente<\/em> <em style=\"border-image: initial; outline-width: 0px; outline-style: initial; outline-color: initial; background-image: initial; background-attachment: initial; background-origin: initial; background-clip: initial; background-color: transparent; font-family: Soho, Verdana, Arial, Helvetica; clear: none !important; padding: 0px; margin: 0px; border: 0px initial initial;\">che hai gi&agrave; catturato&rdquo;<\/em>), sino all&#8217;emotivit&agrave; del pathos (&ldquo;<em style=\"border-image: initial; outline-width: 0px; outline-style: initial; outline-color: initial; background-image: initial; background-attachment: initial; background-origin: initial; background-clip: initial; background-color: transparent; font-family: Soho, Verdana, Arial, Helvetica; clear: none !important; padding: 0px; margin: 0px; border: 0px initial initial;\">ti dar&ograve; ogni battuto&rdquo;<\/em>), passando per la narrazione del mythos (<em style=\"border-image: initial; outline-width: 0px; outline-style: initial; outline-color: initial; background-image: initial; background-attachment: initial; background-origin: initial; background-clip: initial; background-color: transparent; font-family: Soho, Verdana, Arial, Helvetica; clear: none !important; padding: 0px; margin: 0px; border: 0px initial initial;\">&ldquo;sussurrami ancora i tuoi versi migliori&rdquo;<\/em>). <br style=\"clear: none !important;\" \/> E che dire dei versi che i <strong style=\"border-image: initial; outline-width: 0px; outline-style: initial; outline-color: initial; background-image: initial; background-attachment: initial; background-origin: initial; background-clip: initial; background-color: transparent; font-family: Soho, Verdana, Arial, Helvetica; clear: none !important; padding: 0px; margin: 0px; border: 0px initial initial;\">Marlene Kuntz<\/strong> dedicano alla musa, nella canzone omonima? L&#8217;ispirazione giunge come follia, colei che sa far uscire dalla gabbia dorata della lucidit&agrave;. E punto di contatto tra i due testi &egrave; che in entrambi i casi &egrave; amabile agitarsi tra le sue vesti e permane vivo il desiderio di restarci per sempre.<\/p>\n","protected":false},"excerpt":{"rendered":"<p>Calliope.Dalla bella voce, questo il significato del suo nome, \u00e8 colei che canta al poeta e lo ispira nella realizzazione della sua opera. E non \u00e8 un caso che essa si esprima in forma di musica. Il canto ha quell&#8217;espressivit\u00e0 melodica, in grado di restituire armonia al caos del mondo. Ma oggi, nella nostra musica pop, esiste ancora la musa?<\/p>\n","protected":false},"author":10,"featured_media":0,"comment_status":"open","ping_status":"open","sticky":false,"template":"","format":"standard","meta":{"cybocfi_hide_featured_image":"","footnotes":""},"categories":[42],"tags":[34045,34046,34038,31665,6553,34042,34044,34041,34040,34039,45,34043,31459],"class_list":["post-24821","post","type-post","status-publish","format-standard","hentry","category-musica","tag-adorno","tag-arancia-meccanica","tag-calliope","tag-emanuela-sabbatini","tag-filosofia","tag-iliade","tag-marcuse","tag-marina-rei","tag-marlene-kuntz","tag-musa","tag-musica","tag-orfeo","tag-popsophia"],"yoast_head":"<!-- This site is optimized with the Yoast SEO plugin v27.0 - https:\/\/yoast.com\/product\/yoast-seo-wordpress\/ -->\n<title>Calliope, la musa ispiratrice nell&#039;era della pop music - Article Marketing<\/title>\n<meta name=\"robots\" content=\"index, follow, max-snippet:-1, max-image-preview:large, max-video-preview:-1\" \/>\n<link rel=\"canonical\" href=\"https:\/\/www.article-marketing.eu\/comunicati\/arte-e-cultura\/musica\/calliope-la-musa-ispiratrice-nellera-della-pop-music_1\/\" \/>\n<meta property=\"og:locale\" content=\"it_IT\" \/>\n<meta property=\"og:type\" content=\"article\" \/>\n<meta property=\"og:title\" content=\"Calliope, la musa ispiratrice nell&#039;era della pop music - Article Marketing\" \/>\n<meta property=\"og:description\" content=\"Calliope.Dalla bella voce, questo il significato del suo nome, \u00e8 colei che canta al poeta e lo ispira nella realizzazione della sua opera. E non \u00e8 un caso che essa si esprima in forma di musica. Il canto ha quell&#039;espressivit\u00e0 melodica, in grado di restituire armonia al caos del mondo. Ma oggi, nella nostra musica pop, esiste ancora la musa?\" \/>\n<meta property=\"og:url\" content=\"https:\/\/www.article-marketing.eu\/comunicati\/arte-e-cultura\/musica\/calliope-la-musa-ispiratrice-nellera-della-pop-music_1\/\" \/>\n<meta property=\"og:site_name\" content=\"Article Marketing\" \/>\n<meta property=\"article:published_time\" content=\"2012-03-19T07:49:09+00:00\" \/>\n<meta property=\"og:image\" content=\"http:\/\/www.calliopepoetryseries.com\/attachments\/Image\/Calliope_by_Marcello_Bacciarelli.jpg\" \/>\n<meta name=\"author\" content=\"Redazione Comunicati Stampa\" \/>\n<meta name=\"twitter:card\" content=\"summary_large_image\" \/>\n<meta name=\"twitter:label1\" content=\"Scritto da\" \/>\n\t<meta name=\"twitter:data1\" content=\"Redazione Comunicati Stampa\" \/>\n\t<meta name=\"twitter:label2\" content=\"Tempo di lettura stimato\" \/>\n\t<meta name=\"twitter:data2\" content=\"4 minuti\" \/>\n<script type=\"application\/ld+json\" class=\"yoast-schema-graph\">{\"@context\":\"https:\/\/schema.org\",\"@graph\":[{\"@type\":\"Article\",\"@id\":\"https:\/\/www.article-marketing.eu\/comunicati\/arte-e-cultura\/musica\/calliope-la-musa-ispiratrice-nellera-della-pop-music_1\/#article\",\"isPartOf\":{\"@id\":\"https:\/\/www.article-marketing.eu\/comunicati\/arte-e-cultura\/musica\/calliope-la-musa-ispiratrice-nellera-della-pop-music_1\/\"},\"author\":{\"name\":\"Redazione Comunicati Stampa\",\"@id\":\"https:\/\/www.article-marketing.eu\/comunicati\/#\/schema\/person\/44372e4d4d0fa797b18e03ed1ace9017\"},\"headline\":\"Calliope, la musa ispiratrice nell&#8217;era della pop music\",\"datePublished\":\"2012-03-19T07:49:09+00:00\",\"mainEntityOfPage\":{\"@id\":\"https:\/\/www.article-marketing.eu\/comunicati\/arte-e-cultura\/musica\/calliope-la-musa-ispiratrice-nellera-della-pop-music_1\/\"},\"wordCount\":790,\"commentCount\":0,\"image\":{\"@id\":\"https:\/\/www.article-marketing.eu\/comunicati\/arte-e-cultura\/musica\/calliope-la-musa-ispiratrice-nellera-della-pop-music_1\/#primaryimage\"},\"thumbnailUrl\":\"http:\/\/www.calliopepoetryseries.com\/attachments\/Image\/Calliope_by_Marcello_Bacciarelli.jpg\",\"keywords\":[\"Adorno\",\"Arancia Meccanica\",\"Calliope\",\"Emanuela Sabbatini\",\"filosofia\",\"Iliade\",\"Marcuse\",\"Marina Rei\",\"Marlene Kuntz\",\"Musa\",\"musica\",\"Orfeo\",\"Popsophia\"],\"articleSection\":[\"Musica\"],\"inLanguage\":\"it-IT\",\"potentialAction\":[{\"@type\":\"CommentAction\",\"name\":\"Comment\",\"target\":[\"https:\/\/www.article-marketing.eu\/comunicati\/arte-e-cultura\/musica\/calliope-la-musa-ispiratrice-nellera-della-pop-music_1\/#respond\"]}]},{\"@type\":\"WebPage\",\"@id\":\"https:\/\/www.article-marketing.eu\/comunicati\/arte-e-cultura\/musica\/calliope-la-musa-ispiratrice-nellera-della-pop-music_1\/\",\"url\":\"https:\/\/www.article-marketing.eu\/comunicati\/arte-e-cultura\/musica\/calliope-la-musa-ispiratrice-nellera-della-pop-music_1\/\",\"name\":\"Calliope, la musa ispiratrice nell'era della pop music - Article Marketing\",\"isPartOf\":{\"@id\":\"https:\/\/www.article-marketing.eu\/comunicati\/#website\"},\"primaryImageOfPage\":{\"@id\":\"https:\/\/www.article-marketing.eu\/comunicati\/arte-e-cultura\/musica\/calliope-la-musa-ispiratrice-nellera-della-pop-music_1\/#primaryimage\"},\"image\":{\"@id\":\"https:\/\/www.article-marketing.eu\/comunicati\/arte-e-cultura\/musica\/calliope-la-musa-ispiratrice-nellera-della-pop-music_1\/#primaryimage\"},\"thumbnailUrl\":\"http:\/\/www.calliopepoetryseries.com\/attachments\/Image\/Calliope_by_Marcello_Bacciarelli.jpg\",\"datePublished\":\"2012-03-19T07:49:09+00:00\",\"author\":{\"@id\":\"https:\/\/www.article-marketing.eu\/comunicati\/#\/schema\/person\/44372e4d4d0fa797b18e03ed1ace9017\"},\"breadcrumb\":{\"@id\":\"https:\/\/www.article-marketing.eu\/comunicati\/arte-e-cultura\/musica\/calliope-la-musa-ispiratrice-nellera-della-pop-music_1\/#breadcrumb\"},\"inLanguage\":\"it-IT\",\"potentialAction\":[{\"@type\":\"ReadAction\",\"target\":[\"https:\/\/www.article-marketing.eu\/comunicati\/arte-e-cultura\/musica\/calliope-la-musa-ispiratrice-nellera-della-pop-music_1\/\"]}]},{\"@type\":\"ImageObject\",\"inLanguage\":\"it-IT\",\"@id\":\"https:\/\/www.article-marketing.eu\/comunicati\/arte-e-cultura\/musica\/calliope-la-musa-ispiratrice-nellera-della-pop-music_1\/#primaryimage\",\"url\":\"http:\/\/www.calliopepoetryseries.com\/attachments\/Image\/Calliope_by_Marcello_Bacciarelli.jpg\",\"contentUrl\":\"http:\/\/www.calliopepoetryseries.com\/attachments\/Image\/Calliope_by_Marcello_Bacciarelli.jpg\"},{\"@type\":\"BreadcrumbList\",\"@id\":\"https:\/\/www.article-marketing.eu\/comunicati\/arte-e-cultura\/musica\/calliope-la-musa-ispiratrice-nellera-della-pop-music_1\/#breadcrumb\",\"itemListElement\":[{\"@type\":\"ListItem\",\"position\":1,\"name\":\"Home\",\"item\":\"https:\/\/www.article-marketing.eu\/comunicati\/\"},{\"@type\":\"ListItem\",\"position\":2,\"name\":\"Calliope, la musa ispiratrice nell&#8217;era della pop music\"}]},{\"@type\":\"WebSite\",\"@id\":\"https:\/\/www.article-marketing.eu\/comunicati\/#website\",\"url\":\"https:\/\/www.article-marketing.eu\/comunicati\/\",\"name\":\"Article Marketing\",\"description\":\"article marketing &amp; press release\",\"potentialAction\":[{\"@type\":\"SearchAction\",\"target\":{\"@type\":\"EntryPoint\",\"urlTemplate\":\"https:\/\/www.article-marketing.eu\/comunicati\/?s={search_term_string}\"},\"query-input\":{\"@type\":\"PropertyValueSpecification\",\"valueRequired\":true,\"valueName\":\"search_term_string\"}}],\"inLanguage\":\"it-IT\"},{\"@type\":\"Person\",\"@id\":\"https:\/\/www.article-marketing.eu\/comunicati\/#\/schema\/person\/44372e4d4d0fa797b18e03ed1ace9017\",\"name\":\"Redazione Comunicati Stampa\",\"image\":{\"@type\":\"ImageObject\",\"inLanguage\":\"it-IT\",\"@id\":\"https:\/\/www.article-marketing.eu\/comunicati\/#\/schema\/person\/image\/\",\"url\":\"https:\/\/secure.gravatar.com\/avatar\/50e5c6421d3072f42e7ace803501602c60d75233d34e29fd05feb91c8760b792?s=96&d=mm&r=g\",\"contentUrl\":\"https:\/\/secure.gravatar.com\/avatar\/50e5c6421d3072f42e7ace803501602c60d75233d34e29fd05feb91c8760b792?s=96&d=mm&r=g\",\"caption\":\"Redazione Comunicati Stampa\"},\"url\":\"https:\/\/www.article-marketing.eu\/comunicati\/author\/redazione-comunicati-stampa\/\"}]}<\/script>\n<!-- \/ Yoast SEO plugin. -->","yoast_head_json":{"title":"Calliope, la musa ispiratrice nell'era della pop music - Article Marketing","robots":{"index":"index","follow":"follow","max-snippet":"max-snippet:-1","max-image-preview":"max-image-preview:large","max-video-preview":"max-video-preview:-1"},"canonical":"https:\/\/www.article-marketing.eu\/comunicati\/arte-e-cultura\/musica\/calliope-la-musa-ispiratrice-nellera-della-pop-music_1\/","og_locale":"it_IT","og_type":"article","og_title":"Calliope, la musa ispiratrice nell'era della pop music - Article Marketing","og_description":"Calliope.Dalla bella voce, questo il significato del suo nome, \u00e8 colei che canta al poeta e lo ispira nella realizzazione della sua opera. E non \u00e8 un caso che essa si esprima in forma di musica. Il canto ha quell'espressivit\u00e0 melodica, in grado di restituire armonia al caos del mondo. Ma oggi, nella nostra musica pop, esiste ancora la musa?","og_url":"https:\/\/www.article-marketing.eu\/comunicati\/arte-e-cultura\/musica\/calliope-la-musa-ispiratrice-nellera-della-pop-music_1\/","og_site_name":"Article Marketing","article_published_time":"2012-03-19T07:49:09+00:00","og_image":[{"url":"http:\/\/www.calliopepoetryseries.com\/attachments\/Image\/Calliope_by_Marcello_Bacciarelli.jpg","type":"","width":"","height":""}],"author":"Redazione Comunicati Stampa","twitter_card":"summary_large_image","twitter_misc":{"Scritto da":"Redazione Comunicati Stampa","Tempo di lettura stimato":"4 minuti"},"schema":{"@context":"https:\/\/schema.org","@graph":[{"@type":"Article","@id":"https:\/\/www.article-marketing.eu\/comunicati\/arte-e-cultura\/musica\/calliope-la-musa-ispiratrice-nellera-della-pop-music_1\/#article","isPartOf":{"@id":"https:\/\/www.article-marketing.eu\/comunicati\/arte-e-cultura\/musica\/calliope-la-musa-ispiratrice-nellera-della-pop-music_1\/"},"author":{"name":"Redazione Comunicati Stampa","@id":"https:\/\/www.article-marketing.eu\/comunicati\/#\/schema\/person\/44372e4d4d0fa797b18e03ed1ace9017"},"headline":"Calliope, la musa ispiratrice nell&#8217;era della pop music","datePublished":"2012-03-19T07:49:09+00:00","mainEntityOfPage":{"@id":"https:\/\/www.article-marketing.eu\/comunicati\/arte-e-cultura\/musica\/calliope-la-musa-ispiratrice-nellera-della-pop-music_1\/"},"wordCount":790,"commentCount":0,"image":{"@id":"https:\/\/www.article-marketing.eu\/comunicati\/arte-e-cultura\/musica\/calliope-la-musa-ispiratrice-nellera-della-pop-music_1\/#primaryimage"},"thumbnailUrl":"http:\/\/www.calliopepoetryseries.com\/attachments\/Image\/Calliope_by_Marcello_Bacciarelli.jpg","keywords":["Adorno","Arancia Meccanica","Calliope","Emanuela Sabbatini","filosofia","Iliade","Marcuse","Marina Rei","Marlene Kuntz","Musa","musica","Orfeo","Popsophia"],"articleSection":["Musica"],"inLanguage":"it-IT","potentialAction":[{"@type":"CommentAction","name":"Comment","target":["https:\/\/www.article-marketing.eu\/comunicati\/arte-e-cultura\/musica\/calliope-la-musa-ispiratrice-nellera-della-pop-music_1\/#respond"]}]},{"@type":"WebPage","@id":"https:\/\/www.article-marketing.eu\/comunicati\/arte-e-cultura\/musica\/calliope-la-musa-ispiratrice-nellera-della-pop-music_1\/","url":"https:\/\/www.article-marketing.eu\/comunicati\/arte-e-cultura\/musica\/calliope-la-musa-ispiratrice-nellera-della-pop-music_1\/","name":"Calliope, la musa ispiratrice nell'era della pop music - Article Marketing","isPartOf":{"@id":"https:\/\/www.article-marketing.eu\/comunicati\/#website"},"primaryImageOfPage":{"@id":"https:\/\/www.article-marketing.eu\/comunicati\/arte-e-cultura\/musica\/calliope-la-musa-ispiratrice-nellera-della-pop-music_1\/#primaryimage"},"image":{"@id":"https:\/\/www.article-marketing.eu\/comunicati\/arte-e-cultura\/musica\/calliope-la-musa-ispiratrice-nellera-della-pop-music_1\/#primaryimage"},"thumbnailUrl":"http:\/\/www.calliopepoetryseries.com\/attachments\/Image\/Calliope_by_Marcello_Bacciarelli.jpg","datePublished":"2012-03-19T07:49:09+00:00","author":{"@id":"https:\/\/www.article-marketing.eu\/comunicati\/#\/schema\/person\/44372e4d4d0fa797b18e03ed1ace9017"},"breadcrumb":{"@id":"https:\/\/www.article-marketing.eu\/comunicati\/arte-e-cultura\/musica\/calliope-la-musa-ispiratrice-nellera-della-pop-music_1\/#breadcrumb"},"inLanguage":"it-IT","potentialAction":[{"@type":"ReadAction","target":["https:\/\/www.article-marketing.eu\/comunicati\/arte-e-cultura\/musica\/calliope-la-musa-ispiratrice-nellera-della-pop-music_1\/"]}]},{"@type":"ImageObject","inLanguage":"it-IT","@id":"https:\/\/www.article-marketing.eu\/comunicati\/arte-e-cultura\/musica\/calliope-la-musa-ispiratrice-nellera-della-pop-music_1\/#primaryimage","url":"http:\/\/www.calliopepoetryseries.com\/attachments\/Image\/Calliope_by_Marcello_Bacciarelli.jpg","contentUrl":"http:\/\/www.calliopepoetryseries.com\/attachments\/Image\/Calliope_by_Marcello_Bacciarelli.jpg"},{"@type":"BreadcrumbList","@id":"https:\/\/www.article-marketing.eu\/comunicati\/arte-e-cultura\/musica\/calliope-la-musa-ispiratrice-nellera-della-pop-music_1\/#breadcrumb","itemListElement":[{"@type":"ListItem","position":1,"name":"Home","item":"https:\/\/www.article-marketing.eu\/comunicati\/"},{"@type":"ListItem","position":2,"name":"Calliope, la musa ispiratrice nell&#8217;era della pop music"}]},{"@type":"WebSite","@id":"https:\/\/www.article-marketing.eu\/comunicati\/#website","url":"https:\/\/www.article-marketing.eu\/comunicati\/","name":"Article Marketing","description":"article marketing &amp; press release","potentialAction":[{"@type":"SearchAction","target":{"@type":"EntryPoint","urlTemplate":"https:\/\/www.article-marketing.eu\/comunicati\/?s={search_term_string}"},"query-input":{"@type":"PropertyValueSpecification","valueRequired":true,"valueName":"search_term_string"}}],"inLanguage":"it-IT"},{"@type":"Person","@id":"https:\/\/www.article-marketing.eu\/comunicati\/#\/schema\/person\/44372e4d4d0fa797b18e03ed1ace9017","name":"Redazione Comunicati Stampa","image":{"@type":"ImageObject","inLanguage":"it-IT","@id":"https:\/\/www.article-marketing.eu\/comunicati\/#\/schema\/person\/image\/","url":"https:\/\/secure.gravatar.com\/avatar\/50e5c6421d3072f42e7ace803501602c60d75233d34e29fd05feb91c8760b792?s=96&d=mm&r=g","contentUrl":"https:\/\/secure.gravatar.com\/avatar\/50e5c6421d3072f42e7ace803501602c60d75233d34e29fd05feb91c8760b792?s=96&d=mm&r=g","caption":"Redazione Comunicati Stampa"},"url":"https:\/\/www.article-marketing.eu\/comunicati\/author\/redazione-comunicati-stampa\/"}]}},"_links":{"self":[{"href":"https:\/\/www.article-marketing.eu\/comunicati\/wp-json\/wp\/v2\/posts\/24821","targetHints":{"allow":["GET"]}}],"collection":[{"href":"https:\/\/www.article-marketing.eu\/comunicati\/wp-json\/wp\/v2\/posts"}],"about":[{"href":"https:\/\/www.article-marketing.eu\/comunicati\/wp-json\/wp\/v2\/types\/post"}],"author":[{"embeddable":true,"href":"https:\/\/www.article-marketing.eu\/comunicati\/wp-json\/wp\/v2\/users\/10"}],"replies":[{"embeddable":true,"href":"https:\/\/www.article-marketing.eu\/comunicati\/wp-json\/wp\/v2\/comments?post=24821"}],"version-history":[{"count":0,"href":"https:\/\/www.article-marketing.eu\/comunicati\/wp-json\/wp\/v2\/posts\/24821\/revisions"}],"wp:attachment":[{"href":"https:\/\/www.article-marketing.eu\/comunicati\/wp-json\/wp\/v2\/media?parent=24821"}],"wp:term":[{"taxonomy":"category","embeddable":true,"href":"https:\/\/www.article-marketing.eu\/comunicati\/wp-json\/wp\/v2\/categories?post=24821"},{"taxonomy":"post_tag","embeddable":true,"href":"https:\/\/www.article-marketing.eu\/comunicati\/wp-json\/wp\/v2\/tags?post=24821"}],"curies":[{"name":"wp","href":"https:\/\/api.w.org\/{rel}","templated":true}]}}