{"id":24832,"date":"2012-03-19T14:48:23","date_gmt":"2012-03-19T13:48:23","guid":{"rendered":"http:\/\/www.article-marketing.eu\/comunicati\/senza-categoria\/the-perlan-una-cupola-sostenibile-in-vetro\/"},"modified":"2012-03-19T14:48:23","modified_gmt":"2012-03-19T13:48:23","slug":"the-perlan-una-cupola-sostenibile-in-vetro","status":"publish","type":"post","link":"https:\/\/www.article-marketing.eu\/comunicati\/ambiente\/the-perlan-una-cupola-sostenibile-in-vetro\/","title":{"rendered":"The Perlan &#8211; Una cupola sostenibile in vetro"},"content":{"rendered":"<p>Nasce &#8220;<strong>The Perlan<\/strong>&#8220;, una <strong>cupola di vetro e acciaio<\/strong> progettata sopra <strong>i serbatoi che raccolgono l&#8217;acqua calda che sgorga dal sottosuolo<\/strong>. Siamo nella citt&agrave; di <strong>Reykjav&iacute;k<\/strong>, in Islanda. E sulla collina di Oskjulio &egrave; stata realizzata questa grande <strong>struttura architettonica dall&#8217;anima sostenibile<\/strong>.<br \/>Conosciuta anche come &#8220;Giardino d&#8217;inverno&#8221;, la &#8220;Perla&#8221; <strong>copre e ripara le cisterne d&#8217;acqua<\/strong> dalla luce del sole. &Egrave; alta quasi 26 metri e si stende per 10.000 metri cubi di spazio. I serbatoi sono cinque, possono contenere fino a 4 milioni di acqua calda ciascuno. La struttura ha <strong>un telaio in acciaio <\/strong>ed &egrave; <strong>cava all&#8217;interno<\/strong>, in questo modo <strong>la temperatura rimane costante<\/strong> e garantisce un <strong>ottimo isolamento acustico<\/strong>.<br \/>All&#8217;interno una serie infinita di faretti a Led segue il percorso che dal piano terra porta fino al cielo!<br \/>Il <strong>vetro sulla cupola<\/strong> diventa anche <strong>elemento di design<\/strong>. Al quarto piano, un terrazzo panoramico regala una splendida vista sulla citt&agrave; e qui sono stati aperti negozi, una caffetteria e un ristorante. Un dettaglio, la <strong>sala ristorante compie in due ore una rotazione completa di 360<\/strong>&deg; per permettere agli ospiti di godere della splendida vista panoramica<br \/>&#8220;The Perlan&#8221; &egrave; una delle strutture pi&ugrave; particolari della citt&agrave;, il progetto originario porta la firma di <strong>Ingimundur Sveinsson<\/strong> ed &egrave; stato realizzato per desiderio di <strong>David Oddsson<\/strong> durante il mandato da Sindaco a Reykjav&iacute;k. Quest&#8217;architettura &egrave; diventata una delle attrazioni turistiche pi&ugrave; visitate dell&#8217;Islanda.<br \/>Un dettaglio: uno dei cinque serbatoi &egrave; stato svuotato per ospitare il <strong>Saga Museum<\/strong>, un museo dedicato alla storia dell&#8217;Islanda.<\/p>\n<p>The Perlan<br \/>\nA sustainable dome of glass<br \/>\n<strong>The Perlan<\/strong> is a <strong>dome made of glass and steel <\/strong>designed on top of <strong>underground hot water storage tanks<\/strong>. In <strong>Reykjav&iacute;k<\/strong>, Iceland, precisely on the Oskjulio hill, we find a great <strong>architectonic structure with a sustainable soul<\/strong>.<br \/>\nAlso known for its Winter Garden, this &#8216;Pearl&#8217; <strong>covers and protects water storage tanks <\/strong>from direct sunlight. It is almost 26 metres tall and covers 10,000 cubic meters of space. The five tanks can contain up to 4 million litres of hot water each. The structure has <strong>a frame in steel <\/strong>and is <strong>hollow in the inside: <\/strong>this<strong> <\/strong>allows the<strong> temperature to remain the same <\/strong>and guarantees <strong>excellent acoustic insulation<\/strong>.<\/p>\n<p>Inside, it has an endless series of LED spotlights spanning from the ground floor up to the sky!<br \/>\nThe <strong>glass used for the dome<\/strong> also turns into a <strong>design element<\/strong>. On the fourth floor, a panoramic terrace offers a wonderful view over the city, where visitors can also find shops, a cafeteria and a restaurant. Just a detail: the <strong>restaurant room makes a complete revolution of 360<\/strong>&deg; to enable guests to enjoy a breathtaking view.<\/p>\n<p>The Perlan is one of the most amazing structures in the city, the original design bears the signature of <strong>Ingimundur Sveinsson<\/strong> and it was strongly wanted by <strong>David Oddsson<\/strong> during his term as Mayor of Reykjav&iacute;k. Today this structure is one of the most popular tourist attractions in Iceland.<br \/>\nAnother detail: one of the five tanks was emptied to host the <strong>Saga Museum<\/strong>, a museum dedicated to the history of Iceland.<\/p>\n","protected":false},"excerpt":{"rendered":"<p>Nasce &#8220;The Perlan&#8221;, una cupola di vetro e acciaio progettata sopra i serbatoi che raccolgono l&#8217;acqua calda che sgorga dal sottosuolo. Siamo nella citt\u00e0 di Reykjav\u00edk, in Islanda. E sulla collina di Oskjulio \u00e8 stata realizzata questa grande struttura architettonica dall&#8217;anima sostenibile.<\/p>\n","protected":false},"author":10,"featured_media":0,"comment_status":"open","ping_status":"open","sticky":false,"template":"","format":"standard","meta":{"cybocfi_hide_featured_image":"","footnotes":""},"categories":[55],"tags":[26375,28922,34067,34066],"class_list":["post-24832","post","type-post","status-publish","format-standard","hentry","category-ambiente","tag-archilight","tag-disano-illuminazione","tag-newtonec","tag-the-perlan"],"yoast_head":"<!-- This site is optimized with the Yoast SEO plugin v27.0 - https:\/\/yoast.com\/product\/yoast-seo-wordpress\/ -->\n<title>The Perlan - Una cupola sostenibile in vetro - Article Marketing<\/title>\n<meta name=\"robots\" content=\"index, follow, max-snippet:-1, max-image-preview:large, max-video-preview:-1\" \/>\n<link rel=\"canonical\" href=\"https:\/\/www.article-marketing.eu\/comunicati\/ambiente\/the-perlan-una-cupola-sostenibile-in-vetro\/\" \/>\n<meta property=\"og:locale\" content=\"it_IT\" \/>\n<meta property=\"og:type\" content=\"article\" \/>\n<meta property=\"og:title\" content=\"The Perlan - Una cupola sostenibile in vetro - Article Marketing\" \/>\n<meta property=\"og:description\" content=\"Nasce &quot;The Perlan&quot;, una cupola di vetro e acciaio progettata sopra i serbatoi che raccolgono l&#039;acqua calda che sgorga dal sottosuolo. Siamo nella citt\u00e0 di Reykjav\u00edk, in Islanda. E sulla collina di Oskjulio \u00e8 stata realizzata questa grande struttura architettonica dall&#039;anima sostenibile.\" \/>\n<meta property=\"og:url\" content=\"https:\/\/www.article-marketing.eu\/comunicati\/ambiente\/the-perlan-una-cupola-sostenibile-in-vetro\/\" \/>\n<meta property=\"og:site_name\" content=\"Article Marketing\" \/>\n<meta property=\"article:published_time\" content=\"2012-03-19T13:48:23+00:00\" \/>\n<meta name=\"author\" content=\"Redazione Comunicati Stampa\" \/>\n<meta name=\"twitter:card\" content=\"summary_large_image\" \/>\n<meta name=\"twitter:label1\" content=\"Scritto da\" \/>\n\t<meta name=\"twitter:data1\" content=\"Redazione Comunicati Stampa\" \/>\n\t<meta name=\"twitter:label2\" content=\"Tempo di lettura stimato\" \/>\n\t<meta name=\"twitter:data2\" content=\"3 minuti\" \/>\n<script type=\"application\/ld+json\" class=\"yoast-schema-graph\">{\"@context\":\"https:\/\/schema.org\",\"@graph\":[{\"@type\":\"Article\",\"@id\":\"https:\/\/www.article-marketing.eu\/comunicati\/ambiente\/the-perlan-una-cupola-sostenibile-in-vetro\/#article\",\"isPartOf\":{\"@id\":\"https:\/\/www.article-marketing.eu\/comunicati\/ambiente\/the-perlan-una-cupola-sostenibile-in-vetro\/\"},\"author\":{\"name\":\"Redazione Comunicati Stampa\",\"@id\":\"https:\/\/www.article-marketing.eu\/comunicati\/#\/schema\/person\/44372e4d4d0fa797b18e03ed1ace9017\"},\"headline\":\"The Perlan &#8211; Una cupola sostenibile in vetro\",\"datePublished\":\"2012-03-19T13:48:23+00:00\",\"mainEntityOfPage\":{\"@id\":\"https:\/\/www.article-marketing.eu\/comunicati\/ambiente\/the-perlan-una-cupola-sostenibile-in-vetro\/\"},\"wordCount\":526,\"commentCount\":0,\"keywords\":[\"archilight\",\"Disano Illuminazione\",\"NEWTONEC\",\"The Perlan\"],\"articleSection\":[\"Ambiente\"],\"inLanguage\":\"it-IT\",\"potentialAction\":[{\"@type\":\"CommentAction\",\"name\":\"Comment\",\"target\":[\"https:\/\/www.article-marketing.eu\/comunicati\/ambiente\/the-perlan-una-cupola-sostenibile-in-vetro\/#respond\"]}]},{\"@type\":\"WebPage\",\"@id\":\"https:\/\/www.article-marketing.eu\/comunicati\/ambiente\/the-perlan-una-cupola-sostenibile-in-vetro\/\",\"url\":\"https:\/\/www.article-marketing.eu\/comunicati\/ambiente\/the-perlan-una-cupola-sostenibile-in-vetro\/\",\"name\":\"The Perlan - Una cupola sostenibile in vetro - Article Marketing\",\"isPartOf\":{\"@id\":\"https:\/\/www.article-marketing.eu\/comunicati\/#website\"},\"datePublished\":\"2012-03-19T13:48:23+00:00\",\"author\":{\"@id\":\"https:\/\/www.article-marketing.eu\/comunicati\/#\/schema\/person\/44372e4d4d0fa797b18e03ed1ace9017\"},\"breadcrumb\":{\"@id\":\"https:\/\/www.article-marketing.eu\/comunicati\/ambiente\/the-perlan-una-cupola-sostenibile-in-vetro\/#breadcrumb\"},\"inLanguage\":\"it-IT\",\"potentialAction\":[{\"@type\":\"ReadAction\",\"target\":[\"https:\/\/www.article-marketing.eu\/comunicati\/ambiente\/the-perlan-una-cupola-sostenibile-in-vetro\/\"]}]},{\"@type\":\"BreadcrumbList\",\"@id\":\"https:\/\/www.article-marketing.eu\/comunicati\/ambiente\/the-perlan-una-cupola-sostenibile-in-vetro\/#breadcrumb\",\"itemListElement\":[{\"@type\":\"ListItem\",\"position\":1,\"name\":\"Home\",\"item\":\"https:\/\/www.article-marketing.eu\/comunicati\/\"},{\"@type\":\"ListItem\",\"position\":2,\"name\":\"The Perlan &#8211; Una cupola sostenibile in vetro\"}]},{\"@type\":\"WebSite\",\"@id\":\"https:\/\/www.article-marketing.eu\/comunicati\/#website\",\"url\":\"https:\/\/www.article-marketing.eu\/comunicati\/\",\"name\":\"Article Marketing\",\"description\":\"article marketing &amp; press release\",\"potentialAction\":[{\"@type\":\"SearchAction\",\"target\":{\"@type\":\"EntryPoint\",\"urlTemplate\":\"https:\/\/www.article-marketing.eu\/comunicati\/?s={search_term_string}\"},\"query-input\":{\"@type\":\"PropertyValueSpecification\",\"valueRequired\":true,\"valueName\":\"search_term_string\"}}],\"inLanguage\":\"it-IT\"},{\"@type\":\"Person\",\"@id\":\"https:\/\/www.article-marketing.eu\/comunicati\/#\/schema\/person\/44372e4d4d0fa797b18e03ed1ace9017\",\"name\":\"Redazione Comunicati Stampa\",\"image\":{\"@type\":\"ImageObject\",\"inLanguage\":\"it-IT\",\"@id\":\"https:\/\/www.article-marketing.eu\/comunicati\/#\/schema\/person\/image\/\",\"url\":\"https:\/\/secure.gravatar.com\/avatar\/50e5c6421d3072f42e7ace803501602c60d75233d34e29fd05feb91c8760b792?s=96&d=mm&r=g\",\"contentUrl\":\"https:\/\/secure.gravatar.com\/avatar\/50e5c6421d3072f42e7ace803501602c60d75233d34e29fd05feb91c8760b792?s=96&d=mm&r=g\",\"caption\":\"Redazione Comunicati Stampa\"},\"url\":\"https:\/\/www.article-marketing.eu\/comunicati\/author\/redazione-comunicati-stampa\/\"}]}<\/script>\n<!-- \/ Yoast SEO plugin. -->","yoast_head_json":{"title":"The Perlan - Una cupola sostenibile in vetro - Article Marketing","robots":{"index":"index","follow":"follow","max-snippet":"max-snippet:-1","max-image-preview":"max-image-preview:large","max-video-preview":"max-video-preview:-1"},"canonical":"https:\/\/www.article-marketing.eu\/comunicati\/ambiente\/the-perlan-una-cupola-sostenibile-in-vetro\/","og_locale":"it_IT","og_type":"article","og_title":"The Perlan - Una cupola sostenibile in vetro - Article Marketing","og_description":"Nasce \"The Perlan\", una cupola di vetro e acciaio progettata sopra i serbatoi che raccolgono l'acqua calda che sgorga dal sottosuolo. Siamo nella citt\u00e0 di Reykjav\u00edk, in Islanda. E sulla collina di Oskjulio \u00e8 stata realizzata questa grande struttura architettonica dall'anima sostenibile.","og_url":"https:\/\/www.article-marketing.eu\/comunicati\/ambiente\/the-perlan-una-cupola-sostenibile-in-vetro\/","og_site_name":"Article Marketing","article_published_time":"2012-03-19T13:48:23+00:00","author":"Redazione Comunicati Stampa","twitter_card":"summary_large_image","twitter_misc":{"Scritto da":"Redazione Comunicati Stampa","Tempo di lettura stimato":"3 minuti"},"schema":{"@context":"https:\/\/schema.org","@graph":[{"@type":"Article","@id":"https:\/\/www.article-marketing.eu\/comunicati\/ambiente\/the-perlan-una-cupola-sostenibile-in-vetro\/#article","isPartOf":{"@id":"https:\/\/www.article-marketing.eu\/comunicati\/ambiente\/the-perlan-una-cupola-sostenibile-in-vetro\/"},"author":{"name":"Redazione Comunicati Stampa","@id":"https:\/\/www.article-marketing.eu\/comunicati\/#\/schema\/person\/44372e4d4d0fa797b18e03ed1ace9017"},"headline":"The Perlan &#8211; Una cupola sostenibile in vetro","datePublished":"2012-03-19T13:48:23+00:00","mainEntityOfPage":{"@id":"https:\/\/www.article-marketing.eu\/comunicati\/ambiente\/the-perlan-una-cupola-sostenibile-in-vetro\/"},"wordCount":526,"commentCount":0,"keywords":["archilight","Disano Illuminazione","NEWTONEC","The Perlan"],"articleSection":["Ambiente"],"inLanguage":"it-IT","potentialAction":[{"@type":"CommentAction","name":"Comment","target":["https:\/\/www.article-marketing.eu\/comunicati\/ambiente\/the-perlan-una-cupola-sostenibile-in-vetro\/#respond"]}]},{"@type":"WebPage","@id":"https:\/\/www.article-marketing.eu\/comunicati\/ambiente\/the-perlan-una-cupola-sostenibile-in-vetro\/","url":"https:\/\/www.article-marketing.eu\/comunicati\/ambiente\/the-perlan-una-cupola-sostenibile-in-vetro\/","name":"The Perlan - Una cupola sostenibile in vetro - Article Marketing","isPartOf":{"@id":"https:\/\/www.article-marketing.eu\/comunicati\/#website"},"datePublished":"2012-03-19T13:48:23+00:00","author":{"@id":"https:\/\/www.article-marketing.eu\/comunicati\/#\/schema\/person\/44372e4d4d0fa797b18e03ed1ace9017"},"breadcrumb":{"@id":"https:\/\/www.article-marketing.eu\/comunicati\/ambiente\/the-perlan-una-cupola-sostenibile-in-vetro\/#breadcrumb"},"inLanguage":"it-IT","potentialAction":[{"@type":"ReadAction","target":["https:\/\/www.article-marketing.eu\/comunicati\/ambiente\/the-perlan-una-cupola-sostenibile-in-vetro\/"]}]},{"@type":"BreadcrumbList","@id":"https:\/\/www.article-marketing.eu\/comunicati\/ambiente\/the-perlan-una-cupola-sostenibile-in-vetro\/#breadcrumb","itemListElement":[{"@type":"ListItem","position":1,"name":"Home","item":"https:\/\/www.article-marketing.eu\/comunicati\/"},{"@type":"ListItem","position":2,"name":"The Perlan &#8211; Una cupola sostenibile in vetro"}]},{"@type":"WebSite","@id":"https:\/\/www.article-marketing.eu\/comunicati\/#website","url":"https:\/\/www.article-marketing.eu\/comunicati\/","name":"Article Marketing","description":"article marketing &amp; press release","potentialAction":[{"@type":"SearchAction","target":{"@type":"EntryPoint","urlTemplate":"https:\/\/www.article-marketing.eu\/comunicati\/?s={search_term_string}"},"query-input":{"@type":"PropertyValueSpecification","valueRequired":true,"valueName":"search_term_string"}}],"inLanguage":"it-IT"},{"@type":"Person","@id":"https:\/\/www.article-marketing.eu\/comunicati\/#\/schema\/person\/44372e4d4d0fa797b18e03ed1ace9017","name":"Redazione Comunicati Stampa","image":{"@type":"ImageObject","inLanguage":"it-IT","@id":"https:\/\/www.article-marketing.eu\/comunicati\/#\/schema\/person\/image\/","url":"https:\/\/secure.gravatar.com\/avatar\/50e5c6421d3072f42e7ace803501602c60d75233d34e29fd05feb91c8760b792?s=96&d=mm&r=g","contentUrl":"https:\/\/secure.gravatar.com\/avatar\/50e5c6421d3072f42e7ace803501602c60d75233d34e29fd05feb91c8760b792?s=96&d=mm&r=g","caption":"Redazione Comunicati Stampa"},"url":"https:\/\/www.article-marketing.eu\/comunicati\/author\/redazione-comunicati-stampa\/"}]}},"_links":{"self":[{"href":"https:\/\/www.article-marketing.eu\/comunicati\/wp-json\/wp\/v2\/posts\/24832","targetHints":{"allow":["GET"]}}],"collection":[{"href":"https:\/\/www.article-marketing.eu\/comunicati\/wp-json\/wp\/v2\/posts"}],"about":[{"href":"https:\/\/www.article-marketing.eu\/comunicati\/wp-json\/wp\/v2\/types\/post"}],"author":[{"embeddable":true,"href":"https:\/\/www.article-marketing.eu\/comunicati\/wp-json\/wp\/v2\/users\/10"}],"replies":[{"embeddable":true,"href":"https:\/\/www.article-marketing.eu\/comunicati\/wp-json\/wp\/v2\/comments?post=24832"}],"version-history":[{"count":0,"href":"https:\/\/www.article-marketing.eu\/comunicati\/wp-json\/wp\/v2\/posts\/24832\/revisions"}],"wp:attachment":[{"href":"https:\/\/www.article-marketing.eu\/comunicati\/wp-json\/wp\/v2\/media?parent=24832"}],"wp:term":[{"taxonomy":"category","embeddable":true,"href":"https:\/\/www.article-marketing.eu\/comunicati\/wp-json\/wp\/v2\/categories?post=24832"},{"taxonomy":"post_tag","embeddable":true,"href":"https:\/\/www.article-marketing.eu\/comunicati\/wp-json\/wp\/v2\/tags?post=24832"}],"curies":[{"name":"wp","href":"https:\/\/api.w.org\/{rel}","templated":true}]}}