{"id":2494,"date":"2009-07-28T15:43:11","date_gmt":"2009-07-28T13:43:11","guid":{"rendered":"http:\/\/www.article-marketing.eu\/comunicati\/senza-categoria\/roma-notti-animate-sulle-terrazze-di-castel-santangelo-1-luglio-30-agosto-2009\/"},"modified":"2009-07-28T15:43:11","modified_gmt":"2009-07-28T13:43:11","slug":"roma-notti-animate-sulle-terrazze-di-castel-santangelo-1-luglio-30-agosto-2009","status":"publish","type":"post","link":"https:\/\/www.article-marketing.eu\/comunicati\/comunicati-stampa\/eventi\/roma-notti-animate-sulle-terrazze-di-castel-santangelo-1-luglio-30-agosto-2009\/","title":{"rendered":"Roma: Notti animate sulle terrazze di Castel Sant\u2019Angelo, 1 Luglio \u2013 30 Agosto 2009"},"content":{"rendered":"<p>Oggigiorno Castel Sant\u2019Angelo \u00e8 una meta irrinunciabile per tutti i turisti in viaggio a Roma, soprattutto in estate, quando lo splendido scenario in cui sorge fa da cornice ad uno degli eventi pi\u00f9 amati dell\u2019estate romana, \u201cNotti animate sulle terrazze di Castel Sant\u2019Angelo\u201d. La manifestazione, che si svolge per gran parte dell\u2019estate (quest\u2019anno avr\u00e0 luogo tra il primo luglio e il 30 agosto) \u00e8 un calderone di attivit\u00e0 varie e interessanti, che includono musica dal vivo, cabaret, spettacoli di magia, intrattenimento per bambini, mostre, mostre mercato e altro ancora. Una serie di eventi che ogni sera convince i romani a lasciare le loro case e i turisti i propri <a href=\"http:\/\/it.flashbooking.com\/navigation\/europa_italia_roma_hotel---_all.html\">hotel economici a Roma<\/a> per immergersi in un\u2019allegra atmosfera di festa in uno scenario meraviglioso. <\/p>\n<p>Ogni sera \u00e8 previsto un concerto di musica dal vivo: a farla da padrona sar\u00e0 la musica etnica e folk, di tutti i tipi, dalla musica celtica a quella balcanica, dalla tradizione del Sud Italia a quella dell\u2019Europa centrale, senza dimenticare, ovviamente, quella romanesca. Da segnalare, in particolare, tra i tanti eventi in programma, i concerti della cantante pugliese, ma romana d\u2019adozione, Barbara Eramo, della Irish Street Band, che proporr\u00e0 musica celtica e ritmi tradizionali irlandesi, e dei Ritmia, un gruppo che percorre un vero e proprio viaggio sonoro attraverso le diverse tradizioni musicali e folcloristiche delle varie regioni italiane. <\/p>\n<p>Se invece avete voglia di farvi qualche risata potete assistere ad uno spettacolo di teatro comico: vari artisti e comici si esibiranno in gag di vario genere, passando dal cabaret all\u2019intrattenimento umoristico surreale al nonsense. Molti sono anche gli appuntamenti pensati appositamente per i bambini, che non mancheranno per\u00f2 di entusiasmare anche i pi\u00f9 grandicelli. Clown, giocolieri, trampolieri, prestigiatori e artisti di strada attireranno sicuramente l\u2019attenzione dei bimbi e dei loro genitori, che saranno catapultati in un mondo magico e fantastico. <\/p>\n<p>Tra uno spettacolo e l\u2019altro sar\u00e0 inoltre possibile visitare una mostra di artigianato romano, un\u2019occasione unica per scoprire i prodotti artigianali locali, dalle pelli alle ceramiche, dal vetro all\u2019oreficeria, senza dimenticare l\u2019enogastronomia di qualit\u00e0. Un\u2019ampia mostra mercato vi dar\u00e0 inoltre la possibilit\u00e0 di curiosare tra vari stand di abiti e altri oggetti vintage, antiquariato, gioielli, arte e molto altro: prendendo in affitto monolocali a Roma e partecipando all\u2019evento avrete sicuramente modo di acquistare dei prodotti e degli oggetti unici. <\/p>\n<p>Nella remota ipotesi che non siate interessati n\u00e9 alla musica dal vivo, n\u00e9 agli spettacoli comici e di magia, n\u00e9 alle mostre e alle mostre mercato, sappiate che \u201cNotti animate sulle terrazze di Castel Sant\u2019Angelo\u201d \u00e8 un evento imperdibile per il solo fatto che per l\u2019occasione vengono aperti al pubblico alcuni spazi che di solito non sono accessibili di sera: avrete dunque modo di visitare la Sala Paolina, le Carceri Storiche, l\u2019Armeria e il Passetto di Borgo con delle luci e un\u2019atmosfera particolarmente suggestive. <\/p>\n<p>Biglietti: intero 10 euro, ridotto 8 euro <br \/>Date: 1 Luglio \u2013 30 Agosto 2009 <br \/>Dove: Castel Sant\u2019Angelo, Roma Italia<\/p>\n","protected":false},"excerpt":{"rendered":"<p>Castel Sant\u2019Angelo \u00e8 uno dei monumenti pi\u00f9 conosciuti e rappresentativi di Roma, e per secoli ha accompagnato la storia della citt\u00e0 trasformandosi di volta in volta in monumento funerario, carcere, avamposto fortificato, dimora rinascimentale e museo.<\/p>\n","protected":false},"author":10,"featured_media":0,"comment_status":"open","ping_status":"open","sticky":false,"template":"","format":"standard","meta":{"cybocfi_hide_featured_image":"","footnotes":""},"categories":[388],"tags":[8165,8168,8169,5669,8167,8166,251,16,1468],"class_list":["post-2494","post","type-post","status-publish","format-standard","hentry","category-eventi","tag-castel-santangelo","tag-intrattenimento-per-bambini","tag-magia","tag-musica-dal-vivo","tag-musica-folk","tag-notti-animate-sulle-terrazze-di-castel-santangelo","tag-roma","tag-spettacolo","tag-teatro"],"yoast_head":"<!-- This site is optimized with the Yoast SEO plugin v27.0 - https:\/\/yoast.com\/product\/yoast-seo-wordpress\/ -->\n<title>Roma: Notti animate sulle terrazze di Castel Sant\u2019Angelo, 1 Luglio \u2013 30 Agosto 2009 - Article Marketing<\/title>\n<meta name=\"robots\" content=\"index, follow, max-snippet:-1, max-image-preview:large, max-video-preview:-1\" \/>\n<link rel=\"canonical\" href=\"https:\/\/www.article-marketing.eu\/comunicati\/comunicati-stampa\/eventi\/roma-notti-animate-sulle-terrazze-di-castel-santangelo-1-luglio-30-agosto-2009\/\" \/>\n<meta property=\"og:locale\" content=\"it_IT\" \/>\n<meta property=\"og:type\" content=\"article\" \/>\n<meta property=\"og:title\" content=\"Roma: Notti animate sulle terrazze di Castel Sant\u2019Angelo, 1 Luglio \u2013 30 Agosto 2009 - Article Marketing\" \/>\n<meta property=\"og:description\" content=\"Castel Sant\u2019Angelo \u00e8 uno dei monumenti pi\u00f9 conosciuti e rappresentativi di Roma, e per secoli ha accompagnato la storia della citt\u00e0 trasformandosi di volta in volta in monumento funerario, carcere, avamposto fortificato, dimora rinascimentale e museo.\" \/>\n<meta property=\"og:url\" content=\"https:\/\/www.article-marketing.eu\/comunicati\/comunicati-stampa\/eventi\/roma-notti-animate-sulle-terrazze-di-castel-santangelo-1-luglio-30-agosto-2009\/\" \/>\n<meta property=\"og:site_name\" content=\"Article Marketing\" \/>\n<meta property=\"article:published_time\" content=\"2009-07-28T13:43:11+00:00\" \/>\n<meta name=\"author\" content=\"Redazione Comunicati Stampa\" \/>\n<meta name=\"twitter:card\" content=\"summary_large_image\" \/>\n<meta name=\"twitter:label1\" content=\"Scritto da\" \/>\n\t<meta name=\"twitter:data1\" content=\"Redazione Comunicati Stampa\" \/>\n\t<meta name=\"twitter:label2\" content=\"Tempo di lettura stimato\" \/>\n\t<meta name=\"twitter:data2\" content=\"2 minuti\" \/>\n<script type=\"application\/ld+json\" class=\"yoast-schema-graph\">{\"@context\":\"https:\/\/schema.org\",\"@graph\":[{\"@type\":\"Article\",\"@id\":\"https:\/\/www.article-marketing.eu\/comunicati\/comunicati-stampa\/eventi\/roma-notti-animate-sulle-terrazze-di-castel-santangelo-1-luglio-30-agosto-2009\/#article\",\"isPartOf\":{\"@id\":\"https:\/\/www.article-marketing.eu\/comunicati\/comunicati-stampa\/eventi\/roma-notti-animate-sulle-terrazze-di-castel-santangelo-1-luglio-30-agosto-2009\/\"},\"author\":{\"name\":\"Redazione Comunicati Stampa\",\"@id\":\"https:\/\/www.article-marketing.eu\/comunicati\/#\/schema\/person\/44372e4d4d0fa797b18e03ed1ace9017\"},\"headline\":\"Roma: Notti animate sulle terrazze di Castel Sant\u2019Angelo, 1 Luglio \u2013 30 Agosto 2009\",\"datePublished\":\"2009-07-28T13:43:11+00:00\",\"mainEntityOfPage\":{\"@id\":\"https:\/\/www.article-marketing.eu\/comunicati\/comunicati-stampa\/eventi\/roma-notti-animate-sulle-terrazze-di-castel-santangelo-1-luglio-30-agosto-2009\/\"},\"wordCount\":508,\"commentCount\":0,\"keywords\":[\"Castel Sant'Angelo\",\"intrattenimento per bambini\",\"magia\",\"musica dal vivo\",\"musica folk\",\"Notti animate sulle terrazze di Castel Sant'Angelo\",\"roma\",\"spettacolo\",\"teatro\"],\"articleSection\":[\"Eventi\"],\"inLanguage\":\"it-IT\",\"potentialAction\":[{\"@type\":\"CommentAction\",\"name\":\"Comment\",\"target\":[\"https:\/\/www.article-marketing.eu\/comunicati\/comunicati-stampa\/eventi\/roma-notti-animate-sulle-terrazze-di-castel-santangelo-1-luglio-30-agosto-2009\/#respond\"]}]},{\"@type\":\"WebPage\",\"@id\":\"https:\/\/www.article-marketing.eu\/comunicati\/comunicati-stampa\/eventi\/roma-notti-animate-sulle-terrazze-di-castel-santangelo-1-luglio-30-agosto-2009\/\",\"url\":\"https:\/\/www.article-marketing.eu\/comunicati\/comunicati-stampa\/eventi\/roma-notti-animate-sulle-terrazze-di-castel-santangelo-1-luglio-30-agosto-2009\/\",\"name\":\"Roma: Notti animate sulle terrazze di Castel Sant\u2019Angelo, 1 Luglio \u2013 30 Agosto 2009 - Article Marketing\",\"isPartOf\":{\"@id\":\"https:\/\/www.article-marketing.eu\/comunicati\/#website\"},\"datePublished\":\"2009-07-28T13:43:11+00:00\",\"author\":{\"@id\":\"https:\/\/www.article-marketing.eu\/comunicati\/#\/schema\/person\/44372e4d4d0fa797b18e03ed1ace9017\"},\"breadcrumb\":{\"@id\":\"https:\/\/www.article-marketing.eu\/comunicati\/comunicati-stampa\/eventi\/roma-notti-animate-sulle-terrazze-di-castel-santangelo-1-luglio-30-agosto-2009\/#breadcrumb\"},\"inLanguage\":\"it-IT\",\"potentialAction\":[{\"@type\":\"ReadAction\",\"target\":[\"https:\/\/www.article-marketing.eu\/comunicati\/comunicati-stampa\/eventi\/roma-notti-animate-sulle-terrazze-di-castel-santangelo-1-luglio-30-agosto-2009\/\"]}]},{\"@type\":\"BreadcrumbList\",\"@id\":\"https:\/\/www.article-marketing.eu\/comunicati\/comunicati-stampa\/eventi\/roma-notti-animate-sulle-terrazze-di-castel-santangelo-1-luglio-30-agosto-2009\/#breadcrumb\",\"itemListElement\":[{\"@type\":\"ListItem\",\"position\":1,\"name\":\"Home\",\"item\":\"https:\/\/www.article-marketing.eu\/comunicati\/\"},{\"@type\":\"ListItem\",\"position\":2,\"name\":\"Roma: Notti animate sulle terrazze di Castel Sant\u2019Angelo, 1 Luglio \u2013 30 Agosto 2009\"}]},{\"@type\":\"WebSite\",\"@id\":\"https:\/\/www.article-marketing.eu\/comunicati\/#website\",\"url\":\"https:\/\/www.article-marketing.eu\/comunicati\/\",\"name\":\"Article Marketing\",\"description\":\"article marketing &amp; press release\",\"potentialAction\":[{\"@type\":\"SearchAction\",\"target\":{\"@type\":\"EntryPoint\",\"urlTemplate\":\"https:\/\/www.article-marketing.eu\/comunicati\/?s={search_term_string}\"},\"query-input\":{\"@type\":\"PropertyValueSpecification\",\"valueRequired\":true,\"valueName\":\"search_term_string\"}}],\"inLanguage\":\"it-IT\"},{\"@type\":\"Person\",\"@id\":\"https:\/\/www.article-marketing.eu\/comunicati\/#\/schema\/person\/44372e4d4d0fa797b18e03ed1ace9017\",\"name\":\"Redazione Comunicati Stampa\",\"image\":{\"@type\":\"ImageObject\",\"inLanguage\":\"it-IT\",\"@id\":\"https:\/\/www.article-marketing.eu\/comunicati\/#\/schema\/person\/image\/\",\"url\":\"https:\/\/secure.gravatar.com\/avatar\/50e5c6421d3072f42e7ace803501602c60d75233d34e29fd05feb91c8760b792?s=96&d=mm&r=g\",\"contentUrl\":\"https:\/\/secure.gravatar.com\/avatar\/50e5c6421d3072f42e7ace803501602c60d75233d34e29fd05feb91c8760b792?s=96&d=mm&r=g\",\"caption\":\"Redazione Comunicati Stampa\"},\"url\":\"https:\/\/www.article-marketing.eu\/comunicati\/author\/redazione-comunicati-stampa\/\"}]}<\/script>\n<!-- \/ Yoast SEO plugin. -->","yoast_head_json":{"title":"Roma: Notti animate sulle terrazze di Castel Sant\u2019Angelo, 1 Luglio \u2013 30 Agosto 2009 - Article Marketing","robots":{"index":"index","follow":"follow","max-snippet":"max-snippet:-1","max-image-preview":"max-image-preview:large","max-video-preview":"max-video-preview:-1"},"canonical":"https:\/\/www.article-marketing.eu\/comunicati\/comunicati-stampa\/eventi\/roma-notti-animate-sulle-terrazze-di-castel-santangelo-1-luglio-30-agosto-2009\/","og_locale":"it_IT","og_type":"article","og_title":"Roma: Notti animate sulle terrazze di Castel Sant\u2019Angelo, 1 Luglio \u2013 30 Agosto 2009 - Article Marketing","og_description":"Castel Sant\u2019Angelo \u00e8 uno dei monumenti pi\u00f9 conosciuti e rappresentativi di Roma, e per secoli ha accompagnato la storia della citt\u00e0 trasformandosi di volta in volta in monumento funerario, carcere, avamposto fortificato, dimora rinascimentale e museo.","og_url":"https:\/\/www.article-marketing.eu\/comunicati\/comunicati-stampa\/eventi\/roma-notti-animate-sulle-terrazze-di-castel-santangelo-1-luglio-30-agosto-2009\/","og_site_name":"Article Marketing","article_published_time":"2009-07-28T13:43:11+00:00","author":"Redazione Comunicati Stampa","twitter_card":"summary_large_image","twitter_misc":{"Scritto da":"Redazione Comunicati Stampa","Tempo di lettura stimato":"2 minuti"},"schema":{"@context":"https:\/\/schema.org","@graph":[{"@type":"Article","@id":"https:\/\/www.article-marketing.eu\/comunicati\/comunicati-stampa\/eventi\/roma-notti-animate-sulle-terrazze-di-castel-santangelo-1-luglio-30-agosto-2009\/#article","isPartOf":{"@id":"https:\/\/www.article-marketing.eu\/comunicati\/comunicati-stampa\/eventi\/roma-notti-animate-sulle-terrazze-di-castel-santangelo-1-luglio-30-agosto-2009\/"},"author":{"name":"Redazione Comunicati Stampa","@id":"https:\/\/www.article-marketing.eu\/comunicati\/#\/schema\/person\/44372e4d4d0fa797b18e03ed1ace9017"},"headline":"Roma: Notti animate sulle terrazze di Castel Sant\u2019Angelo, 1 Luglio \u2013 30 Agosto 2009","datePublished":"2009-07-28T13:43:11+00:00","mainEntityOfPage":{"@id":"https:\/\/www.article-marketing.eu\/comunicati\/comunicati-stampa\/eventi\/roma-notti-animate-sulle-terrazze-di-castel-santangelo-1-luglio-30-agosto-2009\/"},"wordCount":508,"commentCount":0,"keywords":["Castel Sant'Angelo","intrattenimento per bambini","magia","musica dal vivo","musica folk","Notti animate sulle terrazze di Castel Sant'Angelo","roma","spettacolo","teatro"],"articleSection":["Eventi"],"inLanguage":"it-IT","potentialAction":[{"@type":"CommentAction","name":"Comment","target":["https:\/\/www.article-marketing.eu\/comunicati\/comunicati-stampa\/eventi\/roma-notti-animate-sulle-terrazze-di-castel-santangelo-1-luglio-30-agosto-2009\/#respond"]}]},{"@type":"WebPage","@id":"https:\/\/www.article-marketing.eu\/comunicati\/comunicati-stampa\/eventi\/roma-notti-animate-sulle-terrazze-di-castel-santangelo-1-luglio-30-agosto-2009\/","url":"https:\/\/www.article-marketing.eu\/comunicati\/comunicati-stampa\/eventi\/roma-notti-animate-sulle-terrazze-di-castel-santangelo-1-luglio-30-agosto-2009\/","name":"Roma: Notti animate sulle terrazze di Castel Sant\u2019Angelo, 1 Luglio \u2013 30 Agosto 2009 - Article Marketing","isPartOf":{"@id":"https:\/\/www.article-marketing.eu\/comunicati\/#website"},"datePublished":"2009-07-28T13:43:11+00:00","author":{"@id":"https:\/\/www.article-marketing.eu\/comunicati\/#\/schema\/person\/44372e4d4d0fa797b18e03ed1ace9017"},"breadcrumb":{"@id":"https:\/\/www.article-marketing.eu\/comunicati\/comunicati-stampa\/eventi\/roma-notti-animate-sulle-terrazze-di-castel-santangelo-1-luglio-30-agosto-2009\/#breadcrumb"},"inLanguage":"it-IT","potentialAction":[{"@type":"ReadAction","target":["https:\/\/www.article-marketing.eu\/comunicati\/comunicati-stampa\/eventi\/roma-notti-animate-sulle-terrazze-di-castel-santangelo-1-luglio-30-agosto-2009\/"]}]},{"@type":"BreadcrumbList","@id":"https:\/\/www.article-marketing.eu\/comunicati\/comunicati-stampa\/eventi\/roma-notti-animate-sulle-terrazze-di-castel-santangelo-1-luglio-30-agosto-2009\/#breadcrumb","itemListElement":[{"@type":"ListItem","position":1,"name":"Home","item":"https:\/\/www.article-marketing.eu\/comunicati\/"},{"@type":"ListItem","position":2,"name":"Roma: Notti animate sulle terrazze di Castel Sant\u2019Angelo, 1 Luglio \u2013 30 Agosto 2009"}]},{"@type":"WebSite","@id":"https:\/\/www.article-marketing.eu\/comunicati\/#website","url":"https:\/\/www.article-marketing.eu\/comunicati\/","name":"Article Marketing","description":"article marketing &amp; press release","potentialAction":[{"@type":"SearchAction","target":{"@type":"EntryPoint","urlTemplate":"https:\/\/www.article-marketing.eu\/comunicati\/?s={search_term_string}"},"query-input":{"@type":"PropertyValueSpecification","valueRequired":true,"valueName":"search_term_string"}}],"inLanguage":"it-IT"},{"@type":"Person","@id":"https:\/\/www.article-marketing.eu\/comunicati\/#\/schema\/person\/44372e4d4d0fa797b18e03ed1ace9017","name":"Redazione Comunicati Stampa","image":{"@type":"ImageObject","inLanguage":"it-IT","@id":"https:\/\/www.article-marketing.eu\/comunicati\/#\/schema\/person\/image\/","url":"https:\/\/secure.gravatar.com\/avatar\/50e5c6421d3072f42e7ace803501602c60d75233d34e29fd05feb91c8760b792?s=96&d=mm&r=g","contentUrl":"https:\/\/secure.gravatar.com\/avatar\/50e5c6421d3072f42e7ace803501602c60d75233d34e29fd05feb91c8760b792?s=96&d=mm&r=g","caption":"Redazione Comunicati Stampa"},"url":"https:\/\/www.article-marketing.eu\/comunicati\/author\/redazione-comunicati-stampa\/"}]}},"_links":{"self":[{"href":"https:\/\/www.article-marketing.eu\/comunicati\/wp-json\/wp\/v2\/posts\/2494","targetHints":{"allow":["GET"]}}],"collection":[{"href":"https:\/\/www.article-marketing.eu\/comunicati\/wp-json\/wp\/v2\/posts"}],"about":[{"href":"https:\/\/www.article-marketing.eu\/comunicati\/wp-json\/wp\/v2\/types\/post"}],"author":[{"embeddable":true,"href":"https:\/\/www.article-marketing.eu\/comunicati\/wp-json\/wp\/v2\/users\/10"}],"replies":[{"embeddable":true,"href":"https:\/\/www.article-marketing.eu\/comunicati\/wp-json\/wp\/v2\/comments?post=2494"}],"version-history":[{"count":0,"href":"https:\/\/www.article-marketing.eu\/comunicati\/wp-json\/wp\/v2\/posts\/2494\/revisions"}],"wp:attachment":[{"href":"https:\/\/www.article-marketing.eu\/comunicati\/wp-json\/wp\/v2\/media?parent=2494"}],"wp:term":[{"taxonomy":"category","embeddable":true,"href":"https:\/\/www.article-marketing.eu\/comunicati\/wp-json\/wp\/v2\/categories?post=2494"},{"taxonomy":"post_tag","embeddable":true,"href":"https:\/\/www.article-marketing.eu\/comunicati\/wp-json\/wp\/v2\/tags?post=2494"}],"curies":[{"name":"wp","href":"https:\/\/api.w.org\/{rel}","templated":true}]}}