{"id":2505,"date":"2009-07-30T18:36:58","date_gmt":"2009-07-30T16:36:58","guid":{"rendered":"http:\/\/www.article-marketing.eu\/comunicati\/senza-categoria\/nissan-san-teodoro-e-vento-2009\/"},"modified":"2009-07-30T18:36:58","modified_gmt":"2009-07-30T16:36:58","slug":"nissan-san-teodoro-e-vento-2009","status":"publish","type":"post","link":"https:\/\/www.article-marketing.eu\/comunicati\/salute-e-benessere\/sport\/nissan-san-teodoro-e-vento-2009\/","title":{"rendered":"NISSAN SAN TEODORO E&#8230;VENTO 2009"},"content":{"rendered":"<p align=\"center\" class=\" \" style=\"TEXT-ALIGN: center\">Anche quest\u2019anno, il 17,18,19 e 20 settembre 2009 verranno riaperte le porte del \u201c<em>Surf Village\u201d<\/em>, l\u2019 area che trasformer\u00e0 \u201cla cinta\u201d, l\u2019arenile pi\u00f9 famoso di San Teodoro, in un vero e proprio habitat naturale per tutti gli amanti del wind e kite surf. Gazebo, gonfiabili, palchi, strutture sportive e tenso-strutture con la funzione di &quot;box&quot; per i diversi team e di rimessaggio delle attrezzature per le aziende espositrici, saranno lo scenario ideale per godersi un fine settimana all\u2019insegna dello sport.<\/p>\n<p align=\"center\" class=\" \" style=\"TEXT-ALIGN: center\">Anche per la quarta edizione il cartellone sar\u00e0 ricco di sorprese. Oltre al programma agonistico, in cui si confronteranno i pi\u00f9 grandi campioni internazionali e tutti gli amatori del kite e wind surf che vorranno partecipare alle gare di in &amp; out e match race, \u00e8 previsto un ancora pi\u00f9 ricco programma di intrattenimento che accompagner\u00e0 i partecipanti a suon di musica, surfparty, shows e tanto divertimento.<\/p>\n<p align=\"center\" class=\" \" style=\"TEXT-ALIGN: center\">Novit\u00e0 del 2009 la&nbsp;<strong>NISSAN-RRD OneHour&nbsp;<\/strong>la long distance&nbsp;pi\u00f9 attesa dell\u2019anno. Obiettivo della gara sar\u00e0 quello di competere contro tutti gli altri riders iscritti, ma prima di tutto contro se stessi, in un\u2019 estenuante ora di corsa sullo splendido scenario della Spiaggia de La Cinta e l\u2019isola di Tavolara, per mettere alla prova resistenza e velocit\u00e0 alla ricerca del proprio record personale. <\/p>\n<p align=\"center\" class=\" \" style=\"TEXT-ALIGN: center\">Accade ormai da tre anni. Quando l\u2019estate sembra volgere al termine, prende vita un mix esplosivo di sport, natura ed entertainment che fa riesplodere la bella stagione.&nbsp;<\/p>\n<p align=\"center\" class=\" \" style=\"TEXT-ALIGN: center\">&nbsp;&nbsp;<\/p>\n<p align=\"center\" class=\" \" style=\"TEXT-ALIGN: center\">\n<p align=\"center\" class=\" \" style=\"TEXT-ALIGN: center\">Accade ormai da tre anni. Quando l\u2019estate sembra volgere al termine, prende vita un mix esplosivo di sport, natura ed entertainment che fa riesplodere la bella stagione.<\/p>\n","protected":false},"excerpt":{"rendered":"<p>E\u2019 ufficiale: torna a Settembre il NISSAN San Teodoro E\u2026vento!<br \/>\nConfermata la quarta edizione dell\u2019evento pi\u00f9 atteso dagli amanti del Kite e Windsurf<\/p>\n","protected":false},"author":10,"featured_media":0,"comment_status":"open","ping_status":"open","sticky":false,"template":"","format":"standard","meta":{"cybocfi_hide_featured_image":"","footnotes":""},"categories":[10],"tags":[456,8202,5801,1086,4,8203],"class_list":["post-2505","post","type-post","status-publish","format-standard","hentry","category-sport","tag-eventi","tag-kitesurf","tag-san-teodoro","tag-sardegna","tag-viaggi","tag-windsurf"],"yoast_head":"<!-- This site is optimized with the Yoast SEO plugin v27.0 - https:\/\/yoast.com\/product\/yoast-seo-wordpress\/ -->\n<title>NISSAN SAN TEODORO E...VENTO 2009 - Article Marketing<\/title>\n<meta name=\"robots\" content=\"index, follow, max-snippet:-1, max-image-preview:large, max-video-preview:-1\" \/>\n<link rel=\"canonical\" href=\"https:\/\/www.article-marketing.eu\/comunicati\/salute-e-benessere\/sport\/nissan-san-teodoro-e-vento-2009\/\" \/>\n<meta property=\"og:locale\" content=\"it_IT\" \/>\n<meta property=\"og:type\" content=\"article\" \/>\n<meta property=\"og:title\" content=\"NISSAN SAN TEODORO E...VENTO 2009 - Article Marketing\" \/>\n<meta property=\"og:description\" content=\"E\u2019 ufficiale: torna a Settembre il NISSAN San Teodoro E\u2026vento! Confermata la quarta edizione dell\u2019evento pi\u00f9 atteso dagli amanti del Kite e Windsurf\" \/>\n<meta property=\"og:url\" content=\"https:\/\/www.article-marketing.eu\/comunicati\/salute-e-benessere\/sport\/nissan-san-teodoro-e-vento-2009\/\" \/>\n<meta property=\"og:site_name\" content=\"Article Marketing\" \/>\n<meta property=\"article:published_time\" content=\"2009-07-30T16:36:58+00:00\" \/>\n<meta name=\"author\" content=\"Redazione Comunicati Stampa\" \/>\n<meta name=\"twitter:card\" content=\"summary_large_image\" \/>\n<meta name=\"twitter:label1\" content=\"Scritto da\" \/>\n\t<meta name=\"twitter:data1\" content=\"Redazione Comunicati Stampa\" \/>\n\t<meta name=\"twitter:label2\" content=\"Tempo di lettura stimato\" \/>\n\t<meta name=\"twitter:data2\" content=\"1 minuto\" \/>\n<script type=\"application\/ld+json\" class=\"yoast-schema-graph\">{\"@context\":\"https:\/\/schema.org\",\"@graph\":[{\"@type\":\"Article\",\"@id\":\"https:\/\/www.article-marketing.eu\/comunicati\/salute-e-benessere\/sport\/nissan-san-teodoro-e-vento-2009\/#article\",\"isPartOf\":{\"@id\":\"https:\/\/www.article-marketing.eu\/comunicati\/salute-e-benessere\/sport\/nissan-san-teodoro-e-vento-2009\/\"},\"author\":{\"name\":\"Redazione Comunicati Stampa\",\"@id\":\"https:\/\/www.article-marketing.eu\/comunicati\/#\/schema\/person\/44372e4d4d0fa797b18e03ed1ace9017\"},\"headline\":\"NISSAN SAN TEODORO E&#8230;VENTO 2009\",\"datePublished\":\"2009-07-30T16:36:58+00:00\",\"mainEntityOfPage\":{\"@id\":\"https:\/\/www.article-marketing.eu\/comunicati\/salute-e-benessere\/sport\/nissan-san-teodoro-e-vento-2009\/\"},\"wordCount\":279,\"commentCount\":0,\"keywords\":[\"eventi\",\"kitesurf\",\"san teodoro\",\"sardegna\",\"viaggi\",\"windsurf\"],\"articleSection\":[\"Sport\"],\"inLanguage\":\"it-IT\",\"potentialAction\":[{\"@type\":\"CommentAction\",\"name\":\"Comment\",\"target\":[\"https:\/\/www.article-marketing.eu\/comunicati\/salute-e-benessere\/sport\/nissan-san-teodoro-e-vento-2009\/#respond\"]}]},{\"@type\":\"WebPage\",\"@id\":\"https:\/\/www.article-marketing.eu\/comunicati\/salute-e-benessere\/sport\/nissan-san-teodoro-e-vento-2009\/\",\"url\":\"https:\/\/www.article-marketing.eu\/comunicati\/salute-e-benessere\/sport\/nissan-san-teodoro-e-vento-2009\/\",\"name\":\"NISSAN SAN TEODORO E...VENTO 2009 - Article Marketing\",\"isPartOf\":{\"@id\":\"https:\/\/www.article-marketing.eu\/comunicati\/#website\"},\"datePublished\":\"2009-07-30T16:36:58+00:00\",\"author\":{\"@id\":\"https:\/\/www.article-marketing.eu\/comunicati\/#\/schema\/person\/44372e4d4d0fa797b18e03ed1ace9017\"},\"breadcrumb\":{\"@id\":\"https:\/\/www.article-marketing.eu\/comunicati\/salute-e-benessere\/sport\/nissan-san-teodoro-e-vento-2009\/#breadcrumb\"},\"inLanguage\":\"it-IT\",\"potentialAction\":[{\"@type\":\"ReadAction\",\"target\":[\"https:\/\/www.article-marketing.eu\/comunicati\/salute-e-benessere\/sport\/nissan-san-teodoro-e-vento-2009\/\"]}]},{\"@type\":\"BreadcrumbList\",\"@id\":\"https:\/\/www.article-marketing.eu\/comunicati\/salute-e-benessere\/sport\/nissan-san-teodoro-e-vento-2009\/#breadcrumb\",\"itemListElement\":[{\"@type\":\"ListItem\",\"position\":1,\"name\":\"Home\",\"item\":\"https:\/\/www.article-marketing.eu\/comunicati\/\"},{\"@type\":\"ListItem\",\"position\":2,\"name\":\"NISSAN SAN TEODORO E&#8230;VENTO 2009\"}]},{\"@type\":\"WebSite\",\"@id\":\"https:\/\/www.article-marketing.eu\/comunicati\/#website\",\"url\":\"https:\/\/www.article-marketing.eu\/comunicati\/\",\"name\":\"Article Marketing\",\"description\":\"article marketing &amp; press release\",\"potentialAction\":[{\"@type\":\"SearchAction\",\"target\":{\"@type\":\"EntryPoint\",\"urlTemplate\":\"https:\/\/www.article-marketing.eu\/comunicati\/?s={search_term_string}\"},\"query-input\":{\"@type\":\"PropertyValueSpecification\",\"valueRequired\":true,\"valueName\":\"search_term_string\"}}],\"inLanguage\":\"it-IT\"},{\"@type\":\"Person\",\"@id\":\"https:\/\/www.article-marketing.eu\/comunicati\/#\/schema\/person\/44372e4d4d0fa797b18e03ed1ace9017\",\"name\":\"Redazione Comunicati Stampa\",\"image\":{\"@type\":\"ImageObject\",\"inLanguage\":\"it-IT\",\"@id\":\"https:\/\/www.article-marketing.eu\/comunicati\/#\/schema\/person\/image\/\",\"url\":\"https:\/\/secure.gravatar.com\/avatar\/50e5c6421d3072f42e7ace803501602c60d75233d34e29fd05feb91c8760b792?s=96&d=mm&r=g\",\"contentUrl\":\"https:\/\/secure.gravatar.com\/avatar\/50e5c6421d3072f42e7ace803501602c60d75233d34e29fd05feb91c8760b792?s=96&d=mm&r=g\",\"caption\":\"Redazione Comunicati Stampa\"},\"url\":\"https:\/\/www.article-marketing.eu\/comunicati\/author\/redazione-comunicati-stampa\/\"}]}<\/script>\n<!-- \/ Yoast SEO plugin. -->","yoast_head_json":{"title":"NISSAN SAN TEODORO E...VENTO 2009 - Article Marketing","robots":{"index":"index","follow":"follow","max-snippet":"max-snippet:-1","max-image-preview":"max-image-preview:large","max-video-preview":"max-video-preview:-1"},"canonical":"https:\/\/www.article-marketing.eu\/comunicati\/salute-e-benessere\/sport\/nissan-san-teodoro-e-vento-2009\/","og_locale":"it_IT","og_type":"article","og_title":"NISSAN SAN TEODORO E...VENTO 2009 - Article Marketing","og_description":"E\u2019 ufficiale: torna a Settembre il NISSAN San Teodoro E\u2026vento! Confermata la quarta edizione dell\u2019evento pi\u00f9 atteso dagli amanti del Kite e Windsurf","og_url":"https:\/\/www.article-marketing.eu\/comunicati\/salute-e-benessere\/sport\/nissan-san-teodoro-e-vento-2009\/","og_site_name":"Article Marketing","article_published_time":"2009-07-30T16:36:58+00:00","author":"Redazione Comunicati Stampa","twitter_card":"summary_large_image","twitter_misc":{"Scritto da":"Redazione Comunicati Stampa","Tempo di lettura stimato":"1 minuto"},"schema":{"@context":"https:\/\/schema.org","@graph":[{"@type":"Article","@id":"https:\/\/www.article-marketing.eu\/comunicati\/salute-e-benessere\/sport\/nissan-san-teodoro-e-vento-2009\/#article","isPartOf":{"@id":"https:\/\/www.article-marketing.eu\/comunicati\/salute-e-benessere\/sport\/nissan-san-teodoro-e-vento-2009\/"},"author":{"name":"Redazione Comunicati Stampa","@id":"https:\/\/www.article-marketing.eu\/comunicati\/#\/schema\/person\/44372e4d4d0fa797b18e03ed1ace9017"},"headline":"NISSAN SAN TEODORO E&#8230;VENTO 2009","datePublished":"2009-07-30T16:36:58+00:00","mainEntityOfPage":{"@id":"https:\/\/www.article-marketing.eu\/comunicati\/salute-e-benessere\/sport\/nissan-san-teodoro-e-vento-2009\/"},"wordCount":279,"commentCount":0,"keywords":["eventi","kitesurf","san teodoro","sardegna","viaggi","windsurf"],"articleSection":["Sport"],"inLanguage":"it-IT","potentialAction":[{"@type":"CommentAction","name":"Comment","target":["https:\/\/www.article-marketing.eu\/comunicati\/salute-e-benessere\/sport\/nissan-san-teodoro-e-vento-2009\/#respond"]}]},{"@type":"WebPage","@id":"https:\/\/www.article-marketing.eu\/comunicati\/salute-e-benessere\/sport\/nissan-san-teodoro-e-vento-2009\/","url":"https:\/\/www.article-marketing.eu\/comunicati\/salute-e-benessere\/sport\/nissan-san-teodoro-e-vento-2009\/","name":"NISSAN SAN TEODORO E...VENTO 2009 - Article Marketing","isPartOf":{"@id":"https:\/\/www.article-marketing.eu\/comunicati\/#website"},"datePublished":"2009-07-30T16:36:58+00:00","author":{"@id":"https:\/\/www.article-marketing.eu\/comunicati\/#\/schema\/person\/44372e4d4d0fa797b18e03ed1ace9017"},"breadcrumb":{"@id":"https:\/\/www.article-marketing.eu\/comunicati\/salute-e-benessere\/sport\/nissan-san-teodoro-e-vento-2009\/#breadcrumb"},"inLanguage":"it-IT","potentialAction":[{"@type":"ReadAction","target":["https:\/\/www.article-marketing.eu\/comunicati\/salute-e-benessere\/sport\/nissan-san-teodoro-e-vento-2009\/"]}]},{"@type":"BreadcrumbList","@id":"https:\/\/www.article-marketing.eu\/comunicati\/salute-e-benessere\/sport\/nissan-san-teodoro-e-vento-2009\/#breadcrumb","itemListElement":[{"@type":"ListItem","position":1,"name":"Home","item":"https:\/\/www.article-marketing.eu\/comunicati\/"},{"@type":"ListItem","position":2,"name":"NISSAN SAN TEODORO E&#8230;VENTO 2009"}]},{"@type":"WebSite","@id":"https:\/\/www.article-marketing.eu\/comunicati\/#website","url":"https:\/\/www.article-marketing.eu\/comunicati\/","name":"Article Marketing","description":"article marketing &amp; press release","potentialAction":[{"@type":"SearchAction","target":{"@type":"EntryPoint","urlTemplate":"https:\/\/www.article-marketing.eu\/comunicati\/?s={search_term_string}"},"query-input":{"@type":"PropertyValueSpecification","valueRequired":true,"valueName":"search_term_string"}}],"inLanguage":"it-IT"},{"@type":"Person","@id":"https:\/\/www.article-marketing.eu\/comunicati\/#\/schema\/person\/44372e4d4d0fa797b18e03ed1ace9017","name":"Redazione Comunicati Stampa","image":{"@type":"ImageObject","inLanguage":"it-IT","@id":"https:\/\/www.article-marketing.eu\/comunicati\/#\/schema\/person\/image\/","url":"https:\/\/secure.gravatar.com\/avatar\/50e5c6421d3072f42e7ace803501602c60d75233d34e29fd05feb91c8760b792?s=96&d=mm&r=g","contentUrl":"https:\/\/secure.gravatar.com\/avatar\/50e5c6421d3072f42e7ace803501602c60d75233d34e29fd05feb91c8760b792?s=96&d=mm&r=g","caption":"Redazione Comunicati Stampa"},"url":"https:\/\/www.article-marketing.eu\/comunicati\/author\/redazione-comunicati-stampa\/"}]}},"_links":{"self":[{"href":"https:\/\/www.article-marketing.eu\/comunicati\/wp-json\/wp\/v2\/posts\/2505","targetHints":{"allow":["GET"]}}],"collection":[{"href":"https:\/\/www.article-marketing.eu\/comunicati\/wp-json\/wp\/v2\/posts"}],"about":[{"href":"https:\/\/www.article-marketing.eu\/comunicati\/wp-json\/wp\/v2\/types\/post"}],"author":[{"embeddable":true,"href":"https:\/\/www.article-marketing.eu\/comunicati\/wp-json\/wp\/v2\/users\/10"}],"replies":[{"embeddable":true,"href":"https:\/\/www.article-marketing.eu\/comunicati\/wp-json\/wp\/v2\/comments?post=2505"}],"version-history":[{"count":0,"href":"https:\/\/www.article-marketing.eu\/comunicati\/wp-json\/wp\/v2\/posts\/2505\/revisions"}],"wp:attachment":[{"href":"https:\/\/www.article-marketing.eu\/comunicati\/wp-json\/wp\/v2\/media?parent=2505"}],"wp:term":[{"taxonomy":"category","embeddable":true,"href":"https:\/\/www.article-marketing.eu\/comunicati\/wp-json\/wp\/v2\/categories?post=2505"},{"taxonomy":"post_tag","embeddable":true,"href":"https:\/\/www.article-marketing.eu\/comunicati\/wp-json\/wp\/v2\/tags?post=2505"}],"curies":[{"name":"wp","href":"https:\/\/api.w.org\/{rel}","templated":true}]}}