{"id":2506,"date":"2009-07-30T20:09:00","date_gmt":"2009-07-30T18:09:00","guid":{"rendered":"http:\/\/www.article-marketing.eu\/comunicati\/senza-categoria\/intervista-claudio-smiraglia-sullesperimento-di-protezione-attiva-del-ghiacciaio-dosde\/"},"modified":"2018-06-04T20:18:54","modified_gmt":"2018-06-04T18:18:54","slug":"intervista-claudio-smiraglia-sullesperimento-di-protezione-attiva-del-ghiacciaio-dosde","status":"publish","type":"post","link":"https:\/\/www.article-marketing.eu\/comunicati\/ambiente\/natura\/intervista-claudio-smiraglia-sullesperimento-di-protezione-attiva-del-ghiacciaio-dosde\/","title":{"rendered":"Intervista Claudio Smiraglia, sull&#8217;esperimento di protezione attiva del ghiacciaio Dosd\u00e8"},"content":{"rendered":"<p>\n <em>Con la nuova posa di tessuto geotessile sul Ghiacciao del Dosd\u00e8 si<br \/>\n\u00e8 aperto il terzo anno di collaborazione tra l&#8217;Universit\u00e0 degli Studi<br \/>\ndi Milano e Levissima. E\u2019 l\u2019occasione per farci raccontare dal<br \/>\nprofessor Smiraglia, responsabile del progetto, lo stato di salute del<br \/>\nghiacciaio e la storia di una \u201cpreziosa collaborazione\u201d dal principio.<\/em><\/p>\n<p>La<br \/>\ncollaborazione fra l&#8217;Universit\u00e0 degli Studi di Milano e Levissima \u00e8<br \/>\nnata da un&#8217;idea comune, che \u00e8 quella dell&#8217;acqua. Il nostro gruppo di<br \/>\nricerca si occupa di acqua allo stato solido, cio\u00e8 di ghiacciai,<br \/>\nattraverso lo studio delle loro caratteristiche e delle loro<br \/>\nvariazioni, mentre Levissima \u00e8 una <em>top brand<\/em> dell&#8217;acqua. A<br \/>\nnoi era stato chiesto di trovare un settore glaciale su cui fare delle<br \/>\nricerche che portassero un contributo a quello che \u00e8 uno dei grandi<br \/>\ntemi dominanti della ricerca ambientale, cio\u00e8 il ritiro e il collasso<br \/>\ndei ghiacciai alpini e di indagare le motivazioni di questo fenomeno:<br \/>\nabbiamo scelto un ghiacciaio, su cui il nostro gruppo di Milano stava<br \/>\nlavorando gi\u00e0 da molti anni, il Ghiacciaio di Dosd\u00e8 Orientale, nel<br \/>\nGruppo Piazzi Dosd\u00e8, gruppo che poi \u00e8 interessato anche direttamente<br \/>\ndalle sorgenti Levissima. Questo ha portato ad una collaborazione che<br \/>\nha dato degli ottimi risultati sia a livello scientifico che<br \/>\ndivulgativo.<br \/>Abbiamo verificato che il ghiacciaio, come gran parte<br \/>\ndei ghiacciai alpini, sta vivendo una fase di crisi intensa, e questo<br \/>\npoi ci ha spinto a fare un altro esperimento che definirei innovativo &#8211;<br \/>\nanche se era stato gi\u00e0 fatto in altri stati, come l&#8217;Austria e la<br \/>\nSvizzera, ma non con finalit\u00e0 scientifiche &#8211; per vedere se esistono<br \/>\ntecniche e metodologie per ridurre questa crisi: abbiamo steso sul<br \/>\nDosd\u00e8 un telo fatto in un tessuto particolare, di circa 150 mq, per<br \/>\nprovare a ridurre l&#8217;ablazione <em>(la fusione del ghiaccio)<\/em>.<br \/>\nQuesto esperimento si \u00e8 concluso \u2013 almeno in parte \u2013 lo scorso ottobre<br \/>\ne ci ha dimostrato che queste tecniche possono veramente ridurre la<br \/>\nfusione glaciale anche del 60-70%. I risultati scientifici sono<br \/>\ninteressanti e sono stati pubblicati su riviste italiane ed<br \/>\ninternazionali. Stiamo facendo un grosso sforzo di divulgazione di<br \/>\nquesti dati ai mass-media, sia sulla televisione che sui giornali.<br \/>\nQuesta prima parte della collaborazione fra noi e il gruppo Levissima \u00e8<br \/>\nstata molto soddisfacente\u201d.<\/p>\n<p><strong><\/p>\n<p>&nbsp;<\/p>\n<p><\/strong><\/p>\n<p><strong>Quali sono le aspettative per quest&#8217;estate?<\/strong><br \/>Ci<br \/>\nattendiamo di avere informazioni ancora pi\u00f9 precise sulle motivazioni<br \/>\nper le quali questa copertura riesce a funzionare bene. Abbiamo due<br \/>\nobiettivi fondamentali: uno \u00e8 capire meglio perch\u00e9 questa copertura<br \/>\nfunziona, l&#8217;altro \u00e8 arrivare a un vero e proprio bilancio idrologico<br \/>\nnon solo del ghiacciaio, ma di tutto quanto il bacino fluviale, per<br \/>\ncapire esattamente quanta acqua sia a disposizione.<br \/>Abbiamo<br \/>\ncollocato di nuovo, proprio poche settimane fa, il telo di protezione.<br \/>\nStiamo cercando di affinare il discorso scientifico collocando dei<br \/>\ntermistori &#8211; dei termometri &#8211; al di sotto del telo e nella massa nevosa<br \/>\na diverse profondit\u00e0. Questo, per dirla come diversi giornalisti, allo<br \/>\nscopo di misurare la \u201cfebbre\u201d del nostro ghiacciaio, per capire meglio<br \/>\ngli scambi energetici fra la superficie e il telo. Vogliamo<br \/>\ncomprendere, all&#8217;interno della massa nevosa, quanta energia arriva e<br \/>\ncome il telo riesca a ridurla.<strong><\/p>\n<p>Ci sono stati dei cambiamenti nella modalit\u00e0 di posa?<\/strong><br \/>La<br \/>\ntecnica di posa \u00e8 rimasta la stessa. Il telo viene steso sulla<br \/>\nsuperficie innevata a fine primavera, viene ancorato con delle fettucce<br \/>\na dei blocchi di sassi rivestiti di telo bianco di modo da non avere<br \/>\ncomportamento energetico diverso da quello della neve. Quest&#8217;anno<br \/>\nabbiamo affinato l&#8217;ancoraggio, nel senso che invece di fare dei<br \/>\nsemplici nodi fra il telo e le fettucce abbiamo usato dei morsetti<br \/>\nbianchi per ancorare meglio il telo. Abbiamo notato che il telo va<br \/>\nseguito costantemente durante l&#8217;estate perch\u00e9 tende ad alzarsi rispetto<br \/>\nalla superficie: o meglio, \u00e8 un innalzamento apparente, dal momento che<br \/>\n\u00e8 la superficie intorno ad abbassarsi e quindi questi ancoraggi vanno<br \/>\ncostantemente monitorati e ricalibrati.<\/p>\n<p>&nbsp;<\/p>\n<p>LINK all&#8217;intervista<\/p>\n<p><\/p>\n<p><strong><br \/><\/strong>\n <\/p>\n","protected":false},"excerpt":{"rendered":"<p>Con la nuova posa di tessuto geotessile sul Ghiacciao del Dosd\u00e8 si \u00e8 aperto il terzo anno di collaborazione tra l&#8217;Universit\u00e0 degli Studi di Milano e Levissima. E\u2019 l\u2019occasione per farsi raccontare dal professor Smiraglia, responsabile del progetto, lo stato di salute del ghiacciaio e la storia di una \u201cpreziosa collaborazione\u201d dal principio.<\/p>\n","protected":false},"author":10,"featured_media":0,"comment_status":"open","ping_status":"open","sticky":false,"template":"","format":"standard","meta":{"cybocfi_hide_featured_image":"","footnotes":""},"categories":[92],"tags":[8204],"class_list":["post-2506","post","type-post","status-publish","format-standard","hentry","category-natura","tag-montagna-protezione-ghiacciaio-ambiente-tutela-levissima-clima-global-warming-alpinismo"],"yoast_head":"<!-- This site is optimized with the Yoast SEO plugin v27.0 - https:\/\/yoast.com\/product\/yoast-seo-wordpress\/ -->\n<title>Intervista Claudio Smiraglia, sull&#039;esperimento di protezione attiva del ghiacciaio Dosd\u00e8 - Article Marketing<\/title>\n<meta name=\"robots\" content=\"index, follow, max-snippet:-1, max-image-preview:large, max-video-preview:-1\" \/>\n<link rel=\"canonical\" href=\"https:\/\/www.article-marketing.eu\/comunicati\/ambiente\/natura\/intervista-claudio-smiraglia-sullesperimento-di-protezione-attiva-del-ghiacciaio-dosde\/\" \/>\n<meta property=\"og:locale\" content=\"it_IT\" \/>\n<meta property=\"og:type\" content=\"article\" \/>\n<meta property=\"og:title\" content=\"Intervista Claudio Smiraglia, sull&#039;esperimento di protezione attiva del ghiacciaio Dosd\u00e8 - Article Marketing\" \/>\n<meta property=\"og:description\" content=\"Con la nuova posa di tessuto geotessile sul Ghiacciao del Dosd\u00e8 si \u00e8 aperto il terzo anno di collaborazione tra l&#039;Universit\u00e0 degli Studi di Milano e Levissima. E\u2019 l\u2019occasione per farsi raccontare dal professor Smiraglia, responsabile del progetto, lo stato di salute del ghiacciaio e la storia di una \u201cpreziosa collaborazione\u201d dal principio.\" \/>\n<meta property=\"og:url\" content=\"https:\/\/www.article-marketing.eu\/comunicati\/ambiente\/natura\/intervista-claudio-smiraglia-sullesperimento-di-protezione-attiva-del-ghiacciaio-dosde\/\" \/>\n<meta property=\"og:site_name\" content=\"Article Marketing\" \/>\n<meta property=\"article:published_time\" content=\"2009-07-30T18:09:00+00:00\" \/>\n<meta property=\"article:modified_time\" content=\"2018-06-04T18:18:54+00:00\" \/>\n<meta name=\"author\" content=\"Redazione Comunicati Stampa\" \/>\n<meta name=\"twitter:card\" content=\"summary_large_image\" \/>\n<meta name=\"twitter:label1\" content=\"Scritto da\" \/>\n\t<meta name=\"twitter:data1\" content=\"Redazione Comunicati Stampa\" \/>\n\t<meta name=\"twitter:label2\" content=\"Tempo di lettura stimato\" \/>\n\t<meta name=\"twitter:data2\" content=\"3 minuti\" \/>\n<script type=\"application\/ld+json\" class=\"yoast-schema-graph\">{\"@context\":\"https:\/\/schema.org\",\"@graph\":[{\"@type\":\"Article\",\"@id\":\"https:\/\/www.article-marketing.eu\/comunicati\/ambiente\/natura\/intervista-claudio-smiraglia-sullesperimento-di-protezione-attiva-del-ghiacciaio-dosde\/#article\",\"isPartOf\":{\"@id\":\"https:\/\/www.article-marketing.eu\/comunicati\/ambiente\/natura\/intervista-claudio-smiraglia-sullesperimento-di-protezione-attiva-del-ghiacciaio-dosde\/\"},\"author\":{\"name\":\"Redazione Comunicati Stampa\",\"@id\":\"https:\/\/www.article-marketing.eu\/comunicati\/#\/schema\/person\/44372e4d4d0fa797b18e03ed1ace9017\"},\"headline\":\"Intervista Claudio Smiraglia, sull&#8217;esperimento di protezione attiva del ghiacciaio Dosd\u00e8\",\"datePublished\":\"2009-07-30T18:09:00+00:00\",\"dateModified\":\"2018-06-04T18:18:54+00:00\",\"mainEntityOfPage\":{\"@id\":\"https:\/\/www.article-marketing.eu\/comunicati\/ambiente\/natura\/intervista-claudio-smiraglia-sullesperimento-di-protezione-attiva-del-ghiacciaio-dosde\/\"},\"wordCount\":639,\"commentCount\":0,\"keywords\":[\"montagna protezione ghiacciaio ambiente tutela levissima clima global warming alpinismo\"],\"articleSection\":[\"Natura\"],\"inLanguage\":\"it-IT\",\"potentialAction\":[{\"@type\":\"CommentAction\",\"name\":\"Comment\",\"target\":[\"https:\/\/www.article-marketing.eu\/comunicati\/ambiente\/natura\/intervista-claudio-smiraglia-sullesperimento-di-protezione-attiva-del-ghiacciaio-dosde\/#respond\"]}]},{\"@type\":\"WebPage\",\"@id\":\"https:\/\/www.article-marketing.eu\/comunicati\/ambiente\/natura\/intervista-claudio-smiraglia-sullesperimento-di-protezione-attiva-del-ghiacciaio-dosde\/\",\"url\":\"https:\/\/www.article-marketing.eu\/comunicati\/ambiente\/natura\/intervista-claudio-smiraglia-sullesperimento-di-protezione-attiva-del-ghiacciaio-dosde\/\",\"name\":\"Intervista Claudio Smiraglia, sull'esperimento di protezione attiva del ghiacciaio Dosd\u00e8 - Article Marketing\",\"isPartOf\":{\"@id\":\"https:\/\/www.article-marketing.eu\/comunicati\/#website\"},\"datePublished\":\"2009-07-30T18:09:00+00:00\",\"dateModified\":\"2018-06-04T18:18:54+00:00\",\"author\":{\"@id\":\"https:\/\/www.article-marketing.eu\/comunicati\/#\/schema\/person\/44372e4d4d0fa797b18e03ed1ace9017\"},\"breadcrumb\":{\"@id\":\"https:\/\/www.article-marketing.eu\/comunicati\/ambiente\/natura\/intervista-claudio-smiraglia-sullesperimento-di-protezione-attiva-del-ghiacciaio-dosde\/#breadcrumb\"},\"inLanguage\":\"it-IT\",\"potentialAction\":[{\"@type\":\"ReadAction\",\"target\":[\"https:\/\/www.article-marketing.eu\/comunicati\/ambiente\/natura\/intervista-claudio-smiraglia-sullesperimento-di-protezione-attiva-del-ghiacciaio-dosde\/\"]}]},{\"@type\":\"BreadcrumbList\",\"@id\":\"https:\/\/www.article-marketing.eu\/comunicati\/ambiente\/natura\/intervista-claudio-smiraglia-sullesperimento-di-protezione-attiva-del-ghiacciaio-dosde\/#breadcrumb\",\"itemListElement\":[{\"@type\":\"ListItem\",\"position\":1,\"name\":\"Home\",\"item\":\"https:\/\/www.article-marketing.eu\/comunicati\/\"},{\"@type\":\"ListItem\",\"position\":2,\"name\":\"Intervista Claudio Smiraglia, sull&#8217;esperimento di protezione attiva del ghiacciaio Dosd\u00e8\"}]},{\"@type\":\"WebSite\",\"@id\":\"https:\/\/www.article-marketing.eu\/comunicati\/#website\",\"url\":\"https:\/\/www.article-marketing.eu\/comunicati\/\",\"name\":\"Article Marketing\",\"description\":\"article marketing &amp; press release\",\"potentialAction\":[{\"@type\":\"SearchAction\",\"target\":{\"@type\":\"EntryPoint\",\"urlTemplate\":\"https:\/\/www.article-marketing.eu\/comunicati\/?s={search_term_string}\"},\"query-input\":{\"@type\":\"PropertyValueSpecification\",\"valueRequired\":true,\"valueName\":\"search_term_string\"}}],\"inLanguage\":\"it-IT\"},{\"@type\":\"Person\",\"@id\":\"https:\/\/www.article-marketing.eu\/comunicati\/#\/schema\/person\/44372e4d4d0fa797b18e03ed1ace9017\",\"name\":\"Redazione Comunicati Stampa\",\"image\":{\"@type\":\"ImageObject\",\"inLanguage\":\"it-IT\",\"@id\":\"https:\/\/www.article-marketing.eu\/comunicati\/#\/schema\/person\/image\/\",\"url\":\"https:\/\/secure.gravatar.com\/avatar\/50e5c6421d3072f42e7ace803501602c60d75233d34e29fd05feb91c8760b792?s=96&d=mm&r=g\",\"contentUrl\":\"https:\/\/secure.gravatar.com\/avatar\/50e5c6421d3072f42e7ace803501602c60d75233d34e29fd05feb91c8760b792?s=96&d=mm&r=g\",\"caption\":\"Redazione Comunicati Stampa\"},\"url\":\"https:\/\/www.article-marketing.eu\/comunicati\/author\/redazione-comunicati-stampa\/\"}]}<\/script>\n<!-- \/ Yoast SEO plugin. -->","yoast_head_json":{"title":"Intervista Claudio Smiraglia, sull'esperimento di protezione attiva del ghiacciaio Dosd\u00e8 - Article Marketing","robots":{"index":"index","follow":"follow","max-snippet":"max-snippet:-1","max-image-preview":"max-image-preview:large","max-video-preview":"max-video-preview:-1"},"canonical":"https:\/\/www.article-marketing.eu\/comunicati\/ambiente\/natura\/intervista-claudio-smiraglia-sullesperimento-di-protezione-attiva-del-ghiacciaio-dosde\/","og_locale":"it_IT","og_type":"article","og_title":"Intervista Claudio Smiraglia, sull'esperimento di protezione attiva del ghiacciaio Dosd\u00e8 - Article Marketing","og_description":"Con la nuova posa di tessuto geotessile sul Ghiacciao del Dosd\u00e8 si \u00e8 aperto il terzo anno di collaborazione tra l'Universit\u00e0 degli Studi di Milano e Levissima. E\u2019 l\u2019occasione per farsi raccontare dal professor Smiraglia, responsabile del progetto, lo stato di salute del ghiacciaio e la storia di una \u201cpreziosa collaborazione\u201d dal principio.","og_url":"https:\/\/www.article-marketing.eu\/comunicati\/ambiente\/natura\/intervista-claudio-smiraglia-sullesperimento-di-protezione-attiva-del-ghiacciaio-dosde\/","og_site_name":"Article Marketing","article_published_time":"2009-07-30T18:09:00+00:00","article_modified_time":"2018-06-04T18:18:54+00:00","author":"Redazione Comunicati Stampa","twitter_card":"summary_large_image","twitter_misc":{"Scritto da":"Redazione Comunicati Stampa","Tempo di lettura stimato":"3 minuti"},"schema":{"@context":"https:\/\/schema.org","@graph":[{"@type":"Article","@id":"https:\/\/www.article-marketing.eu\/comunicati\/ambiente\/natura\/intervista-claudio-smiraglia-sullesperimento-di-protezione-attiva-del-ghiacciaio-dosde\/#article","isPartOf":{"@id":"https:\/\/www.article-marketing.eu\/comunicati\/ambiente\/natura\/intervista-claudio-smiraglia-sullesperimento-di-protezione-attiva-del-ghiacciaio-dosde\/"},"author":{"name":"Redazione Comunicati Stampa","@id":"https:\/\/www.article-marketing.eu\/comunicati\/#\/schema\/person\/44372e4d4d0fa797b18e03ed1ace9017"},"headline":"Intervista Claudio Smiraglia, sull&#8217;esperimento di protezione attiva del ghiacciaio Dosd\u00e8","datePublished":"2009-07-30T18:09:00+00:00","dateModified":"2018-06-04T18:18:54+00:00","mainEntityOfPage":{"@id":"https:\/\/www.article-marketing.eu\/comunicati\/ambiente\/natura\/intervista-claudio-smiraglia-sullesperimento-di-protezione-attiva-del-ghiacciaio-dosde\/"},"wordCount":639,"commentCount":0,"keywords":["montagna protezione ghiacciaio ambiente tutela levissima clima global warming alpinismo"],"articleSection":["Natura"],"inLanguage":"it-IT","potentialAction":[{"@type":"CommentAction","name":"Comment","target":["https:\/\/www.article-marketing.eu\/comunicati\/ambiente\/natura\/intervista-claudio-smiraglia-sullesperimento-di-protezione-attiva-del-ghiacciaio-dosde\/#respond"]}]},{"@type":"WebPage","@id":"https:\/\/www.article-marketing.eu\/comunicati\/ambiente\/natura\/intervista-claudio-smiraglia-sullesperimento-di-protezione-attiva-del-ghiacciaio-dosde\/","url":"https:\/\/www.article-marketing.eu\/comunicati\/ambiente\/natura\/intervista-claudio-smiraglia-sullesperimento-di-protezione-attiva-del-ghiacciaio-dosde\/","name":"Intervista Claudio Smiraglia, sull'esperimento di protezione attiva del ghiacciaio Dosd\u00e8 - Article Marketing","isPartOf":{"@id":"https:\/\/www.article-marketing.eu\/comunicati\/#website"},"datePublished":"2009-07-30T18:09:00+00:00","dateModified":"2018-06-04T18:18:54+00:00","author":{"@id":"https:\/\/www.article-marketing.eu\/comunicati\/#\/schema\/person\/44372e4d4d0fa797b18e03ed1ace9017"},"breadcrumb":{"@id":"https:\/\/www.article-marketing.eu\/comunicati\/ambiente\/natura\/intervista-claudio-smiraglia-sullesperimento-di-protezione-attiva-del-ghiacciaio-dosde\/#breadcrumb"},"inLanguage":"it-IT","potentialAction":[{"@type":"ReadAction","target":["https:\/\/www.article-marketing.eu\/comunicati\/ambiente\/natura\/intervista-claudio-smiraglia-sullesperimento-di-protezione-attiva-del-ghiacciaio-dosde\/"]}]},{"@type":"BreadcrumbList","@id":"https:\/\/www.article-marketing.eu\/comunicati\/ambiente\/natura\/intervista-claudio-smiraglia-sullesperimento-di-protezione-attiva-del-ghiacciaio-dosde\/#breadcrumb","itemListElement":[{"@type":"ListItem","position":1,"name":"Home","item":"https:\/\/www.article-marketing.eu\/comunicati\/"},{"@type":"ListItem","position":2,"name":"Intervista Claudio Smiraglia, sull&#8217;esperimento di protezione attiva del ghiacciaio Dosd\u00e8"}]},{"@type":"WebSite","@id":"https:\/\/www.article-marketing.eu\/comunicati\/#website","url":"https:\/\/www.article-marketing.eu\/comunicati\/","name":"Article Marketing","description":"article marketing &amp; press release","potentialAction":[{"@type":"SearchAction","target":{"@type":"EntryPoint","urlTemplate":"https:\/\/www.article-marketing.eu\/comunicati\/?s={search_term_string}"},"query-input":{"@type":"PropertyValueSpecification","valueRequired":true,"valueName":"search_term_string"}}],"inLanguage":"it-IT"},{"@type":"Person","@id":"https:\/\/www.article-marketing.eu\/comunicati\/#\/schema\/person\/44372e4d4d0fa797b18e03ed1ace9017","name":"Redazione Comunicati Stampa","image":{"@type":"ImageObject","inLanguage":"it-IT","@id":"https:\/\/www.article-marketing.eu\/comunicati\/#\/schema\/person\/image\/","url":"https:\/\/secure.gravatar.com\/avatar\/50e5c6421d3072f42e7ace803501602c60d75233d34e29fd05feb91c8760b792?s=96&d=mm&r=g","contentUrl":"https:\/\/secure.gravatar.com\/avatar\/50e5c6421d3072f42e7ace803501602c60d75233d34e29fd05feb91c8760b792?s=96&d=mm&r=g","caption":"Redazione Comunicati Stampa"},"url":"https:\/\/www.article-marketing.eu\/comunicati\/author\/redazione-comunicati-stampa\/"}]}},"_links":{"self":[{"href":"https:\/\/www.article-marketing.eu\/comunicati\/wp-json\/wp\/v2\/posts\/2506","targetHints":{"allow":["GET"]}}],"collection":[{"href":"https:\/\/www.article-marketing.eu\/comunicati\/wp-json\/wp\/v2\/posts"}],"about":[{"href":"https:\/\/www.article-marketing.eu\/comunicati\/wp-json\/wp\/v2\/types\/post"}],"author":[{"embeddable":true,"href":"https:\/\/www.article-marketing.eu\/comunicati\/wp-json\/wp\/v2\/users\/10"}],"replies":[{"embeddable":true,"href":"https:\/\/www.article-marketing.eu\/comunicati\/wp-json\/wp\/v2\/comments?post=2506"}],"version-history":[{"count":1,"href":"https:\/\/www.article-marketing.eu\/comunicati\/wp-json\/wp\/v2\/posts\/2506\/revisions"}],"predecessor-version":[{"id":55673,"href":"https:\/\/www.article-marketing.eu\/comunicati\/wp-json\/wp\/v2\/posts\/2506\/revisions\/55673"}],"wp:attachment":[{"href":"https:\/\/www.article-marketing.eu\/comunicati\/wp-json\/wp\/v2\/media?parent=2506"}],"wp:term":[{"taxonomy":"category","embeddable":true,"href":"https:\/\/www.article-marketing.eu\/comunicati\/wp-json\/wp\/v2\/categories?post=2506"},{"taxonomy":"post_tag","embeddable":true,"href":"https:\/\/www.article-marketing.eu\/comunicati\/wp-json\/wp\/v2\/tags?post=2506"}],"curies":[{"name":"wp","href":"https:\/\/api.w.org\/{rel}","templated":true}]}}