{"id":2530,"date":"2009-08-06T17:41:04","date_gmt":"2009-08-06T15:41:04","guid":{"rendered":"http:\/\/www.article-marketing.eu\/comunicati\/senza-categoria\/premio-allironia-dei-romagnoli-per-la-fiera-della-zanzara\/"},"modified":"2009-08-06T17:41:04","modified_gmt":"2009-08-06T15:41:04","slug":"premio-allironia-dei-romagnoli-per-la-fiera-della-zanzara","status":"publish","type":"post","link":"https:\/\/www.article-marketing.eu\/comunicati\/comunicati-stampa\/eventi\/premio-allironia-dei-romagnoli-per-la-fiera-della-zanzara\/","title":{"rendered":"Premio all&#8217;ironia dei romagnoli per la fiera della zanzara"},"content":{"rendered":"<p>Un paese in festa per le zanzare. Non \u00e8 uno scherzo. A Berra in provincia di Ferrara ogni anno ad agosto si tiene una fiera molto \u201cpungente\u201d, dove tutto ruota attorno a questi insetti: gare di bellezza che premiano il pomfo pi\u00f9 grande e pi\u00f9 sexy, concorsi a tema per fotografi e fumettisti, una \u201czanzaroteca\u201d con una raccolta con versi di autori celebri per i pi\u00f9 colti, per arrivare fino a gli \u201czanzasapori\u201d del menu.<br \/>&nbsp;<br \/>Ma appena varcati i confini del comune romagnolo, l&#8217;avversione e il fastidio per questi insetti resta. E per tutti quelli che proprio non riescono ad apprezzare ronzii e gonfiori, Amplast propone la soluzione ideale per difendersi e risparmiare: le zanzariere Magic.<\/p>\n<p>Facilissime da montare si possono acquistare on line e non richiedono l&#8217;intervento di costosi tenici specializzati. Bastano le istruzioni contenute nella confezione che viene spedita direttamente a casa, pochi attrezzi e il pi\u00f9 \u00e8 fatto.<\/p>\n<p>Questa zanzariera fa-da-te \u00e8 disponibile in quattro modelli e tantissime varianti colore. Con scorrimento verticale oppure orizzontale, si adatta perfettamente a porte e finestre, anche di piccole dimensioni.<\/p>\n<p>Per avere maggiori informazioni su Amplast&amp;co e i suoi prodotti fra cui tende da sole, tende veneziane, porte a soffietto e tapparelle in pvc, visita il sito <a title=\"Amplast\" href=\"http:\/\/www.amplast.it\">www.amplast.it<\/a><\/p>\n<p>La societ\u00e0 nasce nel 1989 dal socio fondatore Pasquale Marchese. Con alle spalle oltre 30 anni di attivit\u00e0 ed esperienza ormai acquisita, AMPLAST &amp; co. nasce con l&#8217;obiettivo primario di prodotti basati sulla qualit\u00e0. Un po&#8217; timidamente ma con il garbo che ci contraddistingue, siamo riusciti negli anni a farci conoscere ed apprezzare cominciando a parlare di leadership. Oggi AMPLAST &amp; co. \u00e8 un&#8217;azienda solida e produttiva, capace di integrare perfettamente competivit\u00e0 con qualit\u00e0, flessibile alle esigenze di ogni singolo cliente con la regolarit\u00e0 e la sicurezza che ci compete.<\/p>\n<p>\n\t\t\t\t\t\t\t\t\t\t\t\t<strong>SERVIZIO GLOBALE<br \/>\n\t\t\t\t\t\t\t\t\t\t\t\t\t<\/strong><strong><br \/>\n\t\t\t\t\t\t\t\t\t\t\t\t\t<\/strong>Amplast<br \/>\nper essere competitiva sul mercato punta, oltre alla qualit\u00e0 nei<br \/>\nprodotti che da anni la contraddistingue, anche alla qualit\u00e0 del<br \/>\nservizio al cliente.<\/p>\n<p> Siamo oggi in grado di<br \/>\noffrire un servizio di assistenza clienti continuo grazie ad un numero<br \/>\nverde (800 694 640), di realizzare preventivi del tutto gratuiti e in<br \/>\ntempo reale, con una assoluta trasparenza nella politica dei prezzi dei<br \/>\nnostri prodotti.<\/p>\n<p>Inoltre, Amplast \u00e8 da sempre nota per la cura nel trattamento della<br \/>\nmerce e nel rispettare le date di consegna prestabilite.<\/p>\n<p>\t\t\t\t\t\t\t\t\t\t\t\t\t<strong>:: Assistenza tecnica telefonica<\/strong><\/p>\n<p>\t\t\t\t\t\t\t\t\t\t\t\t\t<strong>:: Assistenza tecnica via Email <\/strong><\/p>\n<p>\t\t\t\t\t\t\t\t\t\t\t\t\t<strong>:: Preventivi gratuiti in tempo reale<\/strong><\/p>\n<p>\t\t\t\t\t\t\t\t\t\t\t\t\t<strong>:: Consegne veloci a domicilio<\/p>\n<p>\t\t\t\t\t\t\t\t\t\t\t:: Formula OPTIMAMPLAST con finanziamenti Agos Itafinco <\/p>\n<p>\t\t\t\t\t\t\t\t\t\t\t(salvo approvazione della stessa) <\/strong><\/p>\n<p><\/p>\n","protected":false},"excerpt":{"rendered":"<p>Premio alla qualit\u00e0 di Amplast&#038;co per le zanzariere Magic. In tanti odiano le zanazare, alcuni le \u201camano\u201d. Solo Amplast&#038;co sa come tenerle alla giusta distanza grazie a zanzariere facili da montare e super convenienti<\/p>\n","protected":false},"author":10,"featured_media":0,"comment_status":"open","ping_status":"open","sticky":false,"template":"","format":"standard","meta":{"cybocfi_hide_featured_image":"","footnotes":""},"categories":[388],"tags":[8199,8198,8201,3585,8200,5393],"class_list":["post-2530","post","type-post","status-publish","format-standard","hentry","category-eventi","tag-porte-a-soffietto","tag-tapparelle","tag-tapparelle-plastica","tag-tende-da-sole","tag-tende-veneziane","tag-zanzariere"],"yoast_head":"<!-- This site is optimized with the Yoast SEO plugin v27.0 - https:\/\/yoast.com\/product\/yoast-seo-wordpress\/ -->\n<title>Premio all&#039;ironia dei romagnoli per la fiera della zanzara - Article Marketing<\/title>\n<meta name=\"robots\" content=\"index, follow, max-snippet:-1, max-image-preview:large, max-video-preview:-1\" \/>\n<link rel=\"canonical\" href=\"https:\/\/www.article-marketing.eu\/comunicati\/comunicati-stampa\/eventi\/premio-allironia-dei-romagnoli-per-la-fiera-della-zanzara\/\" \/>\n<meta property=\"og:locale\" content=\"it_IT\" \/>\n<meta property=\"og:type\" content=\"article\" \/>\n<meta property=\"og:title\" content=\"Premio all&#039;ironia dei romagnoli per la fiera della zanzara - Article Marketing\" \/>\n<meta property=\"og:description\" content=\"Premio alla qualit\u00e0 di Amplast&amp;co per le zanzariere Magic. In tanti odiano le zanazare, alcuni le \u201camano\u201d. Solo Amplast&amp;co sa come tenerle alla giusta distanza grazie a zanzariere facili da montare e super convenienti\" \/>\n<meta property=\"og:url\" content=\"https:\/\/www.article-marketing.eu\/comunicati\/comunicati-stampa\/eventi\/premio-allironia-dei-romagnoli-per-la-fiera-della-zanzara\/\" \/>\n<meta property=\"og:site_name\" content=\"Article Marketing\" \/>\n<meta property=\"article:published_time\" content=\"2009-08-06T15:41:04+00:00\" \/>\n<meta name=\"author\" content=\"Redazione Comunicati Stampa\" \/>\n<meta name=\"twitter:card\" content=\"summary_large_image\" \/>\n<meta name=\"twitter:label1\" content=\"Scritto da\" \/>\n\t<meta name=\"twitter:data1\" content=\"Redazione Comunicati Stampa\" \/>\n\t<meta name=\"twitter:label2\" content=\"Tempo di lettura stimato\" \/>\n\t<meta name=\"twitter:data2\" content=\"2 minuti\" \/>\n<script type=\"application\/ld+json\" class=\"yoast-schema-graph\">{\"@context\":\"https:\/\/schema.org\",\"@graph\":[{\"@type\":\"Article\",\"@id\":\"https:\/\/www.article-marketing.eu\/comunicati\/comunicati-stampa\/eventi\/premio-allironia-dei-romagnoli-per-la-fiera-della-zanzara\/#article\",\"isPartOf\":{\"@id\":\"https:\/\/www.article-marketing.eu\/comunicati\/comunicati-stampa\/eventi\/premio-allironia-dei-romagnoli-per-la-fiera-della-zanzara\/\"},\"author\":{\"name\":\"Redazione Comunicati Stampa\",\"@id\":\"https:\/\/www.article-marketing.eu\/comunicati\/#\/schema\/person\/44372e4d4d0fa797b18e03ed1ace9017\"},\"headline\":\"Premio all&#8217;ironia dei romagnoli per la fiera della zanzara\",\"datePublished\":\"2009-08-06T15:41:04+00:00\",\"mainEntityOfPage\":{\"@id\":\"https:\/\/www.article-marketing.eu\/comunicati\/comunicati-stampa\/eventi\/premio-allironia-dei-romagnoli-per-la-fiera-della-zanzara\/\"},\"wordCount\":415,\"commentCount\":0,\"keywords\":[\"porte a soffietto\",\"tapparelle\",\"tapparelle plastica\",\"tende da sole\",\"tende Veneziane\",\"zanzariere\"],\"articleSection\":[\"Eventi\"],\"inLanguage\":\"it-IT\",\"potentialAction\":[{\"@type\":\"CommentAction\",\"name\":\"Comment\",\"target\":[\"https:\/\/www.article-marketing.eu\/comunicati\/comunicati-stampa\/eventi\/premio-allironia-dei-romagnoli-per-la-fiera-della-zanzara\/#respond\"]}]},{\"@type\":\"WebPage\",\"@id\":\"https:\/\/www.article-marketing.eu\/comunicati\/comunicati-stampa\/eventi\/premio-allironia-dei-romagnoli-per-la-fiera-della-zanzara\/\",\"url\":\"https:\/\/www.article-marketing.eu\/comunicati\/comunicati-stampa\/eventi\/premio-allironia-dei-romagnoli-per-la-fiera-della-zanzara\/\",\"name\":\"Premio all'ironia dei romagnoli per la fiera della zanzara - Article Marketing\",\"isPartOf\":{\"@id\":\"https:\/\/www.article-marketing.eu\/comunicati\/#website\"},\"datePublished\":\"2009-08-06T15:41:04+00:00\",\"author\":{\"@id\":\"https:\/\/www.article-marketing.eu\/comunicati\/#\/schema\/person\/44372e4d4d0fa797b18e03ed1ace9017\"},\"breadcrumb\":{\"@id\":\"https:\/\/www.article-marketing.eu\/comunicati\/comunicati-stampa\/eventi\/premio-allironia-dei-romagnoli-per-la-fiera-della-zanzara\/#breadcrumb\"},\"inLanguage\":\"it-IT\",\"potentialAction\":[{\"@type\":\"ReadAction\",\"target\":[\"https:\/\/www.article-marketing.eu\/comunicati\/comunicati-stampa\/eventi\/premio-allironia-dei-romagnoli-per-la-fiera-della-zanzara\/\"]}]},{\"@type\":\"BreadcrumbList\",\"@id\":\"https:\/\/www.article-marketing.eu\/comunicati\/comunicati-stampa\/eventi\/premio-allironia-dei-romagnoli-per-la-fiera-della-zanzara\/#breadcrumb\",\"itemListElement\":[{\"@type\":\"ListItem\",\"position\":1,\"name\":\"Home\",\"item\":\"https:\/\/www.article-marketing.eu\/comunicati\/\"},{\"@type\":\"ListItem\",\"position\":2,\"name\":\"Premio all&#8217;ironia dei romagnoli per la fiera della zanzara\"}]},{\"@type\":\"WebSite\",\"@id\":\"https:\/\/www.article-marketing.eu\/comunicati\/#website\",\"url\":\"https:\/\/www.article-marketing.eu\/comunicati\/\",\"name\":\"Article Marketing\",\"description\":\"article marketing &amp; press release\",\"potentialAction\":[{\"@type\":\"SearchAction\",\"target\":{\"@type\":\"EntryPoint\",\"urlTemplate\":\"https:\/\/www.article-marketing.eu\/comunicati\/?s={search_term_string}\"},\"query-input\":{\"@type\":\"PropertyValueSpecification\",\"valueRequired\":true,\"valueName\":\"search_term_string\"}}],\"inLanguage\":\"it-IT\"},{\"@type\":\"Person\",\"@id\":\"https:\/\/www.article-marketing.eu\/comunicati\/#\/schema\/person\/44372e4d4d0fa797b18e03ed1ace9017\",\"name\":\"Redazione Comunicati Stampa\",\"image\":{\"@type\":\"ImageObject\",\"inLanguage\":\"it-IT\",\"@id\":\"https:\/\/www.article-marketing.eu\/comunicati\/#\/schema\/person\/image\/\",\"url\":\"https:\/\/secure.gravatar.com\/avatar\/50e5c6421d3072f42e7ace803501602c60d75233d34e29fd05feb91c8760b792?s=96&d=mm&r=g\",\"contentUrl\":\"https:\/\/secure.gravatar.com\/avatar\/50e5c6421d3072f42e7ace803501602c60d75233d34e29fd05feb91c8760b792?s=96&d=mm&r=g\",\"caption\":\"Redazione Comunicati Stampa\"},\"url\":\"https:\/\/www.article-marketing.eu\/comunicati\/author\/redazione-comunicati-stampa\/\"}]}<\/script>\n<!-- \/ Yoast SEO plugin. -->","yoast_head_json":{"title":"Premio all'ironia dei romagnoli per la fiera della zanzara - Article Marketing","robots":{"index":"index","follow":"follow","max-snippet":"max-snippet:-1","max-image-preview":"max-image-preview:large","max-video-preview":"max-video-preview:-1"},"canonical":"https:\/\/www.article-marketing.eu\/comunicati\/comunicati-stampa\/eventi\/premio-allironia-dei-romagnoli-per-la-fiera-della-zanzara\/","og_locale":"it_IT","og_type":"article","og_title":"Premio all'ironia dei romagnoli per la fiera della zanzara - Article Marketing","og_description":"Premio alla qualit\u00e0 di Amplast&co per le zanzariere Magic. In tanti odiano le zanazare, alcuni le \u201camano\u201d. Solo Amplast&co sa come tenerle alla giusta distanza grazie a zanzariere facili da montare e super convenienti","og_url":"https:\/\/www.article-marketing.eu\/comunicati\/comunicati-stampa\/eventi\/premio-allironia-dei-romagnoli-per-la-fiera-della-zanzara\/","og_site_name":"Article Marketing","article_published_time":"2009-08-06T15:41:04+00:00","author":"Redazione Comunicati Stampa","twitter_card":"summary_large_image","twitter_misc":{"Scritto da":"Redazione Comunicati Stampa","Tempo di lettura stimato":"2 minuti"},"schema":{"@context":"https:\/\/schema.org","@graph":[{"@type":"Article","@id":"https:\/\/www.article-marketing.eu\/comunicati\/comunicati-stampa\/eventi\/premio-allironia-dei-romagnoli-per-la-fiera-della-zanzara\/#article","isPartOf":{"@id":"https:\/\/www.article-marketing.eu\/comunicati\/comunicati-stampa\/eventi\/premio-allironia-dei-romagnoli-per-la-fiera-della-zanzara\/"},"author":{"name":"Redazione Comunicati Stampa","@id":"https:\/\/www.article-marketing.eu\/comunicati\/#\/schema\/person\/44372e4d4d0fa797b18e03ed1ace9017"},"headline":"Premio all&#8217;ironia dei romagnoli per la fiera della zanzara","datePublished":"2009-08-06T15:41:04+00:00","mainEntityOfPage":{"@id":"https:\/\/www.article-marketing.eu\/comunicati\/comunicati-stampa\/eventi\/premio-allironia-dei-romagnoli-per-la-fiera-della-zanzara\/"},"wordCount":415,"commentCount":0,"keywords":["porte a soffietto","tapparelle","tapparelle plastica","tende da sole","tende Veneziane","zanzariere"],"articleSection":["Eventi"],"inLanguage":"it-IT","potentialAction":[{"@type":"CommentAction","name":"Comment","target":["https:\/\/www.article-marketing.eu\/comunicati\/comunicati-stampa\/eventi\/premio-allironia-dei-romagnoli-per-la-fiera-della-zanzara\/#respond"]}]},{"@type":"WebPage","@id":"https:\/\/www.article-marketing.eu\/comunicati\/comunicati-stampa\/eventi\/premio-allironia-dei-romagnoli-per-la-fiera-della-zanzara\/","url":"https:\/\/www.article-marketing.eu\/comunicati\/comunicati-stampa\/eventi\/premio-allironia-dei-romagnoli-per-la-fiera-della-zanzara\/","name":"Premio all'ironia dei romagnoli per la fiera della zanzara - Article Marketing","isPartOf":{"@id":"https:\/\/www.article-marketing.eu\/comunicati\/#website"},"datePublished":"2009-08-06T15:41:04+00:00","author":{"@id":"https:\/\/www.article-marketing.eu\/comunicati\/#\/schema\/person\/44372e4d4d0fa797b18e03ed1ace9017"},"breadcrumb":{"@id":"https:\/\/www.article-marketing.eu\/comunicati\/comunicati-stampa\/eventi\/premio-allironia-dei-romagnoli-per-la-fiera-della-zanzara\/#breadcrumb"},"inLanguage":"it-IT","potentialAction":[{"@type":"ReadAction","target":["https:\/\/www.article-marketing.eu\/comunicati\/comunicati-stampa\/eventi\/premio-allironia-dei-romagnoli-per-la-fiera-della-zanzara\/"]}]},{"@type":"BreadcrumbList","@id":"https:\/\/www.article-marketing.eu\/comunicati\/comunicati-stampa\/eventi\/premio-allironia-dei-romagnoli-per-la-fiera-della-zanzara\/#breadcrumb","itemListElement":[{"@type":"ListItem","position":1,"name":"Home","item":"https:\/\/www.article-marketing.eu\/comunicati\/"},{"@type":"ListItem","position":2,"name":"Premio all&#8217;ironia dei romagnoli per la fiera della zanzara"}]},{"@type":"WebSite","@id":"https:\/\/www.article-marketing.eu\/comunicati\/#website","url":"https:\/\/www.article-marketing.eu\/comunicati\/","name":"Article Marketing","description":"article marketing &amp; press release","potentialAction":[{"@type":"SearchAction","target":{"@type":"EntryPoint","urlTemplate":"https:\/\/www.article-marketing.eu\/comunicati\/?s={search_term_string}"},"query-input":{"@type":"PropertyValueSpecification","valueRequired":true,"valueName":"search_term_string"}}],"inLanguage":"it-IT"},{"@type":"Person","@id":"https:\/\/www.article-marketing.eu\/comunicati\/#\/schema\/person\/44372e4d4d0fa797b18e03ed1ace9017","name":"Redazione Comunicati Stampa","image":{"@type":"ImageObject","inLanguage":"it-IT","@id":"https:\/\/www.article-marketing.eu\/comunicati\/#\/schema\/person\/image\/","url":"https:\/\/secure.gravatar.com\/avatar\/50e5c6421d3072f42e7ace803501602c60d75233d34e29fd05feb91c8760b792?s=96&d=mm&r=g","contentUrl":"https:\/\/secure.gravatar.com\/avatar\/50e5c6421d3072f42e7ace803501602c60d75233d34e29fd05feb91c8760b792?s=96&d=mm&r=g","caption":"Redazione Comunicati Stampa"},"url":"https:\/\/www.article-marketing.eu\/comunicati\/author\/redazione-comunicati-stampa\/"}]}},"_links":{"self":[{"href":"https:\/\/www.article-marketing.eu\/comunicati\/wp-json\/wp\/v2\/posts\/2530","targetHints":{"allow":["GET"]}}],"collection":[{"href":"https:\/\/www.article-marketing.eu\/comunicati\/wp-json\/wp\/v2\/posts"}],"about":[{"href":"https:\/\/www.article-marketing.eu\/comunicati\/wp-json\/wp\/v2\/types\/post"}],"author":[{"embeddable":true,"href":"https:\/\/www.article-marketing.eu\/comunicati\/wp-json\/wp\/v2\/users\/10"}],"replies":[{"embeddable":true,"href":"https:\/\/www.article-marketing.eu\/comunicati\/wp-json\/wp\/v2\/comments?post=2530"}],"version-history":[{"count":0,"href":"https:\/\/www.article-marketing.eu\/comunicati\/wp-json\/wp\/v2\/posts\/2530\/revisions"}],"wp:attachment":[{"href":"https:\/\/www.article-marketing.eu\/comunicati\/wp-json\/wp\/v2\/media?parent=2530"}],"wp:term":[{"taxonomy":"category","embeddable":true,"href":"https:\/\/www.article-marketing.eu\/comunicati\/wp-json\/wp\/v2\/categories?post=2530"},{"taxonomy":"post_tag","embeddable":true,"href":"https:\/\/www.article-marketing.eu\/comunicati\/wp-json\/wp\/v2\/tags?post=2530"}],"curies":[{"name":"wp","href":"https:\/\/api.w.org\/{rel}","templated":true}]}}