{"id":25348,"date":"2012-04-02T19:23:32","date_gmt":"2012-04-02T17:23:32","guid":{"rendered":"http:\/\/www.article-marketing.eu\/comunicati\/senza-categoria\/il-fascino-della-musica-classica\/"},"modified":"2020-08-10T01:15:51","modified_gmt":"2020-08-09T23:15:51","slug":"il-fascino-della-musica-classica","status":"publish","type":"post","link":"https:\/\/www.article-marketing.eu\/comunicati\/arte-e-cultura\/musica\/il-fascino-della-musica-classica\/","title":{"rendered":"Il fascino della musica classica."},"content":{"rendered":"<p>La <strong>musica classica<\/strong> (<a href=\"http:\/\/it.wikipedia.org\/wiki\/Etimologia\" title=\"Etimologia\">etimologicamente<\/a>: &#8220;<em>musica che serve da modello<\/em>&#8220;, &#8220;<em>che pone le basi<\/em>&#8220;) &egrave; la musica colta occidentale composta in quella stagione creativa che va dall&#8217;undicesimo secolo fino ai primi anni del Novecento.[1]<br \/>A differenza quindi degli altri tipi di arte (pittura, scultura, ecc&#8230;), nella storia della musica il periodo classico non indica l&#8217;et&agrave; antica greco-romana.<br \/>I confini della categoria sono tuttavia imprecisi e opinabili, in quanto il marchio di classicit&agrave; viene in genere assegnato dai posteri, dunque ci&ograve; che oggi si definisce classico non lo era ai tempi in cui venne composto.<\/p>\n<p>Si pu&ograve; dividere la musica classica in diversi periodi e stagioni, ognuno con le sue figure rappresentative:<\/p>\n<ul style=\"list-style-type: square; margin-top: 0.3em; margin-right: 0px; margin-bottom: 0px; margin-left: 1.6em; list-style-image: url(data; padding: 0px;\">\n<\/p>\n<li style=\"margin-bottom: 0.1em;\">musica medievale (dall&#8217;undicesimo secolo fino al Quattrocento): la figura pi&ugrave; importante fu sicuramente quella di Guido d&#8217;Arezzo, il primo a dare un nome alle sette note musicali;<\/li>\n<p>\n<\/ul>\n<ul style=\"list-style-type: square; margin-top: 0.3em; margin-right: 0px; margin-bottom: 0px; margin-left: 1.6em; list-style-image: url(data; padding: 0px;\">\n<\/p>\n<li style=\"margin-bottom: 0.1em;\">musica rinascimentale (tra Quattrocento e Cinquecento), il cui esponente principale fu Giovanni Pierluigi da Palestrina;<\/li>\n<p>\n<\/ul>\n<ul style=\"list-style-type: square; margin-top: 0.3em; margin-right: 0px; margin-bottom: 0px; margin-left: 1.6em; list-style-image: url(data; padding: 0px;\">\n<\/p>\n<li style=\"margin-bottom: 0.1em;\">musica barocca (Seicento e prima met&agrave; del Settecento): Claudio Monteverdi, Johann Sebastian Bach, Georg Friedrich H&auml;ndel, Johann Pachelbel, Antonio Vivaldi, Marc-Antoine Charpentier, Jean-Joseph Mouret e Henry Purcell;<\/li>\n<p>\n<\/ul>\n<ul style=\"list-style-type: square; margin-top: 0.3em; margin-right: 0px; margin-bottom: 0px; margin-left: 1.6em; list-style-image: url(data; padding: 0px;\">\n<\/p>\n<li style=\"margin-bottom: 0.1em;\">classicismo (seconda met&agrave; del Settecento, con grande sviluppo a Vienna, tanto che si parla di classicismo viennese): i nomi maggiormente conosciuti furono quelli di Franz Joseph Haydn, Wolfgang Amadeus Mozart, e Ludwig van Beethoven, quest&#8217;ultimo considerato di transizione con il successivo periodo romantico;<\/li>\n<p>\n<\/ul>\n<ul style=\"list-style-type: square; margin-top: 0.3em; margin-right: 0px; margin-bottom: 0px; margin-left: 1.6em; list-style-image: url(data; padding: 0px;\">\n<\/p>\n<li style=\"margin-bottom: 0.1em;\">musica romantica (Ottocento, con coda nei primi del Novecento), divisibile a sua volta in due periodi, assimilabili pi&ugrave; o meno alle due met&agrave; del secolo:\n<ul style=\"line-height: 1.5em; list-style-type: square; margin-top: 0.3em; margin-right: 0px; margin-bottom: 0px; margin-left: 1.6em; list-style-image: url(data; padding: 0px;\">\n<\/p>\n<li style=\"margin-bottom: 0.1em;\">il primo romanticismo, con Giuseppe Verdi, Richard Wagner, Robert Schumann, Franz Liszt, Fryderyk Chopin, Felix Mendelssohn, Franz Schubert, Niccol&ograve; Paganini,Gioachino Rossini, Vincenzo Bellini, e Gaetano Donizetti;<\/li>\n<p><\/p>\n<li style=\"margin-bottom: 0.1em;\">il tardo romanticismo, con Johannes Brahms, Giacomo Puccini, Anton&iacute;n Dvo?&aacute;k, Gustav Mahler, Richard Strauss, P&euml;tr Il&#8217;i? ?ajkovskij, Georges Bizet, Bed?ich Smetana,Edvard Grieg, Edward Elgar, e Sergei Rachmaninoff.<\/li>\n<p>\n<\/ul>\n<\/li>\n<p>\n<\/ul>\n<p>Non fa invece parte della musica classica la musica colta composta a partire dal Novecento, ovvero la musica contemporanea, bench&eacute; essa sia a volte chiamata erroneamente<em>musica classica contemporanea<\/em>.<br \/>Noi ci occupiamo di ricevimenti, possiamo affermare che sempre pi&ugrave; sposi si avvicinano alla musica classica con grande conoscenza e soprattutto riescono a dare al ricevimento un indirizzo molto romantico. lo strumento principe &egrave; da sempre il violino, che bene si sposa qon orchestre da camera ed altre piccole formazioni. Nel nostro immaginario rimane sempre l&#8217;ave Mari di Shubert o l&#8217;adagio di Albinoni, ma non solo. Il violino ben rappresenta l&#8217;idea di calssico, romantico e raffinato, basta immaginarsi arpa e violino, per contentar anche uno zar.<br \/>Da sempre la formazione di un vero musicista si affida alla musica classica, non trascurando i repertori classici contemporanei del 900, brillanti e alquanto complicati da eseguire.<br \/>I nostri ricevimenti rispecchiano tutto ci&ograve;, davvero abbiamo una marcia in pi&ugrave; nel panorama musicale.<img decoding=\"async\" src=\"\/uploads\/images\/u_8640\/thumb_iviolini.gif\" border=\"0\" \/><\/p>\n","protected":false},"excerpt":{"rendered":"<p>Il musicista e la musica classica, percorsi antichi e contemporanei, dove la bellezza si sposa con il gusto dell&#8217;antico.Musica una parola composta da 6 lettere, ma che racchiude un immaginario universale di , gioia, soddisfazione, bellezza e gratificazione.<br \/>Il musicista spesso \u00e8 un tutt&#8217;uno con il suo strumento e finisce per assomigliare alla sua musica. Ogni musicista \u00e8 unico, la sua espressione \u00e8 assolutamente personale.<br \/>Le formazioni:<br \/>piano e violino<br \/>violino e violoncello<br \/>violino, viola e violoncello<br \/>violino, flauto, violoncello e viola<br \/>arpa e violino<\/p>\n","protected":false},"author":10,"featured_media":0,"comment_status":"open","ping_status":"open","sticky":false,"template":"","format":"standard","meta":{"cybocfi_hide_featured_image":"","footnotes":""},"categories":[42],"tags":[22040,2992,34287,34445,34444],"class_list":["post-25348","post","type-post","status-publish","format-standard","hentry","category-musica","tag-arpa","tag-musica-classica","tag-musicleo","tag-opere-classiche","tag-violino"],"yoast_head":"<!-- This site is optimized with the Yoast SEO plugin v27.0 - https:\/\/yoast.com\/product\/yoast-seo-wordpress\/ -->\n<title>Il fascino della musica classica. - Article Marketing<\/title>\n<meta name=\"robots\" content=\"index, follow, max-snippet:-1, max-image-preview:large, max-video-preview:-1\" \/>\n<link rel=\"canonical\" href=\"https:\/\/www.article-marketing.eu\/comunicati\/arte-e-cultura\/musica\/il-fascino-della-musica-classica\/\" \/>\n<meta property=\"og:locale\" content=\"it_IT\" \/>\n<meta property=\"og:type\" content=\"article\" \/>\n<meta property=\"og:title\" content=\"Il fascino della musica classica. - Article Marketing\" \/>\n<meta property=\"og:description\" content=\"Il musicista e la musica classica, percorsi antichi e contemporanei, dove la bellezza si sposa con il gusto dell&#039;antico.Musica una parola composta da 6 lettere, ma che racchiude un immaginario universale di , gioia, soddisfazione, bellezza e gratificazione.Il musicista spesso \u00e8 un tutt&#039;uno con il suo strumento e finisce per assomigliare alla sua musica. Ogni musicista \u00e8 unico, la sua espressione \u00e8 assolutamente personale.Le formazioni:piano e violinoviolino e violoncelloviolino, viola e violoncelloviolino, flauto, violoncello e violaarpa e violino\" \/>\n<meta property=\"og:url\" content=\"https:\/\/www.article-marketing.eu\/comunicati\/arte-e-cultura\/musica\/il-fascino-della-musica-classica\/\" \/>\n<meta property=\"og:site_name\" content=\"Article Marketing\" \/>\n<meta property=\"article:published_time\" content=\"2012-04-02T17:23:32+00:00\" \/>\n<meta property=\"article:modified_time\" content=\"2020-08-09T23:15:51+00:00\" \/>\n<meta property=\"og:image\" content=\"https:\/\/www.article-marketing.eu\/uploads\/images\/u_8640\/thumb_iviolini.gif\" \/>\n<meta name=\"author\" content=\"Redazione Comunicati Stampa\" \/>\n<meta name=\"twitter:card\" content=\"summary_large_image\" \/>\n<meta name=\"twitter:label1\" content=\"Scritto da\" \/>\n\t<meta name=\"twitter:data1\" content=\"Redazione Comunicati Stampa\" \/>\n\t<meta name=\"twitter:label2\" content=\"Tempo di lettura stimato\" \/>\n\t<meta name=\"twitter:data2\" content=\"2 minuti\" \/>\n<script type=\"application\/ld+json\" class=\"yoast-schema-graph\">{\"@context\":\"https:\/\/schema.org\",\"@graph\":[{\"@type\":\"Article\",\"@id\":\"https:\/\/www.article-marketing.eu\/comunicati\/arte-e-cultura\/musica\/il-fascino-della-musica-classica\/#article\",\"isPartOf\":{\"@id\":\"https:\/\/www.article-marketing.eu\/comunicati\/arte-e-cultura\/musica\/il-fascino-della-musica-classica\/\"},\"author\":{\"name\":\"Redazione Comunicati Stampa\",\"@id\":\"https:\/\/www.article-marketing.eu\/comunicati\/#\/schema\/person\/44372e4d4d0fa797b18e03ed1ace9017\"},\"headline\":\"Il fascino della musica classica.\",\"datePublished\":\"2012-04-02T17:23:32+00:00\",\"dateModified\":\"2020-08-09T23:15:51+00:00\",\"mainEntityOfPage\":{\"@id\":\"https:\/\/www.article-marketing.eu\/comunicati\/arte-e-cultura\/musica\/il-fascino-della-musica-classica\/\"},\"wordCount\":485,\"commentCount\":0,\"keywords\":[\"arpa\",\"musica classica\",\"musicleo\",\"opere classiche\",\"violino\"],\"articleSection\":[\"Musica\"],\"inLanguage\":\"it-IT\",\"potentialAction\":[{\"@type\":\"CommentAction\",\"name\":\"Comment\",\"target\":[\"https:\/\/www.article-marketing.eu\/comunicati\/arte-e-cultura\/musica\/il-fascino-della-musica-classica\/#respond\"]}]},{\"@type\":\"WebPage\",\"@id\":\"https:\/\/www.article-marketing.eu\/comunicati\/arte-e-cultura\/musica\/il-fascino-della-musica-classica\/\",\"url\":\"https:\/\/www.article-marketing.eu\/comunicati\/arte-e-cultura\/musica\/il-fascino-della-musica-classica\/\",\"name\":\"Il fascino della musica classica. - Article Marketing\",\"isPartOf\":{\"@id\":\"https:\/\/www.article-marketing.eu\/comunicati\/#website\"},\"datePublished\":\"2012-04-02T17:23:32+00:00\",\"dateModified\":\"2020-08-09T23:15:51+00:00\",\"author\":{\"@id\":\"https:\/\/www.article-marketing.eu\/comunicati\/#\/schema\/person\/44372e4d4d0fa797b18e03ed1ace9017\"},\"breadcrumb\":{\"@id\":\"https:\/\/www.article-marketing.eu\/comunicati\/arte-e-cultura\/musica\/il-fascino-della-musica-classica\/#breadcrumb\"},\"inLanguage\":\"it-IT\",\"potentialAction\":[{\"@type\":\"ReadAction\",\"target\":[\"https:\/\/www.article-marketing.eu\/comunicati\/arte-e-cultura\/musica\/il-fascino-della-musica-classica\/\"]}]},{\"@type\":\"BreadcrumbList\",\"@id\":\"https:\/\/www.article-marketing.eu\/comunicati\/arte-e-cultura\/musica\/il-fascino-della-musica-classica\/#breadcrumb\",\"itemListElement\":[{\"@type\":\"ListItem\",\"position\":1,\"name\":\"Home\",\"item\":\"https:\/\/www.article-marketing.eu\/comunicati\/\"},{\"@type\":\"ListItem\",\"position\":2,\"name\":\"Il fascino della musica classica.\"}]},{\"@type\":\"WebSite\",\"@id\":\"https:\/\/www.article-marketing.eu\/comunicati\/#website\",\"url\":\"https:\/\/www.article-marketing.eu\/comunicati\/\",\"name\":\"Article Marketing\",\"description\":\"article marketing &amp; press release\",\"potentialAction\":[{\"@type\":\"SearchAction\",\"target\":{\"@type\":\"EntryPoint\",\"urlTemplate\":\"https:\/\/www.article-marketing.eu\/comunicati\/?s={search_term_string}\"},\"query-input\":{\"@type\":\"PropertyValueSpecification\",\"valueRequired\":true,\"valueName\":\"search_term_string\"}}],\"inLanguage\":\"it-IT\"},{\"@type\":\"Person\",\"@id\":\"https:\/\/www.article-marketing.eu\/comunicati\/#\/schema\/person\/44372e4d4d0fa797b18e03ed1ace9017\",\"name\":\"Redazione Comunicati Stampa\",\"image\":{\"@type\":\"ImageObject\",\"inLanguage\":\"it-IT\",\"@id\":\"https:\/\/www.article-marketing.eu\/comunicati\/#\/schema\/person\/image\/\",\"url\":\"https:\/\/secure.gravatar.com\/avatar\/50e5c6421d3072f42e7ace803501602c60d75233d34e29fd05feb91c8760b792?s=96&d=mm&r=g\",\"contentUrl\":\"https:\/\/secure.gravatar.com\/avatar\/50e5c6421d3072f42e7ace803501602c60d75233d34e29fd05feb91c8760b792?s=96&d=mm&r=g\",\"caption\":\"Redazione Comunicati Stampa\"},\"url\":\"https:\/\/www.article-marketing.eu\/comunicati\/author\/redazione-comunicati-stampa\/\"}]}<\/script>\n<!-- \/ Yoast SEO plugin. -->","yoast_head_json":{"title":"Il fascino della musica classica. - Article Marketing","robots":{"index":"index","follow":"follow","max-snippet":"max-snippet:-1","max-image-preview":"max-image-preview:large","max-video-preview":"max-video-preview:-1"},"canonical":"https:\/\/www.article-marketing.eu\/comunicati\/arte-e-cultura\/musica\/il-fascino-della-musica-classica\/","og_locale":"it_IT","og_type":"article","og_title":"Il fascino della musica classica. - Article Marketing","og_description":"Il musicista e la musica classica, percorsi antichi e contemporanei, dove la bellezza si sposa con il gusto dell'antico.Musica una parola composta da 6 lettere, ma che racchiude un immaginario universale di , gioia, soddisfazione, bellezza e gratificazione.Il musicista spesso \u00e8 un tutt'uno con il suo strumento e finisce per assomigliare alla sua musica. Ogni musicista \u00e8 unico, la sua espressione \u00e8 assolutamente personale.Le formazioni:piano e violinoviolino e violoncelloviolino, viola e violoncelloviolino, flauto, violoncello e violaarpa e violino","og_url":"https:\/\/www.article-marketing.eu\/comunicati\/arte-e-cultura\/musica\/il-fascino-della-musica-classica\/","og_site_name":"Article Marketing","article_published_time":"2012-04-02T17:23:32+00:00","article_modified_time":"2020-08-09T23:15:51+00:00","og_image":[{"url":"https:\/\/www.article-marketing.eu\/uploads\/images\/u_8640\/thumb_iviolini.gif","type":"","width":"","height":""}],"author":"Redazione Comunicati Stampa","twitter_card":"summary_large_image","twitter_misc":{"Scritto da":"Redazione Comunicati Stampa","Tempo di lettura stimato":"2 minuti"},"schema":{"@context":"https:\/\/schema.org","@graph":[{"@type":"Article","@id":"https:\/\/www.article-marketing.eu\/comunicati\/arte-e-cultura\/musica\/il-fascino-della-musica-classica\/#article","isPartOf":{"@id":"https:\/\/www.article-marketing.eu\/comunicati\/arte-e-cultura\/musica\/il-fascino-della-musica-classica\/"},"author":{"name":"Redazione Comunicati Stampa","@id":"https:\/\/www.article-marketing.eu\/comunicati\/#\/schema\/person\/44372e4d4d0fa797b18e03ed1ace9017"},"headline":"Il fascino della musica classica.","datePublished":"2012-04-02T17:23:32+00:00","dateModified":"2020-08-09T23:15:51+00:00","mainEntityOfPage":{"@id":"https:\/\/www.article-marketing.eu\/comunicati\/arte-e-cultura\/musica\/il-fascino-della-musica-classica\/"},"wordCount":485,"commentCount":0,"keywords":["arpa","musica classica","musicleo","opere classiche","violino"],"articleSection":["Musica"],"inLanguage":"it-IT","potentialAction":[{"@type":"CommentAction","name":"Comment","target":["https:\/\/www.article-marketing.eu\/comunicati\/arte-e-cultura\/musica\/il-fascino-della-musica-classica\/#respond"]}]},{"@type":"WebPage","@id":"https:\/\/www.article-marketing.eu\/comunicati\/arte-e-cultura\/musica\/il-fascino-della-musica-classica\/","url":"https:\/\/www.article-marketing.eu\/comunicati\/arte-e-cultura\/musica\/il-fascino-della-musica-classica\/","name":"Il fascino della musica classica. - Article Marketing","isPartOf":{"@id":"https:\/\/www.article-marketing.eu\/comunicati\/#website"},"datePublished":"2012-04-02T17:23:32+00:00","dateModified":"2020-08-09T23:15:51+00:00","author":{"@id":"https:\/\/www.article-marketing.eu\/comunicati\/#\/schema\/person\/44372e4d4d0fa797b18e03ed1ace9017"},"breadcrumb":{"@id":"https:\/\/www.article-marketing.eu\/comunicati\/arte-e-cultura\/musica\/il-fascino-della-musica-classica\/#breadcrumb"},"inLanguage":"it-IT","potentialAction":[{"@type":"ReadAction","target":["https:\/\/www.article-marketing.eu\/comunicati\/arte-e-cultura\/musica\/il-fascino-della-musica-classica\/"]}]},{"@type":"BreadcrumbList","@id":"https:\/\/www.article-marketing.eu\/comunicati\/arte-e-cultura\/musica\/il-fascino-della-musica-classica\/#breadcrumb","itemListElement":[{"@type":"ListItem","position":1,"name":"Home","item":"https:\/\/www.article-marketing.eu\/comunicati\/"},{"@type":"ListItem","position":2,"name":"Il fascino della musica classica."}]},{"@type":"WebSite","@id":"https:\/\/www.article-marketing.eu\/comunicati\/#website","url":"https:\/\/www.article-marketing.eu\/comunicati\/","name":"Article Marketing","description":"article marketing &amp; press release","potentialAction":[{"@type":"SearchAction","target":{"@type":"EntryPoint","urlTemplate":"https:\/\/www.article-marketing.eu\/comunicati\/?s={search_term_string}"},"query-input":{"@type":"PropertyValueSpecification","valueRequired":true,"valueName":"search_term_string"}}],"inLanguage":"it-IT"},{"@type":"Person","@id":"https:\/\/www.article-marketing.eu\/comunicati\/#\/schema\/person\/44372e4d4d0fa797b18e03ed1ace9017","name":"Redazione Comunicati Stampa","image":{"@type":"ImageObject","inLanguage":"it-IT","@id":"https:\/\/www.article-marketing.eu\/comunicati\/#\/schema\/person\/image\/","url":"https:\/\/secure.gravatar.com\/avatar\/50e5c6421d3072f42e7ace803501602c60d75233d34e29fd05feb91c8760b792?s=96&d=mm&r=g","contentUrl":"https:\/\/secure.gravatar.com\/avatar\/50e5c6421d3072f42e7ace803501602c60d75233d34e29fd05feb91c8760b792?s=96&d=mm&r=g","caption":"Redazione Comunicati Stampa"},"url":"https:\/\/www.article-marketing.eu\/comunicati\/author\/redazione-comunicati-stampa\/"}]}},"_links":{"self":[{"href":"https:\/\/www.article-marketing.eu\/comunicati\/wp-json\/wp\/v2\/posts\/25348","targetHints":{"allow":["GET"]}}],"collection":[{"href":"https:\/\/www.article-marketing.eu\/comunicati\/wp-json\/wp\/v2\/posts"}],"about":[{"href":"https:\/\/www.article-marketing.eu\/comunicati\/wp-json\/wp\/v2\/types\/post"}],"author":[{"embeddable":true,"href":"https:\/\/www.article-marketing.eu\/comunicati\/wp-json\/wp\/v2\/users\/10"}],"replies":[{"embeddable":true,"href":"https:\/\/www.article-marketing.eu\/comunicati\/wp-json\/wp\/v2\/comments?post=25348"}],"version-history":[{"count":1,"href":"https:\/\/www.article-marketing.eu\/comunicati\/wp-json\/wp\/v2\/posts\/25348\/revisions"}],"predecessor-version":[{"id":67103,"href":"https:\/\/www.article-marketing.eu\/comunicati\/wp-json\/wp\/v2\/posts\/25348\/revisions\/67103"}],"wp:attachment":[{"href":"https:\/\/www.article-marketing.eu\/comunicati\/wp-json\/wp\/v2\/media?parent=25348"}],"wp:term":[{"taxonomy":"category","embeddable":true,"href":"https:\/\/www.article-marketing.eu\/comunicati\/wp-json\/wp\/v2\/categories?post=25348"},{"taxonomy":"post_tag","embeddable":true,"href":"https:\/\/www.article-marketing.eu\/comunicati\/wp-json\/wp\/v2\/tags?post=25348"}],"curies":[{"name":"wp","href":"https:\/\/api.w.org\/{rel}","templated":true}]}}