{"id":2568,"date":"2009-08-17T16:27:43","date_gmt":"2009-08-17T14:27:43","guid":{"rendered":"http:\/\/www.article-marketing.eu\/comunicati\/senza-categoria\/soggiorni-in-appartamento-a-budapest\/"},"modified":"2009-08-17T16:27:43","modified_gmt":"2009-08-17T14:27:43","slug":"soggiorni-in-appartamento-a-budapest","status":"publish","type":"post","link":"https:\/\/www.article-marketing.eu\/comunicati\/viaggi-e-vacanze\/destinazioni\/soggiorni-in-appartamento-a-budapest\/","title":{"rendered":"Soggiorni in appartamento a Budapest"},"content":{"rendered":"<p>Forte di 5 anni di consolidata esperienza, <a href=\"http:\/\/www.dunaflat.com\/affitto-appartamenti-budapest-IT\">dunaflat.com<\/a> offre alla clientela turistica in visita a Budapest oltre 20 appartamenti in centro per trascorrere nella bellissima capitale ungherese, una vacanza all&#8217;insegna della cultura, del relax termale e perch\u00e8 no anche del divertimento.<\/p>\n<p>Sempre pi\u00f9 italiani scoprono ogni anno la praticit\u00e0 e la convenienza di trascorrere una vacanza in appartamento.<br \/>L&#8217;appartamento offre pi\u00f9 spazio e pi\u00f9 calore di un&#8217;anonima stanza d&#8217;albergo, ad un prezzo decisamente competitivo.<br \/>Questa \u00e8 infatti la formula vincente di dunaflat.com che affitta&nbsp;appartamenti a Budapest esclusivamente di sua propriet\u00e0, garantendo pertanto il prezzo pi\u00f9 basso, senza intermediari, e un servizio di accoglienza curato e personalizzato.<\/p>\n<p>I bellissimi appartamenti si trovano nel centro di Budapest, garantiscono comfort e risparmio.<br \/>Se si considera che un appartamento di 40 mq. in alta stagione per 3 persone costa appena 70 euro al giorno, poco pi\u00f9 di 20 euro a persona, che diventano 15 euro in bassa stagione, il calcolo del risparmio \u00e8 presto fatto. <br \/>La crisi mondiale, particolarmente accentuata in Ungheria, ha avuto ripercussioni anche nel settore turistico, agevolando nella migliore delle ipotesi la ricerca di soluzioni turistiche pi\u00f9 a buon mercato. <br \/>Dunaflat.com risponde con successo a questa crescente necessit\u00e0, offrendo:<br \/>&#8211; appartamenti di qualit\u00e0 di varie dimensioni<br \/>&#8211; un servizio puntuale e completo a prezzi davvero contenuti.<\/p>\n<p>La vacanza nella bella Budapest, ribattezzata la <em>&quot;Parigi dell&#8217;Est&quot;<\/em>, diventa con dunaflat.com veramente alla portata di tutti, anche solo per un breve weekend.<\/p>\n<p>Inoltre l&#8217;esperienza e la competenza del proprietario contribuiscono a migliorare migliorare il livello qualitativo della vacanze grazie ai preziosi consigli sui ristoranti, sull&#8217;organizzazione pratica del viaggio e degli spostamenti e sulle varie attrazioni da visitare. <\/p>\n<p>Solo un esempio l&#8217;appartamento Tosca: Appartamento incantevole, nuovamente ristrutturato, dotato di ogni comfort per una piacevole vacanza. E&#8217; composto da 2 camere da letto, 2 bagni e la cucina. Pu\u00f2 ospitare fino a 8 persone. Posizionato nel centro di Budapest, V distretto, a 10 metri dalla famosissima via Vaci! L&#8217;appartamento Tosca \u00e8 la&nbsp;nostra punta di diamante l&#8217;ideale per famiglie che vogliono soggiornare in pieno centro, in un ambiente ben curato nell&#8217;arredamento! <\/p>\n<p>Prezzo 90 euro in 4 persone. <\/p>\n<p>Oppure appartamento Opera Romantica appartamento situato nel cuore della citt\u00e0, dietro al famoso teatro dell&#8217;Opera di Budapest, si affaccia sul cortile interno, in un palazzo d&#8217;epoca molto silenzioso. Questo appartamento \u00e8 consigliato a tutti coloro che desiderano trascorrere un periodo di vacanza pur senza rinunciare alle comodit\u00e0 di casa propria, a tutti coloro che non vogliono soggiornare in un albergo e preferiscono un ambiente autentico. Il grande vantaggio dell&#8217;appartamento \u00e9 che <strong>si trova in pieno centro<\/strong>, nel bellissimo distretto di Terezvaros, il quartiere culturale e dei divertimenti della citt\u00e8, in una strada parallela del viale Andrassy, Patrimonio Mondiale dell&#8217;Umanit\u00e0, lo storico viale della capitale, attorno al quale si sviluppano, ristoranti, pub, locali notturni, teatri e accademie musicali. La sera piazza List Ferenc si anima nei sui numerosi locali con i tavolini all&#8217;aperto. <\/p>\n<p>Prezzo 80 euro in 4 persone. <\/p>\n<p>Come vedete qualit\u00e0 e risparmio imbattibili.<\/p>\n<p><\/p>\n","protected":false},"excerpt":{"rendered":"<p>Nuova frontiera del turismo nelle capitali dell&#8217;Est Europeo.<br \/>\nAffittare un appartamento costa molto meno che una camera d&#8217;albergo.<\/p>\n","protected":false},"author":10,"featured_media":0,"comment_status":"open","ping_status":"open","sticky":false,"template":"","format":"standard","meta":{"cybocfi_hide_featured_image":"","footnotes":""},"categories":[143],"tags":[8406,8405,8404],"class_list":["post-2568","post","type-post","status-publish","format-standard","hentry","category-destinazioni","tag-affitto-appartamenti-a-budapest","tag-affitto-in-centro-a-budapest","tag-appartamenti-a-budapest"],"yoast_head":"<!-- This site is optimized with the Yoast SEO plugin v27.0 - https:\/\/yoast.com\/product\/yoast-seo-wordpress\/ -->\n<title>Soggiorni in appartamento a Budapest - Article Marketing<\/title>\n<meta name=\"robots\" content=\"index, follow, max-snippet:-1, max-image-preview:large, max-video-preview:-1\" \/>\n<link rel=\"canonical\" href=\"https:\/\/www.article-marketing.eu\/comunicati\/viaggi-e-vacanze\/destinazioni\/soggiorni-in-appartamento-a-budapest\/\" \/>\n<meta property=\"og:locale\" content=\"it_IT\" \/>\n<meta property=\"og:type\" content=\"article\" \/>\n<meta property=\"og:title\" content=\"Soggiorni in appartamento a Budapest - Article Marketing\" \/>\n<meta property=\"og:description\" content=\"Nuova frontiera del turismo nelle capitali dell&#039;Est Europeo. Affittare un appartamento costa molto meno che una camera d&#039;albergo.\" \/>\n<meta property=\"og:url\" content=\"https:\/\/www.article-marketing.eu\/comunicati\/viaggi-e-vacanze\/destinazioni\/soggiorni-in-appartamento-a-budapest\/\" \/>\n<meta property=\"og:site_name\" content=\"Article Marketing\" \/>\n<meta property=\"article:published_time\" content=\"2009-08-17T14:27:43+00:00\" \/>\n<meta name=\"author\" content=\"Redazione Comunicati Stampa\" \/>\n<meta name=\"twitter:card\" content=\"summary_large_image\" \/>\n<meta name=\"twitter:label1\" content=\"Scritto da\" \/>\n\t<meta name=\"twitter:data1\" content=\"Redazione Comunicati Stampa\" \/>\n\t<meta name=\"twitter:label2\" content=\"Tempo di lettura stimato\" \/>\n\t<meta name=\"twitter:data2\" content=\"2 minuti\" \/>\n<script type=\"application\/ld+json\" class=\"yoast-schema-graph\">{\"@context\":\"https:\/\/schema.org\",\"@graph\":[{\"@type\":\"Article\",\"@id\":\"https:\/\/www.article-marketing.eu\/comunicati\/viaggi-e-vacanze\/destinazioni\/soggiorni-in-appartamento-a-budapest\/#article\",\"isPartOf\":{\"@id\":\"https:\/\/www.article-marketing.eu\/comunicati\/viaggi-e-vacanze\/destinazioni\/soggiorni-in-appartamento-a-budapest\/\"},\"author\":{\"name\":\"Redazione Comunicati Stampa\",\"@id\":\"https:\/\/www.article-marketing.eu\/comunicati\/#\/schema\/person\/44372e4d4d0fa797b18e03ed1ace9017\"},\"headline\":\"Soggiorni in appartamento a Budapest\",\"datePublished\":\"2009-08-17T14:27:43+00:00\",\"mainEntityOfPage\":{\"@id\":\"https:\/\/www.article-marketing.eu\/comunicati\/viaggi-e-vacanze\/destinazioni\/soggiorni-in-appartamento-a-budapest\/\"},\"wordCount\":488,\"commentCount\":0,\"keywords\":[\"affitto appartamenti a Budapest\",\"affitto in centro a Budapest\",\"appartamenti a Budapest\"],\"articleSection\":[\"Destinazioni\"],\"inLanguage\":\"it-IT\",\"potentialAction\":[{\"@type\":\"CommentAction\",\"name\":\"Comment\",\"target\":[\"https:\/\/www.article-marketing.eu\/comunicati\/viaggi-e-vacanze\/destinazioni\/soggiorni-in-appartamento-a-budapest\/#respond\"]}]},{\"@type\":\"WebPage\",\"@id\":\"https:\/\/www.article-marketing.eu\/comunicati\/viaggi-e-vacanze\/destinazioni\/soggiorni-in-appartamento-a-budapest\/\",\"url\":\"https:\/\/www.article-marketing.eu\/comunicati\/viaggi-e-vacanze\/destinazioni\/soggiorni-in-appartamento-a-budapest\/\",\"name\":\"Soggiorni in appartamento a Budapest - Article Marketing\",\"isPartOf\":{\"@id\":\"https:\/\/www.article-marketing.eu\/comunicati\/#website\"},\"datePublished\":\"2009-08-17T14:27:43+00:00\",\"author\":{\"@id\":\"https:\/\/www.article-marketing.eu\/comunicati\/#\/schema\/person\/44372e4d4d0fa797b18e03ed1ace9017\"},\"breadcrumb\":{\"@id\":\"https:\/\/www.article-marketing.eu\/comunicati\/viaggi-e-vacanze\/destinazioni\/soggiorni-in-appartamento-a-budapest\/#breadcrumb\"},\"inLanguage\":\"it-IT\",\"potentialAction\":[{\"@type\":\"ReadAction\",\"target\":[\"https:\/\/www.article-marketing.eu\/comunicati\/viaggi-e-vacanze\/destinazioni\/soggiorni-in-appartamento-a-budapest\/\"]}]},{\"@type\":\"BreadcrumbList\",\"@id\":\"https:\/\/www.article-marketing.eu\/comunicati\/viaggi-e-vacanze\/destinazioni\/soggiorni-in-appartamento-a-budapest\/#breadcrumb\",\"itemListElement\":[{\"@type\":\"ListItem\",\"position\":1,\"name\":\"Home\",\"item\":\"https:\/\/www.article-marketing.eu\/comunicati\/\"},{\"@type\":\"ListItem\",\"position\":2,\"name\":\"Soggiorni in appartamento a Budapest\"}]},{\"@type\":\"WebSite\",\"@id\":\"https:\/\/www.article-marketing.eu\/comunicati\/#website\",\"url\":\"https:\/\/www.article-marketing.eu\/comunicati\/\",\"name\":\"Article Marketing\",\"description\":\"article marketing &amp; press release\",\"potentialAction\":[{\"@type\":\"SearchAction\",\"target\":{\"@type\":\"EntryPoint\",\"urlTemplate\":\"https:\/\/www.article-marketing.eu\/comunicati\/?s={search_term_string}\"},\"query-input\":{\"@type\":\"PropertyValueSpecification\",\"valueRequired\":true,\"valueName\":\"search_term_string\"}}],\"inLanguage\":\"it-IT\"},{\"@type\":\"Person\",\"@id\":\"https:\/\/www.article-marketing.eu\/comunicati\/#\/schema\/person\/44372e4d4d0fa797b18e03ed1ace9017\",\"name\":\"Redazione Comunicati Stampa\",\"image\":{\"@type\":\"ImageObject\",\"inLanguage\":\"it-IT\",\"@id\":\"https:\/\/www.article-marketing.eu\/comunicati\/#\/schema\/person\/image\/\",\"url\":\"https:\/\/secure.gravatar.com\/avatar\/50e5c6421d3072f42e7ace803501602c60d75233d34e29fd05feb91c8760b792?s=96&d=mm&r=g\",\"contentUrl\":\"https:\/\/secure.gravatar.com\/avatar\/50e5c6421d3072f42e7ace803501602c60d75233d34e29fd05feb91c8760b792?s=96&d=mm&r=g\",\"caption\":\"Redazione Comunicati Stampa\"},\"url\":\"https:\/\/www.article-marketing.eu\/comunicati\/author\/redazione-comunicati-stampa\/\"}]}<\/script>\n<!-- \/ Yoast SEO plugin. -->","yoast_head_json":{"title":"Soggiorni in appartamento a Budapest - Article Marketing","robots":{"index":"index","follow":"follow","max-snippet":"max-snippet:-1","max-image-preview":"max-image-preview:large","max-video-preview":"max-video-preview:-1"},"canonical":"https:\/\/www.article-marketing.eu\/comunicati\/viaggi-e-vacanze\/destinazioni\/soggiorni-in-appartamento-a-budapest\/","og_locale":"it_IT","og_type":"article","og_title":"Soggiorni in appartamento a Budapest - Article Marketing","og_description":"Nuova frontiera del turismo nelle capitali dell'Est Europeo. Affittare un appartamento costa molto meno che una camera d'albergo.","og_url":"https:\/\/www.article-marketing.eu\/comunicati\/viaggi-e-vacanze\/destinazioni\/soggiorni-in-appartamento-a-budapest\/","og_site_name":"Article Marketing","article_published_time":"2009-08-17T14:27:43+00:00","author":"Redazione Comunicati Stampa","twitter_card":"summary_large_image","twitter_misc":{"Scritto da":"Redazione Comunicati Stampa","Tempo di lettura stimato":"2 minuti"},"schema":{"@context":"https:\/\/schema.org","@graph":[{"@type":"Article","@id":"https:\/\/www.article-marketing.eu\/comunicati\/viaggi-e-vacanze\/destinazioni\/soggiorni-in-appartamento-a-budapest\/#article","isPartOf":{"@id":"https:\/\/www.article-marketing.eu\/comunicati\/viaggi-e-vacanze\/destinazioni\/soggiorni-in-appartamento-a-budapest\/"},"author":{"name":"Redazione Comunicati Stampa","@id":"https:\/\/www.article-marketing.eu\/comunicati\/#\/schema\/person\/44372e4d4d0fa797b18e03ed1ace9017"},"headline":"Soggiorni in appartamento a Budapest","datePublished":"2009-08-17T14:27:43+00:00","mainEntityOfPage":{"@id":"https:\/\/www.article-marketing.eu\/comunicati\/viaggi-e-vacanze\/destinazioni\/soggiorni-in-appartamento-a-budapest\/"},"wordCount":488,"commentCount":0,"keywords":["affitto appartamenti a Budapest","affitto in centro a Budapest","appartamenti a Budapest"],"articleSection":["Destinazioni"],"inLanguage":"it-IT","potentialAction":[{"@type":"CommentAction","name":"Comment","target":["https:\/\/www.article-marketing.eu\/comunicati\/viaggi-e-vacanze\/destinazioni\/soggiorni-in-appartamento-a-budapest\/#respond"]}]},{"@type":"WebPage","@id":"https:\/\/www.article-marketing.eu\/comunicati\/viaggi-e-vacanze\/destinazioni\/soggiorni-in-appartamento-a-budapest\/","url":"https:\/\/www.article-marketing.eu\/comunicati\/viaggi-e-vacanze\/destinazioni\/soggiorni-in-appartamento-a-budapest\/","name":"Soggiorni in appartamento a Budapest - Article Marketing","isPartOf":{"@id":"https:\/\/www.article-marketing.eu\/comunicati\/#website"},"datePublished":"2009-08-17T14:27:43+00:00","author":{"@id":"https:\/\/www.article-marketing.eu\/comunicati\/#\/schema\/person\/44372e4d4d0fa797b18e03ed1ace9017"},"breadcrumb":{"@id":"https:\/\/www.article-marketing.eu\/comunicati\/viaggi-e-vacanze\/destinazioni\/soggiorni-in-appartamento-a-budapest\/#breadcrumb"},"inLanguage":"it-IT","potentialAction":[{"@type":"ReadAction","target":["https:\/\/www.article-marketing.eu\/comunicati\/viaggi-e-vacanze\/destinazioni\/soggiorni-in-appartamento-a-budapest\/"]}]},{"@type":"BreadcrumbList","@id":"https:\/\/www.article-marketing.eu\/comunicati\/viaggi-e-vacanze\/destinazioni\/soggiorni-in-appartamento-a-budapest\/#breadcrumb","itemListElement":[{"@type":"ListItem","position":1,"name":"Home","item":"https:\/\/www.article-marketing.eu\/comunicati\/"},{"@type":"ListItem","position":2,"name":"Soggiorni in appartamento a Budapest"}]},{"@type":"WebSite","@id":"https:\/\/www.article-marketing.eu\/comunicati\/#website","url":"https:\/\/www.article-marketing.eu\/comunicati\/","name":"Article Marketing","description":"article marketing &amp; press release","potentialAction":[{"@type":"SearchAction","target":{"@type":"EntryPoint","urlTemplate":"https:\/\/www.article-marketing.eu\/comunicati\/?s={search_term_string}"},"query-input":{"@type":"PropertyValueSpecification","valueRequired":true,"valueName":"search_term_string"}}],"inLanguage":"it-IT"},{"@type":"Person","@id":"https:\/\/www.article-marketing.eu\/comunicati\/#\/schema\/person\/44372e4d4d0fa797b18e03ed1ace9017","name":"Redazione Comunicati Stampa","image":{"@type":"ImageObject","inLanguage":"it-IT","@id":"https:\/\/www.article-marketing.eu\/comunicati\/#\/schema\/person\/image\/","url":"https:\/\/secure.gravatar.com\/avatar\/50e5c6421d3072f42e7ace803501602c60d75233d34e29fd05feb91c8760b792?s=96&d=mm&r=g","contentUrl":"https:\/\/secure.gravatar.com\/avatar\/50e5c6421d3072f42e7ace803501602c60d75233d34e29fd05feb91c8760b792?s=96&d=mm&r=g","caption":"Redazione Comunicati Stampa"},"url":"https:\/\/www.article-marketing.eu\/comunicati\/author\/redazione-comunicati-stampa\/"}]}},"_links":{"self":[{"href":"https:\/\/www.article-marketing.eu\/comunicati\/wp-json\/wp\/v2\/posts\/2568","targetHints":{"allow":["GET"]}}],"collection":[{"href":"https:\/\/www.article-marketing.eu\/comunicati\/wp-json\/wp\/v2\/posts"}],"about":[{"href":"https:\/\/www.article-marketing.eu\/comunicati\/wp-json\/wp\/v2\/types\/post"}],"author":[{"embeddable":true,"href":"https:\/\/www.article-marketing.eu\/comunicati\/wp-json\/wp\/v2\/users\/10"}],"replies":[{"embeddable":true,"href":"https:\/\/www.article-marketing.eu\/comunicati\/wp-json\/wp\/v2\/comments?post=2568"}],"version-history":[{"count":0,"href":"https:\/\/www.article-marketing.eu\/comunicati\/wp-json\/wp\/v2\/posts\/2568\/revisions"}],"wp:attachment":[{"href":"https:\/\/www.article-marketing.eu\/comunicati\/wp-json\/wp\/v2\/media?parent=2568"}],"wp:term":[{"taxonomy":"category","embeddable":true,"href":"https:\/\/www.article-marketing.eu\/comunicati\/wp-json\/wp\/v2\/categories?post=2568"},{"taxonomy":"post_tag","embeddable":true,"href":"https:\/\/www.article-marketing.eu\/comunicati\/wp-json\/wp\/v2\/tags?post=2568"}],"curies":[{"name":"wp","href":"https:\/\/api.w.org\/{rel}","templated":true}]}}