{"id":2570,"date":"2009-08-18T09:29:18","date_gmt":"2009-08-18T07:29:18","guid":{"rendered":"http:\/\/www.article-marketing.eu\/comunicati\/senza-categoria\/il-fascino-dei-mobili-artigianali\/"},"modified":"2009-08-18T09:29:18","modified_gmt":"2009-08-18T07:29:18","slug":"il-fascino-dei-mobili-artigianali","status":"publish","type":"post","link":"https:\/\/www.article-marketing.eu\/comunicati\/casa\/il-fascino-dei-mobili-artigianali\/","title":{"rendered":"Il fascino dei mobili artigianali"},"content":{"rendered":"<p>L\u2019artigianato \u00e8 ancora uno dei settori pi\u00f9 importanti e riconosciuti<br \/>\nanche all\u2019estero del made in italy. Possedere arredi, decorazioni o<br \/>\nmobili artigianali \u00e8 senza dubbio un valore aggiunto per la propria<br \/>\ncasa.<\/p>\n<p>Il<br \/>\nfascino dell\u2019artigianato \u00e8 una di quelle cose che non passano mai di<br \/>\nmoda. Gli artigiani italiani si tramandano da secoli le conoscenze e le<br \/>\ntecniche da padre a figlio, creano manualmente ogni prodotto uno ad<br \/>\nuno, accuratamente, con la massima cura di ogni dettaglio e ogni<br \/>\nparticolare. Le lavorazioni artigianali toccano diversi ambiti e<br \/>\nsettori: dalla lavorazione della ceramica e del legno, fino ad arrivare<br \/>\na quella dei tessuti, dei metalli e del vetro; anche i prodotti<br \/>\ngastronomici sono spesso considerati come una vera e propria forma<br \/>\nd\u2019arte. Ma soprattutto la <a href=\"http:\/\/www.elisamobili.it\/doc.asp?key=1&amp;lang=it\">produzione arredamento<\/a><br \/>\nartigianale \u00e8 un settore particolarmente importante per l\u2019industria e<br \/>\nl\u2019economia italiana, con prodotti che sanno coniugare bellezza e<br \/>\npraticit\u00e0 con il fascino e l\u2019eleganza di un prodotto sempre classico e<br \/>\nsempre attuale.<\/p>\n<p>Chi sceglie un mobile o un arredo artigianale sa<br \/>\ndi poter contare su un valore aggiunto per la propria casa. Durante la<br \/>\nfase di scelta dell\u2019arredamento della propria casa, \u00e8 fondamentale<br \/>\nvalutare se i mobili si adattano perfettamente allo spazio disponibile,<br \/>\nse sono pratici, e soprattutto se sfruttano bene ogni angolo<br \/>\ndell\u2019abitazione. Proprio per soddisfare tutte queste esigenze, sono in<br \/>\nmolti a preferire l\u2019acquisto di arredamenti su misura. A differenza delle soluzioni gi\u00e0 pronte infatti, i mobili creati ad hoc hanno il grande vantaggio di non lasciare spazi vuoti e di riempire ogni angolo della casa; inoltre sono destinati a durare molto pi\u00f9 nel tempo grazie all\u2019elevata qualit\u00e0 dei materiali utilizzati.<\/p>\n<p>Il valore dei mobili artigianali<br \/>\nnon appare solo nella disposizione e nell\u2019utilizzo che si fa dello<br \/>\nspazio disponibile. Il primo elemento da prendere in considerazione \u00e8<br \/>\ncomunque la qualit\u00e0 dell\u2019oggetto di per se stesso. La qualit\u00e0 si<br \/>\nesplica nella conoscenza del proprio lavoro, applicata in ogni azione<br \/>\nche l\u2019attivit\u00e0 imprenditoriale artigiana implica. La qualit\u00e0 non \u00e8 solo<br \/>\nuna certificazione, ma si esprime con la cultura di coloro che nella<br \/>\nconoscenza del proprio compito, si adoperano quotidianamente per<br \/>\nsoddisfare alle esigenze dell\u2019interlocutore. Ricercare il meglio nella<br \/>\nforma, nel materiale, nella finitura, nel servizio \u00e8 innato nel nostro<br \/>\nmodo di agire e perseguito di conseguenza, secondo le regole del<br \/>\nbuonsenso e nell\u2019assoluto rispetto delle leggi.<\/p>\n<p>Gli elementi che<br \/>\npoi concorrono a deciderne il valore sono i materiali e la finitura. Il<br \/>\nmateriale usato maggiormente \u00e8 il legno, di cui esistono ovviamente<br \/>\nmoltissime variet\u00e0, per cui \u00e8 importantissimo saper scegliere quella<br \/>\nadatta e la lavorazione giusta per ogni tipo di legno e oggetto da<br \/>\ncreare.<\/p>\n<p>Per quanto riguarda la finitura, come per esempio la<br \/>\nlucidatura del mobile, l\u2019assemblaggio degli accessori (ferramenta,<br \/>\ntappezzeria, vetri, luci) nelle lavorazioni artigianali \u00e8 fatta a mano,<br \/>\nassicurando cos\u00ec la precisione della lavorazione in questione. Anche la<br \/>\nlucidatura, spesso fatta in molti passaggi, \u00e8 un accurato procedimento<br \/>\nartigianale che rende il mobile un oggetto unico e inimitabile, infatti<br \/>\nla lucidatura, oltre a dare protezione al legno, se fatta bene sa<br \/>\nesaltare i cromatismi dell\u2019essenza lignea.<\/p>\n","protected":false},"excerpt":{"rendered":"<p>L\u2019artigianato \u00e8 ancora uno dei settori pi\u00f9 importanti e riconosciuti anche all\u2019estero del made in italy. Possedere arredi, decorazioni o mobili artigianali \u00e8 senza dubbio un valore aggiunto per la propria casa.<\/p>\n","protected":false},"author":10,"featured_media":0,"comment_status":"open","ping_status":"open","sticky":false,"template":"","format":"standard","meta":{"cybocfi_hide_featured_image":"","footnotes":""},"categories":[390],"tags":[8408,4643,8409],"class_list":["post-2570","post","type-post","status-publish","format-standard","hentry","category-casa","tag-arredamenti-su-misura","tag-arredamento-interni","tag-mobili-artigianali"],"yoast_head":"<!-- This site is optimized with the Yoast SEO plugin v27.0 - https:\/\/yoast.com\/product\/yoast-seo-wordpress\/ -->\n<title>Il fascino dei mobili artigianali - Article Marketing<\/title>\n<meta name=\"robots\" content=\"index, follow, max-snippet:-1, max-image-preview:large, max-video-preview:-1\" \/>\n<link rel=\"canonical\" href=\"https:\/\/www.article-marketing.eu\/comunicati\/casa\/il-fascino-dei-mobili-artigianali\/\" \/>\n<meta property=\"og:locale\" content=\"it_IT\" \/>\n<meta property=\"og:type\" content=\"article\" \/>\n<meta property=\"og:title\" content=\"Il fascino dei mobili artigianali - Article Marketing\" \/>\n<meta property=\"og:description\" content=\"L\u2019artigianato \u00e8 ancora uno dei settori pi\u00f9 importanti e riconosciuti anche all\u2019estero del made in italy. Possedere arredi, decorazioni o mobili artigianali \u00e8 senza dubbio un valore aggiunto per la propria casa.\" \/>\n<meta property=\"og:url\" content=\"https:\/\/www.article-marketing.eu\/comunicati\/casa\/il-fascino-dei-mobili-artigianali\/\" \/>\n<meta property=\"og:site_name\" content=\"Article Marketing\" \/>\n<meta property=\"article:published_time\" content=\"2009-08-18T07:29:18+00:00\" \/>\n<meta name=\"author\" content=\"Redazione Comunicati Stampa\" \/>\n<meta name=\"twitter:card\" content=\"summary_large_image\" \/>\n<meta name=\"twitter:label1\" content=\"Scritto da\" \/>\n\t<meta name=\"twitter:data1\" content=\"Redazione Comunicati Stampa\" \/>\n\t<meta name=\"twitter:label2\" content=\"Tempo di lettura stimato\" \/>\n\t<meta name=\"twitter:data2\" content=\"3 minuti\" \/>\n<script type=\"application\/ld+json\" class=\"yoast-schema-graph\">{\"@context\":\"https:\/\/schema.org\",\"@graph\":[{\"@type\":\"Article\",\"@id\":\"https:\/\/www.article-marketing.eu\/comunicati\/casa\/il-fascino-dei-mobili-artigianali\/#article\",\"isPartOf\":{\"@id\":\"https:\/\/www.article-marketing.eu\/comunicati\/casa\/il-fascino-dei-mobili-artigianali\/\"},\"author\":{\"name\":\"Redazione Comunicati Stampa\",\"@id\":\"https:\/\/www.article-marketing.eu\/comunicati\/#\/schema\/person\/44372e4d4d0fa797b18e03ed1ace9017\"},\"headline\":\"Il fascino dei mobili artigianali\",\"datePublished\":\"2009-08-18T07:29:18+00:00\",\"mainEntityOfPage\":{\"@id\":\"https:\/\/www.article-marketing.eu\/comunicati\/casa\/il-fascino-dei-mobili-artigianali\/\"},\"wordCount\":516,\"commentCount\":0,\"keywords\":[\"arredamenti su misura\",\"arredamento interni\",\"mobili artigianali\"],\"articleSection\":[\"Casa\"],\"inLanguage\":\"it-IT\",\"potentialAction\":[{\"@type\":\"CommentAction\",\"name\":\"Comment\",\"target\":[\"https:\/\/www.article-marketing.eu\/comunicati\/casa\/il-fascino-dei-mobili-artigianali\/#respond\"]}]},{\"@type\":\"WebPage\",\"@id\":\"https:\/\/www.article-marketing.eu\/comunicati\/casa\/il-fascino-dei-mobili-artigianali\/\",\"url\":\"https:\/\/www.article-marketing.eu\/comunicati\/casa\/il-fascino-dei-mobili-artigianali\/\",\"name\":\"Il fascino dei mobili artigianali - Article Marketing\",\"isPartOf\":{\"@id\":\"https:\/\/www.article-marketing.eu\/comunicati\/#website\"},\"datePublished\":\"2009-08-18T07:29:18+00:00\",\"author\":{\"@id\":\"https:\/\/www.article-marketing.eu\/comunicati\/#\/schema\/person\/44372e4d4d0fa797b18e03ed1ace9017\"},\"breadcrumb\":{\"@id\":\"https:\/\/www.article-marketing.eu\/comunicati\/casa\/il-fascino-dei-mobili-artigianali\/#breadcrumb\"},\"inLanguage\":\"it-IT\",\"potentialAction\":[{\"@type\":\"ReadAction\",\"target\":[\"https:\/\/www.article-marketing.eu\/comunicati\/casa\/il-fascino-dei-mobili-artigianali\/\"]}]},{\"@type\":\"BreadcrumbList\",\"@id\":\"https:\/\/www.article-marketing.eu\/comunicati\/casa\/il-fascino-dei-mobili-artigianali\/#breadcrumb\",\"itemListElement\":[{\"@type\":\"ListItem\",\"position\":1,\"name\":\"Home\",\"item\":\"https:\/\/www.article-marketing.eu\/comunicati\/\"},{\"@type\":\"ListItem\",\"position\":2,\"name\":\"Il fascino dei mobili artigianali\"}]},{\"@type\":\"WebSite\",\"@id\":\"https:\/\/www.article-marketing.eu\/comunicati\/#website\",\"url\":\"https:\/\/www.article-marketing.eu\/comunicati\/\",\"name\":\"Article Marketing\",\"description\":\"article marketing &amp; press release\",\"potentialAction\":[{\"@type\":\"SearchAction\",\"target\":{\"@type\":\"EntryPoint\",\"urlTemplate\":\"https:\/\/www.article-marketing.eu\/comunicati\/?s={search_term_string}\"},\"query-input\":{\"@type\":\"PropertyValueSpecification\",\"valueRequired\":true,\"valueName\":\"search_term_string\"}}],\"inLanguage\":\"it-IT\"},{\"@type\":\"Person\",\"@id\":\"https:\/\/www.article-marketing.eu\/comunicati\/#\/schema\/person\/44372e4d4d0fa797b18e03ed1ace9017\",\"name\":\"Redazione Comunicati Stampa\",\"image\":{\"@type\":\"ImageObject\",\"inLanguage\":\"it-IT\",\"@id\":\"https:\/\/www.article-marketing.eu\/comunicati\/#\/schema\/person\/image\/\",\"url\":\"https:\/\/secure.gravatar.com\/avatar\/50e5c6421d3072f42e7ace803501602c60d75233d34e29fd05feb91c8760b792?s=96&d=mm&r=g\",\"contentUrl\":\"https:\/\/secure.gravatar.com\/avatar\/50e5c6421d3072f42e7ace803501602c60d75233d34e29fd05feb91c8760b792?s=96&d=mm&r=g\",\"caption\":\"Redazione Comunicati Stampa\"},\"url\":\"https:\/\/www.article-marketing.eu\/comunicati\/author\/redazione-comunicati-stampa\/\"}]}<\/script>\n<!-- \/ Yoast SEO plugin. -->","yoast_head_json":{"title":"Il fascino dei mobili artigianali - Article Marketing","robots":{"index":"index","follow":"follow","max-snippet":"max-snippet:-1","max-image-preview":"max-image-preview:large","max-video-preview":"max-video-preview:-1"},"canonical":"https:\/\/www.article-marketing.eu\/comunicati\/casa\/il-fascino-dei-mobili-artigianali\/","og_locale":"it_IT","og_type":"article","og_title":"Il fascino dei mobili artigianali - Article Marketing","og_description":"L\u2019artigianato \u00e8 ancora uno dei settori pi\u00f9 importanti e riconosciuti anche all\u2019estero del made in italy. Possedere arredi, decorazioni o mobili artigianali \u00e8 senza dubbio un valore aggiunto per la propria casa.","og_url":"https:\/\/www.article-marketing.eu\/comunicati\/casa\/il-fascino-dei-mobili-artigianali\/","og_site_name":"Article Marketing","article_published_time":"2009-08-18T07:29:18+00:00","author":"Redazione Comunicati Stampa","twitter_card":"summary_large_image","twitter_misc":{"Scritto da":"Redazione Comunicati Stampa","Tempo di lettura stimato":"3 minuti"},"schema":{"@context":"https:\/\/schema.org","@graph":[{"@type":"Article","@id":"https:\/\/www.article-marketing.eu\/comunicati\/casa\/il-fascino-dei-mobili-artigianali\/#article","isPartOf":{"@id":"https:\/\/www.article-marketing.eu\/comunicati\/casa\/il-fascino-dei-mobili-artigianali\/"},"author":{"name":"Redazione Comunicati Stampa","@id":"https:\/\/www.article-marketing.eu\/comunicati\/#\/schema\/person\/44372e4d4d0fa797b18e03ed1ace9017"},"headline":"Il fascino dei mobili artigianali","datePublished":"2009-08-18T07:29:18+00:00","mainEntityOfPage":{"@id":"https:\/\/www.article-marketing.eu\/comunicati\/casa\/il-fascino-dei-mobili-artigianali\/"},"wordCount":516,"commentCount":0,"keywords":["arredamenti su misura","arredamento interni","mobili artigianali"],"articleSection":["Casa"],"inLanguage":"it-IT","potentialAction":[{"@type":"CommentAction","name":"Comment","target":["https:\/\/www.article-marketing.eu\/comunicati\/casa\/il-fascino-dei-mobili-artigianali\/#respond"]}]},{"@type":"WebPage","@id":"https:\/\/www.article-marketing.eu\/comunicati\/casa\/il-fascino-dei-mobili-artigianali\/","url":"https:\/\/www.article-marketing.eu\/comunicati\/casa\/il-fascino-dei-mobili-artigianali\/","name":"Il fascino dei mobili artigianali - Article Marketing","isPartOf":{"@id":"https:\/\/www.article-marketing.eu\/comunicati\/#website"},"datePublished":"2009-08-18T07:29:18+00:00","author":{"@id":"https:\/\/www.article-marketing.eu\/comunicati\/#\/schema\/person\/44372e4d4d0fa797b18e03ed1ace9017"},"breadcrumb":{"@id":"https:\/\/www.article-marketing.eu\/comunicati\/casa\/il-fascino-dei-mobili-artigianali\/#breadcrumb"},"inLanguage":"it-IT","potentialAction":[{"@type":"ReadAction","target":["https:\/\/www.article-marketing.eu\/comunicati\/casa\/il-fascino-dei-mobili-artigianali\/"]}]},{"@type":"BreadcrumbList","@id":"https:\/\/www.article-marketing.eu\/comunicati\/casa\/il-fascino-dei-mobili-artigianali\/#breadcrumb","itemListElement":[{"@type":"ListItem","position":1,"name":"Home","item":"https:\/\/www.article-marketing.eu\/comunicati\/"},{"@type":"ListItem","position":2,"name":"Il fascino dei mobili artigianali"}]},{"@type":"WebSite","@id":"https:\/\/www.article-marketing.eu\/comunicati\/#website","url":"https:\/\/www.article-marketing.eu\/comunicati\/","name":"Article Marketing","description":"article marketing &amp; press release","potentialAction":[{"@type":"SearchAction","target":{"@type":"EntryPoint","urlTemplate":"https:\/\/www.article-marketing.eu\/comunicati\/?s={search_term_string}"},"query-input":{"@type":"PropertyValueSpecification","valueRequired":true,"valueName":"search_term_string"}}],"inLanguage":"it-IT"},{"@type":"Person","@id":"https:\/\/www.article-marketing.eu\/comunicati\/#\/schema\/person\/44372e4d4d0fa797b18e03ed1ace9017","name":"Redazione Comunicati Stampa","image":{"@type":"ImageObject","inLanguage":"it-IT","@id":"https:\/\/www.article-marketing.eu\/comunicati\/#\/schema\/person\/image\/","url":"https:\/\/secure.gravatar.com\/avatar\/50e5c6421d3072f42e7ace803501602c60d75233d34e29fd05feb91c8760b792?s=96&d=mm&r=g","contentUrl":"https:\/\/secure.gravatar.com\/avatar\/50e5c6421d3072f42e7ace803501602c60d75233d34e29fd05feb91c8760b792?s=96&d=mm&r=g","caption":"Redazione Comunicati Stampa"},"url":"https:\/\/www.article-marketing.eu\/comunicati\/author\/redazione-comunicati-stampa\/"}]}},"_links":{"self":[{"href":"https:\/\/www.article-marketing.eu\/comunicati\/wp-json\/wp\/v2\/posts\/2570","targetHints":{"allow":["GET"]}}],"collection":[{"href":"https:\/\/www.article-marketing.eu\/comunicati\/wp-json\/wp\/v2\/posts"}],"about":[{"href":"https:\/\/www.article-marketing.eu\/comunicati\/wp-json\/wp\/v2\/types\/post"}],"author":[{"embeddable":true,"href":"https:\/\/www.article-marketing.eu\/comunicati\/wp-json\/wp\/v2\/users\/10"}],"replies":[{"embeddable":true,"href":"https:\/\/www.article-marketing.eu\/comunicati\/wp-json\/wp\/v2\/comments?post=2570"}],"version-history":[{"count":0,"href":"https:\/\/www.article-marketing.eu\/comunicati\/wp-json\/wp\/v2\/posts\/2570\/revisions"}],"wp:attachment":[{"href":"https:\/\/www.article-marketing.eu\/comunicati\/wp-json\/wp\/v2\/media?parent=2570"}],"wp:term":[{"taxonomy":"category","embeddable":true,"href":"https:\/\/www.article-marketing.eu\/comunicati\/wp-json\/wp\/v2\/categories?post=2570"},{"taxonomy":"post_tag","embeddable":true,"href":"https:\/\/www.article-marketing.eu\/comunicati\/wp-json\/wp\/v2\/tags?post=2570"}],"curies":[{"name":"wp","href":"https:\/\/api.w.org\/{rel}","templated":true}]}}