{"id":25764,"date":"2012-04-16T10:26:55","date_gmt":"2012-04-16T08:26:55","guid":{"rendered":"http:\/\/www.article-marketing.eu\/comunicati\/senza-categoria\/mostra-di-simone-pellegrino-a-rimini-dal-14-aprile-al-3-giugno\/"},"modified":"2012-04-16T10:26:55","modified_gmt":"2012-04-16T08:26:55","slug":"mostra-di-simone-pellegrino-a-rimini-dal-14-aprile-al-3-giugno","status":"publish","type":"post","link":"https:\/\/www.article-marketing.eu\/comunicati\/viaggi-e-vacanze\/viaggi-e-turismo\/mostra-di-simone-pellegrino-a-rimini-dal-14-aprile-al-3-giugno\/","title":{"rendered":"Mostra di Simone Pellegrino a Rimini dal 14 aprile al 3 giugno"},"content":{"rendered":"<p>Una quindicina di opere, molte di grande formato, compongono la personale Devasti di Simone Pellegrini che inaugura il 14 aprile alle 18 alla galleria Far di piazza Cavour. Molti gli <a href=\"http:\/\/www.diplomatpalace.it\/\">hotel Rimini 4 stelle<\/a> che hanno deciso di utilizzare l&#8217;evento per promuovere offerte in modo da attirare pi&ugrave; turisti in citt&agrave; in modo da avere pi&ugrave; iniziative da proporre. Pellegrini &egrave; uno degli artisti pi&ugrave; interessanti e compie una delle ricerche pi&ugrave; singolari nel panorama di arte contemporaneo italiana. Le opere di Pellegrini presentano un alfabeto segnico particolarissimo, sembrano mappe recuperate da una ideale nuova spedizione geografica che conduce in un ipotetico sesto continente abitato da popolazioni dedite a guerra, cannibalismo, adorazione di simboli che appartengono all&rsquo;infanzia di tutti i popoli o ad un futuro post-nucleare. Molto complessa e originale la tecnica utilizzata da Pellegrini. Non dipinge mai sull&rsquo;opera definitiva. Ogni singola immagine &egrave; realizzata su un supporto di carta che viene successivamente oleato e appoggiato sulla superficie finale creando una sorta di negativo. Le carte originali vengono poi periodicamente distrutte dall&rsquo;autore in un fuoco sacrificale che assume contorni di distacco e sublimazione. L&rsquo;opera &egrave; opera se c&rsquo;&egrave; articolazione, ecco perch&eacute; ogni matrice &egrave; crusca. Con l&rsquo;eliminazione delle carte originali, crea distanza e questo permette all&rsquo;autore una situazione imprescindibile, cio&egrave; essere il primo lettore dell&rsquo;opera. All&rsquo;ingresso della mostra, nel Palazzo del Podest&agrave;, campeggia una scritta di Antonin Artaud, in cui si evoca il bruciare forme ed &egrave; a questa frase che si collega Pellegrini. Tutte le forme che erano referenti certi, ora non somigliano pi&ugrave; a ci&ograve; che in origine indicavano, c&rsquo;&egrave; allontanamento dal reale e si &egrave; sviluppata dialettica tra le forme che mostravano qualcosa e le forme astrattive. Tra le sagome rappresentate nelle opere si notano molte allusioni a elementi erotici. Un erotismo che &egrave; parte fondante e fecondante, ma si tratta di fusioni sterili che non figliano, non danno adito a progenie. Sono amplessi che danno la possibilit&agrave; agli elementi originali di trasformarsi in altro, in forme fitomorfe. Devasti rimarr&agrave; allestita sino al 3 giugno. Curata da Walter Guadagnini &egrave; aperta tutti i giorni, escluso il luned&igrave;. Molte informazioni si potranno trovare anche rivolgendosi al personale di ricevimento di uno tra i tanti hotel 4 stelle Rimini che hanno sposato queste iniziative che promuovono non solo gli artisti ma anche la citt&agrave; stessa Orario 10,00 &ndash; 13,00 e 16,00 &ndash; 19,30 con ingresso libero. Info: 0541 &ndash; 704416.Una quindicina di opere, molte di grande formato, compongono la personale Devasti di Simone Pellegrini che inaugura il 14 aprile alle 18 alla galleria Far di piazza Cavour. Molti gli hotel Rimini 4 stelle che hanno deciso di utilizzare l&#8217;evento per promuovere offerte in modo da attirare pi&ugrave; turisti in citt&agrave; in modo da avere pi&ugrave; iniziative da proporre. Pellegrini &egrave; uno degli artisti pi&ugrave; interessanti e compie una delle ricerche pi&ugrave; singolari nel panorama di arte contemporaneo italiana. Le opere di Pellegrini presentano un alfabeto segnico particolarissimo, sembrano mappe recuperate da una ideale nuova spedizione geografica che conduce in un ipotetico sesto continente abitato da popolazioni dedite a guerra, cannibalismo, adorazione di simboli che appartengono all&rsquo;infanzia di tutti i popoli o ad un futuro post-nucleare. Molto complessa e originale la tecnica utilizzata da Pellegrini. Non dipinge mai sull&rsquo;opera definitiva. Ogni singola immagine &egrave; realizzata su un supporto di carta che viene successivamente oleato e appoggiato sulla superficie finale creando una sorta di negativo. Le carte originali vengono poi periodicamente distrutte dall&rsquo;autore in un fuoco sacrificale che assume contorni di distacco e sublimazione. L&rsquo;opera &egrave; opera se c&rsquo;&egrave; articolazione, ecco perch&eacute; ogni matrice &egrave; crusca. Con l&rsquo;eliminazione delle carte originali, crea distanza e questo permette all&rsquo;autore una situazione imprescindibile, cio&egrave; essere il primo lettore dell&rsquo;opera. All&rsquo;ingresso della mostra, nel Palazzo del Podest&agrave;, campeggia una scritta di Antonin Artaud, in cui si evoca il bruciare forme ed &egrave; a questa frase che si collega Pellegrini. Tutte le forme che erano referenti certi, ora non somigliano pi&ugrave; a ci&ograve; che in origine indicavano, c&rsquo;&egrave; allontanamento dal reale e si &egrave; sviluppata dialettica tra le forme che mostravano qualcosa e le forme astrattive. Tra le sagome rappresentate nelle opere si notano molte allusioni a elementi erotici. Un erotismo che &egrave; parte fondante e fecondante, ma si tratta di fusioni sterili che non figliano, non danno adito a progenie. Sono amplessi che danno la possibilit&agrave; agli elementi originali di trasformarsi in altro, in forme fitomorfe. Devasti rimarr&agrave; allestita sino al 3 giugno. Curata da Walter Guadagnini &egrave; aperta tutti i giorni, escluso il luned&igrave;. Molte informazioni si potranno trovare anche rivolgendosi al personale di ricevimento di uno tra i tanti hotel 4 stelle Rimini che hanno sposato queste iniziative che promuovono non solo gli artisti ma anche la citt&agrave; stessa Orario 10,00 &ndash; 13,00 e 16,00 &ndash; 19,30 con ingresso libero. Info: 0541 &ndash; 704416.<\/p>\n","protected":false},"excerpt":{"rendered":"<p>Una quindicina di opere, molte di grande formato, compongono la personale Devasti di Simone Pellegrini che inaugura il 14 aprile alle 18 alla galleria Far di piazza Cavour. Molti gli hotel Rimini 4 stelle che hanno deciso di utilizzare l&#8217;evento per promuovere offerte in modo da attirare pi\u00f9 turisti in citt\u00e0 in modo da avere pi\u00f9 iniziative da proporre. Pellegrini \u00e8 uno degli artisti pi\u00f9 interessanti e compie una delle ricerche pi\u00f9 singolari nel panorama di arte contemporaneo italiana.<\/p>\n","protected":false},"author":10,"featured_media":0,"comment_status":"open","ping_status":"open","sticky":false,"template":"","format":"standard","meta":{"cybocfi_hide_featured_image":"","footnotes":""},"categories":[2],"tags":[11160,1950],"class_list":["post-25764","post","type-post","status-publish","format-standard","hentry","category-viaggi-e-turismo","tag-hotel-4-stelle-rimini","tag-hotel-rimini"],"yoast_head":"<!-- This site is optimized with the Yoast SEO plugin v27.0 - https:\/\/yoast.com\/product\/yoast-seo-wordpress\/ -->\n<title>Mostra di Simone Pellegrino a Rimini dal 14 aprile al 3 giugno - Article Marketing<\/title>\n<meta name=\"robots\" content=\"index, follow, max-snippet:-1, max-image-preview:large, max-video-preview:-1\" \/>\n<link rel=\"canonical\" href=\"https:\/\/www.article-marketing.eu\/comunicati\/viaggi-e-vacanze\/viaggi-e-turismo\/mostra-di-simone-pellegrino-a-rimini-dal-14-aprile-al-3-giugno\/\" \/>\n<meta property=\"og:locale\" content=\"it_IT\" \/>\n<meta property=\"og:type\" content=\"article\" \/>\n<meta property=\"og:title\" content=\"Mostra di Simone Pellegrino a Rimini dal 14 aprile al 3 giugno - Article Marketing\" \/>\n<meta property=\"og:description\" content=\"Una quindicina di opere, molte di grande formato, compongono la personale Devasti di Simone Pellegrini che inaugura il 14 aprile alle 18 alla galleria Far di piazza Cavour. Molti gli hotel Rimini 4 stelle che hanno deciso di utilizzare l&#039;evento per promuovere offerte in modo da attirare pi\u00f9 turisti in citt\u00e0 in modo da avere pi\u00f9 iniziative da proporre. Pellegrini \u00e8 uno degli artisti pi\u00f9 interessanti e compie una delle ricerche pi\u00f9 singolari nel panorama di arte contemporaneo italiana.\" \/>\n<meta property=\"og:url\" content=\"https:\/\/www.article-marketing.eu\/comunicati\/viaggi-e-vacanze\/viaggi-e-turismo\/mostra-di-simone-pellegrino-a-rimini-dal-14-aprile-al-3-giugno\/\" \/>\n<meta property=\"og:site_name\" content=\"Article Marketing\" \/>\n<meta property=\"article:published_time\" content=\"2012-04-16T08:26:55+00:00\" \/>\n<meta name=\"author\" content=\"Redazione Comunicati Stampa\" \/>\n<meta name=\"twitter:card\" content=\"summary_large_image\" \/>\n<meta name=\"twitter:label1\" content=\"Scritto da\" \/>\n\t<meta name=\"twitter:data1\" content=\"Redazione Comunicati Stampa\" \/>\n\t<meta name=\"twitter:label2\" content=\"Tempo di lettura stimato\" \/>\n\t<meta name=\"twitter:data2\" content=\"4 minuti\" \/>\n<script type=\"application\/ld+json\" class=\"yoast-schema-graph\">{\"@context\":\"https:\/\/schema.org\",\"@graph\":[{\"@type\":\"Article\",\"@id\":\"https:\/\/www.article-marketing.eu\/comunicati\/viaggi-e-vacanze\/viaggi-e-turismo\/mostra-di-simone-pellegrino-a-rimini-dal-14-aprile-al-3-giugno\/#article\",\"isPartOf\":{\"@id\":\"https:\/\/www.article-marketing.eu\/comunicati\/viaggi-e-vacanze\/viaggi-e-turismo\/mostra-di-simone-pellegrino-a-rimini-dal-14-aprile-al-3-giugno\/\"},\"author\":{\"name\":\"Redazione Comunicati Stampa\",\"@id\":\"https:\/\/www.article-marketing.eu\/comunicati\/#\/schema\/person\/44372e4d4d0fa797b18e03ed1ace9017\"},\"headline\":\"Mostra di Simone Pellegrino a Rimini dal 14 aprile al 3 giugno\",\"datePublished\":\"2012-04-16T08:26:55+00:00\",\"mainEntityOfPage\":{\"@id\":\"https:\/\/www.article-marketing.eu\/comunicati\/viaggi-e-vacanze\/viaggi-e-turismo\/mostra-di-simone-pellegrino-a-rimini-dal-14-aprile-al-3-giugno\/\"},\"wordCount\":858,\"commentCount\":0,\"keywords\":[\"hotel 4 stelle rimini\",\"hotel rimini\"],\"articleSection\":[\"Viaggi e Turismo\"],\"inLanguage\":\"it-IT\",\"potentialAction\":[{\"@type\":\"CommentAction\",\"name\":\"Comment\",\"target\":[\"https:\/\/www.article-marketing.eu\/comunicati\/viaggi-e-vacanze\/viaggi-e-turismo\/mostra-di-simone-pellegrino-a-rimini-dal-14-aprile-al-3-giugno\/#respond\"]}]},{\"@type\":\"WebPage\",\"@id\":\"https:\/\/www.article-marketing.eu\/comunicati\/viaggi-e-vacanze\/viaggi-e-turismo\/mostra-di-simone-pellegrino-a-rimini-dal-14-aprile-al-3-giugno\/\",\"url\":\"https:\/\/www.article-marketing.eu\/comunicati\/viaggi-e-vacanze\/viaggi-e-turismo\/mostra-di-simone-pellegrino-a-rimini-dal-14-aprile-al-3-giugno\/\",\"name\":\"Mostra di Simone Pellegrino a Rimini dal 14 aprile al 3 giugno - Article Marketing\",\"isPartOf\":{\"@id\":\"https:\/\/www.article-marketing.eu\/comunicati\/#website\"},\"datePublished\":\"2012-04-16T08:26:55+00:00\",\"author\":{\"@id\":\"https:\/\/www.article-marketing.eu\/comunicati\/#\/schema\/person\/44372e4d4d0fa797b18e03ed1ace9017\"},\"breadcrumb\":{\"@id\":\"https:\/\/www.article-marketing.eu\/comunicati\/viaggi-e-vacanze\/viaggi-e-turismo\/mostra-di-simone-pellegrino-a-rimini-dal-14-aprile-al-3-giugno\/#breadcrumb\"},\"inLanguage\":\"it-IT\",\"potentialAction\":[{\"@type\":\"ReadAction\",\"target\":[\"https:\/\/www.article-marketing.eu\/comunicati\/viaggi-e-vacanze\/viaggi-e-turismo\/mostra-di-simone-pellegrino-a-rimini-dal-14-aprile-al-3-giugno\/\"]}]},{\"@type\":\"BreadcrumbList\",\"@id\":\"https:\/\/www.article-marketing.eu\/comunicati\/viaggi-e-vacanze\/viaggi-e-turismo\/mostra-di-simone-pellegrino-a-rimini-dal-14-aprile-al-3-giugno\/#breadcrumb\",\"itemListElement\":[{\"@type\":\"ListItem\",\"position\":1,\"name\":\"Home\",\"item\":\"https:\/\/www.article-marketing.eu\/comunicati\/\"},{\"@type\":\"ListItem\",\"position\":2,\"name\":\"Mostra di Simone Pellegrino a Rimini dal 14 aprile al 3 giugno\"}]},{\"@type\":\"WebSite\",\"@id\":\"https:\/\/www.article-marketing.eu\/comunicati\/#website\",\"url\":\"https:\/\/www.article-marketing.eu\/comunicati\/\",\"name\":\"Article Marketing\",\"description\":\"article marketing &amp; press release\",\"potentialAction\":[{\"@type\":\"SearchAction\",\"target\":{\"@type\":\"EntryPoint\",\"urlTemplate\":\"https:\/\/www.article-marketing.eu\/comunicati\/?s={search_term_string}\"},\"query-input\":{\"@type\":\"PropertyValueSpecification\",\"valueRequired\":true,\"valueName\":\"search_term_string\"}}],\"inLanguage\":\"it-IT\"},{\"@type\":\"Person\",\"@id\":\"https:\/\/www.article-marketing.eu\/comunicati\/#\/schema\/person\/44372e4d4d0fa797b18e03ed1ace9017\",\"name\":\"Redazione Comunicati Stampa\",\"image\":{\"@type\":\"ImageObject\",\"inLanguage\":\"it-IT\",\"@id\":\"https:\/\/www.article-marketing.eu\/comunicati\/#\/schema\/person\/image\/\",\"url\":\"https:\/\/secure.gravatar.com\/avatar\/50e5c6421d3072f42e7ace803501602c60d75233d34e29fd05feb91c8760b792?s=96&d=mm&r=g\",\"contentUrl\":\"https:\/\/secure.gravatar.com\/avatar\/50e5c6421d3072f42e7ace803501602c60d75233d34e29fd05feb91c8760b792?s=96&d=mm&r=g\",\"caption\":\"Redazione Comunicati Stampa\"},\"url\":\"https:\/\/www.article-marketing.eu\/comunicati\/author\/redazione-comunicati-stampa\/\"}]}<\/script>\n<!-- \/ Yoast SEO plugin. -->","yoast_head_json":{"title":"Mostra di Simone Pellegrino a Rimini dal 14 aprile al 3 giugno - Article Marketing","robots":{"index":"index","follow":"follow","max-snippet":"max-snippet:-1","max-image-preview":"max-image-preview:large","max-video-preview":"max-video-preview:-1"},"canonical":"https:\/\/www.article-marketing.eu\/comunicati\/viaggi-e-vacanze\/viaggi-e-turismo\/mostra-di-simone-pellegrino-a-rimini-dal-14-aprile-al-3-giugno\/","og_locale":"it_IT","og_type":"article","og_title":"Mostra di Simone Pellegrino a Rimini dal 14 aprile al 3 giugno - Article Marketing","og_description":"Una quindicina di opere, molte di grande formato, compongono la personale Devasti di Simone Pellegrini che inaugura il 14 aprile alle 18 alla galleria Far di piazza Cavour. Molti gli hotel Rimini 4 stelle che hanno deciso di utilizzare l'evento per promuovere offerte in modo da attirare pi\u00f9 turisti in citt\u00e0 in modo da avere pi\u00f9 iniziative da proporre. Pellegrini \u00e8 uno degli artisti pi\u00f9 interessanti e compie una delle ricerche pi\u00f9 singolari nel panorama di arte contemporaneo italiana.","og_url":"https:\/\/www.article-marketing.eu\/comunicati\/viaggi-e-vacanze\/viaggi-e-turismo\/mostra-di-simone-pellegrino-a-rimini-dal-14-aprile-al-3-giugno\/","og_site_name":"Article Marketing","article_published_time":"2012-04-16T08:26:55+00:00","author":"Redazione Comunicati Stampa","twitter_card":"summary_large_image","twitter_misc":{"Scritto da":"Redazione Comunicati Stampa","Tempo di lettura stimato":"4 minuti"},"schema":{"@context":"https:\/\/schema.org","@graph":[{"@type":"Article","@id":"https:\/\/www.article-marketing.eu\/comunicati\/viaggi-e-vacanze\/viaggi-e-turismo\/mostra-di-simone-pellegrino-a-rimini-dal-14-aprile-al-3-giugno\/#article","isPartOf":{"@id":"https:\/\/www.article-marketing.eu\/comunicati\/viaggi-e-vacanze\/viaggi-e-turismo\/mostra-di-simone-pellegrino-a-rimini-dal-14-aprile-al-3-giugno\/"},"author":{"name":"Redazione Comunicati Stampa","@id":"https:\/\/www.article-marketing.eu\/comunicati\/#\/schema\/person\/44372e4d4d0fa797b18e03ed1ace9017"},"headline":"Mostra di Simone Pellegrino a Rimini dal 14 aprile al 3 giugno","datePublished":"2012-04-16T08:26:55+00:00","mainEntityOfPage":{"@id":"https:\/\/www.article-marketing.eu\/comunicati\/viaggi-e-vacanze\/viaggi-e-turismo\/mostra-di-simone-pellegrino-a-rimini-dal-14-aprile-al-3-giugno\/"},"wordCount":858,"commentCount":0,"keywords":["hotel 4 stelle rimini","hotel rimini"],"articleSection":["Viaggi e Turismo"],"inLanguage":"it-IT","potentialAction":[{"@type":"CommentAction","name":"Comment","target":["https:\/\/www.article-marketing.eu\/comunicati\/viaggi-e-vacanze\/viaggi-e-turismo\/mostra-di-simone-pellegrino-a-rimini-dal-14-aprile-al-3-giugno\/#respond"]}]},{"@type":"WebPage","@id":"https:\/\/www.article-marketing.eu\/comunicati\/viaggi-e-vacanze\/viaggi-e-turismo\/mostra-di-simone-pellegrino-a-rimini-dal-14-aprile-al-3-giugno\/","url":"https:\/\/www.article-marketing.eu\/comunicati\/viaggi-e-vacanze\/viaggi-e-turismo\/mostra-di-simone-pellegrino-a-rimini-dal-14-aprile-al-3-giugno\/","name":"Mostra di Simone Pellegrino a Rimini dal 14 aprile al 3 giugno - Article Marketing","isPartOf":{"@id":"https:\/\/www.article-marketing.eu\/comunicati\/#website"},"datePublished":"2012-04-16T08:26:55+00:00","author":{"@id":"https:\/\/www.article-marketing.eu\/comunicati\/#\/schema\/person\/44372e4d4d0fa797b18e03ed1ace9017"},"breadcrumb":{"@id":"https:\/\/www.article-marketing.eu\/comunicati\/viaggi-e-vacanze\/viaggi-e-turismo\/mostra-di-simone-pellegrino-a-rimini-dal-14-aprile-al-3-giugno\/#breadcrumb"},"inLanguage":"it-IT","potentialAction":[{"@type":"ReadAction","target":["https:\/\/www.article-marketing.eu\/comunicati\/viaggi-e-vacanze\/viaggi-e-turismo\/mostra-di-simone-pellegrino-a-rimini-dal-14-aprile-al-3-giugno\/"]}]},{"@type":"BreadcrumbList","@id":"https:\/\/www.article-marketing.eu\/comunicati\/viaggi-e-vacanze\/viaggi-e-turismo\/mostra-di-simone-pellegrino-a-rimini-dal-14-aprile-al-3-giugno\/#breadcrumb","itemListElement":[{"@type":"ListItem","position":1,"name":"Home","item":"https:\/\/www.article-marketing.eu\/comunicati\/"},{"@type":"ListItem","position":2,"name":"Mostra di Simone Pellegrino a Rimini dal 14 aprile al 3 giugno"}]},{"@type":"WebSite","@id":"https:\/\/www.article-marketing.eu\/comunicati\/#website","url":"https:\/\/www.article-marketing.eu\/comunicati\/","name":"Article Marketing","description":"article marketing &amp; press release","potentialAction":[{"@type":"SearchAction","target":{"@type":"EntryPoint","urlTemplate":"https:\/\/www.article-marketing.eu\/comunicati\/?s={search_term_string}"},"query-input":{"@type":"PropertyValueSpecification","valueRequired":true,"valueName":"search_term_string"}}],"inLanguage":"it-IT"},{"@type":"Person","@id":"https:\/\/www.article-marketing.eu\/comunicati\/#\/schema\/person\/44372e4d4d0fa797b18e03ed1ace9017","name":"Redazione Comunicati Stampa","image":{"@type":"ImageObject","inLanguage":"it-IT","@id":"https:\/\/www.article-marketing.eu\/comunicati\/#\/schema\/person\/image\/","url":"https:\/\/secure.gravatar.com\/avatar\/50e5c6421d3072f42e7ace803501602c60d75233d34e29fd05feb91c8760b792?s=96&d=mm&r=g","contentUrl":"https:\/\/secure.gravatar.com\/avatar\/50e5c6421d3072f42e7ace803501602c60d75233d34e29fd05feb91c8760b792?s=96&d=mm&r=g","caption":"Redazione Comunicati Stampa"},"url":"https:\/\/www.article-marketing.eu\/comunicati\/author\/redazione-comunicati-stampa\/"}]}},"_links":{"self":[{"href":"https:\/\/www.article-marketing.eu\/comunicati\/wp-json\/wp\/v2\/posts\/25764","targetHints":{"allow":["GET"]}}],"collection":[{"href":"https:\/\/www.article-marketing.eu\/comunicati\/wp-json\/wp\/v2\/posts"}],"about":[{"href":"https:\/\/www.article-marketing.eu\/comunicati\/wp-json\/wp\/v2\/types\/post"}],"author":[{"embeddable":true,"href":"https:\/\/www.article-marketing.eu\/comunicati\/wp-json\/wp\/v2\/users\/10"}],"replies":[{"embeddable":true,"href":"https:\/\/www.article-marketing.eu\/comunicati\/wp-json\/wp\/v2\/comments?post=25764"}],"version-history":[{"count":0,"href":"https:\/\/www.article-marketing.eu\/comunicati\/wp-json\/wp\/v2\/posts\/25764\/revisions"}],"wp:attachment":[{"href":"https:\/\/www.article-marketing.eu\/comunicati\/wp-json\/wp\/v2\/media?parent=25764"}],"wp:term":[{"taxonomy":"category","embeddable":true,"href":"https:\/\/www.article-marketing.eu\/comunicati\/wp-json\/wp\/v2\/categories?post=25764"},{"taxonomy":"post_tag","embeddable":true,"href":"https:\/\/www.article-marketing.eu\/comunicati\/wp-json\/wp\/v2\/tags?post=25764"}],"curies":[{"name":"wp","href":"https:\/\/api.w.org\/{rel}","templated":true}]}}