{"id":25812,"date":"2012-04-17T13:24:20","date_gmt":"2012-04-17T11:24:20","guid":{"rendered":"http:\/\/www.article-marketing.eu\/comunicati\/senza-categoria\/abilitazione-insegnamento-nella-scuola-materna-in-spagna\/"},"modified":"2018-07-10T05:08:47","modified_gmt":"2018-07-10T03:08:47","slug":"abilitazione-insegnamento-nella-scuola-materna-in-spagna","status":"publish","type":"post","link":"https:\/\/www.article-marketing.eu\/comunicati\/istruzione\/infanzia\/abilitazione-insegnamento-nella-scuola-materna-in-spagna\/","title":{"rendered":"Abilitazione Insegnamento nella scuola materna in Spagna"},"content":{"rendered":"<p>Da oggi con SIFE FORMAZIONE &egrave; possibile conseguire l&#8217;abilitazione all&#8217;insegnamento nella scuola materna in Spagna mediante un percorso formativo agevole e flessibile.<\/p>\n<p>Il procedimento prevede l&#8217;iscrizione al Grado en Educaci&oacute;n Infantil, corso di laurea spagnolo abilitante all&#8217;insegnamento nella scuola materna.<\/p>\n<p>Tale corso di laurea &egrave; offerto in modalit&agrave;<em> on-line<\/em> e non prevede test d&#8217;ingresso.<\/p>\n<p>Con SIFE FORMAZIONE puoi accedere direttamente al &#8220;Grado en Educaci&oacute;n Infantil&#8221;, senza sostenere test d&#8217;ingresso e seguire il corso nella modalit&agrave; on-line.<\/p>\n<p>La durata del corso &egrave; di<strong> quattro ann<\/strong>i. Gli studenti laureati o provenienti da altro corso di laurea otterranno il riconoscimento del proprio curriculum di studi e dovranno solo<\/p>\n<p>integrare alcuni esami per conseguire la laurea abilitante.<\/p>\n<p>Si tratta, inoltre, di un corso di laurea ufficiale, adattato all&#8217;Accordo di Bologna sullo Spazio Europeo dell&#8217;Istruzione Superiore e pertanto riconosciuto in tutti i Paesi dell&#8217;Unione<\/p>\n<p>Europea. &Egrave; un titolo abilitante all&#8217;insegnamento in Italia secondo la normativa europea ed italiana sul riconoscimento deititoli professionali <strong>(Direttiva 2005\/36\/CE recepita in<\/strong><\/p>\n<p><strong>Italia con <\/strong><strong>il d.lgs. n&ordm; 206 del 2007).<\/strong><\/p>\n<p><strong>Grado en Ed Lorem Ipsumucaci&oacute;n Infantil<\/strong><\/p>\n<p><strong>METODOLOGIA<\/strong><\/p>\n<p>SIFE offre ai propri studenti la possibilit&agrave; di seguire il percorso formativo nella modalit&agrave;<em> on-line<\/em>.<\/p>\n<p>Tutte le lezioni si tengono, infatti, in video-conferenza su piattaforma virtuale.<\/p>\n<p>&Egrave; prevista, inoltre, la pubblicazione del materiale di studio in piattaforma ed una serie di strumentinformatici che garantiscono il contatto continuo tra lo studente ed il docente<\/p>\n<p>(mail, chat, forum, blogs, etc.).<\/p>\n<p><em><strong>Sar&agrave; possible svolgere tali attivit&agrave; in Italia al raggiungimento di 50 iscritti al corso.<\/strong><\/em><br \/>\n<em><strong><\/strong><\/em><\/p>\n<p><strong>A CHI &Egrave; DIRETTO IL CORSO<\/strong><\/p>\n<p>Possono accedere al corso di laurea gli studenti che si trovino in almeno<strong> UNA<\/strong> delle seguenti condizioni:<\/p>\n<p>&#8211; Diplomati di scuola secondaria di secondo grado;<\/p>\n<p>&#8211; Studenti iscritti ad un corso di laurea dell&#8217;area di Scienze dell&#8217;Educazione e\/o Formazione;<\/p>\n<p>&#8211; Laureati dell&#8217;area di Scienze dell&#8217;Educazione e\/o Formazione;<\/p>\n<p><strong>TUTORAGGIO<\/strong><\/p>\n<p>Ogni studente gode dell&#8217;assistenza costante di due Tutors, uno dell&#8217;Universit&agrave; spagnola ed unodi SIFE FORMAZIONE, che lo seguono costantemente durante tutto il percorso di<br \/>\nstudi.<\/p>\n<p><strong>Studiare on-line non significa studiare soli!<\/strong><\/p>\n<p><strong>PIANO DI STUDI (*)<\/strong><br \/>\n<strong><\/strong><br \/>\n<em>Il Grado en Educaci&oacute;n Infantil presenta il seguente piano di studi:<\/em><\/p>\n<p><strong>PRIMO ANNO<\/strong><\/p>\n<p><strong>M&oacute;dulo de Formaci&oacute;n B&aacute;sica<\/strong><br \/>\n&#8211; Psicolog&iacute;a de la Educaci&oacute;n y del Desarrollo Infantil<br \/>\n&#8211; La escuela infantil en el sistema educativo espa&ntilde;ol, europeo e internacional: historia<br \/>\n&#8211; Metodolog&iacute;as did&aacute;cticas para la escuela infantil<br \/>\n&#8211; Gesti&oacute;n de centros de educaci&oacute;n infantil<br \/>\n&#8211; Organizaci&oacute;n del espacio escolar, materiales y habilidades docentes<br \/>\n&#8211; Religi&oacute;n y valores en sociedades multiculturales<br \/>\n&#8211; Infancia, salud y alimentaci&oacute;n<br \/>\n<strong>M&oacute;dulo de Formaci&oacute;n Did&aacute;ctica y Disciplinar<\/strong><br \/>\n&#8211; Estimulaci&oacute;n del lenguaje oral<br \/>\n&#8211; Lectoescritura<br \/>\n&#8211; Expresi&oacute;n Corporal<\/p>\n<p><strong>SECONDO ANNO<\/strong><\/p>\n<p><strong>M&oacute;dulo de Formaci&oacute;n B&aacute;sica<\/strong><br \/>\n&#8211; Psicomotricidad<br \/>\n&#8211; Empat&iacute;a, habilidades sociales e inteligencia emocional<br \/>\n&#8211; Diagn&oacute;stico e intervenci&oacute;n psicopedag&oacute;gica de dificultades de aprendizaje<br \/>\ny trastornos del desarrollo<br \/>\n&#8211; Metodolog&iacute;a de investigaci&oacute;n e innovaci&oacute;n educativa en el aula de<br \/>\neducaci&oacute;n infantil<br \/>\n&#8211; La escuela de educaci&oacute;n infantil en el sistema educativo espa&ntilde;ol:<br \/>\nlegislaci&oacute;n<br \/>\n&#8211; Desarrollo profesional docente y su deontolog&iacute;a<br \/>\n&#8211; Las TIC como herramienta de innovaci&oacute;n docente<br \/>\n&#8211; Procesos de ense&ntilde;anza-aprendizaje por competencias<br \/>\n&#8211; Familia y escuela<br \/>\n<strong>M&oacute;dulo Practicum (Tirocinio)<\/strong><br \/>\nPr&aacute;cticas Escolares I<\/p>\n<p><strong>TE<\/strong><strong>RZO ANNO<\/strong><\/p>\n<p><strong>M&oacute;dulo de Formaci&oacute;n Did&aacute;ctica y Disciplinar<\/strong><br \/>\n&#8211; Ingl&eacute;s para el aula y su did&aacute;ctica<br \/>\n&#8211; Lengua Espa&ntilde;ola y su did&aacute;ctica<br \/>\n&#8211; Literatura infantil y su did&aacute;ctica<br \/>\n&#8211; Educaci&oacute;n Pl&aacute;stica &#8211; Educaci&oacute;n Musical<br \/>\n&#8211; Artes Esc&eacute;nicas en educaci&oacute;n infantil<br \/>\n<strong>Menciones (Insegnamenti a scelta)<\/strong><br \/>\n&#8211; Insegnamento I &#8211; Insegnamento II &#8211; Insegnamento III<br \/>\n<strong>M&oacute;dulo Practicum (Tirocinio)<\/strong><br \/>\n&#8211; Pr&aacute;cticas Escolares II<\/p>\n<p><strong>QUARTO ANNO<\/strong><\/p>\n<p><strong>M&oacute;dulo de Formaci&oacute;n Did&aacute;cticay Disciplinar<\/strong><br \/>\n&#8211; Ciencias de la Naturaleza y su did&aacute;ctica<br \/>\n&#8211; Ciencias Sociales y su did&aacute;ctica<br \/>\n&#8211; Matem&aacute;tica y su did&aacute;ctica<br \/>\n<strong>Menciones (Insegnamenti a scelta)<\/strong><br \/>\n&#8211; Insegnamento IV &#8211; Insegnamento V<br \/>\n<strong>M&oacute;dulo de Practicum (Tirocinio)<\/strong><br \/>\nPr&aacute;cticas Escolares III<br \/>\nTrabajo Fin de Grado (Tesi finale)<\/p>\n<p>(*) SIFE FORMAZIONE effettuer&agrave; con l&#8217;Universit&agrave; uno studio di riconoscimento del percorso di studi dello studente, informandolo su quali e quante delle suddette materia dovr&agrave;<\/p>\n<p>sostenere per il conseguimento della laurea spagnola.<\/p>\n<p><strong>VANTAGGI DEL CORSO<\/strong><br \/>\n<strong><\/strong><\/p>\n<p>&#8211; <strong>Abilitazione<\/strong> all&#8217;insegnamento nella scuola dell&#8217;infanzia (scuola materna);<br \/>\n&#8211; Accesso diretto, <strong>senza prove di ingresso<\/strong>;<br \/>\n&#8211; Durata: &#8211; <strong>4 anni <\/strong>per gli studenti che accedono al corso con il diploma;<br \/>\n&#8211; a seconda degli <strong>esami convalidat<\/strong>i per gli studenti che accedono al corso con una laurea;<br \/>\n&#8211; Metodologia interamente<strong> on-line<\/strong>;<br \/>\n&#8211; Accesso al master spagnolo en<strong> Formaci&oacute;n del Profesorado de Secundaria<\/strong>, abilitante all&#8217;insegnamento nella scuola secondaria in Italia.<\/p>\n<p><strong>LINGUA<\/strong><\/p>\n<p>L&#8217;intero corso di laurea viene svolto in lingua spagnola. Per questo SIFE offre un corso di spagnolo on- line, della durata di 3 mesi e con certificazione finale, per iniziare e proseguire<\/p>\n<p>con successo il percorso di studi intrapreso.<\/p>\n<p>CRITERI DI VALUTAZIONE<\/p>\n<p>Gli studenti saranno valutati in base alle seguenti prove:<\/p>\n<p>1) Valutazione continua (prove intercorso on-line, partecipazione ed intervento a forum, chat, etc. e soluzioni di casi pratici);<\/p>\n<p>2) Esame finale (ogni materia prevede un esame finale da svolgersi in presenza in Spagna. In casodi gruppi numerosi di iscritti esiste la possibilit&agrave; di realizzare gli esami in Italia);<\/p>\n<p>3) Tirocinio presso scuole convenzionate con l&#8217;universit&agrave;, da svolgersi in Spagna;<\/p>\n<p>4) Svolgimento e discussione della tesi finale.<br \/>\n<strong><br \/><\/strong><br \/>\n<strong>ISCRIZIONE E POSTI DISPONIBILI<\/strong><br \/>\n<strong><br \/><\/strong><br \/>\nAl fine di garantire un miglior svolgimento del corso di laurea in termini di preparazione e di interazione tra studenti e docenti, abbiamo previsto un numero massimo di 50 iscritti.<\/p>\n<p>Come indicato, non sono previsti test di ammissione, pertanto le iscrizioni si chiuderanno al raggiungimento di 50 studenti iscritti.<\/p>\n","protected":false},"excerpt":{"rendered":"<p>Da oggi con SIFE FORMAZIONE \u00e8 possibile conseguire l&#8217;abilitazione all&#8217;insegnamento nella scuola materna in Spagna mediante un percorso formativo agevole e flessibile.<\/p>\n<p>Il procedimento prevede l&#8217;iscrizione al Grado en Educaci\u00f3n Infantil, corso di laurea spagnolo abilitante all&#8217;insegnamento nella scuola materna.<\/p>\n<p>Tale corso di laurea \u00e8 offerto in modalit\u00e0 on-line e non prevede test d&#8217;ingresso.<\/p>\n<p>Con SIFE FORMAZIONE puoi accedere direttamente al &#8220;Grado en Educaci\u00f3n Infantil&#8221;, senza sostenere test d&#8217;ingresso e seguire il corso nella modalit\u00e0 on-line.<\/p>\n<p>La durata del corso \u00e8 di quattro anni. Gli studenti laureati o provenienti da altro corso di laurea otterranno il riconoscimento del proprio curriculum di studi e dovranno solo<\/p>\n<p>integrare alcuni esami per conseguire la laurea abilitante.<\/p>\n","protected":false},"author":10,"featured_media":0,"comment_status":"open","ping_status":"open","sticky":false,"template":"","format":"standard","meta":{"cybocfi_hide_featured_image":"","footnotes":""},"categories":[2224],"tags":[34002,34942,34003],"class_list":["post-25812","post","type-post","status-publish","format-standard","hentry","category-infanzia","tag-abilitazione-insegnamento","tag-corsi-abilitanti","tag-tfa"],"yoast_head":"<!-- This site is optimized with the Yoast SEO plugin v27.0 - https:\/\/yoast.com\/product\/yoast-seo-wordpress\/ -->\n<title>Abilitazione Insegnamento nella scuola materna in Spagna - Article Marketing<\/title>\n<meta name=\"robots\" content=\"index, follow, max-snippet:-1, max-image-preview:large, max-video-preview:-1\" \/>\n<link rel=\"canonical\" href=\"https:\/\/www.article-marketing.eu\/comunicati\/istruzione\/infanzia\/abilitazione-insegnamento-nella-scuola-materna-in-spagna\/\" \/>\n<meta property=\"og:locale\" content=\"it_IT\" \/>\n<meta property=\"og:type\" content=\"article\" \/>\n<meta property=\"og:title\" content=\"Abilitazione Insegnamento nella scuola materna in Spagna - Article Marketing\" \/>\n<meta property=\"og:description\" content=\"Da oggi con SIFE FORMAZIONE \u00e8 possibile conseguire l&#039;abilitazione all&#039;insegnamento nella scuola materna in Spagna mediante un percorso formativo agevole e flessibile. Il procedimento prevede l&#039;iscrizione al Grado en Educaci\u00f3n Infantil, corso di laurea spagnolo abilitante all&#039;insegnamento nella scuola materna. Tale corso di laurea \u00e8 offerto in modalit\u00e0 on-line e non prevede test d&#039;ingresso. Con SIFE FORMAZIONE puoi accedere direttamente al &quot;Grado en Educaci\u00f3n Infantil&quot;, senza sostenere test d&#039;ingresso e seguire il corso nella modalit\u00e0 on-line. La durata del corso \u00e8 di quattro anni. Gli studenti laureati o provenienti da altro corso di laurea otterranno il riconoscimento del proprio curriculum di studi e dovranno solo integrare alcuni esami per conseguire la laurea abilitante.\" \/>\n<meta property=\"og:url\" content=\"https:\/\/www.article-marketing.eu\/comunicati\/istruzione\/infanzia\/abilitazione-insegnamento-nella-scuola-materna-in-spagna\/\" \/>\n<meta property=\"og:site_name\" content=\"Article Marketing\" \/>\n<meta property=\"article:published_time\" content=\"2012-04-17T11:24:20+00:00\" \/>\n<meta property=\"article:modified_time\" content=\"2018-07-10T03:08:47+00:00\" \/>\n<meta name=\"author\" content=\"Redazione Comunicati Stampa\" \/>\n<meta name=\"twitter:card\" content=\"summary_large_image\" \/>\n<meta name=\"twitter:label1\" content=\"Scritto da\" \/>\n\t<meta name=\"twitter:data1\" content=\"Redazione Comunicati Stampa\" \/>\n\t<meta name=\"twitter:label2\" content=\"Tempo di lettura stimato\" \/>\n\t<meta name=\"twitter:data2\" content=\"5 minuti\" \/>\n<script type=\"application\/ld+json\" class=\"yoast-schema-graph\">{\"@context\":\"https:\/\/schema.org\",\"@graph\":[{\"@type\":\"Article\",\"@id\":\"https:\/\/www.article-marketing.eu\/comunicati\/istruzione\/infanzia\/abilitazione-insegnamento-nella-scuola-materna-in-spagna\/#article\",\"isPartOf\":{\"@id\":\"https:\/\/www.article-marketing.eu\/comunicati\/istruzione\/infanzia\/abilitazione-insegnamento-nella-scuola-materna-in-spagna\/\"},\"author\":{\"name\":\"Redazione Comunicati Stampa\",\"@id\":\"https:\/\/www.article-marketing.eu\/comunicati\/#\/schema\/person\/44372e4d4d0fa797b18e03ed1ace9017\"},\"headline\":\"Abilitazione Insegnamento nella scuola materna in Spagna\",\"datePublished\":\"2012-04-17T11:24:20+00:00\",\"dateModified\":\"2018-07-10T03:08:47+00:00\",\"mainEntityOfPage\":{\"@id\":\"https:\/\/www.article-marketing.eu\/comunicati\/istruzione\/infanzia\/abilitazione-insegnamento-nella-scuola-materna-in-spagna\/\"},\"wordCount\":1037,\"commentCount\":0,\"keywords\":[\"abilitazione insegnamento\",\"corsi abilitanti\",\"tfa\"],\"articleSection\":[\"Infanzia\"],\"inLanguage\":\"it-IT\",\"potentialAction\":[{\"@type\":\"CommentAction\",\"name\":\"Comment\",\"target\":[\"https:\/\/www.article-marketing.eu\/comunicati\/istruzione\/infanzia\/abilitazione-insegnamento-nella-scuola-materna-in-spagna\/#respond\"]}]},{\"@type\":\"WebPage\",\"@id\":\"https:\/\/www.article-marketing.eu\/comunicati\/istruzione\/infanzia\/abilitazione-insegnamento-nella-scuola-materna-in-spagna\/\",\"url\":\"https:\/\/www.article-marketing.eu\/comunicati\/istruzione\/infanzia\/abilitazione-insegnamento-nella-scuola-materna-in-spagna\/\",\"name\":\"Abilitazione Insegnamento nella scuola materna in Spagna - Article Marketing\",\"isPartOf\":{\"@id\":\"https:\/\/www.article-marketing.eu\/comunicati\/#website\"},\"datePublished\":\"2012-04-17T11:24:20+00:00\",\"dateModified\":\"2018-07-10T03:08:47+00:00\",\"author\":{\"@id\":\"https:\/\/www.article-marketing.eu\/comunicati\/#\/schema\/person\/44372e4d4d0fa797b18e03ed1ace9017\"},\"breadcrumb\":{\"@id\":\"https:\/\/www.article-marketing.eu\/comunicati\/istruzione\/infanzia\/abilitazione-insegnamento-nella-scuola-materna-in-spagna\/#breadcrumb\"},\"inLanguage\":\"it-IT\",\"potentialAction\":[{\"@type\":\"ReadAction\",\"target\":[\"https:\/\/www.article-marketing.eu\/comunicati\/istruzione\/infanzia\/abilitazione-insegnamento-nella-scuola-materna-in-spagna\/\"]}]},{\"@type\":\"BreadcrumbList\",\"@id\":\"https:\/\/www.article-marketing.eu\/comunicati\/istruzione\/infanzia\/abilitazione-insegnamento-nella-scuola-materna-in-spagna\/#breadcrumb\",\"itemListElement\":[{\"@type\":\"ListItem\",\"position\":1,\"name\":\"Home\",\"item\":\"https:\/\/www.article-marketing.eu\/comunicati\/\"},{\"@type\":\"ListItem\",\"position\":2,\"name\":\"Abilitazione Insegnamento nella scuola materna in Spagna\"}]},{\"@type\":\"WebSite\",\"@id\":\"https:\/\/www.article-marketing.eu\/comunicati\/#website\",\"url\":\"https:\/\/www.article-marketing.eu\/comunicati\/\",\"name\":\"Article Marketing\",\"description\":\"article marketing &amp; press release\",\"potentialAction\":[{\"@type\":\"SearchAction\",\"target\":{\"@type\":\"EntryPoint\",\"urlTemplate\":\"https:\/\/www.article-marketing.eu\/comunicati\/?s={search_term_string}\"},\"query-input\":{\"@type\":\"PropertyValueSpecification\",\"valueRequired\":true,\"valueName\":\"search_term_string\"}}],\"inLanguage\":\"it-IT\"},{\"@type\":\"Person\",\"@id\":\"https:\/\/www.article-marketing.eu\/comunicati\/#\/schema\/person\/44372e4d4d0fa797b18e03ed1ace9017\",\"name\":\"Redazione Comunicati Stampa\",\"image\":{\"@type\":\"ImageObject\",\"inLanguage\":\"it-IT\",\"@id\":\"https:\/\/www.article-marketing.eu\/comunicati\/#\/schema\/person\/image\/\",\"url\":\"https:\/\/secure.gravatar.com\/avatar\/50e5c6421d3072f42e7ace803501602c60d75233d34e29fd05feb91c8760b792?s=96&d=mm&r=g\",\"contentUrl\":\"https:\/\/secure.gravatar.com\/avatar\/50e5c6421d3072f42e7ace803501602c60d75233d34e29fd05feb91c8760b792?s=96&d=mm&r=g\",\"caption\":\"Redazione Comunicati Stampa\"},\"url\":\"https:\/\/www.article-marketing.eu\/comunicati\/author\/redazione-comunicati-stampa\/\"}]}<\/script>\n<!-- \/ Yoast SEO plugin. -->","yoast_head_json":{"title":"Abilitazione Insegnamento nella scuola materna in Spagna - Article Marketing","robots":{"index":"index","follow":"follow","max-snippet":"max-snippet:-1","max-image-preview":"max-image-preview:large","max-video-preview":"max-video-preview:-1"},"canonical":"https:\/\/www.article-marketing.eu\/comunicati\/istruzione\/infanzia\/abilitazione-insegnamento-nella-scuola-materna-in-spagna\/","og_locale":"it_IT","og_type":"article","og_title":"Abilitazione Insegnamento nella scuola materna in Spagna - Article Marketing","og_description":"Da oggi con SIFE FORMAZIONE \u00e8 possibile conseguire l'abilitazione all'insegnamento nella scuola materna in Spagna mediante un percorso formativo agevole e flessibile. Il procedimento prevede l'iscrizione al Grado en Educaci\u00f3n Infantil, corso di laurea spagnolo abilitante all'insegnamento nella scuola materna. Tale corso di laurea \u00e8 offerto in modalit\u00e0 on-line e non prevede test d'ingresso. Con SIFE FORMAZIONE puoi accedere direttamente al \"Grado en Educaci\u00f3n Infantil\", senza sostenere test d'ingresso e seguire il corso nella modalit\u00e0 on-line. La durata del corso \u00e8 di quattro anni. Gli studenti laureati o provenienti da altro corso di laurea otterranno il riconoscimento del proprio curriculum di studi e dovranno solo integrare alcuni esami per conseguire la laurea abilitante.","og_url":"https:\/\/www.article-marketing.eu\/comunicati\/istruzione\/infanzia\/abilitazione-insegnamento-nella-scuola-materna-in-spagna\/","og_site_name":"Article Marketing","article_published_time":"2012-04-17T11:24:20+00:00","article_modified_time":"2018-07-10T03:08:47+00:00","author":"Redazione Comunicati Stampa","twitter_card":"summary_large_image","twitter_misc":{"Scritto da":"Redazione Comunicati Stampa","Tempo di lettura stimato":"5 minuti"},"schema":{"@context":"https:\/\/schema.org","@graph":[{"@type":"Article","@id":"https:\/\/www.article-marketing.eu\/comunicati\/istruzione\/infanzia\/abilitazione-insegnamento-nella-scuola-materna-in-spagna\/#article","isPartOf":{"@id":"https:\/\/www.article-marketing.eu\/comunicati\/istruzione\/infanzia\/abilitazione-insegnamento-nella-scuola-materna-in-spagna\/"},"author":{"name":"Redazione Comunicati Stampa","@id":"https:\/\/www.article-marketing.eu\/comunicati\/#\/schema\/person\/44372e4d4d0fa797b18e03ed1ace9017"},"headline":"Abilitazione Insegnamento nella scuola materna in Spagna","datePublished":"2012-04-17T11:24:20+00:00","dateModified":"2018-07-10T03:08:47+00:00","mainEntityOfPage":{"@id":"https:\/\/www.article-marketing.eu\/comunicati\/istruzione\/infanzia\/abilitazione-insegnamento-nella-scuola-materna-in-spagna\/"},"wordCount":1037,"commentCount":0,"keywords":["abilitazione insegnamento","corsi abilitanti","tfa"],"articleSection":["Infanzia"],"inLanguage":"it-IT","potentialAction":[{"@type":"CommentAction","name":"Comment","target":["https:\/\/www.article-marketing.eu\/comunicati\/istruzione\/infanzia\/abilitazione-insegnamento-nella-scuola-materna-in-spagna\/#respond"]}]},{"@type":"WebPage","@id":"https:\/\/www.article-marketing.eu\/comunicati\/istruzione\/infanzia\/abilitazione-insegnamento-nella-scuola-materna-in-spagna\/","url":"https:\/\/www.article-marketing.eu\/comunicati\/istruzione\/infanzia\/abilitazione-insegnamento-nella-scuola-materna-in-spagna\/","name":"Abilitazione Insegnamento nella scuola materna in Spagna - Article Marketing","isPartOf":{"@id":"https:\/\/www.article-marketing.eu\/comunicati\/#website"},"datePublished":"2012-04-17T11:24:20+00:00","dateModified":"2018-07-10T03:08:47+00:00","author":{"@id":"https:\/\/www.article-marketing.eu\/comunicati\/#\/schema\/person\/44372e4d4d0fa797b18e03ed1ace9017"},"breadcrumb":{"@id":"https:\/\/www.article-marketing.eu\/comunicati\/istruzione\/infanzia\/abilitazione-insegnamento-nella-scuola-materna-in-spagna\/#breadcrumb"},"inLanguage":"it-IT","potentialAction":[{"@type":"ReadAction","target":["https:\/\/www.article-marketing.eu\/comunicati\/istruzione\/infanzia\/abilitazione-insegnamento-nella-scuola-materna-in-spagna\/"]}]},{"@type":"BreadcrumbList","@id":"https:\/\/www.article-marketing.eu\/comunicati\/istruzione\/infanzia\/abilitazione-insegnamento-nella-scuola-materna-in-spagna\/#breadcrumb","itemListElement":[{"@type":"ListItem","position":1,"name":"Home","item":"https:\/\/www.article-marketing.eu\/comunicati\/"},{"@type":"ListItem","position":2,"name":"Abilitazione Insegnamento nella scuola materna in Spagna"}]},{"@type":"WebSite","@id":"https:\/\/www.article-marketing.eu\/comunicati\/#website","url":"https:\/\/www.article-marketing.eu\/comunicati\/","name":"Article Marketing","description":"article marketing &amp; press release","potentialAction":[{"@type":"SearchAction","target":{"@type":"EntryPoint","urlTemplate":"https:\/\/www.article-marketing.eu\/comunicati\/?s={search_term_string}"},"query-input":{"@type":"PropertyValueSpecification","valueRequired":true,"valueName":"search_term_string"}}],"inLanguage":"it-IT"},{"@type":"Person","@id":"https:\/\/www.article-marketing.eu\/comunicati\/#\/schema\/person\/44372e4d4d0fa797b18e03ed1ace9017","name":"Redazione Comunicati Stampa","image":{"@type":"ImageObject","inLanguage":"it-IT","@id":"https:\/\/www.article-marketing.eu\/comunicati\/#\/schema\/person\/image\/","url":"https:\/\/secure.gravatar.com\/avatar\/50e5c6421d3072f42e7ace803501602c60d75233d34e29fd05feb91c8760b792?s=96&d=mm&r=g","contentUrl":"https:\/\/secure.gravatar.com\/avatar\/50e5c6421d3072f42e7ace803501602c60d75233d34e29fd05feb91c8760b792?s=96&d=mm&r=g","caption":"Redazione Comunicati Stampa"},"url":"https:\/\/www.article-marketing.eu\/comunicati\/author\/redazione-comunicati-stampa\/"}]}},"_links":{"self":[{"href":"https:\/\/www.article-marketing.eu\/comunicati\/wp-json\/wp\/v2\/posts\/25812","targetHints":{"allow":["GET"]}}],"collection":[{"href":"https:\/\/www.article-marketing.eu\/comunicati\/wp-json\/wp\/v2\/posts"}],"about":[{"href":"https:\/\/www.article-marketing.eu\/comunicati\/wp-json\/wp\/v2\/types\/post"}],"author":[{"embeddable":true,"href":"https:\/\/www.article-marketing.eu\/comunicati\/wp-json\/wp\/v2\/users\/10"}],"replies":[{"embeddable":true,"href":"https:\/\/www.article-marketing.eu\/comunicati\/wp-json\/wp\/v2\/comments?post=25812"}],"version-history":[{"count":2,"href":"https:\/\/www.article-marketing.eu\/comunicati\/wp-json\/wp\/v2\/posts\/25812\/revisions"}],"predecessor-version":[{"id":60760,"href":"https:\/\/www.article-marketing.eu\/comunicati\/wp-json\/wp\/v2\/posts\/25812\/revisions\/60760"}],"wp:attachment":[{"href":"https:\/\/www.article-marketing.eu\/comunicati\/wp-json\/wp\/v2\/media?parent=25812"}],"wp:term":[{"taxonomy":"category","embeddable":true,"href":"https:\/\/www.article-marketing.eu\/comunicati\/wp-json\/wp\/v2\/categories?post=25812"},{"taxonomy":"post_tag","embeddable":true,"href":"https:\/\/www.article-marketing.eu\/comunicati\/wp-json\/wp\/v2\/tags?post=25812"}],"curies":[{"name":"wp","href":"https:\/\/api.w.org\/{rel}","templated":true}]}}