{"id":25815,"date":"2012-04-17T14:59:56","date_gmt":"2012-04-17T12:59:56","guid":{"rendered":"http:\/\/www.article-marketing.eu\/comunicati\/senza-categoria\/il-motor-show-2012-si-far%c3%a0-ancora-a-bologna\/"},"modified":"2012-04-17T14:59:56","modified_gmt":"2012-04-17T12:59:56","slug":"il-motor-show-2012-si-far%c3%a0-ancora-a-bologna","status":"publish","type":"post","link":"https:\/\/www.article-marketing.eu\/comunicati\/motori\/il-motor-show-2012-si-far%c3%a0-ancora-a-bologna\/","title":{"rendered":"Il Motor Show 2012 si far\u00e0 ancora a Bologna"},"content":{"rendered":"<p>Il <strong><a href=\"http:\/\/saloni.motori.it\/category\/motor-show-di-bologna\/\" title=\"Motor Show 2012\">Motor Show 2012<\/a><\/strong> si far&agrave; ancora una volta a <strong>Bologna<\/strong>. L&rsquo;affermazione pu&ograve; sembrare strana ai pi&ugrave;, ma probabilmente non tutti sanno che il famoso salone emiliano dell&rsquo;auto e della moto, ha rischiato di essere organizzato con cadenza biennale, a causa della crisi del settore auto motive ed ha inoltre rischiato un cambio di location. Grazie all&rsquo;accordo tra Bologna Fiere e GL Events, societ&agrave; organizzatrice dell&rsquo;evento, il Motor Show non si sposter&agrave; da Bologna fino al 2021. L&rsquo;evento aveva rischiato la chiusura nel 2009, ma fortunatamente ha fatto segnare una lieve ripresa sia nell&rsquo;edizione 2010 che in quella 2011. Adesso gli organizzatori dovranno essere capaci di incrementare il numero di visite e soprattutto favorire la partecipazione del pi&ugrave; alto numero possibile di case automobilistiche mondiali. L&rsquo;evento bolognese &egrave; un vanto non solo per la regione che lo ospita,l&rsquo;Emilia Romagna, ma per l&rsquo;Italia intera: ricordiamo, infatti, come il Motor Show sia l&rsquo;unica manifestazione italiana supportata dall&rsquo;OICA, l&rsquo;organizzazione internazionale che riunisce i produttori di veicoli. Duccio Campagnoli, consigliere delegato di BolognaFiere, al termine dell&rsquo;ultimissimo consiglio di amministrazione della societ&agrave; fieristica bolognese ha confermato l&rsquo;organizzazione del Motor Show a Bologna, almeno fino al 2021: &ldquo;Sar&agrave; un Motor show bello e importante, come tutti gli anni e con tutte le case automobilistiche&rdquo;. Lo storico evento ha rischiato di abbandonare la sede di Bologna dopo la decisione dell&rsquo;organizzatore GL Events di provare a puntare sul Salone dell&rsquo;auto di Torino, scomparso nel 2000. Poi, venuta meno l&rsquo;ipotesi di progettare una nuova kermesse torinese, si &egrave; tornati a cercare un accordo tra la societ&agrave; francese e la societ&agrave; BolognaFiere. Per il Motor Show 2012, Campagnoli si augura di registrare un&rsquo;elevata presenza dei costruttori automobilistici internazionali: &ldquo;Siamo in un periodo di crisi economica e anche il settore automotive ha fatto registrare cali consistenti, ma allo stesso tempo le case estere hanno iniziato a dimostrare una maggiore attenzione per il mercato italiano, per cui mi sembra si scommetta sul mercato italiano e su Bologna come luogo migliore per organizzare il salone dell&rsquo;auto&rdquo;. Ora non resta che attendere l&rsquo;inaugurazione del Motor Show 2012, in programma a dicembre. L&rsquo;obiettivo &egrave; quello di raggiungere il milione di visitatori. La prossima edizione dell&rsquo;evento sar&agrave; incentrata sul futuro dell&rsquo;automobile, e ospiter&agrave; alcune tra le pi&ugrave; innovative tecnologie in materia di ambiente, sicurezza, infomobilit&agrave;, infotainment e infrastrutture. Come sempre, la fiera bolognese non dar&agrave; spazio alla sola esposizione, ma offrir&agrave; ai visitatori tanta adrenalina e tanto divertimento, grazie alle numerose attivit&agrave; dinamiche che si svolgeranno sulle aree esterne, dove, nel 2011, sono stati realizzati ben 45.503 test drives, a cui vanno aggiunti i 4.179 test drive effettuati sul circuito di Electric City &#8220;powered by Enel&#8221;. Inoltre, la <strong>MotorSport Arena<\/strong>, che lo scorso anno ha ospitato 40 eventi, sar&agrave; il cuore di gare ed esibizioni di famosi campioni internazionali e di mezzi a due e quattro ruote. Ne vedremo delle belle!<\/p>\n","protected":false},"excerpt":{"rendered":"<p>Il Motor Show 2012, edizione n\u00b0 37, ha rischiato di abbandonare la sede storica di Bologna. Fortunatamente il pericolo \u00e8 rientrato e la fiera dell&#8217;auto e della moto aprir\u00e0 le sue porte di BolognaFiere ai giornalisti e agli operatori del settore nei giorni 5 e 6 dicembre e poi, a partire dal 7 dicembre, sar\u00e0 aperto al resto del pubblico. Nonostante manchi ancora qualche mese alla fiera vera e propria, il team organizzativo \u00e8 gi\u00e0 al lavoro per preparare al meglio l&#8217;evento.<\/p>\n","protected":false},"author":10,"featured_media":0,"comment_status":"open","ping_status":"open","sticky":false,"template":"","format":"standard","meta":{"cybocfi_hide_featured_image":"","footnotes":""},"categories":[479],"tags":[34943,34944],"class_list":["post-25815","post","type-post","status-publish","format-standard","hentry","category-motori","tag-motor-show-2012","tag-motor-show-bologna"],"yoast_head":"<!-- This site is optimized with the Yoast SEO plugin v27.0 - https:\/\/yoast.com\/product\/yoast-seo-wordpress\/ -->\n<title>Il Motor Show 2012 si far\u00e0 ancora a Bologna - Article Marketing<\/title>\n<meta name=\"robots\" content=\"index, follow, max-snippet:-1, max-image-preview:large, max-video-preview:-1\" \/>\n<link rel=\"canonical\" href=\"https:\/\/www.article-marketing.eu\/comunicati\/motori\/il-motor-show-2012-si-far\u00e0-ancora-a-bologna\/\" \/>\n<meta property=\"og:locale\" content=\"it_IT\" \/>\n<meta property=\"og:type\" content=\"article\" \/>\n<meta property=\"og:title\" content=\"Il Motor Show 2012 si far\u00e0 ancora a Bologna - Article Marketing\" \/>\n<meta property=\"og:description\" content=\"Il Motor Show 2012, edizione n\u00b0 37, ha rischiato di abbandonare la sede storica di Bologna. Fortunatamente il pericolo \u00e8 rientrato e la fiera dell&#039;auto e della moto aprir\u00e0 le sue porte di BolognaFiere ai giornalisti e agli operatori del settore nei giorni 5 e 6 dicembre e poi, a partire dal 7 dicembre, sar\u00e0 aperto al resto del pubblico. Nonostante manchi ancora qualche mese alla fiera vera e propria, il team organizzativo \u00e8 gi\u00e0 al lavoro per preparare al meglio l&#039;evento.\" \/>\n<meta property=\"og:url\" content=\"https:\/\/www.article-marketing.eu\/comunicati\/motori\/il-motor-show-2012-si-far\u00e0-ancora-a-bologna\/\" \/>\n<meta property=\"og:site_name\" content=\"Article Marketing\" \/>\n<meta property=\"article:published_time\" content=\"2012-04-17T12:59:56+00:00\" \/>\n<meta name=\"author\" content=\"Redazione Comunicati Stampa\" \/>\n<meta name=\"twitter:card\" content=\"summary_large_image\" \/>\n<meta name=\"twitter:label1\" content=\"Scritto da\" \/>\n\t<meta name=\"twitter:data1\" content=\"Redazione Comunicati Stampa\" \/>\n\t<meta name=\"twitter:label2\" content=\"Tempo di lettura stimato\" \/>\n\t<meta name=\"twitter:data2\" content=\"3 minuti\" \/>\n<script type=\"application\/ld+json\" class=\"yoast-schema-graph\">{\"@context\":\"https:\/\/schema.org\",\"@graph\":[{\"@type\":\"Article\",\"@id\":\"https:\/\/www.article-marketing.eu\/comunicati\/motori\/il-motor-show-2012-si-far%c3%a0-ancora-a-bologna\/#article\",\"isPartOf\":{\"@id\":\"https:\/\/www.article-marketing.eu\/comunicati\/motori\/il-motor-show-2012-si-far%c3%a0-ancora-a-bologna\/\"},\"author\":{\"name\":\"Redazione Comunicati Stampa\",\"@id\":\"https:\/\/www.article-marketing.eu\/comunicati\/#\/schema\/person\/44372e4d4d0fa797b18e03ed1ace9017\"},\"headline\":\"Il Motor Show 2012 si far\u00e0 ancora a Bologna\",\"datePublished\":\"2012-04-17T12:59:56+00:00\",\"mainEntityOfPage\":{\"@id\":\"https:\/\/www.article-marketing.eu\/comunicati\/motori\/il-motor-show-2012-si-far%c3%a0-ancora-a-bologna\/\"},\"wordCount\":539,\"commentCount\":0,\"keywords\":[\"Motor Show 2012\",\"Motor Show Bologna\"],\"articleSection\":[\"Motori\"],\"inLanguage\":\"it-IT\",\"potentialAction\":[{\"@type\":\"CommentAction\",\"name\":\"Comment\",\"target\":[\"https:\/\/www.article-marketing.eu\/comunicati\/motori\/il-motor-show-2012-si-far%c3%a0-ancora-a-bologna\/#respond\"]}]},{\"@type\":\"WebPage\",\"@id\":\"https:\/\/www.article-marketing.eu\/comunicati\/motori\/il-motor-show-2012-si-far%c3%a0-ancora-a-bologna\/\",\"url\":\"https:\/\/www.article-marketing.eu\/comunicati\/motori\/il-motor-show-2012-si-far%c3%a0-ancora-a-bologna\/\",\"name\":\"Il Motor Show 2012 si far\u00e0 ancora a Bologna - Article Marketing\",\"isPartOf\":{\"@id\":\"https:\/\/www.article-marketing.eu\/comunicati\/#website\"},\"datePublished\":\"2012-04-17T12:59:56+00:00\",\"author\":{\"@id\":\"https:\/\/www.article-marketing.eu\/comunicati\/#\/schema\/person\/44372e4d4d0fa797b18e03ed1ace9017\"},\"breadcrumb\":{\"@id\":\"https:\/\/www.article-marketing.eu\/comunicati\/motori\/il-motor-show-2012-si-far%c3%a0-ancora-a-bologna\/#breadcrumb\"},\"inLanguage\":\"it-IT\",\"potentialAction\":[{\"@type\":\"ReadAction\",\"target\":[\"https:\/\/www.article-marketing.eu\/comunicati\/motori\/il-motor-show-2012-si-far%c3%a0-ancora-a-bologna\/\"]}]},{\"@type\":\"BreadcrumbList\",\"@id\":\"https:\/\/www.article-marketing.eu\/comunicati\/motori\/il-motor-show-2012-si-far%c3%a0-ancora-a-bologna\/#breadcrumb\",\"itemListElement\":[{\"@type\":\"ListItem\",\"position\":1,\"name\":\"Home\",\"item\":\"https:\/\/www.article-marketing.eu\/comunicati\/\"},{\"@type\":\"ListItem\",\"position\":2,\"name\":\"Il Motor Show 2012 si far\u00e0 ancora a Bologna\"}]},{\"@type\":\"WebSite\",\"@id\":\"https:\/\/www.article-marketing.eu\/comunicati\/#website\",\"url\":\"https:\/\/www.article-marketing.eu\/comunicati\/\",\"name\":\"Article Marketing\",\"description\":\"article marketing &amp; press release\",\"potentialAction\":[{\"@type\":\"SearchAction\",\"target\":{\"@type\":\"EntryPoint\",\"urlTemplate\":\"https:\/\/www.article-marketing.eu\/comunicati\/?s={search_term_string}\"},\"query-input\":{\"@type\":\"PropertyValueSpecification\",\"valueRequired\":true,\"valueName\":\"search_term_string\"}}],\"inLanguage\":\"it-IT\"},{\"@type\":\"Person\",\"@id\":\"https:\/\/www.article-marketing.eu\/comunicati\/#\/schema\/person\/44372e4d4d0fa797b18e03ed1ace9017\",\"name\":\"Redazione Comunicati Stampa\",\"image\":{\"@type\":\"ImageObject\",\"inLanguage\":\"it-IT\",\"@id\":\"https:\/\/www.article-marketing.eu\/comunicati\/#\/schema\/person\/image\/\",\"url\":\"https:\/\/secure.gravatar.com\/avatar\/50e5c6421d3072f42e7ace803501602c60d75233d34e29fd05feb91c8760b792?s=96&d=mm&r=g\",\"contentUrl\":\"https:\/\/secure.gravatar.com\/avatar\/50e5c6421d3072f42e7ace803501602c60d75233d34e29fd05feb91c8760b792?s=96&d=mm&r=g\",\"caption\":\"Redazione Comunicati Stampa\"},\"url\":\"https:\/\/www.article-marketing.eu\/comunicati\/author\/redazione-comunicati-stampa\/\"}]}<\/script>\n<!-- \/ Yoast SEO plugin. -->","yoast_head_json":{"title":"Il Motor Show 2012 si far\u00e0 ancora a Bologna - Article Marketing","robots":{"index":"index","follow":"follow","max-snippet":"max-snippet:-1","max-image-preview":"max-image-preview:large","max-video-preview":"max-video-preview:-1"},"canonical":"https:\/\/www.article-marketing.eu\/comunicati\/motori\/il-motor-show-2012-si-far\u00e0-ancora-a-bologna\/","og_locale":"it_IT","og_type":"article","og_title":"Il Motor Show 2012 si far\u00e0 ancora a Bologna - Article Marketing","og_description":"Il Motor Show 2012, edizione n\u00b0 37, ha rischiato di abbandonare la sede storica di Bologna. Fortunatamente il pericolo \u00e8 rientrato e la fiera dell'auto e della moto aprir\u00e0 le sue porte di BolognaFiere ai giornalisti e agli operatori del settore nei giorni 5 e 6 dicembre e poi, a partire dal 7 dicembre, sar\u00e0 aperto al resto del pubblico. Nonostante manchi ancora qualche mese alla fiera vera e propria, il team organizzativo \u00e8 gi\u00e0 al lavoro per preparare al meglio l'evento.","og_url":"https:\/\/www.article-marketing.eu\/comunicati\/motori\/il-motor-show-2012-si-far\u00e0-ancora-a-bologna\/","og_site_name":"Article Marketing","article_published_time":"2012-04-17T12:59:56+00:00","author":"Redazione Comunicati Stampa","twitter_card":"summary_large_image","twitter_misc":{"Scritto da":"Redazione Comunicati Stampa","Tempo di lettura stimato":"3 minuti"},"schema":{"@context":"https:\/\/schema.org","@graph":[{"@type":"Article","@id":"https:\/\/www.article-marketing.eu\/comunicati\/motori\/il-motor-show-2012-si-far%c3%a0-ancora-a-bologna\/#article","isPartOf":{"@id":"https:\/\/www.article-marketing.eu\/comunicati\/motori\/il-motor-show-2012-si-far%c3%a0-ancora-a-bologna\/"},"author":{"name":"Redazione Comunicati Stampa","@id":"https:\/\/www.article-marketing.eu\/comunicati\/#\/schema\/person\/44372e4d4d0fa797b18e03ed1ace9017"},"headline":"Il Motor Show 2012 si far\u00e0 ancora a Bologna","datePublished":"2012-04-17T12:59:56+00:00","mainEntityOfPage":{"@id":"https:\/\/www.article-marketing.eu\/comunicati\/motori\/il-motor-show-2012-si-far%c3%a0-ancora-a-bologna\/"},"wordCount":539,"commentCount":0,"keywords":["Motor Show 2012","Motor Show Bologna"],"articleSection":["Motori"],"inLanguage":"it-IT","potentialAction":[{"@type":"CommentAction","name":"Comment","target":["https:\/\/www.article-marketing.eu\/comunicati\/motori\/il-motor-show-2012-si-far%c3%a0-ancora-a-bologna\/#respond"]}]},{"@type":"WebPage","@id":"https:\/\/www.article-marketing.eu\/comunicati\/motori\/il-motor-show-2012-si-far%c3%a0-ancora-a-bologna\/","url":"https:\/\/www.article-marketing.eu\/comunicati\/motori\/il-motor-show-2012-si-far%c3%a0-ancora-a-bologna\/","name":"Il Motor Show 2012 si far\u00e0 ancora a Bologna - Article Marketing","isPartOf":{"@id":"https:\/\/www.article-marketing.eu\/comunicati\/#website"},"datePublished":"2012-04-17T12:59:56+00:00","author":{"@id":"https:\/\/www.article-marketing.eu\/comunicati\/#\/schema\/person\/44372e4d4d0fa797b18e03ed1ace9017"},"breadcrumb":{"@id":"https:\/\/www.article-marketing.eu\/comunicati\/motori\/il-motor-show-2012-si-far%c3%a0-ancora-a-bologna\/#breadcrumb"},"inLanguage":"it-IT","potentialAction":[{"@type":"ReadAction","target":["https:\/\/www.article-marketing.eu\/comunicati\/motori\/il-motor-show-2012-si-far%c3%a0-ancora-a-bologna\/"]}]},{"@type":"BreadcrumbList","@id":"https:\/\/www.article-marketing.eu\/comunicati\/motori\/il-motor-show-2012-si-far%c3%a0-ancora-a-bologna\/#breadcrumb","itemListElement":[{"@type":"ListItem","position":1,"name":"Home","item":"https:\/\/www.article-marketing.eu\/comunicati\/"},{"@type":"ListItem","position":2,"name":"Il Motor Show 2012 si far\u00e0 ancora a Bologna"}]},{"@type":"WebSite","@id":"https:\/\/www.article-marketing.eu\/comunicati\/#website","url":"https:\/\/www.article-marketing.eu\/comunicati\/","name":"Article Marketing","description":"article marketing &amp; press release","potentialAction":[{"@type":"SearchAction","target":{"@type":"EntryPoint","urlTemplate":"https:\/\/www.article-marketing.eu\/comunicati\/?s={search_term_string}"},"query-input":{"@type":"PropertyValueSpecification","valueRequired":true,"valueName":"search_term_string"}}],"inLanguage":"it-IT"},{"@type":"Person","@id":"https:\/\/www.article-marketing.eu\/comunicati\/#\/schema\/person\/44372e4d4d0fa797b18e03ed1ace9017","name":"Redazione Comunicati Stampa","image":{"@type":"ImageObject","inLanguage":"it-IT","@id":"https:\/\/www.article-marketing.eu\/comunicati\/#\/schema\/person\/image\/","url":"https:\/\/secure.gravatar.com\/avatar\/50e5c6421d3072f42e7ace803501602c60d75233d34e29fd05feb91c8760b792?s=96&d=mm&r=g","contentUrl":"https:\/\/secure.gravatar.com\/avatar\/50e5c6421d3072f42e7ace803501602c60d75233d34e29fd05feb91c8760b792?s=96&d=mm&r=g","caption":"Redazione Comunicati Stampa"},"url":"https:\/\/www.article-marketing.eu\/comunicati\/author\/redazione-comunicati-stampa\/"}]}},"_links":{"self":[{"href":"https:\/\/www.article-marketing.eu\/comunicati\/wp-json\/wp\/v2\/posts\/25815","targetHints":{"allow":["GET"]}}],"collection":[{"href":"https:\/\/www.article-marketing.eu\/comunicati\/wp-json\/wp\/v2\/posts"}],"about":[{"href":"https:\/\/www.article-marketing.eu\/comunicati\/wp-json\/wp\/v2\/types\/post"}],"author":[{"embeddable":true,"href":"https:\/\/www.article-marketing.eu\/comunicati\/wp-json\/wp\/v2\/users\/10"}],"replies":[{"embeddable":true,"href":"https:\/\/www.article-marketing.eu\/comunicati\/wp-json\/wp\/v2\/comments?post=25815"}],"version-history":[{"count":0,"href":"https:\/\/www.article-marketing.eu\/comunicati\/wp-json\/wp\/v2\/posts\/25815\/revisions"}],"wp:attachment":[{"href":"https:\/\/www.article-marketing.eu\/comunicati\/wp-json\/wp\/v2\/media?parent=25815"}],"wp:term":[{"taxonomy":"category","embeddable":true,"href":"https:\/\/www.article-marketing.eu\/comunicati\/wp-json\/wp\/v2\/categories?post=25815"},{"taxonomy":"post_tag","embeddable":true,"href":"https:\/\/www.article-marketing.eu\/comunicati\/wp-json\/wp\/v2\/tags?post=25815"}],"curies":[{"name":"wp","href":"https:\/\/api.w.org\/{rel}","templated":true}]}}