{"id":2599,"date":"2009-08-26T11:22:21","date_gmt":"2009-08-26T09:22:21","guid":{"rendered":"http:\/\/www.article-marketing.eu\/comunicati\/senza-categoria\/la-comunicazione-politica-e-cambiata\/"},"modified":"2018-06-04T20:20:17","modified_gmt":"2018-06-04T18:20:17","slug":"la-comunicazione-politica-e-cambiata","status":"publish","type":"post","link":"https:\/\/www.article-marketing.eu\/comunicati\/societa\/politica\/la-comunicazione-politica-e-cambiata\/","title":{"rendered":"La comunicazione politica \u00e8 cambiata"},"content":{"rendered":"<p>&nbsp;<\/p>\n<p>Siamo di fronte ad un vertiginoso processo di cambiamento culturale sostenuto dall&#8217;innovazione degli strumenti di comunicazione, attraverso i quali \u00e8 finalmente oggi possibile utilizzare la tecnologia in modo semplice e intuitivo. <\/p>\n<p>Come la citt\u00e0 nel corso della storia \u00e8 stata il punto di incontro tra culture, intelligenze e opere, cos\u00ec oggi il luogo pi\u00f9 potente di intelligenza collettiva: internet, \u00e8 diventato l\u2019erede digitale della tradizione urbana. Da internet i social-network, le community, i blog generano ogni giorno nel mondo milioni di legami tra persone, gruppi, progetti che stanno trasformando e migliorando la vita reale, avvicinando gli individui e le idee, rendendo le persone meno isolate e pi\u00f9 facilitate nel costruire trame di relazioni. <\/p>\n<p>GliEletti.it si pone in questo contesto come il \u201cnuovo modo di comunicare della politica italiana\u201d. La facilit\u00e0 di utilizzo, la completezza del data base, gli efficaci strumenti per comunicare, l\u2019evoluto motore di ricerca, fanno de GliEletti.it il luogo ideale per pubblicare e diffondere in tempo reale notizie, programmi, progetti. Un posto dove le donne e gli uomini della politica possono aprire un confronto diretto con i cittadini e con i propri colleghi, per costruire un percorso di e-democracy realmente partecipativo. <\/p>\n<p>Come ha infatti recentemente sottolineato il Presidente del Senato nel suo discorso di insediamento: &quot;Assistiamo oggi ad un rinnovato amore dei cittadini verso il proprio Paese. Le sempre pi\u00f9 presenti espressioni politiche che ne mettono in evidenza i caratteri regionali e territoriali non fanno altro che esaltarne le diversit\u00e0 nell\u2019unit\u00e0, le ricchezze nazionali e nello stesso tempo le necessit\u00e0 locali.&quot;<\/p>\n<p>Il portale GliEletti.it si pone quindi come luogo di relazioni, scambi, confronti che potranno offrire contributi significativi di completezza e trasparenza informativa essenziali a quell&#8217;innalzamento qualitativo che oggi molti attendono dalla politica.<\/p>\n<p>Con<br \/>\nGliEletti.it \u00e8 possibile ricercare, conoscere, contattare tutti i<br \/>\npolitici italiani attraverso un evoluto motore di ricerca e molteplici<br \/>\nchiavi di accesso.<\/p>\n<p>Gli Eletti mette a disposizione di ogni<br \/>\npolitico registrato al portale dei servizi gratuiti di comunicazione<br \/>\nonline e un\u2019ampia gamma di prodotti professionali tra i quali<br \/>\nselezionare il livello di visibilit\u00e0 pi\u00f9 idoneo ai propri messaggi. Personal<br \/>\nSite, Press Release, Press Diffusion sono solo alcuni degli strumenti<br \/>\nbase resi disponibili con l\u2019attuale beta-version 1.0. <\/p>\n<p>GliEletti<br \/>\nBlog amplia le possibilit\u00e0 di interazione e dialogo tra cittadini e<br \/>\npolitica. Altre funzioni verranno realizzate monitorando gli interessi<br \/>\ne le richieste degli utenti.<\/p>\n","protected":false},"excerpt":{"rendered":"<p>Nell&#8217;attuale processo di cambiamento culturale sostenuto dall&#8217;innovazione tecnologica, il portale GliEletti.it inaugura un nuovo rapporto tra cittadini e politica.<\/p>\n","protected":false},"author":10,"featured_media":0,"comment_status":"open","ping_status":"open","sticky":false,"template":"","format":"standard","meta":{"cybocfi_hide_featured_image":"","footnotes":""},"categories":[19],"tags":[199,4002,8520,320,8519,85],"class_list":["post-2599","post","type-post","status-publish","format-standard","hentry","category-politica","tag-comunicazione","tag-directory","tag-e-democracy","tag-internet","tag-partecipazione","tag-politica"],"yoast_head":"<!-- This site is optimized with the Yoast SEO plugin v27.0 - https:\/\/yoast.com\/product\/yoast-seo-wordpress\/ -->\n<title>La comunicazione politica \u00e8 cambiata - Article Marketing<\/title>\n<meta name=\"robots\" content=\"index, follow, max-snippet:-1, max-image-preview:large, max-video-preview:-1\" \/>\n<link rel=\"canonical\" href=\"https:\/\/www.article-marketing.eu\/comunicati\/societa\/politica\/la-comunicazione-politica-e-cambiata\/\" \/>\n<meta property=\"og:locale\" content=\"it_IT\" \/>\n<meta property=\"og:type\" content=\"article\" \/>\n<meta property=\"og:title\" content=\"La comunicazione politica \u00e8 cambiata - Article Marketing\" \/>\n<meta property=\"og:description\" content=\"Nell&#039;attuale processo di cambiamento culturale sostenuto dall&#039;innovazione tecnologica, il portale GliEletti.it inaugura un nuovo rapporto tra cittadini e politica.\" \/>\n<meta property=\"og:url\" content=\"https:\/\/www.article-marketing.eu\/comunicati\/societa\/politica\/la-comunicazione-politica-e-cambiata\/\" \/>\n<meta property=\"og:site_name\" content=\"Article Marketing\" \/>\n<meta property=\"article:published_time\" content=\"2009-08-26T09:22:21+00:00\" \/>\n<meta property=\"article:modified_time\" content=\"2018-06-04T18:20:17+00:00\" \/>\n<meta name=\"author\" content=\"Redazione Comunicati Stampa\" \/>\n<meta name=\"twitter:card\" content=\"summary_large_image\" \/>\n<meta name=\"twitter:label1\" content=\"Scritto da\" \/>\n\t<meta name=\"twitter:data1\" content=\"Redazione Comunicati Stampa\" \/>\n\t<meta name=\"twitter:label2\" content=\"Tempo di lettura stimato\" \/>\n\t<meta name=\"twitter:data2\" content=\"2 minuti\" \/>\n<script type=\"application\/ld+json\" class=\"yoast-schema-graph\">{\"@context\":\"https:\/\/schema.org\",\"@graph\":[{\"@type\":\"Article\",\"@id\":\"https:\/\/www.article-marketing.eu\/comunicati\/societa\/politica\/la-comunicazione-politica-e-cambiata\/#article\",\"isPartOf\":{\"@id\":\"https:\/\/www.article-marketing.eu\/comunicati\/societa\/politica\/la-comunicazione-politica-e-cambiata\/\"},\"author\":{\"name\":\"Redazione Comunicati Stampa\",\"@id\":\"https:\/\/www.article-marketing.eu\/comunicati\/#\/schema\/person\/44372e4d4d0fa797b18e03ed1ace9017\"},\"headline\":\"La comunicazione politica \u00e8 cambiata\",\"datePublished\":\"2009-08-26T09:22:21+00:00\",\"dateModified\":\"2018-06-04T18:20:17+00:00\",\"mainEntityOfPage\":{\"@id\":\"https:\/\/www.article-marketing.eu\/comunicati\/societa\/politica\/la-comunicazione-politica-e-cambiata\/\"},\"wordCount\":397,\"commentCount\":0,\"keywords\":[\"comunicazione\",\"directory\",\"e-democracy\",\"internet\",\"partecipazione\",\"politica\"],\"articleSection\":[\"Politica\"],\"inLanguage\":\"it-IT\",\"potentialAction\":[{\"@type\":\"CommentAction\",\"name\":\"Comment\",\"target\":[\"https:\/\/www.article-marketing.eu\/comunicati\/societa\/politica\/la-comunicazione-politica-e-cambiata\/#respond\"]}]},{\"@type\":\"WebPage\",\"@id\":\"https:\/\/www.article-marketing.eu\/comunicati\/societa\/politica\/la-comunicazione-politica-e-cambiata\/\",\"url\":\"https:\/\/www.article-marketing.eu\/comunicati\/societa\/politica\/la-comunicazione-politica-e-cambiata\/\",\"name\":\"La comunicazione politica \u00e8 cambiata - Article Marketing\",\"isPartOf\":{\"@id\":\"https:\/\/www.article-marketing.eu\/comunicati\/#website\"},\"datePublished\":\"2009-08-26T09:22:21+00:00\",\"dateModified\":\"2018-06-04T18:20:17+00:00\",\"author\":{\"@id\":\"https:\/\/www.article-marketing.eu\/comunicati\/#\/schema\/person\/44372e4d4d0fa797b18e03ed1ace9017\"},\"breadcrumb\":{\"@id\":\"https:\/\/www.article-marketing.eu\/comunicati\/societa\/politica\/la-comunicazione-politica-e-cambiata\/#breadcrumb\"},\"inLanguage\":\"it-IT\",\"potentialAction\":[{\"@type\":\"ReadAction\",\"target\":[\"https:\/\/www.article-marketing.eu\/comunicati\/societa\/politica\/la-comunicazione-politica-e-cambiata\/\"]}]},{\"@type\":\"BreadcrumbList\",\"@id\":\"https:\/\/www.article-marketing.eu\/comunicati\/societa\/politica\/la-comunicazione-politica-e-cambiata\/#breadcrumb\",\"itemListElement\":[{\"@type\":\"ListItem\",\"position\":1,\"name\":\"Home\",\"item\":\"https:\/\/www.article-marketing.eu\/comunicati\/\"},{\"@type\":\"ListItem\",\"position\":2,\"name\":\"La comunicazione politica \u00e8 cambiata\"}]},{\"@type\":\"WebSite\",\"@id\":\"https:\/\/www.article-marketing.eu\/comunicati\/#website\",\"url\":\"https:\/\/www.article-marketing.eu\/comunicati\/\",\"name\":\"Article Marketing\",\"description\":\"article marketing &amp; press release\",\"potentialAction\":[{\"@type\":\"SearchAction\",\"target\":{\"@type\":\"EntryPoint\",\"urlTemplate\":\"https:\/\/www.article-marketing.eu\/comunicati\/?s={search_term_string}\"},\"query-input\":{\"@type\":\"PropertyValueSpecification\",\"valueRequired\":true,\"valueName\":\"search_term_string\"}}],\"inLanguage\":\"it-IT\"},{\"@type\":\"Person\",\"@id\":\"https:\/\/www.article-marketing.eu\/comunicati\/#\/schema\/person\/44372e4d4d0fa797b18e03ed1ace9017\",\"name\":\"Redazione Comunicati Stampa\",\"image\":{\"@type\":\"ImageObject\",\"inLanguage\":\"it-IT\",\"@id\":\"https:\/\/www.article-marketing.eu\/comunicati\/#\/schema\/person\/image\/\",\"url\":\"https:\/\/secure.gravatar.com\/avatar\/50e5c6421d3072f42e7ace803501602c60d75233d34e29fd05feb91c8760b792?s=96&d=mm&r=g\",\"contentUrl\":\"https:\/\/secure.gravatar.com\/avatar\/50e5c6421d3072f42e7ace803501602c60d75233d34e29fd05feb91c8760b792?s=96&d=mm&r=g\",\"caption\":\"Redazione Comunicati Stampa\"},\"url\":\"https:\/\/www.article-marketing.eu\/comunicati\/author\/redazione-comunicati-stampa\/\"}]}<\/script>\n<!-- \/ Yoast SEO plugin. -->","yoast_head_json":{"title":"La comunicazione politica \u00e8 cambiata - Article Marketing","robots":{"index":"index","follow":"follow","max-snippet":"max-snippet:-1","max-image-preview":"max-image-preview:large","max-video-preview":"max-video-preview:-1"},"canonical":"https:\/\/www.article-marketing.eu\/comunicati\/societa\/politica\/la-comunicazione-politica-e-cambiata\/","og_locale":"it_IT","og_type":"article","og_title":"La comunicazione politica \u00e8 cambiata - Article Marketing","og_description":"Nell'attuale processo di cambiamento culturale sostenuto dall'innovazione tecnologica, il portale GliEletti.it inaugura un nuovo rapporto tra cittadini e politica.","og_url":"https:\/\/www.article-marketing.eu\/comunicati\/societa\/politica\/la-comunicazione-politica-e-cambiata\/","og_site_name":"Article Marketing","article_published_time":"2009-08-26T09:22:21+00:00","article_modified_time":"2018-06-04T18:20:17+00:00","author":"Redazione Comunicati Stampa","twitter_card":"summary_large_image","twitter_misc":{"Scritto da":"Redazione Comunicati Stampa","Tempo di lettura stimato":"2 minuti"},"schema":{"@context":"https:\/\/schema.org","@graph":[{"@type":"Article","@id":"https:\/\/www.article-marketing.eu\/comunicati\/societa\/politica\/la-comunicazione-politica-e-cambiata\/#article","isPartOf":{"@id":"https:\/\/www.article-marketing.eu\/comunicati\/societa\/politica\/la-comunicazione-politica-e-cambiata\/"},"author":{"name":"Redazione Comunicati Stampa","@id":"https:\/\/www.article-marketing.eu\/comunicati\/#\/schema\/person\/44372e4d4d0fa797b18e03ed1ace9017"},"headline":"La comunicazione politica \u00e8 cambiata","datePublished":"2009-08-26T09:22:21+00:00","dateModified":"2018-06-04T18:20:17+00:00","mainEntityOfPage":{"@id":"https:\/\/www.article-marketing.eu\/comunicati\/societa\/politica\/la-comunicazione-politica-e-cambiata\/"},"wordCount":397,"commentCount":0,"keywords":["comunicazione","directory","e-democracy","internet","partecipazione","politica"],"articleSection":["Politica"],"inLanguage":"it-IT","potentialAction":[{"@type":"CommentAction","name":"Comment","target":["https:\/\/www.article-marketing.eu\/comunicati\/societa\/politica\/la-comunicazione-politica-e-cambiata\/#respond"]}]},{"@type":"WebPage","@id":"https:\/\/www.article-marketing.eu\/comunicati\/societa\/politica\/la-comunicazione-politica-e-cambiata\/","url":"https:\/\/www.article-marketing.eu\/comunicati\/societa\/politica\/la-comunicazione-politica-e-cambiata\/","name":"La comunicazione politica \u00e8 cambiata - Article Marketing","isPartOf":{"@id":"https:\/\/www.article-marketing.eu\/comunicati\/#website"},"datePublished":"2009-08-26T09:22:21+00:00","dateModified":"2018-06-04T18:20:17+00:00","author":{"@id":"https:\/\/www.article-marketing.eu\/comunicati\/#\/schema\/person\/44372e4d4d0fa797b18e03ed1ace9017"},"breadcrumb":{"@id":"https:\/\/www.article-marketing.eu\/comunicati\/societa\/politica\/la-comunicazione-politica-e-cambiata\/#breadcrumb"},"inLanguage":"it-IT","potentialAction":[{"@type":"ReadAction","target":["https:\/\/www.article-marketing.eu\/comunicati\/societa\/politica\/la-comunicazione-politica-e-cambiata\/"]}]},{"@type":"BreadcrumbList","@id":"https:\/\/www.article-marketing.eu\/comunicati\/societa\/politica\/la-comunicazione-politica-e-cambiata\/#breadcrumb","itemListElement":[{"@type":"ListItem","position":1,"name":"Home","item":"https:\/\/www.article-marketing.eu\/comunicati\/"},{"@type":"ListItem","position":2,"name":"La comunicazione politica \u00e8 cambiata"}]},{"@type":"WebSite","@id":"https:\/\/www.article-marketing.eu\/comunicati\/#website","url":"https:\/\/www.article-marketing.eu\/comunicati\/","name":"Article Marketing","description":"article marketing &amp; press release","potentialAction":[{"@type":"SearchAction","target":{"@type":"EntryPoint","urlTemplate":"https:\/\/www.article-marketing.eu\/comunicati\/?s={search_term_string}"},"query-input":{"@type":"PropertyValueSpecification","valueRequired":true,"valueName":"search_term_string"}}],"inLanguage":"it-IT"},{"@type":"Person","@id":"https:\/\/www.article-marketing.eu\/comunicati\/#\/schema\/person\/44372e4d4d0fa797b18e03ed1ace9017","name":"Redazione Comunicati Stampa","image":{"@type":"ImageObject","inLanguage":"it-IT","@id":"https:\/\/www.article-marketing.eu\/comunicati\/#\/schema\/person\/image\/","url":"https:\/\/secure.gravatar.com\/avatar\/50e5c6421d3072f42e7ace803501602c60d75233d34e29fd05feb91c8760b792?s=96&d=mm&r=g","contentUrl":"https:\/\/secure.gravatar.com\/avatar\/50e5c6421d3072f42e7ace803501602c60d75233d34e29fd05feb91c8760b792?s=96&d=mm&r=g","caption":"Redazione Comunicati Stampa"},"url":"https:\/\/www.article-marketing.eu\/comunicati\/author\/redazione-comunicati-stampa\/"}]}},"_links":{"self":[{"href":"https:\/\/www.article-marketing.eu\/comunicati\/wp-json\/wp\/v2\/posts\/2599","targetHints":{"allow":["GET"]}}],"collection":[{"href":"https:\/\/www.article-marketing.eu\/comunicati\/wp-json\/wp\/v2\/posts"}],"about":[{"href":"https:\/\/www.article-marketing.eu\/comunicati\/wp-json\/wp\/v2\/types\/post"}],"author":[{"embeddable":true,"href":"https:\/\/www.article-marketing.eu\/comunicati\/wp-json\/wp\/v2\/users\/10"}],"replies":[{"embeddable":true,"href":"https:\/\/www.article-marketing.eu\/comunicati\/wp-json\/wp\/v2\/comments?post=2599"}],"version-history":[{"count":2,"href":"https:\/\/www.article-marketing.eu\/comunicati\/wp-json\/wp\/v2\/posts\/2599\/revisions"}],"predecessor-version":[{"id":55722,"href":"https:\/\/www.article-marketing.eu\/comunicati\/wp-json\/wp\/v2\/posts\/2599\/revisions\/55722"}],"wp:attachment":[{"href":"https:\/\/www.article-marketing.eu\/comunicati\/wp-json\/wp\/v2\/media?parent=2599"}],"wp:term":[{"taxonomy":"category","embeddable":true,"href":"https:\/\/www.article-marketing.eu\/comunicati\/wp-json\/wp\/v2\/categories?post=2599"},{"taxonomy":"post_tag","embeddable":true,"href":"https:\/\/www.article-marketing.eu\/comunicati\/wp-json\/wp\/v2\/tags?post=2599"}],"curies":[{"name":"wp","href":"https:\/\/api.w.org\/{rel}","templated":true}]}}