{"id":2609,"date":"2009-08-28T15:59:00","date_gmt":"2009-08-28T13:59:00","guid":{"rendered":"http:\/\/www.article-marketing.eu\/comunicati\/senza-categoria\/roma-la-24-ore-piu-bella-del-mondo-25-27-settembre-2009\/"},"modified":"2009-08-28T15:59:00","modified_gmt":"2009-08-28T13:59:00","slug":"roma-la-24-ore-piu-bella-del-mondo-25-27-settembre-2009","status":"publish","type":"post","link":"https:\/\/www.article-marketing.eu\/comunicati\/comunicati-stampa\/eventi\/roma-la-24-ore-piu-bella-del-mondo-25-27-settembre-2009\/","title":{"rendered":"Roma: La 24 ore pi\u00f9 bella del mondo, 25 &#8211; 27 Settembre 2009"},"content":{"rendered":"<p>La 24 ore pi\u00f9 bella del mondo \u00e8 una staffetta in mountain bike che si svolge nella citt\u00e0 eterna dal 2006, e che \u00e8 diventata un appuntamento fisso non solo per i ciclisti che vogliono mettersi alla prova con altri sportivi provenienti da tutta Italia e da vari altri paesi, ma anche per coloro che approfittano dell\u2019occasione per farsi un viaggio a Roma ed ammirare, in sella alla bici, alcuni degli scorci pi\u00f9 belli di una citt\u00e0 il cui splendore toglie sempre il fiato. Il percorso si snoda infatti attraverso alcuni dei luoghi pi\u00f9 interessanti della capitale, come le Terme di Caracalla, l\u2019Appia Antica e il Circo Massimo, facendo della 24 ore di Roma una staffetta di mountain bike unica al mondo. <\/p>\n<p>Ma a rendere la pedalata di Roma un evento imperdibile non \u00e8 solo il fascino che la citt\u00e0 esercita sempre e comunque, ma anche lo spirito di festa che anima l\u2019evento, e che ne fa un\u2019occasione unica per stare insieme e divertirsi, magari rifocillandosi con qualcosa di goloso o ascoltando un po\u2019 di musica dal vivo. La 24 ore di Roma nasce infatti come evento variegato: sportivo e al contempo ludico, musicale e gastronomico, e forse \u00e8 per questo che molti turisti decidono di prenotare <a href=\"http:\/\/it.flashbooking.com\/navigation\/europa_italia_roma_hotel--_all.html\">alberghi a Roma<\/a> proprio nei giorni in cui si svolge la gara (quest\u2019anno dal 25 al 27 settembre). Il divertimento \u00e8 assicurato gi\u00e0 a partire da venerd\u00ec 25, quando verr\u00e0 aperto il villaggio della 24 ore di Roma e il servizio ristorazione. La giornata proseguir\u00e0 con la Pedalata nella Storia, un tour tra le vie di Roma con le suggestive luci della sera e si concluder\u00e0 con il toga party, il modo migliore per aspettare l\u2019inizio della gara in allegria. Nella stessa serata avr\u00e0 inoltre luogo l\u2019elezione di Miss Roma 24 ore. <\/p>\n<p>La 24 ore vera e propria comincia il 26 settembre: la partenza \u00e8 fissata infatti per le 12:00 di sabato, e la corsa terminer\u00e0 alla stessa ora il 27 settembre. Le premiazioni avranno luogo alle 14:00: il Trofeo 24 ore verr\u00e0 assegnato alla prima squadra classificata a prescindere dalla categoria (alla gara possono partecipare infatti squadre di vario tipo, composte da un singolo corridore o da gruppi da 2 a 12 componenti), ma verranno assegnati altri premi anche alle prime tre squadre di ogni categoria, oltre che alle squadre che sfoggeranno l\u2019abbigliamento pi\u00f9 spiritoso, che allestiranno l\u2019accampamento pi\u00f9 originale, al partecipante pi\u00f9 anziano e a quello pi\u00f9 giovane, al pi\u00f9 pesante e a quello che viene da pi\u00f9 lontano. Tutti insomma, in un modo o nell\u2019altro, e sfruttando le proprie doti sportive o la propria fantasia, avranno la possibilit\u00e0 di concorrere all\u2019assegnazione di un premio, a conferma che la 24 ore di Roma non \u00e8 solo una competizione sportiva ma anche un evento goliardico. Prenotate subito ostelli a Roma e godetevi questo evento unico in una delle citt\u00e0 pi\u00f9 belle del mondo! <\/p>\n<p>Date: 25 \u2013 27 Settembre 2009 <br \/>Dove: Parco degli Acquedotti, Roma, Italia<\/p>\n","protected":false},"excerpt":{"rendered":"<p>Di 24 ore di mountain bike in giro per il mondo ce ne sono molte, ma se una di queste si svolge in una citt\u00e0 incantevole come Roma, il suo nome non pu\u00f2 che essere \u201cLa 24 ore pi\u00f9 bella del mondo\u201d!<\/p>\n","protected":false},"author":10,"featured_media":0,"comment_status":"open","ping_status":"open","sticky":false,"template":"","format":"standard","meta":{"cybocfi_hide_featured_image":"","footnotes":""},"categories":[388],"tags":[8553,8554,8022,8555,4661,251],"class_list":["post-2609","post","type-post","status-publish","format-standard","hentry","category-eventi","tag-24-ore-di-roma","tag-biciclette","tag-eventi-sportivi","tag-gara","tag-mountain-bike","tag-roma"],"yoast_head":"<!-- This site is optimized with the Yoast SEO plugin v27.0 - https:\/\/yoast.com\/product\/yoast-seo-wordpress\/ -->\n<title>Roma: La 24 ore pi\u00f9 bella del mondo, 25 - 27 Settembre 2009 - Article Marketing<\/title>\n<meta name=\"robots\" content=\"index, follow, max-snippet:-1, max-image-preview:large, max-video-preview:-1\" \/>\n<link rel=\"canonical\" href=\"https:\/\/www.article-marketing.eu\/comunicati\/comunicati-stampa\/eventi\/roma-la-24-ore-piu-bella-del-mondo-25-27-settembre-2009\/\" \/>\n<meta property=\"og:locale\" content=\"it_IT\" \/>\n<meta property=\"og:type\" content=\"article\" \/>\n<meta property=\"og:title\" content=\"Roma: La 24 ore pi\u00f9 bella del mondo, 25 - 27 Settembre 2009 - Article Marketing\" \/>\n<meta property=\"og:description\" content=\"Di 24 ore di mountain bike in giro per il mondo ce ne sono molte, ma se una di queste si svolge in una citt\u00e0 incantevole come Roma, il suo nome non pu\u00f2 che essere \u201cLa 24 ore pi\u00f9 bella del mondo\u201d!\" \/>\n<meta property=\"og:url\" content=\"https:\/\/www.article-marketing.eu\/comunicati\/comunicati-stampa\/eventi\/roma-la-24-ore-piu-bella-del-mondo-25-27-settembre-2009\/\" \/>\n<meta property=\"og:site_name\" content=\"Article Marketing\" \/>\n<meta property=\"article:published_time\" content=\"2009-08-28T13:59:00+00:00\" \/>\n<meta name=\"author\" content=\"Redazione Comunicati Stampa\" \/>\n<meta name=\"twitter:card\" content=\"summary_large_image\" \/>\n<meta name=\"twitter:label1\" content=\"Scritto da\" \/>\n\t<meta name=\"twitter:data1\" content=\"Redazione Comunicati Stampa\" \/>\n\t<meta name=\"twitter:label2\" content=\"Tempo di lettura stimato\" \/>\n\t<meta name=\"twitter:data2\" content=\"2 minuti\" \/>\n<script type=\"application\/ld+json\" class=\"yoast-schema-graph\">{\"@context\":\"https:\/\/schema.org\",\"@graph\":[{\"@type\":\"Article\",\"@id\":\"https:\/\/www.article-marketing.eu\/comunicati\/comunicati-stampa\/eventi\/roma-la-24-ore-piu-bella-del-mondo-25-27-settembre-2009\/#article\",\"isPartOf\":{\"@id\":\"https:\/\/www.article-marketing.eu\/comunicati\/comunicati-stampa\/eventi\/roma-la-24-ore-piu-bella-del-mondo-25-27-settembre-2009\/\"},\"author\":{\"name\":\"Redazione Comunicati Stampa\",\"@id\":\"https:\/\/www.article-marketing.eu\/comunicati\/#\/schema\/person\/44372e4d4d0fa797b18e03ed1ace9017\"},\"headline\":\"Roma: La 24 ore pi\u00f9 bella del mondo, 25 &#8211; 27 Settembre 2009\",\"datePublished\":\"2009-08-28T13:59:00+00:00\",\"mainEntityOfPage\":{\"@id\":\"https:\/\/www.article-marketing.eu\/comunicati\/comunicati-stampa\/eventi\/roma-la-24-ore-piu-bella-del-mondo-25-27-settembre-2009\/\"},\"wordCount\":484,\"commentCount\":0,\"keywords\":[\"24 ore di Roma\",\"biciclette\",\"eventi sportivi\",\"gara\",\"Mountain bike\",\"roma\"],\"articleSection\":[\"Eventi\"],\"inLanguage\":\"it-IT\",\"potentialAction\":[{\"@type\":\"CommentAction\",\"name\":\"Comment\",\"target\":[\"https:\/\/www.article-marketing.eu\/comunicati\/comunicati-stampa\/eventi\/roma-la-24-ore-piu-bella-del-mondo-25-27-settembre-2009\/#respond\"]}]},{\"@type\":\"WebPage\",\"@id\":\"https:\/\/www.article-marketing.eu\/comunicati\/comunicati-stampa\/eventi\/roma-la-24-ore-piu-bella-del-mondo-25-27-settembre-2009\/\",\"url\":\"https:\/\/www.article-marketing.eu\/comunicati\/comunicati-stampa\/eventi\/roma-la-24-ore-piu-bella-del-mondo-25-27-settembre-2009\/\",\"name\":\"Roma: La 24 ore pi\u00f9 bella del mondo, 25 - 27 Settembre 2009 - Article Marketing\",\"isPartOf\":{\"@id\":\"https:\/\/www.article-marketing.eu\/comunicati\/#website\"},\"datePublished\":\"2009-08-28T13:59:00+00:00\",\"author\":{\"@id\":\"https:\/\/www.article-marketing.eu\/comunicati\/#\/schema\/person\/44372e4d4d0fa797b18e03ed1ace9017\"},\"breadcrumb\":{\"@id\":\"https:\/\/www.article-marketing.eu\/comunicati\/comunicati-stampa\/eventi\/roma-la-24-ore-piu-bella-del-mondo-25-27-settembre-2009\/#breadcrumb\"},\"inLanguage\":\"it-IT\",\"potentialAction\":[{\"@type\":\"ReadAction\",\"target\":[\"https:\/\/www.article-marketing.eu\/comunicati\/comunicati-stampa\/eventi\/roma-la-24-ore-piu-bella-del-mondo-25-27-settembre-2009\/\"]}]},{\"@type\":\"BreadcrumbList\",\"@id\":\"https:\/\/www.article-marketing.eu\/comunicati\/comunicati-stampa\/eventi\/roma-la-24-ore-piu-bella-del-mondo-25-27-settembre-2009\/#breadcrumb\",\"itemListElement\":[{\"@type\":\"ListItem\",\"position\":1,\"name\":\"Home\",\"item\":\"https:\/\/www.article-marketing.eu\/comunicati\/\"},{\"@type\":\"ListItem\",\"position\":2,\"name\":\"Roma: La 24 ore pi\u00f9 bella del mondo, 25 &#8211; 27 Settembre 2009\"}]},{\"@type\":\"WebSite\",\"@id\":\"https:\/\/www.article-marketing.eu\/comunicati\/#website\",\"url\":\"https:\/\/www.article-marketing.eu\/comunicati\/\",\"name\":\"Article Marketing\",\"description\":\"article marketing &amp; press release\",\"potentialAction\":[{\"@type\":\"SearchAction\",\"target\":{\"@type\":\"EntryPoint\",\"urlTemplate\":\"https:\/\/www.article-marketing.eu\/comunicati\/?s={search_term_string}\"},\"query-input\":{\"@type\":\"PropertyValueSpecification\",\"valueRequired\":true,\"valueName\":\"search_term_string\"}}],\"inLanguage\":\"it-IT\"},{\"@type\":\"Person\",\"@id\":\"https:\/\/www.article-marketing.eu\/comunicati\/#\/schema\/person\/44372e4d4d0fa797b18e03ed1ace9017\",\"name\":\"Redazione Comunicati Stampa\",\"image\":{\"@type\":\"ImageObject\",\"inLanguage\":\"it-IT\",\"@id\":\"https:\/\/www.article-marketing.eu\/comunicati\/#\/schema\/person\/image\/\",\"url\":\"https:\/\/secure.gravatar.com\/avatar\/50e5c6421d3072f42e7ace803501602c60d75233d34e29fd05feb91c8760b792?s=96&d=mm&r=g\",\"contentUrl\":\"https:\/\/secure.gravatar.com\/avatar\/50e5c6421d3072f42e7ace803501602c60d75233d34e29fd05feb91c8760b792?s=96&d=mm&r=g\",\"caption\":\"Redazione Comunicati Stampa\"},\"url\":\"https:\/\/www.article-marketing.eu\/comunicati\/author\/redazione-comunicati-stampa\/\"}]}<\/script>\n<!-- \/ Yoast SEO plugin. -->","yoast_head_json":{"title":"Roma: La 24 ore pi\u00f9 bella del mondo, 25 - 27 Settembre 2009 - Article Marketing","robots":{"index":"index","follow":"follow","max-snippet":"max-snippet:-1","max-image-preview":"max-image-preview:large","max-video-preview":"max-video-preview:-1"},"canonical":"https:\/\/www.article-marketing.eu\/comunicati\/comunicati-stampa\/eventi\/roma-la-24-ore-piu-bella-del-mondo-25-27-settembre-2009\/","og_locale":"it_IT","og_type":"article","og_title":"Roma: La 24 ore pi\u00f9 bella del mondo, 25 - 27 Settembre 2009 - Article Marketing","og_description":"Di 24 ore di mountain bike in giro per il mondo ce ne sono molte, ma se una di queste si svolge in una citt\u00e0 incantevole come Roma, il suo nome non pu\u00f2 che essere \u201cLa 24 ore pi\u00f9 bella del mondo\u201d!","og_url":"https:\/\/www.article-marketing.eu\/comunicati\/comunicati-stampa\/eventi\/roma-la-24-ore-piu-bella-del-mondo-25-27-settembre-2009\/","og_site_name":"Article Marketing","article_published_time":"2009-08-28T13:59:00+00:00","author":"Redazione Comunicati Stampa","twitter_card":"summary_large_image","twitter_misc":{"Scritto da":"Redazione Comunicati Stampa","Tempo di lettura stimato":"2 minuti"},"schema":{"@context":"https:\/\/schema.org","@graph":[{"@type":"Article","@id":"https:\/\/www.article-marketing.eu\/comunicati\/comunicati-stampa\/eventi\/roma-la-24-ore-piu-bella-del-mondo-25-27-settembre-2009\/#article","isPartOf":{"@id":"https:\/\/www.article-marketing.eu\/comunicati\/comunicati-stampa\/eventi\/roma-la-24-ore-piu-bella-del-mondo-25-27-settembre-2009\/"},"author":{"name":"Redazione Comunicati Stampa","@id":"https:\/\/www.article-marketing.eu\/comunicati\/#\/schema\/person\/44372e4d4d0fa797b18e03ed1ace9017"},"headline":"Roma: La 24 ore pi\u00f9 bella del mondo, 25 &#8211; 27 Settembre 2009","datePublished":"2009-08-28T13:59:00+00:00","mainEntityOfPage":{"@id":"https:\/\/www.article-marketing.eu\/comunicati\/comunicati-stampa\/eventi\/roma-la-24-ore-piu-bella-del-mondo-25-27-settembre-2009\/"},"wordCount":484,"commentCount":0,"keywords":["24 ore di Roma","biciclette","eventi sportivi","gara","Mountain bike","roma"],"articleSection":["Eventi"],"inLanguage":"it-IT","potentialAction":[{"@type":"CommentAction","name":"Comment","target":["https:\/\/www.article-marketing.eu\/comunicati\/comunicati-stampa\/eventi\/roma-la-24-ore-piu-bella-del-mondo-25-27-settembre-2009\/#respond"]}]},{"@type":"WebPage","@id":"https:\/\/www.article-marketing.eu\/comunicati\/comunicati-stampa\/eventi\/roma-la-24-ore-piu-bella-del-mondo-25-27-settembre-2009\/","url":"https:\/\/www.article-marketing.eu\/comunicati\/comunicati-stampa\/eventi\/roma-la-24-ore-piu-bella-del-mondo-25-27-settembre-2009\/","name":"Roma: La 24 ore pi\u00f9 bella del mondo, 25 - 27 Settembre 2009 - Article Marketing","isPartOf":{"@id":"https:\/\/www.article-marketing.eu\/comunicati\/#website"},"datePublished":"2009-08-28T13:59:00+00:00","author":{"@id":"https:\/\/www.article-marketing.eu\/comunicati\/#\/schema\/person\/44372e4d4d0fa797b18e03ed1ace9017"},"breadcrumb":{"@id":"https:\/\/www.article-marketing.eu\/comunicati\/comunicati-stampa\/eventi\/roma-la-24-ore-piu-bella-del-mondo-25-27-settembre-2009\/#breadcrumb"},"inLanguage":"it-IT","potentialAction":[{"@type":"ReadAction","target":["https:\/\/www.article-marketing.eu\/comunicati\/comunicati-stampa\/eventi\/roma-la-24-ore-piu-bella-del-mondo-25-27-settembre-2009\/"]}]},{"@type":"BreadcrumbList","@id":"https:\/\/www.article-marketing.eu\/comunicati\/comunicati-stampa\/eventi\/roma-la-24-ore-piu-bella-del-mondo-25-27-settembre-2009\/#breadcrumb","itemListElement":[{"@type":"ListItem","position":1,"name":"Home","item":"https:\/\/www.article-marketing.eu\/comunicati\/"},{"@type":"ListItem","position":2,"name":"Roma: La 24 ore pi\u00f9 bella del mondo, 25 &#8211; 27 Settembre 2009"}]},{"@type":"WebSite","@id":"https:\/\/www.article-marketing.eu\/comunicati\/#website","url":"https:\/\/www.article-marketing.eu\/comunicati\/","name":"Article Marketing","description":"article marketing &amp; press release","potentialAction":[{"@type":"SearchAction","target":{"@type":"EntryPoint","urlTemplate":"https:\/\/www.article-marketing.eu\/comunicati\/?s={search_term_string}"},"query-input":{"@type":"PropertyValueSpecification","valueRequired":true,"valueName":"search_term_string"}}],"inLanguage":"it-IT"},{"@type":"Person","@id":"https:\/\/www.article-marketing.eu\/comunicati\/#\/schema\/person\/44372e4d4d0fa797b18e03ed1ace9017","name":"Redazione Comunicati Stampa","image":{"@type":"ImageObject","inLanguage":"it-IT","@id":"https:\/\/www.article-marketing.eu\/comunicati\/#\/schema\/person\/image\/","url":"https:\/\/secure.gravatar.com\/avatar\/50e5c6421d3072f42e7ace803501602c60d75233d34e29fd05feb91c8760b792?s=96&d=mm&r=g","contentUrl":"https:\/\/secure.gravatar.com\/avatar\/50e5c6421d3072f42e7ace803501602c60d75233d34e29fd05feb91c8760b792?s=96&d=mm&r=g","caption":"Redazione Comunicati Stampa"},"url":"https:\/\/www.article-marketing.eu\/comunicati\/author\/redazione-comunicati-stampa\/"}]}},"_links":{"self":[{"href":"https:\/\/www.article-marketing.eu\/comunicati\/wp-json\/wp\/v2\/posts\/2609","targetHints":{"allow":["GET"]}}],"collection":[{"href":"https:\/\/www.article-marketing.eu\/comunicati\/wp-json\/wp\/v2\/posts"}],"about":[{"href":"https:\/\/www.article-marketing.eu\/comunicati\/wp-json\/wp\/v2\/types\/post"}],"author":[{"embeddable":true,"href":"https:\/\/www.article-marketing.eu\/comunicati\/wp-json\/wp\/v2\/users\/10"}],"replies":[{"embeddable":true,"href":"https:\/\/www.article-marketing.eu\/comunicati\/wp-json\/wp\/v2\/comments?post=2609"}],"version-history":[{"count":0,"href":"https:\/\/www.article-marketing.eu\/comunicati\/wp-json\/wp\/v2\/posts\/2609\/revisions"}],"wp:attachment":[{"href":"https:\/\/www.article-marketing.eu\/comunicati\/wp-json\/wp\/v2\/media?parent=2609"}],"wp:term":[{"taxonomy":"category","embeddable":true,"href":"https:\/\/www.article-marketing.eu\/comunicati\/wp-json\/wp\/v2\/categories?post=2609"},{"taxonomy":"post_tag","embeddable":true,"href":"https:\/\/www.article-marketing.eu\/comunicati\/wp-json\/wp\/v2\/tags?post=2609"}],"curies":[{"name":"wp","href":"https:\/\/api.w.org\/{rel}","templated":true}]}}