{"id":26231,"date":"2012-05-03T09:19:34","date_gmt":"2012-05-03T07:19:34","guid":{"rendered":"http:\/\/www.article-marketing.eu\/comunicati\/senza-categoria\/ontinua-la-protesta-in-rete-su-www-kijiji-it-di-stefano-giovane-napoletano-disoccupato-alle-prese-con-la-crisi-economica-2\/"},"modified":"2012-05-03T09:19:34","modified_gmt":"2012-05-03T07:19:34","slug":"ontinua-la-protesta-in-rete-su-www-kijiji-it-di-stefano-giovane-napoletano-disoccupato-alle-prese-con-la-crisi-economica-2","status":"publish","type":"post","link":"https:\/\/www.article-marketing.eu\/comunicati\/comunicati-stampa\/ontinua-la-protesta-in-rete-su-www-kijiji-it-di-stefano-giovane-napoletano-disoccupato-alle-prese-con-la-crisi-economica-2\/","title":{"rendered":"ontinua la protesta in rete su www.kijiji.it di Stefano, giovane napoletano disoccupato alle prese con la crisi economica"},"content":{"rendered":"<p>&ldquo;Due anni fa in rete vendevo la mia laurea in architettura, perch&eacute; inutilizzata. Oggi, dopo stage non retribuiti e lavoretti mal pagati, scrivo un libro, cerco di aprire una nuova attivit&agrave; e riparto. Da solo.&rdquo;<\/p>\n<p>A distanza di due anni &egrave; ancora in difficolt&agrave; Stefano Lento, il giovane laureato in architettura che nel 2010 fece parlare di s&eacute; per aver messo in vendita su <a href=\"http:\/\/www.kijiji.it\">Kijiji<\/a> la sua laurea, lanciando, on line, una provocazione. &lsquo;La passione che ho per il mio lavoro non ha retto all&rsquo;umiliazione e alla crisi economica. Oggi, dopo essere sceso a numerosi compromessi, mi ritrovo nuovamente disoccupato e cerco di sopravvivere, contando sulle mie forze e capacit&agrave;&rsquo;.<br \/>Maggio 2012 &ndash; Nel 2010 pubblicava un annuncio per vendere la sua laurea in architettura conquistata, con fatica, all&rsquo;Universit&agrave; degli Studi di Napoli Federico II; oggi su http:\/\/www.kijiji.it&ndash; leader nelle inserzioni gratuite locali con oltre 3.000.000 di annunci attivi, circa 45.000 nuovi ogni giorno &ndash; pubblica una nuova inserzione. Anche questa volta, Stefano Lento, 28 anni lo fa per denunciare la sua condizione di disoccupato, alle prese con una crisi economica in cui si sente intrappolato.<br \/>&ldquo;Stage non retribuiti, lavori sottopagati e ancora disoccupato. Smetto di vendere la mia laurea, pochi guadagni mi ha portato, e investo sul valore della cultura. Ho scritto un libro e cerco editori che credano ancora nella cultura. Vana illusione?&rdquo;. Cos&igrave; recita il suo annuncio pubblicato su Kijiji.it, tra le offerte di lavoro a Napoli. S&igrave;, perche Stefano non si &egrave; fatto schiacciare dagli avvenimenti e oggi &egrave; alla ricerca d un editore per &lsquo;Studiavo architettura&rsquo;, il suo romanzo, la storia di un ragazzo, di uno studente, di un disoccupato come tanti, sullo sfondo di una Napoli descritta attraverso gli occhi di un amante dell&#8217;arte, con una conclusione riflessiva che l&#8217;autore fa sulla sua presente condizione di disoccupato, che descrive in modo pi&ugrave; ampio un&rsquo;Italia in ginocchio.<br \/>&#8220;Dopo un anno tra stage (due) rigorosamente non retribuiti e conclusi, ho accettato un lavoro presso una nota azienda di trasporti che non guarda meriti e curriculum e mi ha offerto un contratto a tempo determinato per un anno&#8221; &#8211; ci dice &#8211; &#8220;Non era il mio lavoro, ma era vicino casa e soprattutto mi permetteva di avere uno stipendio. Decisi quindi di accettare. Col passare dei mesi le otto ore di contratto divennero presto tredici effettive al giorno senza mezzo euro di straordinari, la mia qualifica da impiegato si trasform&ograve; in &lsquo;tutto fare&rsquo;. Decisi quindi di chiedere ci&ograve; che mi spettava e, al termine del mio anno, mi ritrovai nuovamente senza un&rsquo;occupazione.&rdquo;<br \/>E&#8217; cosi che ha deciso di contare solo sulle sue forze, scrivendo un libro e mettendo un&#8217;inserzione su Kijiji.it, nella speranza che qualcuno si accorgesse di lui.<\/p>\n","protected":false},"excerpt":{"rendered":"<p>A distanza di due anni \u00e8 ancora in difficolt\u00e0 Stefano Lento, il giovane laureato in architettura che nel 2010 fece parlare di s\u00e9 per aver messo in vendita su Kijiji la sua laurea, lanciando, on line, una provocazione. \u2018La passione che ho per il mio lavoro non ha retto all\u2019umiliazione e alla crisi economica. Oggi, dopo essere sceso a numerosi compromessi, mi ritrovo nuovamente disoccupato e cerco di sopravvivere, contando sulle mie forze e capacit\u00e0\u2019<\/p>\n","protected":false},"author":10,"featured_media":0,"comment_status":"open","ping_status":"open","sticky":false,"template":"","format":"standard","meta":{"cybocfi_hide_featured_image":"","footnotes":""},"categories":[190],"tags":[],"class_list":["post-26231","post","type-post","status-publish","format-standard","hentry","category-comunicati-stampa"],"yoast_head":"<!-- This site is optimized with the Yoast SEO plugin v27.0 - https:\/\/yoast.com\/product\/yoast-seo-wordpress\/ -->\n<title>ontinua la protesta in rete su www.kijiji.it di Stefano, giovane napoletano disoccupato alle prese con la crisi economica - Article Marketing<\/title>\n<meta name=\"robots\" content=\"index, follow, max-snippet:-1, max-image-preview:large, max-video-preview:-1\" \/>\n<link rel=\"canonical\" href=\"https:\/\/www.article-marketing.eu\/comunicati\/comunicati-stampa\/ontinua-la-protesta-in-rete-su-www-kijiji-it-di-stefano-giovane-napoletano-disoccupato-alle-prese-con-la-crisi-economica-2\/\" \/>\n<meta property=\"og:locale\" content=\"it_IT\" \/>\n<meta property=\"og:type\" content=\"article\" \/>\n<meta property=\"og:title\" content=\"ontinua la protesta in rete su www.kijiji.it di Stefano, giovane napoletano disoccupato alle prese con la crisi economica - Article Marketing\" \/>\n<meta property=\"og:description\" content=\"A distanza di due anni \u00e8 ancora in difficolt\u00e0 Stefano Lento, il giovane laureato in architettura che nel 2010 fece parlare di s\u00e9 per aver messo in vendita su Kijiji la sua laurea, lanciando, on line, una provocazione. \u2018La passione che ho per il mio lavoro non ha retto all\u2019umiliazione e alla crisi economica. Oggi, dopo essere sceso a numerosi compromessi, mi ritrovo nuovamente disoccupato e cerco di sopravvivere, contando sulle mie forze e capacit\u00e0\u2019\" \/>\n<meta property=\"og:url\" content=\"https:\/\/www.article-marketing.eu\/comunicati\/comunicati-stampa\/ontinua-la-protesta-in-rete-su-www-kijiji-it-di-stefano-giovane-napoletano-disoccupato-alle-prese-con-la-crisi-economica-2\/\" \/>\n<meta property=\"og:site_name\" content=\"Article Marketing\" \/>\n<meta property=\"article:published_time\" content=\"2012-05-03T07:19:34+00:00\" \/>\n<meta name=\"author\" content=\"Redazione Comunicati Stampa\" \/>\n<meta name=\"twitter:card\" content=\"summary_large_image\" \/>\n<meta name=\"twitter:label1\" content=\"Scritto da\" \/>\n\t<meta name=\"twitter:data1\" content=\"Redazione Comunicati Stampa\" \/>\n\t<meta name=\"twitter:label2\" content=\"Tempo di lettura stimato\" \/>\n\t<meta name=\"twitter:data2\" content=\"2 minuti\" \/>\n<script type=\"application\/ld+json\" class=\"yoast-schema-graph\">{\"@context\":\"https:\/\/schema.org\",\"@graph\":[{\"@type\":\"Article\",\"@id\":\"https:\/\/www.article-marketing.eu\/comunicati\/comunicati-stampa\/ontinua-la-protesta-in-rete-su-www-kijiji-it-di-stefano-giovane-napoletano-disoccupato-alle-prese-con-la-crisi-economica-2\/#article\",\"isPartOf\":{\"@id\":\"https:\/\/www.article-marketing.eu\/comunicati\/comunicati-stampa\/ontinua-la-protesta-in-rete-su-www-kijiji-it-di-stefano-giovane-napoletano-disoccupato-alle-prese-con-la-crisi-economica-2\/\"},\"author\":{\"name\":\"Redazione Comunicati Stampa\",\"@id\":\"https:\/\/www.article-marketing.eu\/comunicati\/#\/schema\/person\/44372e4d4d0fa797b18e03ed1ace9017\"},\"headline\":\"ontinua la protesta in rete su www.kijiji.it di Stefano, giovane napoletano disoccupato alle prese con la crisi economica\",\"datePublished\":\"2012-05-03T07:19:34+00:00\",\"mainEntityOfPage\":{\"@id\":\"https:\/\/www.article-marketing.eu\/comunicati\/comunicati-stampa\/ontinua-la-protesta-in-rete-su-www-kijiji-it-di-stefano-giovane-napoletano-disoccupato-alle-prese-con-la-crisi-economica-2\/\"},\"wordCount\":502,\"commentCount\":0,\"articleSection\":[\"Comunicati stampa\"],\"inLanguage\":\"it-IT\",\"potentialAction\":[{\"@type\":\"CommentAction\",\"name\":\"Comment\",\"target\":[\"https:\/\/www.article-marketing.eu\/comunicati\/comunicati-stampa\/ontinua-la-protesta-in-rete-su-www-kijiji-it-di-stefano-giovane-napoletano-disoccupato-alle-prese-con-la-crisi-economica-2\/#respond\"]}]},{\"@type\":\"WebPage\",\"@id\":\"https:\/\/www.article-marketing.eu\/comunicati\/comunicati-stampa\/ontinua-la-protesta-in-rete-su-www-kijiji-it-di-stefano-giovane-napoletano-disoccupato-alle-prese-con-la-crisi-economica-2\/\",\"url\":\"https:\/\/www.article-marketing.eu\/comunicati\/comunicati-stampa\/ontinua-la-protesta-in-rete-su-www-kijiji-it-di-stefano-giovane-napoletano-disoccupato-alle-prese-con-la-crisi-economica-2\/\",\"name\":\"ontinua la protesta in rete su www.kijiji.it di Stefano, giovane napoletano disoccupato alle prese con la crisi economica - Article Marketing\",\"isPartOf\":{\"@id\":\"https:\/\/www.article-marketing.eu\/comunicati\/#website\"},\"datePublished\":\"2012-05-03T07:19:34+00:00\",\"author\":{\"@id\":\"https:\/\/www.article-marketing.eu\/comunicati\/#\/schema\/person\/44372e4d4d0fa797b18e03ed1ace9017\"},\"breadcrumb\":{\"@id\":\"https:\/\/www.article-marketing.eu\/comunicati\/comunicati-stampa\/ontinua-la-protesta-in-rete-su-www-kijiji-it-di-stefano-giovane-napoletano-disoccupato-alle-prese-con-la-crisi-economica-2\/#breadcrumb\"},\"inLanguage\":\"it-IT\",\"potentialAction\":[{\"@type\":\"ReadAction\",\"target\":[\"https:\/\/www.article-marketing.eu\/comunicati\/comunicati-stampa\/ontinua-la-protesta-in-rete-su-www-kijiji-it-di-stefano-giovane-napoletano-disoccupato-alle-prese-con-la-crisi-economica-2\/\"]}]},{\"@type\":\"BreadcrumbList\",\"@id\":\"https:\/\/www.article-marketing.eu\/comunicati\/comunicati-stampa\/ontinua-la-protesta-in-rete-su-www-kijiji-it-di-stefano-giovane-napoletano-disoccupato-alle-prese-con-la-crisi-economica-2\/#breadcrumb\",\"itemListElement\":[{\"@type\":\"ListItem\",\"position\":1,\"name\":\"Home\",\"item\":\"https:\/\/www.article-marketing.eu\/comunicati\/\"},{\"@type\":\"ListItem\",\"position\":2,\"name\":\"ontinua la protesta in rete su www.kijiji.it di Stefano, giovane napoletano disoccupato alle prese con la crisi economica\"}]},{\"@type\":\"WebSite\",\"@id\":\"https:\/\/www.article-marketing.eu\/comunicati\/#website\",\"url\":\"https:\/\/www.article-marketing.eu\/comunicati\/\",\"name\":\"Article Marketing\",\"description\":\"article marketing &amp; press release\",\"potentialAction\":[{\"@type\":\"SearchAction\",\"target\":{\"@type\":\"EntryPoint\",\"urlTemplate\":\"https:\/\/www.article-marketing.eu\/comunicati\/?s={search_term_string}\"},\"query-input\":{\"@type\":\"PropertyValueSpecification\",\"valueRequired\":true,\"valueName\":\"search_term_string\"}}],\"inLanguage\":\"it-IT\"},{\"@type\":\"Person\",\"@id\":\"https:\/\/www.article-marketing.eu\/comunicati\/#\/schema\/person\/44372e4d4d0fa797b18e03ed1ace9017\",\"name\":\"Redazione Comunicati Stampa\",\"image\":{\"@type\":\"ImageObject\",\"inLanguage\":\"it-IT\",\"@id\":\"https:\/\/www.article-marketing.eu\/comunicati\/#\/schema\/person\/image\/\",\"url\":\"https:\/\/secure.gravatar.com\/avatar\/50e5c6421d3072f42e7ace803501602c60d75233d34e29fd05feb91c8760b792?s=96&d=mm&r=g\",\"contentUrl\":\"https:\/\/secure.gravatar.com\/avatar\/50e5c6421d3072f42e7ace803501602c60d75233d34e29fd05feb91c8760b792?s=96&d=mm&r=g\",\"caption\":\"Redazione Comunicati Stampa\"},\"url\":\"https:\/\/www.article-marketing.eu\/comunicati\/author\/redazione-comunicati-stampa\/\"}]}<\/script>\n<!-- \/ Yoast SEO plugin. -->","yoast_head_json":{"title":"ontinua la protesta in rete su www.kijiji.it di Stefano, giovane napoletano disoccupato alle prese con la crisi economica - Article Marketing","robots":{"index":"index","follow":"follow","max-snippet":"max-snippet:-1","max-image-preview":"max-image-preview:large","max-video-preview":"max-video-preview:-1"},"canonical":"https:\/\/www.article-marketing.eu\/comunicati\/comunicati-stampa\/ontinua-la-protesta-in-rete-su-www-kijiji-it-di-stefano-giovane-napoletano-disoccupato-alle-prese-con-la-crisi-economica-2\/","og_locale":"it_IT","og_type":"article","og_title":"ontinua la protesta in rete su www.kijiji.it di Stefano, giovane napoletano disoccupato alle prese con la crisi economica - Article Marketing","og_description":"A distanza di due anni \u00e8 ancora in difficolt\u00e0 Stefano Lento, il giovane laureato in architettura che nel 2010 fece parlare di s\u00e9 per aver messo in vendita su Kijiji la sua laurea, lanciando, on line, una provocazione. \u2018La passione che ho per il mio lavoro non ha retto all\u2019umiliazione e alla crisi economica. Oggi, dopo essere sceso a numerosi compromessi, mi ritrovo nuovamente disoccupato e cerco di sopravvivere, contando sulle mie forze e capacit\u00e0\u2019","og_url":"https:\/\/www.article-marketing.eu\/comunicati\/comunicati-stampa\/ontinua-la-protesta-in-rete-su-www-kijiji-it-di-stefano-giovane-napoletano-disoccupato-alle-prese-con-la-crisi-economica-2\/","og_site_name":"Article Marketing","article_published_time":"2012-05-03T07:19:34+00:00","author":"Redazione Comunicati Stampa","twitter_card":"summary_large_image","twitter_misc":{"Scritto da":"Redazione Comunicati Stampa","Tempo di lettura stimato":"2 minuti"},"schema":{"@context":"https:\/\/schema.org","@graph":[{"@type":"Article","@id":"https:\/\/www.article-marketing.eu\/comunicati\/comunicati-stampa\/ontinua-la-protesta-in-rete-su-www-kijiji-it-di-stefano-giovane-napoletano-disoccupato-alle-prese-con-la-crisi-economica-2\/#article","isPartOf":{"@id":"https:\/\/www.article-marketing.eu\/comunicati\/comunicati-stampa\/ontinua-la-protesta-in-rete-su-www-kijiji-it-di-stefano-giovane-napoletano-disoccupato-alle-prese-con-la-crisi-economica-2\/"},"author":{"name":"Redazione Comunicati Stampa","@id":"https:\/\/www.article-marketing.eu\/comunicati\/#\/schema\/person\/44372e4d4d0fa797b18e03ed1ace9017"},"headline":"ontinua la protesta in rete su www.kijiji.it di Stefano, giovane napoletano disoccupato alle prese con la crisi economica","datePublished":"2012-05-03T07:19:34+00:00","mainEntityOfPage":{"@id":"https:\/\/www.article-marketing.eu\/comunicati\/comunicati-stampa\/ontinua-la-protesta-in-rete-su-www-kijiji-it-di-stefano-giovane-napoletano-disoccupato-alle-prese-con-la-crisi-economica-2\/"},"wordCount":502,"commentCount":0,"articleSection":["Comunicati stampa"],"inLanguage":"it-IT","potentialAction":[{"@type":"CommentAction","name":"Comment","target":["https:\/\/www.article-marketing.eu\/comunicati\/comunicati-stampa\/ontinua-la-protesta-in-rete-su-www-kijiji-it-di-stefano-giovane-napoletano-disoccupato-alle-prese-con-la-crisi-economica-2\/#respond"]}]},{"@type":"WebPage","@id":"https:\/\/www.article-marketing.eu\/comunicati\/comunicati-stampa\/ontinua-la-protesta-in-rete-su-www-kijiji-it-di-stefano-giovane-napoletano-disoccupato-alle-prese-con-la-crisi-economica-2\/","url":"https:\/\/www.article-marketing.eu\/comunicati\/comunicati-stampa\/ontinua-la-protesta-in-rete-su-www-kijiji-it-di-stefano-giovane-napoletano-disoccupato-alle-prese-con-la-crisi-economica-2\/","name":"ontinua la protesta in rete su www.kijiji.it di Stefano, giovane napoletano disoccupato alle prese con la crisi economica - Article Marketing","isPartOf":{"@id":"https:\/\/www.article-marketing.eu\/comunicati\/#website"},"datePublished":"2012-05-03T07:19:34+00:00","author":{"@id":"https:\/\/www.article-marketing.eu\/comunicati\/#\/schema\/person\/44372e4d4d0fa797b18e03ed1ace9017"},"breadcrumb":{"@id":"https:\/\/www.article-marketing.eu\/comunicati\/comunicati-stampa\/ontinua-la-protesta-in-rete-su-www-kijiji-it-di-stefano-giovane-napoletano-disoccupato-alle-prese-con-la-crisi-economica-2\/#breadcrumb"},"inLanguage":"it-IT","potentialAction":[{"@type":"ReadAction","target":["https:\/\/www.article-marketing.eu\/comunicati\/comunicati-stampa\/ontinua-la-protesta-in-rete-su-www-kijiji-it-di-stefano-giovane-napoletano-disoccupato-alle-prese-con-la-crisi-economica-2\/"]}]},{"@type":"BreadcrumbList","@id":"https:\/\/www.article-marketing.eu\/comunicati\/comunicati-stampa\/ontinua-la-protesta-in-rete-su-www-kijiji-it-di-stefano-giovane-napoletano-disoccupato-alle-prese-con-la-crisi-economica-2\/#breadcrumb","itemListElement":[{"@type":"ListItem","position":1,"name":"Home","item":"https:\/\/www.article-marketing.eu\/comunicati\/"},{"@type":"ListItem","position":2,"name":"ontinua la protesta in rete su www.kijiji.it di Stefano, giovane napoletano disoccupato alle prese con la crisi economica"}]},{"@type":"WebSite","@id":"https:\/\/www.article-marketing.eu\/comunicati\/#website","url":"https:\/\/www.article-marketing.eu\/comunicati\/","name":"Article Marketing","description":"article marketing &amp; press release","potentialAction":[{"@type":"SearchAction","target":{"@type":"EntryPoint","urlTemplate":"https:\/\/www.article-marketing.eu\/comunicati\/?s={search_term_string}"},"query-input":{"@type":"PropertyValueSpecification","valueRequired":true,"valueName":"search_term_string"}}],"inLanguage":"it-IT"},{"@type":"Person","@id":"https:\/\/www.article-marketing.eu\/comunicati\/#\/schema\/person\/44372e4d4d0fa797b18e03ed1ace9017","name":"Redazione Comunicati Stampa","image":{"@type":"ImageObject","inLanguage":"it-IT","@id":"https:\/\/www.article-marketing.eu\/comunicati\/#\/schema\/person\/image\/","url":"https:\/\/secure.gravatar.com\/avatar\/50e5c6421d3072f42e7ace803501602c60d75233d34e29fd05feb91c8760b792?s=96&d=mm&r=g","contentUrl":"https:\/\/secure.gravatar.com\/avatar\/50e5c6421d3072f42e7ace803501602c60d75233d34e29fd05feb91c8760b792?s=96&d=mm&r=g","caption":"Redazione Comunicati Stampa"},"url":"https:\/\/www.article-marketing.eu\/comunicati\/author\/redazione-comunicati-stampa\/"}]}},"_links":{"self":[{"href":"https:\/\/www.article-marketing.eu\/comunicati\/wp-json\/wp\/v2\/posts\/26231","targetHints":{"allow":["GET"]}}],"collection":[{"href":"https:\/\/www.article-marketing.eu\/comunicati\/wp-json\/wp\/v2\/posts"}],"about":[{"href":"https:\/\/www.article-marketing.eu\/comunicati\/wp-json\/wp\/v2\/types\/post"}],"author":[{"embeddable":true,"href":"https:\/\/www.article-marketing.eu\/comunicati\/wp-json\/wp\/v2\/users\/10"}],"replies":[{"embeddable":true,"href":"https:\/\/www.article-marketing.eu\/comunicati\/wp-json\/wp\/v2\/comments?post=26231"}],"version-history":[{"count":0,"href":"https:\/\/www.article-marketing.eu\/comunicati\/wp-json\/wp\/v2\/posts\/26231\/revisions"}],"wp:attachment":[{"href":"https:\/\/www.article-marketing.eu\/comunicati\/wp-json\/wp\/v2\/media?parent=26231"}],"wp:term":[{"taxonomy":"category","embeddable":true,"href":"https:\/\/www.article-marketing.eu\/comunicati\/wp-json\/wp\/v2\/categories?post=26231"},{"taxonomy":"post_tag","embeddable":true,"href":"https:\/\/www.article-marketing.eu\/comunicati\/wp-json\/wp\/v2\/tags?post=26231"}],"curies":[{"name":"wp","href":"https:\/\/api.w.org\/{rel}","templated":true}]}}