{"id":2634,"date":"2009-09-02T11:41:44","date_gmt":"2009-09-02T09:41:44","guid":{"rendered":"http:\/\/www.article-marketing.eu\/comunicati\/senza-categoria\/complementi-darredo-non-solo-accessori-ma-pezzi-darredo\/"},"modified":"2009-09-02T11:41:44","modified_gmt":"2009-09-02T09:41:44","slug":"complementi-darredo-non-solo-accessori-ma-pezzi-darredo","status":"publish","type":"post","link":"https:\/\/www.article-marketing.eu\/comunicati\/casa\/complementi-darredo-non-solo-accessori-ma-pezzi-darredo\/","title":{"rendered":"Complementi d\u2019arredo: non solo accessori ma pezzi d\u2019arredo"},"content":{"rendered":"<p>Gli accessori e i complementi sono parte essenziale dell\u2019arredamento di<br \/>\nuna casa, di un negozio, di un ufficio. Sono loro che danno il giusto<br \/>\ntono all\u2019ambiente, perci\u00f2 \u00e8 importante sceglierli con cura.<\/p>\n<p>Se<br \/>\nil termine stesso \u201cComplementi\u201d non dona loro apparentemente un ruolo<br \/>\nda protagonisti, in realt\u00e0 sono loro a parlare del gusto dei<br \/>\nproprietari di casa, della loro cultura ed a volte stato sociale.<br \/>\nElementi di finitura indispensabili, oggetti ricercatissimi da<br \/>\narredatori ed architetti, sanno declinare i gusti classici o<br \/>\ncontemporanei in una serie di infinite sfaccettature. Questi <a href=\"http:\/\/www.reprice.it\/categorie-1358\/Divani-e-Poltrone.aspx\">accessori arredamento casa<\/a><br \/>\npossono essere in vetro, in legno, pietra o materiali plastici stampati<br \/>\ne hanno oggi un design sempre pi\u00f9 ricercato. I maggiori designer<br \/>\ninternazionali hanno spesso dato molto al mondo del complemento.<\/p>\n<p>Sin<br \/>\ndagli inizi, la filosofia di progettazione di ogni pensiero, viene<br \/>\nelaborata, definita nelle forme e nei particolari, sino a<br \/>\nconcretizzarsi in un \u201cpezzo tangibile\u201d di design, ed \u00e8 cos\u00ec che i<br \/>\ncomplementi d\u2019arredo superano il confine del puro design spingendosi<br \/>\nverso una nuova straordinaria realt\u00e0, composta da forme, arte,<br \/>\ninventiva, potenzialit\u00e0. Si spazia anche nella ricerca di nuovi<br \/>\nmateriali, tecnologie e contenuti. Tutto questo ha permesso alle<br \/>\naziende italiane che si occupano della vendita complementi arredo<br \/>\ndi rinnovarsi in continuazione, trovare nuove soluzioni, nuove forme e<br \/>\ndare cos\u00ec vita a oggetti unici come le lampade da terra con paralume in<br \/>\ntessuto, disponibili in diverse fantasie, adatte a dare un tocco di<br \/>\ncolore alla casa.<\/p>\n<p>I designer e i creativi italiani sono famosi<br \/>\nin tutto il mondo per la loro fantasia e inventiva, che li porta a<br \/>\ncreare oggetti davvero magnifici. Come per esempio i vasi in peltro di<br \/>\ngrandi dimensioni, con geometrie diverse fra loro, espresse molto bene<br \/>\ndal peltro, materiale antico di grande forza plastica. Oppure lo<br \/>\nstendibiancheria a forma di albero, creato in diversi colori, vivaci e<br \/>\nallegri e dalle forme morbide e arrotondate.<\/p>\n<p>Un\u2019altra idea<br \/>\noriginale sono i mobili trasformisti, come lo sgabello che diventa un<br \/>\ntavolino, oppure il letto che si alza e sotto troviamo uno specchio e<br \/>\ntutto il necessario per fare palestra in casa. Quando i metri quadri<br \/>\nscarseggiano, ma anche quando si vuole gestire l&#8217;arredo con<br \/>\nrazionalit\u00e0, un buon progetto aiuta a dilatare lo spazio e a gestirlo<br \/>\nal meglio l&#8217;area occupata da un letto infatti pu\u00f2 diventare uno spazio<br \/>\nmultifunzionale, da sfruttare anche durante il giorno, non solo per<br \/>\ndormire o per sedersi.<\/p>\n<p>Anche nell\u2019arredare negozi \u00e8 molto<br \/>\nimportante scegliere i giusti complementi, che dicono moltissimo ai<br \/>\nclienti sullo stile del negozio. In Italia le aziende che si occupano<br \/>\ndi arredamento per negozi sono<br \/>\nsvariate e propongono spesso idee originali a prezzi contenuti. Per<br \/>\nl&#8217;arredamento degli spazi commerciali potreste avere la necessit\u00e0 di<br \/>\nacquistare mobili metallici non costosissimi dal design innovativo,<br \/>\ncome armadi, scaffali e cassettiere, espositori per diverse<br \/>\ndestinazioni (espositori per negozi di abbigliamento, per occhiali,<br \/>\nscarpe oppure espositori per riviste ecc.) .<\/p>\n<p>Da tenere in<br \/>\nconsiderazione anche le pareti mobili e divisorie, utili per ricreare<br \/>\nangoli riservati all&#8217;interno del locale. Via libera ai complementi di<br \/>\narredo per spazi commerciali come lampade e faretti a ricreare la<br \/>\ngiusta luminosit\u00e0 e atmosfera utile soprattutto perch\u00e9 lavorando non<br \/>\nsar\u00e0 necessario sforzare eccessivamente la vista. Anche l&#8217;uso degli<br \/>\nspecchi per dare profondit\u00e0 agli ambienti pi\u00f9 piccoli \u00e8 fortemente<br \/>\nconsigliato, oppure l\u2019uso di veneziane colorate sulle finestre da<br \/>\nalzare e abbassare a seconda dell&#8217;esposizione dei raggi del sole delle<br \/>\nvetrine o delle finestre.<\/p>\n","protected":false},"excerpt":{"rendered":"<p>Gli accessori e i complementi sono parte essenziale dell\u2019arredamento di una casa, di un negozio, di un ufficio. Sono loro che danno il giusto tono all\u2019ambiente, perci\u00f2 \u00e8 importante sceglierli con cura.<\/p>\n","protected":false},"author":10,"featured_media":0,"comment_status":"open","ping_status":"open","sticky":false,"template":"","format":"standard","meta":{"cybocfi_hide_featured_image":"","footnotes":""},"categories":[390],"tags":[8632,8633,8634],"class_list":["post-2634","post","type-post","status-publish","format-standard","hentry","category-casa","tag-accessori-arredamento-casa","tag-arredamento-per-negozi","tag-vendita-complementi-darredo"],"yoast_head":"<!-- This site is optimized with the Yoast SEO plugin v27.0 - https:\/\/yoast.com\/product\/yoast-seo-wordpress\/ -->\n<title>Complementi d\u2019arredo: non solo accessori ma pezzi d\u2019arredo - Article Marketing<\/title>\n<meta name=\"robots\" content=\"index, follow, max-snippet:-1, max-image-preview:large, max-video-preview:-1\" \/>\n<link rel=\"canonical\" href=\"https:\/\/www.article-marketing.eu\/comunicati\/casa\/complementi-darredo-non-solo-accessori-ma-pezzi-darredo\/\" \/>\n<meta property=\"og:locale\" content=\"it_IT\" \/>\n<meta property=\"og:type\" content=\"article\" \/>\n<meta property=\"og:title\" content=\"Complementi d\u2019arredo: non solo accessori ma pezzi d\u2019arredo - Article Marketing\" \/>\n<meta property=\"og:description\" content=\"Gli accessori e i complementi sono parte essenziale dell\u2019arredamento di una casa, di un negozio, di un ufficio. Sono loro che danno il giusto tono all\u2019ambiente, perci\u00f2 \u00e8 importante sceglierli con cura.\" \/>\n<meta property=\"og:url\" content=\"https:\/\/www.article-marketing.eu\/comunicati\/casa\/complementi-darredo-non-solo-accessori-ma-pezzi-darredo\/\" \/>\n<meta property=\"og:site_name\" content=\"Article Marketing\" \/>\n<meta property=\"article:published_time\" content=\"2009-09-02T09:41:44+00:00\" \/>\n<meta name=\"author\" content=\"Redazione Comunicati Stampa\" \/>\n<meta name=\"twitter:card\" content=\"summary_large_image\" \/>\n<meta name=\"twitter:label1\" content=\"Scritto da\" \/>\n\t<meta name=\"twitter:data1\" content=\"Redazione Comunicati Stampa\" \/>\n\t<meta name=\"twitter:label2\" content=\"Tempo di lettura stimato\" \/>\n\t<meta name=\"twitter:data2\" content=\"3 minuti\" \/>\n<script type=\"application\/ld+json\" class=\"yoast-schema-graph\">{\"@context\":\"https:\/\/schema.org\",\"@graph\":[{\"@type\":\"Article\",\"@id\":\"https:\/\/www.article-marketing.eu\/comunicati\/casa\/complementi-darredo-non-solo-accessori-ma-pezzi-darredo\/#article\",\"isPartOf\":{\"@id\":\"https:\/\/www.article-marketing.eu\/comunicati\/casa\/complementi-darredo-non-solo-accessori-ma-pezzi-darredo\/\"},\"author\":{\"name\":\"Redazione Comunicati Stampa\",\"@id\":\"https:\/\/www.article-marketing.eu\/comunicati\/#\/schema\/person\/44372e4d4d0fa797b18e03ed1ace9017\"},\"headline\":\"Complementi d\u2019arredo: non solo accessori ma pezzi d\u2019arredo\",\"datePublished\":\"2009-09-02T09:41:44+00:00\",\"mainEntityOfPage\":{\"@id\":\"https:\/\/www.article-marketing.eu\/comunicati\/casa\/complementi-darredo-non-solo-accessori-ma-pezzi-darredo\/\"},\"wordCount\":573,\"commentCount\":0,\"keywords\":[\"accessori arredamento casa\",\"arredamento per negozi\",\"vendita complementi d'arredo\"],\"articleSection\":[\"Casa\"],\"inLanguage\":\"it-IT\",\"potentialAction\":[{\"@type\":\"CommentAction\",\"name\":\"Comment\",\"target\":[\"https:\/\/www.article-marketing.eu\/comunicati\/casa\/complementi-darredo-non-solo-accessori-ma-pezzi-darredo\/#respond\"]}]},{\"@type\":\"WebPage\",\"@id\":\"https:\/\/www.article-marketing.eu\/comunicati\/casa\/complementi-darredo-non-solo-accessori-ma-pezzi-darredo\/\",\"url\":\"https:\/\/www.article-marketing.eu\/comunicati\/casa\/complementi-darredo-non-solo-accessori-ma-pezzi-darredo\/\",\"name\":\"Complementi d\u2019arredo: non solo accessori ma pezzi d\u2019arredo - Article Marketing\",\"isPartOf\":{\"@id\":\"https:\/\/www.article-marketing.eu\/comunicati\/#website\"},\"datePublished\":\"2009-09-02T09:41:44+00:00\",\"author\":{\"@id\":\"https:\/\/www.article-marketing.eu\/comunicati\/#\/schema\/person\/44372e4d4d0fa797b18e03ed1ace9017\"},\"breadcrumb\":{\"@id\":\"https:\/\/www.article-marketing.eu\/comunicati\/casa\/complementi-darredo-non-solo-accessori-ma-pezzi-darredo\/#breadcrumb\"},\"inLanguage\":\"it-IT\",\"potentialAction\":[{\"@type\":\"ReadAction\",\"target\":[\"https:\/\/www.article-marketing.eu\/comunicati\/casa\/complementi-darredo-non-solo-accessori-ma-pezzi-darredo\/\"]}]},{\"@type\":\"BreadcrumbList\",\"@id\":\"https:\/\/www.article-marketing.eu\/comunicati\/casa\/complementi-darredo-non-solo-accessori-ma-pezzi-darredo\/#breadcrumb\",\"itemListElement\":[{\"@type\":\"ListItem\",\"position\":1,\"name\":\"Home\",\"item\":\"https:\/\/www.article-marketing.eu\/comunicati\/\"},{\"@type\":\"ListItem\",\"position\":2,\"name\":\"Complementi d\u2019arredo: non solo accessori ma pezzi d\u2019arredo\"}]},{\"@type\":\"WebSite\",\"@id\":\"https:\/\/www.article-marketing.eu\/comunicati\/#website\",\"url\":\"https:\/\/www.article-marketing.eu\/comunicati\/\",\"name\":\"Article Marketing\",\"description\":\"article marketing &amp; press release\",\"potentialAction\":[{\"@type\":\"SearchAction\",\"target\":{\"@type\":\"EntryPoint\",\"urlTemplate\":\"https:\/\/www.article-marketing.eu\/comunicati\/?s={search_term_string}\"},\"query-input\":{\"@type\":\"PropertyValueSpecification\",\"valueRequired\":true,\"valueName\":\"search_term_string\"}}],\"inLanguage\":\"it-IT\"},{\"@type\":\"Person\",\"@id\":\"https:\/\/www.article-marketing.eu\/comunicati\/#\/schema\/person\/44372e4d4d0fa797b18e03ed1ace9017\",\"name\":\"Redazione Comunicati Stampa\",\"image\":{\"@type\":\"ImageObject\",\"inLanguage\":\"it-IT\",\"@id\":\"https:\/\/www.article-marketing.eu\/comunicati\/#\/schema\/person\/image\/\",\"url\":\"https:\/\/secure.gravatar.com\/avatar\/50e5c6421d3072f42e7ace803501602c60d75233d34e29fd05feb91c8760b792?s=96&d=mm&r=g\",\"contentUrl\":\"https:\/\/secure.gravatar.com\/avatar\/50e5c6421d3072f42e7ace803501602c60d75233d34e29fd05feb91c8760b792?s=96&d=mm&r=g\",\"caption\":\"Redazione Comunicati Stampa\"},\"url\":\"https:\/\/www.article-marketing.eu\/comunicati\/author\/redazione-comunicati-stampa\/\"}]}<\/script>\n<!-- \/ Yoast SEO plugin. -->","yoast_head_json":{"title":"Complementi d\u2019arredo: non solo accessori ma pezzi d\u2019arredo - Article Marketing","robots":{"index":"index","follow":"follow","max-snippet":"max-snippet:-1","max-image-preview":"max-image-preview:large","max-video-preview":"max-video-preview:-1"},"canonical":"https:\/\/www.article-marketing.eu\/comunicati\/casa\/complementi-darredo-non-solo-accessori-ma-pezzi-darredo\/","og_locale":"it_IT","og_type":"article","og_title":"Complementi d\u2019arredo: non solo accessori ma pezzi d\u2019arredo - Article Marketing","og_description":"Gli accessori e i complementi sono parte essenziale dell\u2019arredamento di una casa, di un negozio, di un ufficio. Sono loro che danno il giusto tono all\u2019ambiente, perci\u00f2 \u00e8 importante sceglierli con cura.","og_url":"https:\/\/www.article-marketing.eu\/comunicati\/casa\/complementi-darredo-non-solo-accessori-ma-pezzi-darredo\/","og_site_name":"Article Marketing","article_published_time":"2009-09-02T09:41:44+00:00","author":"Redazione Comunicati Stampa","twitter_card":"summary_large_image","twitter_misc":{"Scritto da":"Redazione Comunicati Stampa","Tempo di lettura stimato":"3 minuti"},"schema":{"@context":"https:\/\/schema.org","@graph":[{"@type":"Article","@id":"https:\/\/www.article-marketing.eu\/comunicati\/casa\/complementi-darredo-non-solo-accessori-ma-pezzi-darredo\/#article","isPartOf":{"@id":"https:\/\/www.article-marketing.eu\/comunicati\/casa\/complementi-darredo-non-solo-accessori-ma-pezzi-darredo\/"},"author":{"name":"Redazione Comunicati Stampa","@id":"https:\/\/www.article-marketing.eu\/comunicati\/#\/schema\/person\/44372e4d4d0fa797b18e03ed1ace9017"},"headline":"Complementi d\u2019arredo: non solo accessori ma pezzi d\u2019arredo","datePublished":"2009-09-02T09:41:44+00:00","mainEntityOfPage":{"@id":"https:\/\/www.article-marketing.eu\/comunicati\/casa\/complementi-darredo-non-solo-accessori-ma-pezzi-darredo\/"},"wordCount":573,"commentCount":0,"keywords":["accessori arredamento casa","arredamento per negozi","vendita complementi d'arredo"],"articleSection":["Casa"],"inLanguage":"it-IT","potentialAction":[{"@type":"CommentAction","name":"Comment","target":["https:\/\/www.article-marketing.eu\/comunicati\/casa\/complementi-darredo-non-solo-accessori-ma-pezzi-darredo\/#respond"]}]},{"@type":"WebPage","@id":"https:\/\/www.article-marketing.eu\/comunicati\/casa\/complementi-darredo-non-solo-accessori-ma-pezzi-darredo\/","url":"https:\/\/www.article-marketing.eu\/comunicati\/casa\/complementi-darredo-non-solo-accessori-ma-pezzi-darredo\/","name":"Complementi d\u2019arredo: non solo accessori ma pezzi d\u2019arredo - Article Marketing","isPartOf":{"@id":"https:\/\/www.article-marketing.eu\/comunicati\/#website"},"datePublished":"2009-09-02T09:41:44+00:00","author":{"@id":"https:\/\/www.article-marketing.eu\/comunicati\/#\/schema\/person\/44372e4d4d0fa797b18e03ed1ace9017"},"breadcrumb":{"@id":"https:\/\/www.article-marketing.eu\/comunicati\/casa\/complementi-darredo-non-solo-accessori-ma-pezzi-darredo\/#breadcrumb"},"inLanguage":"it-IT","potentialAction":[{"@type":"ReadAction","target":["https:\/\/www.article-marketing.eu\/comunicati\/casa\/complementi-darredo-non-solo-accessori-ma-pezzi-darredo\/"]}]},{"@type":"BreadcrumbList","@id":"https:\/\/www.article-marketing.eu\/comunicati\/casa\/complementi-darredo-non-solo-accessori-ma-pezzi-darredo\/#breadcrumb","itemListElement":[{"@type":"ListItem","position":1,"name":"Home","item":"https:\/\/www.article-marketing.eu\/comunicati\/"},{"@type":"ListItem","position":2,"name":"Complementi d\u2019arredo: non solo accessori ma pezzi d\u2019arredo"}]},{"@type":"WebSite","@id":"https:\/\/www.article-marketing.eu\/comunicati\/#website","url":"https:\/\/www.article-marketing.eu\/comunicati\/","name":"Article Marketing","description":"article marketing &amp; press release","potentialAction":[{"@type":"SearchAction","target":{"@type":"EntryPoint","urlTemplate":"https:\/\/www.article-marketing.eu\/comunicati\/?s={search_term_string}"},"query-input":{"@type":"PropertyValueSpecification","valueRequired":true,"valueName":"search_term_string"}}],"inLanguage":"it-IT"},{"@type":"Person","@id":"https:\/\/www.article-marketing.eu\/comunicati\/#\/schema\/person\/44372e4d4d0fa797b18e03ed1ace9017","name":"Redazione Comunicati Stampa","image":{"@type":"ImageObject","inLanguage":"it-IT","@id":"https:\/\/www.article-marketing.eu\/comunicati\/#\/schema\/person\/image\/","url":"https:\/\/secure.gravatar.com\/avatar\/50e5c6421d3072f42e7ace803501602c60d75233d34e29fd05feb91c8760b792?s=96&d=mm&r=g","contentUrl":"https:\/\/secure.gravatar.com\/avatar\/50e5c6421d3072f42e7ace803501602c60d75233d34e29fd05feb91c8760b792?s=96&d=mm&r=g","caption":"Redazione Comunicati Stampa"},"url":"https:\/\/www.article-marketing.eu\/comunicati\/author\/redazione-comunicati-stampa\/"}]}},"_links":{"self":[{"href":"https:\/\/www.article-marketing.eu\/comunicati\/wp-json\/wp\/v2\/posts\/2634","targetHints":{"allow":["GET"]}}],"collection":[{"href":"https:\/\/www.article-marketing.eu\/comunicati\/wp-json\/wp\/v2\/posts"}],"about":[{"href":"https:\/\/www.article-marketing.eu\/comunicati\/wp-json\/wp\/v2\/types\/post"}],"author":[{"embeddable":true,"href":"https:\/\/www.article-marketing.eu\/comunicati\/wp-json\/wp\/v2\/users\/10"}],"replies":[{"embeddable":true,"href":"https:\/\/www.article-marketing.eu\/comunicati\/wp-json\/wp\/v2\/comments?post=2634"}],"version-history":[{"count":0,"href":"https:\/\/www.article-marketing.eu\/comunicati\/wp-json\/wp\/v2\/posts\/2634\/revisions"}],"wp:attachment":[{"href":"https:\/\/www.article-marketing.eu\/comunicati\/wp-json\/wp\/v2\/media?parent=2634"}],"wp:term":[{"taxonomy":"category","embeddable":true,"href":"https:\/\/www.article-marketing.eu\/comunicati\/wp-json\/wp\/v2\/categories?post=2634"},{"taxonomy":"post_tag","embeddable":true,"href":"https:\/\/www.article-marketing.eu\/comunicati\/wp-json\/wp\/v2\/tags?post=2634"}],"curies":[{"name":"wp","href":"https:\/\/api.w.org\/{rel}","templated":true}]}}