{"id":2639,"date":"2009-09-02T15:01:59","date_gmt":"2009-09-02T13:01:59","guid":{"rendered":"http:\/\/www.article-marketing.eu\/comunicati\/senza-categoria\/liricamente-cantando-26-settembre-2009-a-parma\/"},"modified":"2009-09-02T15:01:59","modified_gmt":"2009-09-02T13:01:59","slug":"liricamente-cantando-26-settembre-2009-a-parma","status":"publish","type":"post","link":"https:\/\/www.article-marketing.eu\/comunicati\/arte-e-cultura\/musica\/liricamente-cantando-26-settembre-2009-a-parma\/","title":{"rendered":"Liricamente cantando: 26 settembre 2009 a Parma"},"content":{"rendered":"<p class=\"testo1\"><strong>Liricamente<\/strong> (il primo portale web in Italia dedicato all&#8217;opera lirica) organizzer\u00e0 il <strong>26 settembre 2009,<\/strong> a <strong>Parma,<\/strong> una <strong>giornata formativa<\/strong> dal titolo <a title=\"Iscriviti alla giornata di audizioni di Liricamente\" href=\"http:\/\/www.liricamente.it\/showsection.asp?idsezione=audizioni-corso-tecnica-vocale-liricamente\"><strong><em>LIRICAMENTE CANTANDO<\/em><\/strong><strong><em> &#8211; Giornata di audizioni e Lezioni di Tecnica di canto con l&#8217;esperto.<\/em><\/strong><\/a><\/p>\n<p class=\"testo1\">Il <em>meeting <\/em>sar\u00e0 una splendida occasione per conoscere di persona (e non solo virtualmente) tutti gli appassionati di Lirica. Ma non solo: chi lo desidera, <strong>potr\u00e0 farsi ascoltare per chiedere consigli all&#8217;esperto di Liricamente o per segnalare il proprio talento in vista delle manifestazioni che organizzer\u00e0 nel 2010<\/strong>.<\/p>\n<p>Sar\u00e0 a disposizione un pianista che accompagner\u00e0 coloro che desidereranno farsi ascoltare e chiedere un parere in merito alle proprie <em>performances<\/em>.<br \/><strong>Gli artisti che saranno ritenuti idonei saranno contattati in occasione delle manifestazioni culturali che Liricamente organizzer\u00e0 nel 2010<\/strong>.<\/p>\n<p>Ci si confronter\u00e0 su temi spinosi sia dal punto di vista artistico &#8211; la tecnica vocale, le qualit\u00e0 vocali, il talento, la personalit\u00e0, il temperamento, le aspirazioni e la sensibilit\u00e0 di ogni cantante &#8211; sia scientifico &#8211; igiene del cantante, le patologie e gli impedimenti fisici alla carriera. <br \/>Saranno date risposte ai cantanti che desiderano avere chiarimenti circa la classificazione della propria voce e il repertorio lirico adatto ad ogni allievo.<\/p>\n<p>La giornata formativa si terr\u00e0 presso l&#8217;accogliente sede de <strong>La citt\u00e0 si nota<\/strong> (in Vicolo del Medio Evo 7, in pieno Centro Storico, dietro il Palazzo Vescovile) e ci sar\u00e0 modo anche di degustare specialit\u00e0 tipiche locali durante il pranzo a buffet che sar\u00e0 condiviso tra tutti i partecipanti.<\/p>\n<p>Per chi lo desidera, sar\u00e0 organizzato anche un piccolo <em>tour<\/em> nel centro della citt\u00e0 di Parma alla scoperta dei luoghi \u201cmusicalmente\u201d interessanti.<\/p>\n<p>Considerando l&#8217;elevata credibilit\u00e0 che Liricamente ha acquisito in questi anni di seria attivit\u00e0, sicuramente questo evento sar\u00e0 un&#8217;<strong>ottima occasione<\/strong> per <strong>trascorrere una giornata formativa all&#8217;insegna della buona musica e conoscere le novit\u00e0, i servizi e i propri prodotti<\/strong> che gli sponsor presenteranno ai <strong>giovani appassionati di Lirica<\/strong>.<\/p>\n<p>Sul sito di Liricamente sono disponibili le indicazioni stradali e il programma della giornata dettagliati, insieme al regolamento e alla scheda di registrazione da inviare alla segreteria organizzativa entro il <strong>22 settembre 2009<\/strong>.<\/p>\n","protected":false},"excerpt":{"rendered":"<p>Liricamente (il primo portale web in Italia dedicato all&#8217;opera lirica) organizzer\u00e0 il 26 settembre 2009, a Parma, una giornata formativa dal titolo LIRICAMENTE CANTANDO &#8211; Giornata di audizioni e Lezioni di Tecnica di canto con l&#8217;esperto.<\/p>\n","protected":false},"author":10,"featured_media":0,"comment_status":"open","ping_status":"open","sticky":false,"template":"","format":"standard","meta":{"cybocfi_hide_featured_image":"","footnotes":""},"categories":[42],"tags":[8643],"class_list":["post-2639","post","type-post","status-publish","format-standard","hentry","category-musica","tag-liricamente-cantando-masterclass-tecnica-di-canto-opera-lirica"],"yoast_head":"<!-- This site is optimized with the Yoast SEO plugin v27.0 - https:\/\/yoast.com\/product\/yoast-seo-wordpress\/ -->\n<title>Liricamente cantando: 26 settembre 2009 a Parma - Article Marketing<\/title>\n<meta name=\"robots\" content=\"index, follow, max-snippet:-1, max-image-preview:large, max-video-preview:-1\" \/>\n<link rel=\"canonical\" href=\"https:\/\/www.article-marketing.eu\/comunicati\/arte-e-cultura\/musica\/liricamente-cantando-26-settembre-2009-a-parma\/\" \/>\n<meta property=\"og:locale\" content=\"it_IT\" \/>\n<meta property=\"og:type\" content=\"article\" \/>\n<meta property=\"og:title\" content=\"Liricamente cantando: 26 settembre 2009 a Parma - Article Marketing\" \/>\n<meta property=\"og:description\" content=\"Liricamente (il primo portale web in Italia dedicato all&#039;opera lirica) organizzer\u00e0 il 26 settembre 2009, a Parma, una giornata formativa dal titolo LIRICAMENTE CANTANDO - Giornata di audizioni e Lezioni di Tecnica di canto con l&#039;esperto.\" \/>\n<meta property=\"og:url\" content=\"https:\/\/www.article-marketing.eu\/comunicati\/arte-e-cultura\/musica\/liricamente-cantando-26-settembre-2009-a-parma\/\" \/>\n<meta property=\"og:site_name\" content=\"Article Marketing\" \/>\n<meta property=\"article:published_time\" content=\"2009-09-02T13:01:59+00:00\" \/>\n<meta name=\"author\" content=\"Redazione Comunicati Stampa\" \/>\n<meta name=\"twitter:card\" content=\"summary_large_image\" \/>\n<meta name=\"twitter:label1\" content=\"Scritto da\" \/>\n\t<meta name=\"twitter:data1\" content=\"Redazione Comunicati Stampa\" \/>\n\t<meta name=\"twitter:label2\" content=\"Tempo di lettura stimato\" \/>\n\t<meta name=\"twitter:data2\" content=\"2 minuti\" \/>\n<script type=\"application\/ld+json\" class=\"yoast-schema-graph\">{\"@context\":\"https:\/\/schema.org\",\"@graph\":[{\"@type\":\"Article\",\"@id\":\"https:\/\/www.article-marketing.eu\/comunicati\/arte-e-cultura\/musica\/liricamente-cantando-26-settembre-2009-a-parma\/#article\",\"isPartOf\":{\"@id\":\"https:\/\/www.article-marketing.eu\/comunicati\/arte-e-cultura\/musica\/liricamente-cantando-26-settembre-2009-a-parma\/\"},\"author\":{\"name\":\"Redazione Comunicati Stampa\",\"@id\":\"https:\/\/www.article-marketing.eu\/comunicati\/#\/schema\/person\/44372e4d4d0fa797b18e03ed1ace9017\"},\"headline\":\"Liricamente cantando: 26 settembre 2009 a Parma\",\"datePublished\":\"2009-09-02T13:01:59+00:00\",\"mainEntityOfPage\":{\"@id\":\"https:\/\/www.article-marketing.eu\/comunicati\/arte-e-cultura\/musica\/liricamente-cantando-26-settembre-2009-a-parma\/\"},\"wordCount\":343,\"commentCount\":0,\"keywords\":[\"Liricamente cantando masterclass tecnica di canto opera lirica\"],\"articleSection\":[\"Musica\"],\"inLanguage\":\"it-IT\",\"potentialAction\":[{\"@type\":\"CommentAction\",\"name\":\"Comment\",\"target\":[\"https:\/\/www.article-marketing.eu\/comunicati\/arte-e-cultura\/musica\/liricamente-cantando-26-settembre-2009-a-parma\/#respond\"]}]},{\"@type\":\"WebPage\",\"@id\":\"https:\/\/www.article-marketing.eu\/comunicati\/arte-e-cultura\/musica\/liricamente-cantando-26-settembre-2009-a-parma\/\",\"url\":\"https:\/\/www.article-marketing.eu\/comunicati\/arte-e-cultura\/musica\/liricamente-cantando-26-settembre-2009-a-parma\/\",\"name\":\"Liricamente cantando: 26 settembre 2009 a Parma - Article Marketing\",\"isPartOf\":{\"@id\":\"https:\/\/www.article-marketing.eu\/comunicati\/#website\"},\"datePublished\":\"2009-09-02T13:01:59+00:00\",\"author\":{\"@id\":\"https:\/\/www.article-marketing.eu\/comunicati\/#\/schema\/person\/44372e4d4d0fa797b18e03ed1ace9017\"},\"breadcrumb\":{\"@id\":\"https:\/\/www.article-marketing.eu\/comunicati\/arte-e-cultura\/musica\/liricamente-cantando-26-settembre-2009-a-parma\/#breadcrumb\"},\"inLanguage\":\"it-IT\",\"potentialAction\":[{\"@type\":\"ReadAction\",\"target\":[\"https:\/\/www.article-marketing.eu\/comunicati\/arte-e-cultura\/musica\/liricamente-cantando-26-settembre-2009-a-parma\/\"]}]},{\"@type\":\"BreadcrumbList\",\"@id\":\"https:\/\/www.article-marketing.eu\/comunicati\/arte-e-cultura\/musica\/liricamente-cantando-26-settembre-2009-a-parma\/#breadcrumb\",\"itemListElement\":[{\"@type\":\"ListItem\",\"position\":1,\"name\":\"Home\",\"item\":\"https:\/\/www.article-marketing.eu\/comunicati\/\"},{\"@type\":\"ListItem\",\"position\":2,\"name\":\"Liricamente cantando: 26 settembre 2009 a Parma\"}]},{\"@type\":\"WebSite\",\"@id\":\"https:\/\/www.article-marketing.eu\/comunicati\/#website\",\"url\":\"https:\/\/www.article-marketing.eu\/comunicati\/\",\"name\":\"Article Marketing\",\"description\":\"article marketing &amp; press release\",\"potentialAction\":[{\"@type\":\"SearchAction\",\"target\":{\"@type\":\"EntryPoint\",\"urlTemplate\":\"https:\/\/www.article-marketing.eu\/comunicati\/?s={search_term_string}\"},\"query-input\":{\"@type\":\"PropertyValueSpecification\",\"valueRequired\":true,\"valueName\":\"search_term_string\"}}],\"inLanguage\":\"it-IT\"},{\"@type\":\"Person\",\"@id\":\"https:\/\/www.article-marketing.eu\/comunicati\/#\/schema\/person\/44372e4d4d0fa797b18e03ed1ace9017\",\"name\":\"Redazione Comunicati Stampa\",\"image\":{\"@type\":\"ImageObject\",\"inLanguage\":\"it-IT\",\"@id\":\"https:\/\/www.article-marketing.eu\/comunicati\/#\/schema\/person\/image\/\",\"url\":\"https:\/\/secure.gravatar.com\/avatar\/50e5c6421d3072f42e7ace803501602c60d75233d34e29fd05feb91c8760b792?s=96&d=mm&r=g\",\"contentUrl\":\"https:\/\/secure.gravatar.com\/avatar\/50e5c6421d3072f42e7ace803501602c60d75233d34e29fd05feb91c8760b792?s=96&d=mm&r=g\",\"caption\":\"Redazione Comunicati Stampa\"},\"url\":\"https:\/\/www.article-marketing.eu\/comunicati\/author\/redazione-comunicati-stampa\/\"}]}<\/script>\n<!-- \/ Yoast SEO plugin. -->","yoast_head_json":{"title":"Liricamente cantando: 26 settembre 2009 a Parma - Article Marketing","robots":{"index":"index","follow":"follow","max-snippet":"max-snippet:-1","max-image-preview":"max-image-preview:large","max-video-preview":"max-video-preview:-1"},"canonical":"https:\/\/www.article-marketing.eu\/comunicati\/arte-e-cultura\/musica\/liricamente-cantando-26-settembre-2009-a-parma\/","og_locale":"it_IT","og_type":"article","og_title":"Liricamente cantando: 26 settembre 2009 a Parma - Article Marketing","og_description":"Liricamente (il primo portale web in Italia dedicato all'opera lirica) organizzer\u00e0 il 26 settembre 2009, a Parma, una giornata formativa dal titolo LIRICAMENTE CANTANDO - Giornata di audizioni e Lezioni di Tecnica di canto con l'esperto.","og_url":"https:\/\/www.article-marketing.eu\/comunicati\/arte-e-cultura\/musica\/liricamente-cantando-26-settembre-2009-a-parma\/","og_site_name":"Article Marketing","article_published_time":"2009-09-02T13:01:59+00:00","author":"Redazione Comunicati Stampa","twitter_card":"summary_large_image","twitter_misc":{"Scritto da":"Redazione Comunicati Stampa","Tempo di lettura stimato":"2 minuti"},"schema":{"@context":"https:\/\/schema.org","@graph":[{"@type":"Article","@id":"https:\/\/www.article-marketing.eu\/comunicati\/arte-e-cultura\/musica\/liricamente-cantando-26-settembre-2009-a-parma\/#article","isPartOf":{"@id":"https:\/\/www.article-marketing.eu\/comunicati\/arte-e-cultura\/musica\/liricamente-cantando-26-settembre-2009-a-parma\/"},"author":{"name":"Redazione Comunicati Stampa","@id":"https:\/\/www.article-marketing.eu\/comunicati\/#\/schema\/person\/44372e4d4d0fa797b18e03ed1ace9017"},"headline":"Liricamente cantando: 26 settembre 2009 a Parma","datePublished":"2009-09-02T13:01:59+00:00","mainEntityOfPage":{"@id":"https:\/\/www.article-marketing.eu\/comunicati\/arte-e-cultura\/musica\/liricamente-cantando-26-settembre-2009-a-parma\/"},"wordCount":343,"commentCount":0,"keywords":["Liricamente cantando masterclass tecnica di canto opera lirica"],"articleSection":["Musica"],"inLanguage":"it-IT","potentialAction":[{"@type":"CommentAction","name":"Comment","target":["https:\/\/www.article-marketing.eu\/comunicati\/arte-e-cultura\/musica\/liricamente-cantando-26-settembre-2009-a-parma\/#respond"]}]},{"@type":"WebPage","@id":"https:\/\/www.article-marketing.eu\/comunicati\/arte-e-cultura\/musica\/liricamente-cantando-26-settembre-2009-a-parma\/","url":"https:\/\/www.article-marketing.eu\/comunicati\/arte-e-cultura\/musica\/liricamente-cantando-26-settembre-2009-a-parma\/","name":"Liricamente cantando: 26 settembre 2009 a Parma - Article Marketing","isPartOf":{"@id":"https:\/\/www.article-marketing.eu\/comunicati\/#website"},"datePublished":"2009-09-02T13:01:59+00:00","author":{"@id":"https:\/\/www.article-marketing.eu\/comunicati\/#\/schema\/person\/44372e4d4d0fa797b18e03ed1ace9017"},"breadcrumb":{"@id":"https:\/\/www.article-marketing.eu\/comunicati\/arte-e-cultura\/musica\/liricamente-cantando-26-settembre-2009-a-parma\/#breadcrumb"},"inLanguage":"it-IT","potentialAction":[{"@type":"ReadAction","target":["https:\/\/www.article-marketing.eu\/comunicati\/arte-e-cultura\/musica\/liricamente-cantando-26-settembre-2009-a-parma\/"]}]},{"@type":"BreadcrumbList","@id":"https:\/\/www.article-marketing.eu\/comunicati\/arte-e-cultura\/musica\/liricamente-cantando-26-settembre-2009-a-parma\/#breadcrumb","itemListElement":[{"@type":"ListItem","position":1,"name":"Home","item":"https:\/\/www.article-marketing.eu\/comunicati\/"},{"@type":"ListItem","position":2,"name":"Liricamente cantando: 26 settembre 2009 a Parma"}]},{"@type":"WebSite","@id":"https:\/\/www.article-marketing.eu\/comunicati\/#website","url":"https:\/\/www.article-marketing.eu\/comunicati\/","name":"Article Marketing","description":"article marketing &amp; press release","potentialAction":[{"@type":"SearchAction","target":{"@type":"EntryPoint","urlTemplate":"https:\/\/www.article-marketing.eu\/comunicati\/?s={search_term_string}"},"query-input":{"@type":"PropertyValueSpecification","valueRequired":true,"valueName":"search_term_string"}}],"inLanguage":"it-IT"},{"@type":"Person","@id":"https:\/\/www.article-marketing.eu\/comunicati\/#\/schema\/person\/44372e4d4d0fa797b18e03ed1ace9017","name":"Redazione Comunicati Stampa","image":{"@type":"ImageObject","inLanguage":"it-IT","@id":"https:\/\/www.article-marketing.eu\/comunicati\/#\/schema\/person\/image\/","url":"https:\/\/secure.gravatar.com\/avatar\/50e5c6421d3072f42e7ace803501602c60d75233d34e29fd05feb91c8760b792?s=96&d=mm&r=g","contentUrl":"https:\/\/secure.gravatar.com\/avatar\/50e5c6421d3072f42e7ace803501602c60d75233d34e29fd05feb91c8760b792?s=96&d=mm&r=g","caption":"Redazione Comunicati Stampa"},"url":"https:\/\/www.article-marketing.eu\/comunicati\/author\/redazione-comunicati-stampa\/"}]}},"_links":{"self":[{"href":"https:\/\/www.article-marketing.eu\/comunicati\/wp-json\/wp\/v2\/posts\/2639","targetHints":{"allow":["GET"]}}],"collection":[{"href":"https:\/\/www.article-marketing.eu\/comunicati\/wp-json\/wp\/v2\/posts"}],"about":[{"href":"https:\/\/www.article-marketing.eu\/comunicati\/wp-json\/wp\/v2\/types\/post"}],"author":[{"embeddable":true,"href":"https:\/\/www.article-marketing.eu\/comunicati\/wp-json\/wp\/v2\/users\/10"}],"replies":[{"embeddable":true,"href":"https:\/\/www.article-marketing.eu\/comunicati\/wp-json\/wp\/v2\/comments?post=2639"}],"version-history":[{"count":0,"href":"https:\/\/www.article-marketing.eu\/comunicati\/wp-json\/wp\/v2\/posts\/2639\/revisions"}],"wp:attachment":[{"href":"https:\/\/www.article-marketing.eu\/comunicati\/wp-json\/wp\/v2\/media?parent=2639"}],"wp:term":[{"taxonomy":"category","embeddable":true,"href":"https:\/\/www.article-marketing.eu\/comunicati\/wp-json\/wp\/v2\/categories?post=2639"},{"taxonomy":"post_tag","embeddable":true,"href":"https:\/\/www.article-marketing.eu\/comunicati\/wp-json\/wp\/v2\/tags?post=2639"}],"curies":[{"name":"wp","href":"https:\/\/api.w.org\/{rel}","templated":true}]}}