{"id":2641,"date":"2009-09-02T16:21:17","date_gmt":"2009-09-02T14:21:17","guid":{"rendered":"http:\/\/www.article-marketing.eu\/comunicati\/senza-categoria\/1%b0-anniversario-per-il-business-center-treviso\/"},"modified":"2018-06-04T20:20:22","modified_gmt":"2018-06-04T18:20:22","slug":"1%b0-anniversario-per-il-business-center-treviso","status":"publish","type":"post","link":"https:\/\/www.article-marketing.eu\/comunicati\/comunicati-stampa\/eventi\/1%b0-anniversario-per-il-business-center-treviso\/","title":{"rendered":"1\u00b0 Anniversario per il &#8220;Business Center Treviso&#8221;"},"content":{"rendered":"<p>&quot;Business Center Treviso&quot; \u00e8 un marchio registrato da Metiservice S.r.l. La societ\u00e0 si occupa di servizi per le aziende gi\u00e0 dal 1972, e dopo varie esperienze professionali, in diverse realt\u00e0 modernamente strutturate, ha deciso lo scorso anno di avviare il progetto &quot;centro uffici arredati a noleggio&quot; capitalizzando il proprio know-how.<\/p>\n<p>\u201c<em>L&#8217;idea \u00e8 nata per rispondere alla estrema necessit\u00e0 che hanno tutte le aziende, specialmente in questo difficile periodo congiunturale, di abbattere i costi fissi di gestione<\/em>\u201d, commenta Sergio Giarrizzo Responsabile Commerciale. \u201c<em>Dopo un solo anno di attivit\u00e0, certamente \u00e8 presto per fare bilanci, ma le premesse sono positive: il nostro centro ad oggi \u00e8 interamente occupato da societ\u00e0, specialmente estere, da piccoli imprenditori e da studi professionali che si sono anche domiciliati presso il centro direzionale dove ha sede il Business Center, grazie anche ad una particolare cura al cliente ed alla sua fidelizzazione<\/em>\u201d.<\/p>\n<p>In occasione della ricorrenza inoltre \u00e8 stato ufficializzato l\u2019accordo di partnership tra Metiservice Treviso e la societ\u00e0 FormaVeneto di Venezia. Nello specifico la join-venture prevede il collocamento nel segmento \u201cservice degli enti di formazione\u201d, gestendo tutte le fasi dell\u2019iter formativo: dalla progettazione alla realizzazione. Chi \u00e8 interessato ad organizzare un corso potr\u00e0 cos\u00ec trovare dei professionisti accuratamente selezionati in grado di farsi carico delle specifiche esigenze in modo puntuale e flessibile.<\/p>\n<p>L\u2019accordo prevede che Metiservice si occupi della strategia commerciale, della segreteria e della logistica, mentre la progettazione, la redazione dei bandi di formazione finanziata, la docenza, il tutoraggio e la piattaforma di E-learning spetteranno a FormaVeneto ed alla sua rete di esperti.<\/p>\n<p>Come prima concreta iniziativa \u00e8 previsto per <strong><em>mercoled\u00ec 30 settembre \u201909<\/em><\/strong> alle ore 10.00 presso la sala riunioni del Business Center Treviso, sita in viale della Repubblica n\u00b0 253, in compartecipazione con \u201cFormaVeneto\u201d, una conferenza dal titolo: \u201c<em>Finanziamenti agevolati, ottima opportunit\u00e0 per costruirsi un futuro<\/em>\u201d! <br \/>Il convegno sar\u00e0 presieduto da Andrea Povelato responsabile per il Veneto di \u201c<em>Sportello agevolazioni<\/em>\u201d, che opera nel segmento imprenditorialit\u00e0 giovanile e femminile, start-up, spin-off e ricerca finanziamenti regionali ed europei, nonch\u00e9 titolare di FormaVeneto. Sono invitati imprenditori, esponenti del settore credito e delle di associazioni di categoria e giovani che vogliono conoscere nuovi strumenti per costruire, con successo, il proprio percorso professionale. L\u2019accesso \u00e8 riservato a persone munite di \u201cinvito\u201d che hanno preventivamente confermato la loro partecipazione.<\/p>\n<p>Alla fine, tutti con i bicchieri alzati per brindare, con un ottimo prosecco di Valdobbiadene, al primo anniversario del \u201c<strong>Business Center Treviso<\/strong>\u201d! <\/p>\n<p align=\"left\" class=\" \" style=\"TEXT-ALIGN: left; MARGIN: 9.75pt 0cm; BACKGROUND: #f7f0e9\"><\/p>\n<p>Per info 0422 694050 oppure <strong>info@metiservice.it<\/strong><\/p>\n","protected":false},"excerpt":{"rendered":"<p>Il \u201cBusiness Center Treviso\u201d, societ\u00e0 specializzata in servizi di \u201coutsourcing\u201d (uffici arredati a noleggio, domiciliazione legale e postale; noleggio e attivazione di linee telefoniche e di numeri verdi, uffici virtuali, segreteria online, risposta telefonica personalizzata con nome azienda) ha festeggiato il \u201c1 settembre\u201d il suo 1\u00b0 anno di attivit\u00e0.<\/p>\n","protected":false},"author":10,"featured_media":0,"comment_status":"open","ping_status":"open","sticky":false,"template":"","format":"standard","meta":{"cybocfi_hide_featured_image":"","footnotes":""},"categories":[388],"tags":[8647,8648,8649],"class_list":["post-2641","post","type-post","status-publish","format-standard","hentry","category-eventi","tag-business-center-treviso","tag-enti-di-formazione-veneto","tag-formazione-finanziata-in-veneto"],"yoast_head":"<!-- This site is optimized with the Yoast SEO plugin v27.0 - https:\/\/yoast.com\/product\/yoast-seo-wordpress\/ -->\n<title>1\u00b0 Anniversario per il &quot;Business Center Treviso&quot; - Article Marketing<\/title>\n<meta name=\"robots\" content=\"index, follow, max-snippet:-1, max-image-preview:large, max-video-preview:-1\" \/>\n<link rel=\"canonical\" href=\"https:\/\/www.article-marketing.eu\/comunicati\/comunicati-stampa\/eventi\/1?-anniversario-per-il-business-center-treviso\/\" \/>\n<meta property=\"og:locale\" content=\"it_IT\" \/>\n<meta property=\"og:type\" content=\"article\" \/>\n<meta property=\"og:title\" content=\"1\u00b0 Anniversario per il &quot;Business Center Treviso&quot; - Article Marketing\" \/>\n<meta property=\"og:description\" content=\"Il \u201cBusiness Center Treviso\u201d, societ\u00e0 specializzata in servizi di \u201coutsourcing\u201d (uffici arredati a noleggio, domiciliazione legale e postale; noleggio e attivazione di linee telefoniche e di numeri verdi, uffici virtuali, segreteria online, risposta telefonica personalizzata con nome azienda) ha festeggiato il \u201c1 settembre\u201d il suo 1\u00b0 anno di attivit\u00e0.\" \/>\n<meta property=\"og:url\" content=\"\" \/>\n<meta property=\"og:site_name\" content=\"Article Marketing\" \/>\n<meta property=\"article:published_time\" content=\"2009-09-02T14:21:17+00:00\" \/>\n<meta property=\"article:modified_time\" content=\"2018-06-04T18:20:22+00:00\" \/>\n<meta name=\"author\" content=\"Redazione Comunicati Stampa\" \/>\n<meta name=\"twitter:card\" content=\"summary_large_image\" \/>\n<meta name=\"twitter:label1\" content=\"Scritto da\" \/>\n\t<meta name=\"twitter:data1\" content=\"Redazione Comunicati Stampa\" \/>\n\t<meta name=\"twitter:label2\" content=\"Tempo di lettura stimato\" \/>\n\t<meta name=\"twitter:data2\" content=\"2 minuti\" \/>\n<script type=\"application\/ld+json\" class=\"yoast-schema-graph\">{\"@context\":\"https:\/\/schema.org\",\"@graph\":[{\"@type\":\"Article\",\"@id\":\"https:\/\/www.article-marketing.eu\/comunicati\/comunicati-stampa\/eventi\/1%b0-anniversario-per-il-business-center-treviso\/#article\",\"isPartOf\":{\"@id\":\"https:\/\/www.article-marketing.eu\/comunicati\/comunicati-stampa\/eventi\/1%b0-anniversario-per-il-business-center-treviso\/\"},\"author\":{\"name\":\"Redazione Comunicati Stampa\",\"@id\":\"https:\/\/www.article-marketing.eu\/comunicati\/#\/schema\/person\/44372e4d4d0fa797b18e03ed1ace9017\"},\"headline\":\"1\u00b0 Anniversario per il &#8220;Business Center Treviso&#8221;\",\"datePublished\":\"2009-09-02T14:21:17+00:00\",\"dateModified\":\"2018-06-04T18:20:22+00:00\",\"mainEntityOfPage\":{\"@id\":\"https:\/\/www.article-marketing.eu\/comunicati\/comunicati-stampa\/eventi\/1%b0-anniversario-per-il-business-center-treviso\/\"},\"wordCount\":410,\"commentCount\":0,\"keywords\":[\"business center treviso\",\"enti di formazione veneto\",\"formazione finanziata in veneto\"],\"articleSection\":[\"Eventi\"],\"inLanguage\":\"it-IT\",\"potentialAction\":[{\"@type\":\"CommentAction\",\"name\":\"Comment\",\"target\":[\"https:\/\/www.article-marketing.eu\/comunicati\/comunicati-stampa\/eventi\/1%b0-anniversario-per-il-business-center-treviso\/#respond\"]}]},{\"@type\":\"WebPage\",\"@id\":\"https:\/\/www.article-marketing.eu\/comunicati\/comunicati-stampa\/eventi\/1%b0-anniversario-per-il-business-center-treviso\/\",\"url\":\"https:\/\/www.article-marketing.eu\/comunicati\/comunicati-stampa\/eventi\/1%b0-anniversario-per-il-business-center-treviso\/\",\"name\":\"1\u00b0 Anniversario per il \\\"Business Center Treviso\\\" - Article Marketing\",\"isPartOf\":{\"@id\":\"https:\/\/www.article-marketing.eu\/comunicati\/#website\"},\"datePublished\":\"2009-09-02T14:21:17+00:00\",\"dateModified\":\"2018-06-04T18:20:22+00:00\",\"author\":{\"@id\":\"https:\/\/www.article-marketing.eu\/comunicati\/#\/schema\/person\/44372e4d4d0fa797b18e03ed1ace9017\"},\"breadcrumb\":{\"@id\":\"https:\/\/www.article-marketing.eu\/comunicati\/comunicati-stampa\/eventi\/1%b0-anniversario-per-il-business-center-treviso\/#breadcrumb\"},\"inLanguage\":\"it-IT\",\"potentialAction\":[{\"@type\":\"ReadAction\",\"target\":[\"https:\/\/www.article-marketing.eu\/comunicati\/comunicati-stampa\/eventi\/1%b0-anniversario-per-il-business-center-treviso\/\"]}]},{\"@type\":\"BreadcrumbList\",\"@id\":\"https:\/\/www.article-marketing.eu\/comunicati\/comunicati-stampa\/eventi\/1%b0-anniversario-per-il-business-center-treviso\/#breadcrumb\",\"itemListElement\":[{\"@type\":\"ListItem\",\"position\":1,\"name\":\"Home\",\"item\":\"https:\/\/www.article-marketing.eu\/comunicati\/\"},{\"@type\":\"ListItem\",\"position\":2,\"name\":\"1\u00b0 Anniversario per il &#8220;Business Center Treviso&#8221;\"}]},{\"@type\":\"WebSite\",\"@id\":\"https:\/\/www.article-marketing.eu\/comunicati\/#website\",\"url\":\"https:\/\/www.article-marketing.eu\/comunicati\/\",\"name\":\"Article Marketing\",\"description\":\"article marketing &amp; press release\",\"potentialAction\":[{\"@type\":\"SearchAction\",\"target\":{\"@type\":\"EntryPoint\",\"urlTemplate\":\"https:\/\/www.article-marketing.eu\/comunicati\/?s={search_term_string}\"},\"query-input\":{\"@type\":\"PropertyValueSpecification\",\"valueRequired\":true,\"valueName\":\"search_term_string\"}}],\"inLanguage\":\"it-IT\"},{\"@type\":\"Person\",\"@id\":\"https:\/\/www.article-marketing.eu\/comunicati\/#\/schema\/person\/44372e4d4d0fa797b18e03ed1ace9017\",\"name\":\"Redazione Comunicati Stampa\",\"image\":{\"@type\":\"ImageObject\",\"inLanguage\":\"it-IT\",\"@id\":\"https:\/\/www.article-marketing.eu\/comunicati\/#\/schema\/person\/image\/\",\"url\":\"https:\/\/secure.gravatar.com\/avatar\/50e5c6421d3072f42e7ace803501602c60d75233d34e29fd05feb91c8760b792?s=96&d=mm&r=g\",\"contentUrl\":\"https:\/\/secure.gravatar.com\/avatar\/50e5c6421d3072f42e7ace803501602c60d75233d34e29fd05feb91c8760b792?s=96&d=mm&r=g\",\"caption\":\"Redazione Comunicati Stampa\"},\"url\":\"https:\/\/www.article-marketing.eu\/comunicati\/author\/redazione-comunicati-stampa\/\"}]}<\/script>\n<!-- \/ Yoast SEO plugin. -->","yoast_head_json":{"title":"1\u00b0 Anniversario per il \"Business Center Treviso\" - Article Marketing","robots":{"index":"index","follow":"follow","max-snippet":"max-snippet:-1","max-image-preview":"max-image-preview:large","max-video-preview":"max-video-preview:-1"},"canonical":"https:\/\/www.article-marketing.eu\/comunicati\/comunicati-stampa\/eventi\/1?-anniversario-per-il-business-center-treviso\/","og_locale":"it_IT","og_type":"article","og_title":"1\u00b0 Anniversario per il \"Business Center Treviso\" - Article Marketing","og_description":"Il \u201cBusiness Center Treviso\u201d, societ\u00e0 specializzata in servizi di \u201coutsourcing\u201d (uffici arredati a noleggio, domiciliazione legale e postale; noleggio e attivazione di linee telefoniche e di numeri verdi, uffici virtuali, segreteria online, risposta telefonica personalizzata con nome azienda) ha festeggiato il \u201c1 settembre\u201d il suo 1\u00b0 anno di attivit\u00e0.","og_url":"https:\/\/www.article-marketing.eu\/comunicati\/comunicati-stampa\/eventi\/1?-anniversario-per-il-business-center-treviso\/","og_site_name":"Article Marketing","article_published_time":"2009-09-02T14:21:17+00:00","article_modified_time":"2018-06-04T18:20:22+00:00","author":"Redazione Comunicati Stampa","twitter_card":"summary_large_image","twitter_misc":{"Scritto da":"Redazione Comunicati Stampa","Tempo di lettura stimato":"2 minuti"},"schema":{"@context":"https:\/\/schema.org","@graph":[{"@type":"Article","@id":"https:\/\/www.article-marketing.eu\/comunicati\/comunicati-stampa\/eventi\/1%b0-anniversario-per-il-business-center-treviso\/#article","isPartOf":{"@id":"https:\/\/www.article-marketing.eu\/comunicati\/comunicati-stampa\/eventi\/1%b0-anniversario-per-il-business-center-treviso\/"},"author":{"name":"Redazione Comunicati Stampa","@id":"https:\/\/www.article-marketing.eu\/comunicati\/#\/schema\/person\/44372e4d4d0fa797b18e03ed1ace9017"},"headline":"1\u00b0 Anniversario per il &#8220;Business Center Treviso&#8221;","datePublished":"2009-09-02T14:21:17+00:00","dateModified":"2018-06-04T18:20:22+00:00","mainEntityOfPage":{"@id":"https:\/\/www.article-marketing.eu\/comunicati\/comunicati-stampa\/eventi\/1%b0-anniversario-per-il-business-center-treviso\/"},"wordCount":410,"commentCount":0,"keywords":["business center treviso","enti di formazione veneto","formazione finanziata in veneto"],"articleSection":["Eventi"],"inLanguage":"it-IT","potentialAction":[{"@type":"CommentAction","name":"Comment","target":["https:\/\/www.article-marketing.eu\/comunicati\/comunicati-stampa\/eventi\/1%b0-anniversario-per-il-business-center-treviso\/#respond"]}]},{"@type":"WebPage","@id":"https:\/\/www.article-marketing.eu\/comunicati\/comunicati-stampa\/eventi\/1%b0-anniversario-per-il-business-center-treviso\/","url":"https:\/\/www.article-marketing.eu\/comunicati\/comunicati-stampa\/eventi\/1%b0-anniversario-per-il-business-center-treviso\/","name":"1\u00b0 Anniversario per il \"Business Center Treviso\" - Article Marketing","isPartOf":{"@id":"https:\/\/www.article-marketing.eu\/comunicati\/#website"},"datePublished":"2009-09-02T14:21:17+00:00","dateModified":"2018-06-04T18:20:22+00:00","author":{"@id":"https:\/\/www.article-marketing.eu\/comunicati\/#\/schema\/person\/44372e4d4d0fa797b18e03ed1ace9017"},"breadcrumb":{"@id":"https:\/\/www.article-marketing.eu\/comunicati\/comunicati-stampa\/eventi\/1%b0-anniversario-per-il-business-center-treviso\/#breadcrumb"},"inLanguage":"it-IT","potentialAction":[{"@type":"ReadAction","target":["https:\/\/www.article-marketing.eu\/comunicati\/comunicati-stampa\/eventi\/1%b0-anniversario-per-il-business-center-treviso\/"]}]},{"@type":"BreadcrumbList","@id":"https:\/\/www.article-marketing.eu\/comunicati\/comunicati-stampa\/eventi\/1%b0-anniversario-per-il-business-center-treviso\/#breadcrumb","itemListElement":[{"@type":"ListItem","position":1,"name":"Home","item":"https:\/\/www.article-marketing.eu\/comunicati\/"},{"@type":"ListItem","position":2,"name":"1\u00b0 Anniversario per il &#8220;Business Center Treviso&#8221;"}]},{"@type":"WebSite","@id":"https:\/\/www.article-marketing.eu\/comunicati\/#website","url":"https:\/\/www.article-marketing.eu\/comunicati\/","name":"Article Marketing","description":"article marketing &amp; press release","potentialAction":[{"@type":"SearchAction","target":{"@type":"EntryPoint","urlTemplate":"https:\/\/www.article-marketing.eu\/comunicati\/?s={search_term_string}"},"query-input":{"@type":"PropertyValueSpecification","valueRequired":true,"valueName":"search_term_string"}}],"inLanguage":"it-IT"},{"@type":"Person","@id":"https:\/\/www.article-marketing.eu\/comunicati\/#\/schema\/person\/44372e4d4d0fa797b18e03ed1ace9017","name":"Redazione Comunicati Stampa","image":{"@type":"ImageObject","inLanguage":"it-IT","@id":"https:\/\/www.article-marketing.eu\/comunicati\/#\/schema\/person\/image\/","url":"https:\/\/secure.gravatar.com\/avatar\/50e5c6421d3072f42e7ace803501602c60d75233d34e29fd05feb91c8760b792?s=96&d=mm&r=g","contentUrl":"https:\/\/secure.gravatar.com\/avatar\/50e5c6421d3072f42e7ace803501602c60d75233d34e29fd05feb91c8760b792?s=96&d=mm&r=g","caption":"Redazione Comunicati Stampa"},"url":"https:\/\/www.article-marketing.eu\/comunicati\/author\/redazione-comunicati-stampa\/"}]}},"_links":{"self":[{"href":"https:\/\/www.article-marketing.eu\/comunicati\/wp-json\/wp\/v2\/posts\/2641","targetHints":{"allow":["GET"]}}],"collection":[{"href":"https:\/\/www.article-marketing.eu\/comunicati\/wp-json\/wp\/v2\/posts"}],"about":[{"href":"https:\/\/www.article-marketing.eu\/comunicati\/wp-json\/wp\/v2\/types\/post"}],"author":[{"embeddable":true,"href":"https:\/\/www.article-marketing.eu\/comunicati\/wp-json\/wp\/v2\/users\/10"}],"replies":[{"embeddable":true,"href":"https:\/\/www.article-marketing.eu\/comunicati\/wp-json\/wp\/v2\/comments?post=2641"}],"version-history":[{"count":1,"href":"https:\/\/www.article-marketing.eu\/comunicati\/wp-json\/wp\/v2\/posts\/2641\/revisions"}],"predecessor-version":[{"id":55734,"href":"https:\/\/www.article-marketing.eu\/comunicati\/wp-json\/wp\/v2\/posts\/2641\/revisions\/55734"}],"wp:attachment":[{"href":"https:\/\/www.article-marketing.eu\/comunicati\/wp-json\/wp\/v2\/media?parent=2641"}],"wp:term":[{"taxonomy":"category","embeddable":true,"href":"https:\/\/www.article-marketing.eu\/comunicati\/wp-json\/wp\/v2\/categories?post=2641"},{"taxonomy":"post_tag","embeddable":true,"href":"https:\/\/www.article-marketing.eu\/comunicati\/wp-json\/wp\/v2\/tags?post=2641"}],"curies":[{"name":"wp","href":"https:\/\/api.w.org\/{rel}","templated":true}]}}