{"id":2644,"date":"2009-09-03T09:28:01","date_gmt":"2009-09-03T07:28:01","guid":{"rendered":"http:\/\/www.article-marketing.eu\/comunicati\/senza-categoria\/ebook-gratuito-le-due-domande-di-storage-and-backup-del-2009\/"},"modified":"2009-09-03T09:28:01","modified_gmt":"2009-09-03T07:28:01","slug":"ebook-gratuito-le-due-domande-di-storage-and-backup-del-2009","status":"publish","type":"post","link":"https:\/\/www.article-marketing.eu\/comunicati\/computer\/ebook-gratuito-le-due-domande-di-storage-and-backup-del-2009\/","title":{"rendered":"Ebook gratuito: Le due domande di Storage &#038; Backup del 2009"},"content":{"rendered":"<p><img decoding=\"async\" align=\"right\" src=\"http:\/\/www.storage-backup.com\/wp-content\/sbnew.gif\" \/>Il portale <strong>Storage &amp; Backup<\/strong> (unico portale italiano esclusivamente dedicato a tematiche di storage e backup) si \u00e8 fatto promotore di una interessante iniziativa denominata <a href=\"http:\/\/www.storage-backup.com\/tag\/le-due-domande-2009\/\"><em>Le due domande di Storage &amp; Backup del 2009<\/em><\/a>.<\/p>\n<p>Le seguenti due domande sono state rivolte a manager di aziende legate al settore Storage &amp; Backup (aziende che producono o commercializzano prodotti di storage o di backup, aziende che producono o commercializzano prodotti di network in grado di ottimizzare disaster recovery o problematiche di data center, aziende che producono o commercializzano prodotti di sicurezza dei dati).<\/p>\n<p>Le domande sono domande aperte e discorsive che vogliono puntare sull&#8217;approfondimento di due argomenti: il <strong>core business<\/strong> ed il <strong>futuro<\/strong> nella <em>vision<\/em> di ogni impresa.<\/p>\n<ol>\n<li><em>In anni difficili la strategia pi\u00f9 frequente \u00e8 consolidare il &quot;core business&quot; aziendale. Quali sono i pilastri fondamentali della Vostra societ\u00e0 nel settore Storage &amp; Backup?<\/em><\/li>\n<li> <em>Per anticipare la ripresa, su quali idee\/prodotti innovativi nel settore Storage &amp; Backup state puntando per anticipare la concorrenza in nuovi settori di mercato?<\/em><\/li>\n<\/ol>\n<p>Lo scopo di questo ebook \u00e8 di evidenziare i principali passaggi delle risposte pi\u00f9 interessanti rimandando per le risposte complete la consultazione del portale al seguente url<\/p>\n<p><strong>www.storage-backup.com\/tag\/le-due-domande-2009\/<\/strong><\/p>\n<p>Di seguito l&#8217;elenco (in ordine di partecipazione) delle aziende e dei rispettivi manager che hanno risposto a <em>Le due domande di S&amp;B<\/em><\/p>\n<ul>\n<li><strong>Thecus<\/strong>: Florence Shih, General Manager<\/li>\n<li><strong>Ipanema Technologies<\/strong>: Gianni Altamura, Country Manager Italia<\/li>\n<li><strong>CommVault<\/strong>: Francesca Cieloscuro, Channel Manager<\/li>\n<li><strong>Axel<\/strong>: Enrico Baratono, Presidente<\/li>\n<li><strong>Acronis<\/strong>: Mauro Papini, Country Manager Italy<\/li>\n<li><strong>Lampertz Italia<\/strong>: Sandra Calabrese, Amministratore Delegato<\/li>\n<li><strong>Cisco Italy<\/strong>: Fabio Di Niro, Systems Engineer Datacenter<\/li>\n<li><strong>Buffalo Technology<\/strong>: Fr\u00e9d\u00e9ric Frati, Southern European Sales Director<\/li>\n<li><strong>Iomega Italia<\/strong>: Giacomo Mosca, Key Account Manager Resellers<\/li>\n<li><strong>Symantec<\/strong>: Vincenzo Costantino, Italy Presales Country Manager<\/li>\n<li><strong>Maleva<\/strong>: Michele Pozza, Senior Backup Architect<\/li>\n<li><strong>Wellcomm Engineering<\/strong>: Nino Marsanasco, Amministratore Delegato<\/li>\n<li><strong>Riverbed Technology Italia<\/strong>: Albert Zammar, Regional Sales Manager<\/li>\n<li><strong>EMC<\/strong>: Maurizio Paci, Senior Product Marketing Manager Emea<\/li>\n<li><strong>Microsoft Italia<\/strong>: Manuel Maina, Product Manager Windows Server 2008<\/li>\n<li><strong>SanDisk<\/strong>: Alessandro Caruso, Regional Sales Manager Italy<\/li>\n<li><strong>SonicWALL Italia<\/strong>: Cristiano Cafferata, System Engeneering<\/li>\n<li><strong>Magirus Italia<\/strong>: Andrea Massari, Country Manager<\/li>\n<li><strong>Antonio Lupo<\/strong>: Marketing Manager di NetApp Italia<\/li>\n<li><strong>Marin Debelic<\/strong>: Country Sales Manager Italy &amp; Iberia di Pillar Data Systems<\/li>\n<\/ul>\n<p>Qui puoi scaricare gratuitamente il nuovo ebook: Le due domande di Storage &amp; Backup del 2009 (size 1.1 MB)<\/p>\n","protected":false},"excerpt":{"rendered":"<p>Il progetto di Storage &#038; Backup Le due domande di Storage &#038; Backup del 2009 diventa un ebook gratuito<\/p>\n","protected":false},"author":10,"featured_media":0,"comment_status":"open","ping_status":"open","sticky":false,"template":"","format":"standard","meta":{"cybocfi_hide_featured_image":"","footnotes":""},"categories":[172],"tags":[],"class_list":["post-2644","post","type-post","status-publish","format-standard","hentry","category-computer"],"yoast_head":"<!-- This site is optimized with the Yoast SEO plugin v27.0 - https:\/\/yoast.com\/product\/yoast-seo-wordpress\/ -->\n<title>Ebook gratuito: Le due domande di Storage &amp; Backup del 2009 - Article Marketing<\/title>\n<meta name=\"robots\" content=\"index, follow, max-snippet:-1, max-image-preview:large, max-video-preview:-1\" \/>\n<link rel=\"canonical\" href=\"https:\/\/www.article-marketing.eu\/comunicati\/computer\/ebook-gratuito-le-due-domande-di-storage-and-backup-del-2009\/\" \/>\n<meta property=\"og:locale\" content=\"it_IT\" \/>\n<meta property=\"og:type\" content=\"article\" \/>\n<meta property=\"og:title\" content=\"Ebook gratuito: Le due domande di Storage &amp; Backup del 2009 - Article Marketing\" \/>\n<meta property=\"og:description\" content=\"Il progetto di Storage &amp; Backup Le due domande di Storage &amp; Backup del 2009 diventa un ebook gratuito\" \/>\n<meta property=\"og:url\" content=\"https:\/\/www.article-marketing.eu\/comunicati\/computer\/ebook-gratuito-le-due-domande-di-storage-and-backup-del-2009\/\" \/>\n<meta property=\"og:site_name\" content=\"Article Marketing\" \/>\n<meta property=\"article:published_time\" content=\"2009-09-03T07:28:01+00:00\" \/>\n<meta property=\"og:image\" content=\"http:\/\/www.storage-backup.com\/wp-content\/sbnew.gif\" \/>\n<meta name=\"author\" content=\"Redazione Comunicati Stampa\" \/>\n<meta name=\"twitter:card\" content=\"summary_large_image\" \/>\n<meta name=\"twitter:label1\" content=\"Scritto da\" \/>\n\t<meta name=\"twitter:data1\" content=\"Redazione Comunicati Stampa\" \/>\n\t<meta name=\"twitter:label2\" content=\"Tempo di lettura stimato\" \/>\n\t<meta name=\"twitter:data2\" content=\"2 minuti\" \/>\n<script type=\"application\/ld+json\" class=\"yoast-schema-graph\">{\"@context\":\"https:\/\/schema.org\",\"@graph\":[{\"@type\":\"Article\",\"@id\":\"https:\/\/www.article-marketing.eu\/comunicati\/computer\/ebook-gratuito-le-due-domande-di-storage-and-backup-del-2009\/#article\",\"isPartOf\":{\"@id\":\"https:\/\/www.article-marketing.eu\/comunicati\/computer\/ebook-gratuito-le-due-domande-di-storage-and-backup-del-2009\/\"},\"author\":{\"name\":\"Redazione Comunicati Stampa\",\"@id\":\"https:\/\/www.article-marketing.eu\/comunicati\/#\/schema\/person\/44372e4d4d0fa797b18e03ed1ace9017\"},\"headline\":\"Ebook gratuito: Le due domande di Storage &#038; Backup del 2009\",\"datePublished\":\"2009-09-03T07:28:01+00:00\",\"mainEntityOfPage\":{\"@id\":\"https:\/\/www.article-marketing.eu\/comunicati\/computer\/ebook-gratuito-le-due-domande-di-storage-and-backup-del-2009\/\"},\"wordCount\":387,\"commentCount\":0,\"image\":{\"@id\":\"https:\/\/www.article-marketing.eu\/comunicati\/computer\/ebook-gratuito-le-due-domande-di-storage-and-backup-del-2009\/#primaryimage\"},\"thumbnailUrl\":\"http:\/\/www.storage-backup.com\/wp-content\/sbnew.gif\",\"articleSection\":[\"Computer\"],\"inLanguage\":\"it-IT\",\"potentialAction\":[{\"@type\":\"CommentAction\",\"name\":\"Comment\",\"target\":[\"https:\/\/www.article-marketing.eu\/comunicati\/computer\/ebook-gratuito-le-due-domande-di-storage-and-backup-del-2009\/#respond\"]}]},{\"@type\":\"WebPage\",\"@id\":\"https:\/\/www.article-marketing.eu\/comunicati\/computer\/ebook-gratuito-le-due-domande-di-storage-and-backup-del-2009\/\",\"url\":\"https:\/\/www.article-marketing.eu\/comunicati\/computer\/ebook-gratuito-le-due-domande-di-storage-and-backup-del-2009\/\",\"name\":\"Ebook gratuito: Le due domande di Storage & Backup del 2009 - Article Marketing\",\"isPartOf\":{\"@id\":\"https:\/\/www.article-marketing.eu\/comunicati\/#website\"},\"primaryImageOfPage\":{\"@id\":\"https:\/\/www.article-marketing.eu\/comunicati\/computer\/ebook-gratuito-le-due-domande-di-storage-and-backup-del-2009\/#primaryimage\"},\"image\":{\"@id\":\"https:\/\/www.article-marketing.eu\/comunicati\/computer\/ebook-gratuito-le-due-domande-di-storage-and-backup-del-2009\/#primaryimage\"},\"thumbnailUrl\":\"http:\/\/www.storage-backup.com\/wp-content\/sbnew.gif\",\"datePublished\":\"2009-09-03T07:28:01+00:00\",\"author\":{\"@id\":\"https:\/\/www.article-marketing.eu\/comunicati\/#\/schema\/person\/44372e4d4d0fa797b18e03ed1ace9017\"},\"breadcrumb\":{\"@id\":\"https:\/\/www.article-marketing.eu\/comunicati\/computer\/ebook-gratuito-le-due-domande-di-storage-and-backup-del-2009\/#breadcrumb\"},\"inLanguage\":\"it-IT\",\"potentialAction\":[{\"@type\":\"ReadAction\",\"target\":[\"https:\/\/www.article-marketing.eu\/comunicati\/computer\/ebook-gratuito-le-due-domande-di-storage-and-backup-del-2009\/\"]}]},{\"@type\":\"ImageObject\",\"inLanguage\":\"it-IT\",\"@id\":\"https:\/\/www.article-marketing.eu\/comunicati\/computer\/ebook-gratuito-le-due-domande-di-storage-and-backup-del-2009\/#primaryimage\",\"url\":\"http:\/\/www.storage-backup.com\/wp-content\/sbnew.gif\",\"contentUrl\":\"http:\/\/www.storage-backup.com\/wp-content\/sbnew.gif\"},{\"@type\":\"BreadcrumbList\",\"@id\":\"https:\/\/www.article-marketing.eu\/comunicati\/computer\/ebook-gratuito-le-due-domande-di-storage-and-backup-del-2009\/#breadcrumb\",\"itemListElement\":[{\"@type\":\"ListItem\",\"position\":1,\"name\":\"Home\",\"item\":\"https:\/\/www.article-marketing.eu\/comunicati\/\"},{\"@type\":\"ListItem\",\"position\":2,\"name\":\"Ebook gratuito: Le due domande di Storage &#038; Backup del 2009\"}]},{\"@type\":\"WebSite\",\"@id\":\"https:\/\/www.article-marketing.eu\/comunicati\/#website\",\"url\":\"https:\/\/www.article-marketing.eu\/comunicati\/\",\"name\":\"Article Marketing\",\"description\":\"article marketing &amp; press release\",\"potentialAction\":[{\"@type\":\"SearchAction\",\"target\":{\"@type\":\"EntryPoint\",\"urlTemplate\":\"https:\/\/www.article-marketing.eu\/comunicati\/?s={search_term_string}\"},\"query-input\":{\"@type\":\"PropertyValueSpecification\",\"valueRequired\":true,\"valueName\":\"search_term_string\"}}],\"inLanguage\":\"it-IT\"},{\"@type\":\"Person\",\"@id\":\"https:\/\/www.article-marketing.eu\/comunicati\/#\/schema\/person\/44372e4d4d0fa797b18e03ed1ace9017\",\"name\":\"Redazione Comunicati Stampa\",\"image\":{\"@type\":\"ImageObject\",\"inLanguage\":\"it-IT\",\"@id\":\"https:\/\/www.article-marketing.eu\/comunicati\/#\/schema\/person\/image\/\",\"url\":\"https:\/\/secure.gravatar.com\/avatar\/50e5c6421d3072f42e7ace803501602c60d75233d34e29fd05feb91c8760b792?s=96&d=mm&r=g\",\"contentUrl\":\"https:\/\/secure.gravatar.com\/avatar\/50e5c6421d3072f42e7ace803501602c60d75233d34e29fd05feb91c8760b792?s=96&d=mm&r=g\",\"caption\":\"Redazione Comunicati Stampa\"},\"url\":\"https:\/\/www.article-marketing.eu\/comunicati\/author\/redazione-comunicati-stampa\/\"}]}<\/script>\n<!-- \/ Yoast SEO plugin. -->","yoast_head_json":{"title":"Ebook gratuito: Le due domande di Storage & Backup del 2009 - Article Marketing","robots":{"index":"index","follow":"follow","max-snippet":"max-snippet:-1","max-image-preview":"max-image-preview:large","max-video-preview":"max-video-preview:-1"},"canonical":"https:\/\/www.article-marketing.eu\/comunicati\/computer\/ebook-gratuito-le-due-domande-di-storage-and-backup-del-2009\/","og_locale":"it_IT","og_type":"article","og_title":"Ebook gratuito: Le due domande di Storage & Backup del 2009 - Article Marketing","og_description":"Il progetto di Storage & Backup Le due domande di Storage & Backup del 2009 diventa un ebook gratuito","og_url":"https:\/\/www.article-marketing.eu\/comunicati\/computer\/ebook-gratuito-le-due-domande-di-storage-and-backup-del-2009\/","og_site_name":"Article Marketing","article_published_time":"2009-09-03T07:28:01+00:00","og_image":[{"url":"http:\/\/www.storage-backup.com\/wp-content\/sbnew.gif","type":"","width":"","height":""}],"author":"Redazione Comunicati Stampa","twitter_card":"summary_large_image","twitter_misc":{"Scritto da":"Redazione Comunicati Stampa","Tempo di lettura stimato":"2 minuti"},"schema":{"@context":"https:\/\/schema.org","@graph":[{"@type":"Article","@id":"https:\/\/www.article-marketing.eu\/comunicati\/computer\/ebook-gratuito-le-due-domande-di-storage-and-backup-del-2009\/#article","isPartOf":{"@id":"https:\/\/www.article-marketing.eu\/comunicati\/computer\/ebook-gratuito-le-due-domande-di-storage-and-backup-del-2009\/"},"author":{"name":"Redazione Comunicati Stampa","@id":"https:\/\/www.article-marketing.eu\/comunicati\/#\/schema\/person\/44372e4d4d0fa797b18e03ed1ace9017"},"headline":"Ebook gratuito: Le due domande di Storage &#038; Backup del 2009","datePublished":"2009-09-03T07:28:01+00:00","mainEntityOfPage":{"@id":"https:\/\/www.article-marketing.eu\/comunicati\/computer\/ebook-gratuito-le-due-domande-di-storage-and-backup-del-2009\/"},"wordCount":387,"commentCount":0,"image":{"@id":"https:\/\/www.article-marketing.eu\/comunicati\/computer\/ebook-gratuito-le-due-domande-di-storage-and-backup-del-2009\/#primaryimage"},"thumbnailUrl":"http:\/\/www.storage-backup.com\/wp-content\/sbnew.gif","articleSection":["Computer"],"inLanguage":"it-IT","potentialAction":[{"@type":"CommentAction","name":"Comment","target":["https:\/\/www.article-marketing.eu\/comunicati\/computer\/ebook-gratuito-le-due-domande-di-storage-and-backup-del-2009\/#respond"]}]},{"@type":"WebPage","@id":"https:\/\/www.article-marketing.eu\/comunicati\/computer\/ebook-gratuito-le-due-domande-di-storage-and-backup-del-2009\/","url":"https:\/\/www.article-marketing.eu\/comunicati\/computer\/ebook-gratuito-le-due-domande-di-storage-and-backup-del-2009\/","name":"Ebook gratuito: Le due domande di Storage & Backup del 2009 - Article Marketing","isPartOf":{"@id":"https:\/\/www.article-marketing.eu\/comunicati\/#website"},"primaryImageOfPage":{"@id":"https:\/\/www.article-marketing.eu\/comunicati\/computer\/ebook-gratuito-le-due-domande-di-storage-and-backup-del-2009\/#primaryimage"},"image":{"@id":"https:\/\/www.article-marketing.eu\/comunicati\/computer\/ebook-gratuito-le-due-domande-di-storage-and-backup-del-2009\/#primaryimage"},"thumbnailUrl":"http:\/\/www.storage-backup.com\/wp-content\/sbnew.gif","datePublished":"2009-09-03T07:28:01+00:00","author":{"@id":"https:\/\/www.article-marketing.eu\/comunicati\/#\/schema\/person\/44372e4d4d0fa797b18e03ed1ace9017"},"breadcrumb":{"@id":"https:\/\/www.article-marketing.eu\/comunicati\/computer\/ebook-gratuito-le-due-domande-di-storage-and-backup-del-2009\/#breadcrumb"},"inLanguage":"it-IT","potentialAction":[{"@type":"ReadAction","target":["https:\/\/www.article-marketing.eu\/comunicati\/computer\/ebook-gratuito-le-due-domande-di-storage-and-backup-del-2009\/"]}]},{"@type":"ImageObject","inLanguage":"it-IT","@id":"https:\/\/www.article-marketing.eu\/comunicati\/computer\/ebook-gratuito-le-due-domande-di-storage-and-backup-del-2009\/#primaryimage","url":"http:\/\/www.storage-backup.com\/wp-content\/sbnew.gif","contentUrl":"http:\/\/www.storage-backup.com\/wp-content\/sbnew.gif"},{"@type":"BreadcrumbList","@id":"https:\/\/www.article-marketing.eu\/comunicati\/computer\/ebook-gratuito-le-due-domande-di-storage-and-backup-del-2009\/#breadcrumb","itemListElement":[{"@type":"ListItem","position":1,"name":"Home","item":"https:\/\/www.article-marketing.eu\/comunicati\/"},{"@type":"ListItem","position":2,"name":"Ebook gratuito: Le due domande di Storage &#038; Backup del 2009"}]},{"@type":"WebSite","@id":"https:\/\/www.article-marketing.eu\/comunicati\/#website","url":"https:\/\/www.article-marketing.eu\/comunicati\/","name":"Article Marketing","description":"article marketing &amp; press release","potentialAction":[{"@type":"SearchAction","target":{"@type":"EntryPoint","urlTemplate":"https:\/\/www.article-marketing.eu\/comunicati\/?s={search_term_string}"},"query-input":{"@type":"PropertyValueSpecification","valueRequired":true,"valueName":"search_term_string"}}],"inLanguage":"it-IT"},{"@type":"Person","@id":"https:\/\/www.article-marketing.eu\/comunicati\/#\/schema\/person\/44372e4d4d0fa797b18e03ed1ace9017","name":"Redazione Comunicati Stampa","image":{"@type":"ImageObject","inLanguage":"it-IT","@id":"https:\/\/www.article-marketing.eu\/comunicati\/#\/schema\/person\/image\/","url":"https:\/\/secure.gravatar.com\/avatar\/50e5c6421d3072f42e7ace803501602c60d75233d34e29fd05feb91c8760b792?s=96&d=mm&r=g","contentUrl":"https:\/\/secure.gravatar.com\/avatar\/50e5c6421d3072f42e7ace803501602c60d75233d34e29fd05feb91c8760b792?s=96&d=mm&r=g","caption":"Redazione Comunicati Stampa"},"url":"https:\/\/www.article-marketing.eu\/comunicati\/author\/redazione-comunicati-stampa\/"}]}},"_links":{"self":[{"href":"https:\/\/www.article-marketing.eu\/comunicati\/wp-json\/wp\/v2\/posts\/2644","targetHints":{"allow":["GET"]}}],"collection":[{"href":"https:\/\/www.article-marketing.eu\/comunicati\/wp-json\/wp\/v2\/posts"}],"about":[{"href":"https:\/\/www.article-marketing.eu\/comunicati\/wp-json\/wp\/v2\/types\/post"}],"author":[{"embeddable":true,"href":"https:\/\/www.article-marketing.eu\/comunicati\/wp-json\/wp\/v2\/users\/10"}],"replies":[{"embeddable":true,"href":"https:\/\/www.article-marketing.eu\/comunicati\/wp-json\/wp\/v2\/comments?post=2644"}],"version-history":[{"count":0,"href":"https:\/\/www.article-marketing.eu\/comunicati\/wp-json\/wp\/v2\/posts\/2644\/revisions"}],"wp:attachment":[{"href":"https:\/\/www.article-marketing.eu\/comunicati\/wp-json\/wp\/v2\/media?parent=2644"}],"wp:term":[{"taxonomy":"category","embeddable":true,"href":"https:\/\/www.article-marketing.eu\/comunicati\/wp-json\/wp\/v2\/categories?post=2644"},{"taxonomy":"post_tag","embeddable":true,"href":"https:\/\/www.article-marketing.eu\/comunicati\/wp-json\/wp\/v2\/tags?post=2644"}],"curies":[{"name":"wp","href":"https:\/\/api.w.org\/{rel}","templated":true}]}}