{"id":2652,"date":"2009-09-03T15:16:11","date_gmt":"2009-09-03T13:16:11","guid":{"rendered":"http:\/\/www.article-marketing.eu\/comunicati\/senza-categoria\/romantica-verona-vola-da-roma-con-meridiana-eurofly\/"},"modified":"2009-09-03T15:16:11","modified_gmt":"2009-09-03T13:16:11","slug":"romantica-verona-vola-da-roma-con-meridiana-eurofly","status":"publish","type":"post","link":"https:\/\/www.article-marketing.eu\/comunicati\/viaggi-e-vacanze\/voli\/romantica-verona-vola-da-roma-con-meridiana-eurofly\/","title":{"rendered":"Romantica Verona: vola da Roma con Meridiana-Eurofly"},"content":{"rendered":"<p>Con <a href=\"http:\/\/www.meridiana.it\/it\/index.aspx\"><strong>Meridiana-Eurofly<\/strong><\/a> raggiungere Verona da Roma costa solo 50 \u20ac.<br \/><strong>Verona<\/strong> \u00e8 visitata ogni anno da centinaia di migliaia di turisti, molti dei quali stranieri, per via della sua ricchezza artistica e architettonica (tra i monumenti pi\u00f9 conosciuti <strong>l&#8217;Arena<\/strong> e la <strong>casa di Giulietta<\/strong>), e per le varie manifestazioni annuali (tra le quali le pi\u00f9 importanti la stagione <strong>lirica areniana<\/strong> e <strong>l&#8217;estate teatrale<\/strong> veronese).<\/p>\n<p>La citt\u00e0 \u00e8 stata dichiarata patrimonio dell&#8217;umanit\u00e0 dall&#8217;UNESCO per la sua struttura urbana e per la sua architettura: Verona \u00e8 uno splendido esempio di citt\u00e0 che si \u00e8 sviluppata progressivamente e ininterrottamente durante duemila anni, integrando elementi artistici di altissima qualit\u00e0 dei diversi periodi che si sono succeduti, rappresenta inoltre in modo eccezionale il concetto della citt\u00e0 fortificata in pi\u00f9 tappe determinanti della storia europea. <\/p>\n<p>La citt\u00e0 ha uno sviluppo complesso, ma due opere murarie ne accentuano la divisione tra parte romana e moderna (fino alla seconda met\u00e0 dell&#8217;Ottocento): da una parte le mura romane che circondano il cuore della citt\u00e0 tra <strong>porta Borsari<\/strong>, <strong>porta Leoni<\/strong> e le <strong>mura di Gallieno<\/strong>, dall&#8217;altra la cosiddetta circonvallazione interna con fortilizi rinascimentali (completati sotto gli austriaci). <\/p>\n<p>Nella Verona antica \u00e8 sensibile l&#8217;opera restauratrice di <strong>Cangrande della Scala<\/strong>: il forte impatto visivo dato dal colore rosso dei mattoni degli splendidi palazzi gotici \u00e8 temperato dal sapiente utilizzo dell&#8217;antico marmo bianco romano; opera, questa, frutto della politica scaligera di ritorno ideale ai fasti imperiali. Da qui la nuova <em>urbs marmorea<\/em>, rifulgente nel bianco lastricato di <strong>piazza delle Erbe<\/strong>, al centro della quale troneggia luminosa la fontana di <em>Madonna Verona<\/em>, composta di parti provenienti dalle antiche terme romane. <\/p>\n<p>Verona \u00e8 bagnata dal fiume <strong>Adige<\/strong> che oggi scorre all&#8217;interno di possenti muraglioni, argini costruiti dopo la terribile alluvione del 1882, per proteggere la citt\u00e0 da altre piene. Esso ormai si limita ad attraversare la citt\u00e0 rinchiuso tra i muraglioni, ma fino a tempi relativamente recenti Verona era una citt\u00e0 particolarmente legata al suo fiume, per via delle numerose attivit\u00e0 commerciali e industriali che la sua notevole portata consentiva di svolgere. <\/p>\n<p>&nbsp;<\/p>\n<p align=\"justify\"><strong>Meridiana<\/strong>, originariamente Alisarda, fu costituita il 29 marzo 1963 per iniziativa di S.A. il Principe Aga Khan, con lo scopo iniziale di favorire lo sviluppo dell&#8217;attivit\u00e0 turistica in Costa Smeralda, nella Sardegna nord-orientale, fino ad allora servita solo via mare.<\/p>\n<p>Meridiana \u00e8 nata nel 1963, nel dicembre 2006 ha acquisito una quota del 29,95% della Compagnia Eurofly, oggi salita al 46,1%. <\/p>\n<p align=\"justify\">La base principale della compagnia aerea Meridiana \u00e8 Olbia \u2013 Aeroporto Costa Smeralda \u2013 con hubs a Catania, Firenze e Verona. Nel 2007 ha trasportato oltre 4.6 milioni di persone, e tuttora il sito web della compagnia \u00e8 il secondo pi\u00f9 visitato nel mercato italiano e il primo per crescita. <\/p>\n<p><strong>Meridiana S.p.A<\/strong> controlla un Gruppo che vede al suo interno le seguenti partecipazioni: <br \/><strong>Geasar<\/strong> &#8211; Societ\u00e0 di gestione dell\u2019aeroporto Olbia Costa Smeralda &#8211; 79,79%; <br \/><strong>Wokita.com<\/strong> &#8211; tour operator &#8211; 50%; <br \/><strong>Same Italy<\/strong> &#8211; Societ\u00e0 di commercializzazione del network dei voli Meridiana ed Eurofly &#8211; 50%; <br \/><strong>ADF Firenze di Aeroporto<\/strong> &#8211; societ\u00e0 di gestione dell\u2019aeroporto di Firenze &#8211; 15%; <br \/><strong>Eurofly<\/strong> &#8211; Compagnia aerea italiana &#8211; 46,10%.<\/p>\n<p>&nbsp;<\/p>\n<p><strong>Eurofly<\/strong> \u00e8 nata diciannove anni fa e da quel lontano 1989 di strada ne ha fatta tanta, apportando numerosi cambiamenti sia per quanto riguarda la gestione dell&#8217;azienda sia per la sua flotta, la cui et\u00e0 media oggi \u00e8 di circa 5 anni, sempre alla ricerca di un prodotto migliore volto a soddisfare il pi\u00f9 possibile le esigenze dei suoi clienti.<\/p>\n<p>Oggi Eurofly \u00e8 il vettore italiano leader nel segmento leisure ed \u00e8 tra i primi 5 vettori (Fonte: Annuario ENAC 2006).<\/p>\n<p>La nostra missione: <strong>essere la compagnia aerea delle vacanze<\/strong>. Vogliamo che Eurofly sia riconosciuta come la compagnia aerea delle vacanze per eccellenza. Vogliamo essere la scelta pi\u00f9 naturale di Tour Operator, Agenzie Viaggi, e Passeggeri.<\/p>\n<p>Desideriamo offrire ai nostri passeggeri la migliore accoglienza possibile mirando, in ogni circostanza, a proporre servizi sempre pi\u00f9 personalizzati, flessibili e in linea con le loro pi\u00f9 diverse esigenze. <\/p>\n<p>Questo grazie ad una flotta di aerei tra le pi\u00f9 giovani in Italia e ad un <strong>sempre miglior rapporto qualit\u00e0-prezzo<\/strong> per i voli diretti verso i luoghi di vacanza senza fastidiosi scali e cambi di aeromobile. Il nostro fine \u00e8 far provare a chi vola con noi, per un breve, medio o lungo tratto, quello che solo una vacanza da sogno \u00e8 in grado di trasmettere pienamente: un sentimento di piacere e di libert\u00e0.<\/p>\n","protected":false},"excerpt":{"rendered":"<p>Con Meridiana-Eurofly raggiungereVerona da Roma costa solo 50 \u20ac. Verona \u00e8 visitata ogni anno da centinaia di migliaia di turisti, molti dei quali stranieri, per via della sua ricchezza artistica e architettonica (tra i monumenti pi\u00f9 conosciuti l&#8217;Arena e la casa di Giulietta), e per le varie manifestazioni annuali (tra le quali le pi\u00f9 importanti la stagione lirica areniana e l&#8217;estate teatrale veronese).<\/p>\n","protected":false},"author":10,"featured_media":0,"comment_status":"open","ping_status":"open","sticky":false,"template":"","format":"standard","meta":{"cybocfi_hide_featured_image":"","footnotes":""},"categories":[1616],"tags":[8675,3417,8672,8669,5748,8674,5747,6355,8673,8670,8671,251,384,508],"class_list":["post-2652","post","type-post","status-publish","format-standard","hentry","category-voli","tag-adige","tag-arena","tag-cangrande-della-scala","tag-casa-di-giulietta","tag-eurofly","tag-madonna-verona","tag-meridiana","tag-offerte-voli","tag-piazza-delle-erbe","tag-porta-borsari","tag-porta-leoni","tag-roma","tag-verona","tag-voli"],"yoast_head":"<!-- This site is optimized with the Yoast SEO plugin v27.0 - https:\/\/yoast.com\/product\/yoast-seo-wordpress\/ -->\n<title>Romantica Verona: vola da Roma con Meridiana-Eurofly - Article Marketing<\/title>\n<meta name=\"robots\" content=\"index, follow, max-snippet:-1, max-image-preview:large, max-video-preview:-1\" \/>\n<link rel=\"canonical\" href=\"https:\/\/www.article-marketing.eu\/comunicati\/viaggi-e-vacanze\/voli\/romantica-verona-vola-da-roma-con-meridiana-eurofly\/\" \/>\n<meta property=\"og:locale\" content=\"it_IT\" \/>\n<meta property=\"og:type\" content=\"article\" \/>\n<meta property=\"og:title\" content=\"Romantica Verona: vola da Roma con Meridiana-Eurofly - Article Marketing\" \/>\n<meta property=\"og:description\" content=\"Con Meridiana-Eurofly raggiungereVerona da Roma costa solo 50 \u20ac. Verona \u00e8 visitata ogni anno da centinaia di migliaia di turisti, molti dei quali stranieri, per via della sua ricchezza artistica e architettonica (tra i monumenti pi\u00f9 conosciuti l&#039;Arena e la casa di Giulietta), e per le varie manifestazioni annuali (tra le quali le pi\u00f9 importanti la stagione lirica areniana e l&#039;estate teatrale veronese).\" \/>\n<meta property=\"og:url\" content=\"https:\/\/www.article-marketing.eu\/comunicati\/viaggi-e-vacanze\/voli\/romantica-verona-vola-da-roma-con-meridiana-eurofly\/\" \/>\n<meta property=\"og:site_name\" content=\"Article Marketing\" \/>\n<meta property=\"article:published_time\" content=\"2009-09-03T13:16:11+00:00\" \/>\n<meta name=\"author\" content=\"Redazione Comunicati Stampa\" \/>\n<meta name=\"twitter:card\" content=\"summary_large_image\" \/>\n<meta name=\"twitter:label1\" content=\"Scritto da\" \/>\n\t<meta name=\"twitter:data1\" content=\"Redazione Comunicati Stampa\" \/>\n\t<meta name=\"twitter:label2\" content=\"Tempo di lettura stimato\" \/>\n\t<meta name=\"twitter:data2\" content=\"4 minuti\" \/>\n<script type=\"application\/ld+json\" class=\"yoast-schema-graph\">{\"@context\":\"https:\/\/schema.org\",\"@graph\":[{\"@type\":\"Article\",\"@id\":\"https:\/\/www.article-marketing.eu\/comunicati\/viaggi-e-vacanze\/voli\/romantica-verona-vola-da-roma-con-meridiana-eurofly\/#article\",\"isPartOf\":{\"@id\":\"https:\/\/www.article-marketing.eu\/comunicati\/viaggi-e-vacanze\/voli\/romantica-verona-vola-da-roma-con-meridiana-eurofly\/\"},\"author\":{\"name\":\"Redazione Comunicati Stampa\",\"@id\":\"https:\/\/www.article-marketing.eu\/comunicati\/#\/schema\/person\/44372e4d4d0fa797b18e03ed1ace9017\"},\"headline\":\"Romantica Verona: vola da Roma con Meridiana-Eurofly\",\"datePublished\":\"2009-09-03T13:16:11+00:00\",\"mainEntityOfPage\":{\"@id\":\"https:\/\/www.article-marketing.eu\/comunicati\/viaggi-e-vacanze\/voli\/romantica-verona-vola-da-roma-con-meridiana-eurofly\/\"},\"wordCount\":710,\"commentCount\":0,\"keywords\":[\"Adige\",\"arena\",\"Cangrande della Scala\",\"casa di Giulietta\",\"eurofly\",\"Madonna Verona\",\"meridiana\",\"offerte voli.\",\"piazza delle Erbe\",\"porta Borsari\",\"porta Leoni\",\"roma\",\"verona\",\"voli\"],\"articleSection\":[\"Voli\"],\"inLanguage\":\"it-IT\",\"potentialAction\":[{\"@type\":\"CommentAction\",\"name\":\"Comment\",\"target\":[\"https:\/\/www.article-marketing.eu\/comunicati\/viaggi-e-vacanze\/voli\/romantica-verona-vola-da-roma-con-meridiana-eurofly\/#respond\"]}]},{\"@type\":\"WebPage\",\"@id\":\"https:\/\/www.article-marketing.eu\/comunicati\/viaggi-e-vacanze\/voli\/romantica-verona-vola-da-roma-con-meridiana-eurofly\/\",\"url\":\"https:\/\/www.article-marketing.eu\/comunicati\/viaggi-e-vacanze\/voli\/romantica-verona-vola-da-roma-con-meridiana-eurofly\/\",\"name\":\"Romantica Verona: vola da Roma con Meridiana-Eurofly - Article Marketing\",\"isPartOf\":{\"@id\":\"https:\/\/www.article-marketing.eu\/comunicati\/#website\"},\"datePublished\":\"2009-09-03T13:16:11+00:00\",\"author\":{\"@id\":\"https:\/\/www.article-marketing.eu\/comunicati\/#\/schema\/person\/44372e4d4d0fa797b18e03ed1ace9017\"},\"breadcrumb\":{\"@id\":\"https:\/\/www.article-marketing.eu\/comunicati\/viaggi-e-vacanze\/voli\/romantica-verona-vola-da-roma-con-meridiana-eurofly\/#breadcrumb\"},\"inLanguage\":\"it-IT\",\"potentialAction\":[{\"@type\":\"ReadAction\",\"target\":[\"https:\/\/www.article-marketing.eu\/comunicati\/viaggi-e-vacanze\/voli\/romantica-verona-vola-da-roma-con-meridiana-eurofly\/\"]}]},{\"@type\":\"BreadcrumbList\",\"@id\":\"https:\/\/www.article-marketing.eu\/comunicati\/viaggi-e-vacanze\/voli\/romantica-verona-vola-da-roma-con-meridiana-eurofly\/#breadcrumb\",\"itemListElement\":[{\"@type\":\"ListItem\",\"position\":1,\"name\":\"Home\",\"item\":\"https:\/\/www.article-marketing.eu\/comunicati\/\"},{\"@type\":\"ListItem\",\"position\":2,\"name\":\"Romantica Verona: vola da Roma con Meridiana-Eurofly\"}]},{\"@type\":\"WebSite\",\"@id\":\"https:\/\/www.article-marketing.eu\/comunicati\/#website\",\"url\":\"https:\/\/www.article-marketing.eu\/comunicati\/\",\"name\":\"Article Marketing\",\"description\":\"article marketing &amp; press release\",\"potentialAction\":[{\"@type\":\"SearchAction\",\"target\":{\"@type\":\"EntryPoint\",\"urlTemplate\":\"https:\/\/www.article-marketing.eu\/comunicati\/?s={search_term_string}\"},\"query-input\":{\"@type\":\"PropertyValueSpecification\",\"valueRequired\":true,\"valueName\":\"search_term_string\"}}],\"inLanguage\":\"it-IT\"},{\"@type\":\"Person\",\"@id\":\"https:\/\/www.article-marketing.eu\/comunicati\/#\/schema\/person\/44372e4d4d0fa797b18e03ed1ace9017\",\"name\":\"Redazione Comunicati Stampa\",\"image\":{\"@type\":\"ImageObject\",\"inLanguage\":\"it-IT\",\"@id\":\"https:\/\/www.article-marketing.eu\/comunicati\/#\/schema\/person\/image\/\",\"url\":\"https:\/\/secure.gravatar.com\/avatar\/50e5c6421d3072f42e7ace803501602c60d75233d34e29fd05feb91c8760b792?s=96&d=mm&r=g\",\"contentUrl\":\"https:\/\/secure.gravatar.com\/avatar\/50e5c6421d3072f42e7ace803501602c60d75233d34e29fd05feb91c8760b792?s=96&d=mm&r=g\",\"caption\":\"Redazione Comunicati Stampa\"},\"url\":\"https:\/\/www.article-marketing.eu\/comunicati\/author\/redazione-comunicati-stampa\/\"}]}<\/script>\n<!-- \/ Yoast SEO plugin. -->","yoast_head_json":{"title":"Romantica Verona: vola da Roma con Meridiana-Eurofly - Article Marketing","robots":{"index":"index","follow":"follow","max-snippet":"max-snippet:-1","max-image-preview":"max-image-preview:large","max-video-preview":"max-video-preview:-1"},"canonical":"https:\/\/www.article-marketing.eu\/comunicati\/viaggi-e-vacanze\/voli\/romantica-verona-vola-da-roma-con-meridiana-eurofly\/","og_locale":"it_IT","og_type":"article","og_title":"Romantica Verona: vola da Roma con Meridiana-Eurofly - Article Marketing","og_description":"Con Meridiana-Eurofly raggiungereVerona da Roma costa solo 50 \u20ac. Verona \u00e8 visitata ogni anno da centinaia di migliaia di turisti, molti dei quali stranieri, per via della sua ricchezza artistica e architettonica (tra i monumenti pi\u00f9 conosciuti l'Arena e la casa di Giulietta), e per le varie manifestazioni annuali (tra le quali le pi\u00f9 importanti la stagione lirica areniana e l'estate teatrale veronese).","og_url":"https:\/\/www.article-marketing.eu\/comunicati\/viaggi-e-vacanze\/voli\/romantica-verona-vola-da-roma-con-meridiana-eurofly\/","og_site_name":"Article Marketing","article_published_time":"2009-09-03T13:16:11+00:00","author":"Redazione Comunicati Stampa","twitter_card":"summary_large_image","twitter_misc":{"Scritto da":"Redazione Comunicati Stampa","Tempo di lettura stimato":"4 minuti"},"schema":{"@context":"https:\/\/schema.org","@graph":[{"@type":"Article","@id":"https:\/\/www.article-marketing.eu\/comunicati\/viaggi-e-vacanze\/voli\/romantica-verona-vola-da-roma-con-meridiana-eurofly\/#article","isPartOf":{"@id":"https:\/\/www.article-marketing.eu\/comunicati\/viaggi-e-vacanze\/voli\/romantica-verona-vola-da-roma-con-meridiana-eurofly\/"},"author":{"name":"Redazione Comunicati Stampa","@id":"https:\/\/www.article-marketing.eu\/comunicati\/#\/schema\/person\/44372e4d4d0fa797b18e03ed1ace9017"},"headline":"Romantica Verona: vola da Roma con Meridiana-Eurofly","datePublished":"2009-09-03T13:16:11+00:00","mainEntityOfPage":{"@id":"https:\/\/www.article-marketing.eu\/comunicati\/viaggi-e-vacanze\/voli\/romantica-verona-vola-da-roma-con-meridiana-eurofly\/"},"wordCount":710,"commentCount":0,"keywords":["Adige","arena","Cangrande della Scala","casa di Giulietta","eurofly","Madonna Verona","meridiana","offerte voli.","piazza delle Erbe","porta Borsari","porta Leoni","roma","verona","voli"],"articleSection":["Voli"],"inLanguage":"it-IT","potentialAction":[{"@type":"CommentAction","name":"Comment","target":["https:\/\/www.article-marketing.eu\/comunicati\/viaggi-e-vacanze\/voli\/romantica-verona-vola-da-roma-con-meridiana-eurofly\/#respond"]}]},{"@type":"WebPage","@id":"https:\/\/www.article-marketing.eu\/comunicati\/viaggi-e-vacanze\/voli\/romantica-verona-vola-da-roma-con-meridiana-eurofly\/","url":"https:\/\/www.article-marketing.eu\/comunicati\/viaggi-e-vacanze\/voli\/romantica-verona-vola-da-roma-con-meridiana-eurofly\/","name":"Romantica Verona: vola da Roma con Meridiana-Eurofly - Article Marketing","isPartOf":{"@id":"https:\/\/www.article-marketing.eu\/comunicati\/#website"},"datePublished":"2009-09-03T13:16:11+00:00","author":{"@id":"https:\/\/www.article-marketing.eu\/comunicati\/#\/schema\/person\/44372e4d4d0fa797b18e03ed1ace9017"},"breadcrumb":{"@id":"https:\/\/www.article-marketing.eu\/comunicati\/viaggi-e-vacanze\/voli\/romantica-verona-vola-da-roma-con-meridiana-eurofly\/#breadcrumb"},"inLanguage":"it-IT","potentialAction":[{"@type":"ReadAction","target":["https:\/\/www.article-marketing.eu\/comunicati\/viaggi-e-vacanze\/voli\/romantica-verona-vola-da-roma-con-meridiana-eurofly\/"]}]},{"@type":"BreadcrumbList","@id":"https:\/\/www.article-marketing.eu\/comunicati\/viaggi-e-vacanze\/voli\/romantica-verona-vola-da-roma-con-meridiana-eurofly\/#breadcrumb","itemListElement":[{"@type":"ListItem","position":1,"name":"Home","item":"https:\/\/www.article-marketing.eu\/comunicati\/"},{"@type":"ListItem","position":2,"name":"Romantica Verona: vola da Roma con Meridiana-Eurofly"}]},{"@type":"WebSite","@id":"https:\/\/www.article-marketing.eu\/comunicati\/#website","url":"https:\/\/www.article-marketing.eu\/comunicati\/","name":"Article Marketing","description":"article marketing &amp; press release","potentialAction":[{"@type":"SearchAction","target":{"@type":"EntryPoint","urlTemplate":"https:\/\/www.article-marketing.eu\/comunicati\/?s={search_term_string}"},"query-input":{"@type":"PropertyValueSpecification","valueRequired":true,"valueName":"search_term_string"}}],"inLanguage":"it-IT"},{"@type":"Person","@id":"https:\/\/www.article-marketing.eu\/comunicati\/#\/schema\/person\/44372e4d4d0fa797b18e03ed1ace9017","name":"Redazione Comunicati Stampa","image":{"@type":"ImageObject","inLanguage":"it-IT","@id":"https:\/\/www.article-marketing.eu\/comunicati\/#\/schema\/person\/image\/","url":"https:\/\/secure.gravatar.com\/avatar\/50e5c6421d3072f42e7ace803501602c60d75233d34e29fd05feb91c8760b792?s=96&d=mm&r=g","contentUrl":"https:\/\/secure.gravatar.com\/avatar\/50e5c6421d3072f42e7ace803501602c60d75233d34e29fd05feb91c8760b792?s=96&d=mm&r=g","caption":"Redazione Comunicati Stampa"},"url":"https:\/\/www.article-marketing.eu\/comunicati\/author\/redazione-comunicati-stampa\/"}]}},"_links":{"self":[{"href":"https:\/\/www.article-marketing.eu\/comunicati\/wp-json\/wp\/v2\/posts\/2652","targetHints":{"allow":["GET"]}}],"collection":[{"href":"https:\/\/www.article-marketing.eu\/comunicati\/wp-json\/wp\/v2\/posts"}],"about":[{"href":"https:\/\/www.article-marketing.eu\/comunicati\/wp-json\/wp\/v2\/types\/post"}],"author":[{"embeddable":true,"href":"https:\/\/www.article-marketing.eu\/comunicati\/wp-json\/wp\/v2\/users\/10"}],"replies":[{"embeddable":true,"href":"https:\/\/www.article-marketing.eu\/comunicati\/wp-json\/wp\/v2\/comments?post=2652"}],"version-history":[{"count":0,"href":"https:\/\/www.article-marketing.eu\/comunicati\/wp-json\/wp\/v2\/posts\/2652\/revisions"}],"wp:attachment":[{"href":"https:\/\/www.article-marketing.eu\/comunicati\/wp-json\/wp\/v2\/media?parent=2652"}],"wp:term":[{"taxonomy":"category","embeddable":true,"href":"https:\/\/www.article-marketing.eu\/comunicati\/wp-json\/wp\/v2\/categories?post=2652"},{"taxonomy":"post_tag","embeddable":true,"href":"https:\/\/www.article-marketing.eu\/comunicati\/wp-json\/wp\/v2\/tags?post=2652"}],"curies":[{"name":"wp","href":"https:\/\/api.w.org\/{rel}","templated":true}]}}