{"id":2654,"date":"2009-09-03T15:56:51","date_gmt":"2009-09-03T13:56:51","guid":{"rendered":"http:\/\/www.article-marketing.eu\/comunicati\/senza-categoria\/attimi-materici-mostra-personale-darte-contemporanea-di-elisabetta-fontana\/"},"modified":"2009-09-03T15:56:51","modified_gmt":"2009-09-03T13:56:51","slug":"attimi-materici-mostra-personale-darte-contemporanea-di-elisabetta-fontana","status":"publish","type":"post","link":"https:\/\/www.article-marketing.eu\/comunicati\/comunicati-stampa\/eventi\/attimi-materici-mostra-personale-darte-contemporanea-di-elisabetta-fontana\/","title":{"rendered":"Attimi Materici Mostra Personale d\u2019Arte Contemporanea di Elisabetta Fontana"},"content":{"rendered":"<p align=\"right\" class=\" \" style=\"TEXT-ALIGN: right\"><strong>ELISABETTA FONTANA<\/strong><\/p>\n<p align=\"right\" class=\" \" style=\"TEXT-ALIGN: right\"><strong>Attimi materici<\/strong><\/p>\n<p align=\"right\" class=\" \" style=\"TEXT-ALIGN: right\"><strong><em>Mostra Personale d\u2019Arte Contemporanea<\/em><\/strong><\/p>\n<p align=\"right\" class=\" \" style=\"TEXT-ALIGN: right\">&nbsp;<\/p>\n<p align=\"right\" class=\" \" style=\"TEXT-ALIGN: right\"><strong>Patrocinio del Comune di Moniga del Garda<\/strong><\/p>\n<p align=\"right\" class=\" \" style=\"TEXT-ALIGN: right\">&nbsp;<\/p>\n<p align=\"right\" class=\" \" style=\"TEXT-ALIGN: right\">Inaugurazione: <strong>Sabato 5 settembre <\/strong><strong>ore 18,30<\/strong> <\/p>\n<p align=\"right\" class=\" \" style=\"TEXT-ALIGN: right\">In mostra fino al 15 settembre 2009<\/p>\n<p align=\"right\" class=\" \" style=\"TEXT-ALIGN: right\">&nbsp;&nbsp;&nbsp;&nbsp;&nbsp; &nbsp;&nbsp;&nbsp;&nbsp;&nbsp;&nbsp;&nbsp;&nbsp;&nbsp;&nbsp;&nbsp;&nbsp;&nbsp;&nbsp;&nbsp;&nbsp;&nbsp;&nbsp;&nbsp;&nbsp;&nbsp;&nbsp;&nbsp;&nbsp;&nbsp;&nbsp;&nbsp;&nbsp;&nbsp;&nbsp;&nbsp;&nbsp;&nbsp;&nbsp;&nbsp;&nbsp;&nbsp;&nbsp;&nbsp;&nbsp;&nbsp;&nbsp;&nbsp;&nbsp;&nbsp;&nbsp;&nbsp;&nbsp;&nbsp;&nbsp; &nbsp;&nbsp;&nbsp;&nbsp;&nbsp;&nbsp;&nbsp;&nbsp;&nbsp;&nbsp;&nbsp;&nbsp;&nbsp;&nbsp;&nbsp;&nbsp;&nbsp;&nbsp;&nbsp;&nbsp;&nbsp;&nbsp;&nbsp;&nbsp;&nbsp;&nbsp;&nbsp;&nbsp;&nbsp;&nbsp;&nbsp;&nbsp;&nbsp;&nbsp;&nbsp;&nbsp;&nbsp;&nbsp;&nbsp;&nbsp;&nbsp;&nbsp;&nbsp;&nbsp;&nbsp;&nbsp;&nbsp;&nbsp;&nbsp;&nbsp;&nbsp;&nbsp;&nbsp;&nbsp;&nbsp;&nbsp;&nbsp;&nbsp;&nbsp;&nbsp;&nbsp;&nbsp;&nbsp;&nbsp;Ingresso libero<\/p>\n<p align=\"right\" class=\" \" style=\"TEXT-ALIGN: right\"><strong>Artista: Elisabetta Fontana<\/strong><\/p>\n<p align=\"right\" class=\" \" style=\"TEXT-ALIGN: right\"><strong>Curatrice: Sabrina Falzone<\/strong><\/p>\n<p align=\"right\" class=\" \" style=\"TEXT-ALIGN: right\"><strong>Presso: Palazzo Comunale di Moniga del Garda <\/strong><\/p>\n<p class=\" \" style=\"TEXT-ALIGN: justify\">&nbsp;<\/p>\n<p class=\" \" style=\"TEXT-ALIGN: justify; MARGIN: 0cm 8.5pt 0pt 0cm\">&nbsp;<\/p>\n<p class=\" \" style=\"TEXT-ALIGN: justify; MARGIN: 0cm 8.5pt 0pt 0cm\">&nbsp;<\/p>\n<p class=\" \" style=\"TEXT-ALIGN: justify; MARGIN: 0cm 8.5pt 0pt 0cm\">&nbsp;<\/p>\n<p class=\" \" style=\"TEXT-ALIGN: justify; LINE-HEIGHT: 150%; MARGIN: 0cm 8.5pt 0pt 0cm\"><strong>Elisabetta Fontana<\/strong> \u00e8 il nome della promettente artista parmense che presenter\u00e0 un corpus di quindici opere nella rigogliosa localit\u00e0 del Garda. Il <strong>Comune di Moniga del Garda<\/strong>, infatti<strong>, <\/strong>ospiter\u00e0 la Mostra Personale d&#8217;Arte Contemporanea dell\u2019autrice &quot;<em>Attimi materici<\/em>&quot; a cura del critico d\u2019arte Sabrina Falzone con allestimenti di Gloria Giovanella, nota arredatrice del Bresciano. L\u2019esposizione sar\u00e0 allestita nel Palazzo Comunale, ubicato nella centralissima piazza San Martino di Moniga del Garda, a poca distanza dal centro turistico di Desenzano del Garda.<\/p>\n<p>Dopo un ventennio di attivit\u00e0 artistica, mai mostrata al pubblico, nel 2006 Elisabetta Fontana sente l\u2019esigenza di comunicare pi\u00f9 profondamente con se stessa in un eloquente dialogo con la materia e il colore, svelandosi a poco a poco al pubblico. La curatrice Falzone scrive: \u201cDramma, tormento, passione e silenzio vegliano sulle tele della pittrice <strong>Elisabetta Fontana<\/strong>, che con efficace impeto emozionale effonde sull\u2019immagine artistica tutta la sua giara di sensazioni brulicanti, per troppo tempo rimaste soppresse nei forzieri dell\u2019anima\u2026Pulsioni personali e percezioni oggettive s\u2019incontrano nella solerzia del segno su superfici febbrili e ataviche.&nbsp; Angoscia e infelicit\u00e0 protestano contro memorie madide di pianto, contro cognizioni pregne di sgomento e cariche d\u2019ira: \u00e8 l\u2019apologia dell\u2019istinto, l\u2019encomio del sentimento. Lo straordinario spettacolo di crettature stratificate, che domina la superficie materica di molti dipinti di Elisabetta Fontana, ci rammenta le complessit\u00e0 del vissuto e demarca le soglie di un probabile aldil\u00e0, aleggiando tra enigma e sentenza. Questa pittura eclittica \u00e8 investita di nuovi significati che sublimano l\u2019esperienza dell\u2019introspezione, estraendone il liquido vitale e proiettandolo sull\u2019energia cosmica della comunicazione artistica mediante l\u2019impiego puntuale della tecnica mista. Le superfici opache delle tele di Fontana diventano contesti spettrali e scenari vessatori se si pensa che esse altro non sono che il riflesso eclatante dell\u2019ardito viaggio nell\u2019inconscio dell\u2019artista. Non a caso, \u00e8 un <em>modus pingendi<\/em> che si orienta ad un segno essenzialmente autobiografico, reduce dall\u2019esperienza di un ventennio di esecuzioni creative, tenute sottochiave nelle stanze della sua anima.\u201d <\/p>\n<p class=\" \" style=\"TEXT-ALIGN: justify; LINE-HEIGHT: 150%; MARGIN: 0cm 8.5pt 0pt 0cm\">Elisabetta Fontana \u00e8 nata nel 1965 a Parma, citt\u00e0 dove attualmente vive e lavora. Da autodidatta, trova nella pittura il canale espressivo per comunicare la propria interiorit\u00e0 attraverso opere d\u2019arte dal particolare impatto visivo. La rassegna artistica indaga i percorsi dell\u2019anima di una raffinata interprete dell\u2019universo informale.<\/p>\n<p class=\" \">&nbsp;<\/p>\n<p class=\" \">&nbsp;<\/p>\n<p class=\" \">Con preghiera di pubblicazione e diffusione.<\/p>\n<p class=\" \">&nbsp;<\/p>\n<p class=\" \">&nbsp;<\/p>\n<p class=\" \">&nbsp;<\/p>\n<p class=\" \"><strong>Presso: <\/strong>Palazzo Comunale<\/p>\n<p class=\" \">Piazza San Martino, Moniga del Garda (BS)<\/p>\n<p class=\" \"><strong>Info per visite e appuntamenti: <\/strong>347.9402685<\/p>\n<p class=\" \">info@elisabettafontana.it<\/p>\n<p class=\" \">www.elisabettafontana.it<\/p>\n<p class=\" \">&nbsp;<\/p>\n<p class=\" \"><strong>Curatrice:<\/strong><\/p>\n<p class=\" \">Sabrina Falzone<\/p>\n<p class=\" \">info@sabrinafalzone.info<\/p>\n<p class=\" \">www.sabrinafalzone.info<\/p>\n<p class=\" \">&nbsp;<\/p>\n<p class=\" \">&nbsp;<\/p>\n<p class=\" \"><strong>Allestimenti:<\/strong><\/p>\n<p class=\" \">Gloria Giovanella<\/p>\n","protected":false},"excerpt":{"rendered":"<p>Il Comune di Moniga del Garda, infatti, ospiter\u00e0 la Mostra Personale d&#8217;Arte Contemporanea dell\u2019autrice &#8220;Attimi materici&#8221; a cura del critico d\u2019arte Sabrina Falzone con allestimenti di Gloria Giovanella, nota arredatrice del Bresciano. L\u2019esposizione sar\u00e0 allestita nel Palazzo Comunale, ubicato nella centralissima piazza San Martino di Moniga del Garda, a poca distanza dal centro turistico di Desenzano del Garda.<\/p>\n","protected":false},"author":10,"featured_media":0,"comment_status":"open","ping_status":"open","sticky":false,"template":"","format":"standard","meta":{"cybocfi_hide_featured_image":"","footnotes":""},"categories":[388],"tags":[8683,8576],"class_list":["post-2654","post","type-post","status-publish","format-standard","hentry","category-eventi","tag-elisabetta-fontana","tag-sabrina-falzone"],"yoast_head":"<!-- This site is optimized with the Yoast SEO plugin v27.0 - https:\/\/yoast.com\/product\/yoast-seo-wordpress\/ -->\n<title>Attimi Materici Mostra Personale d\u2019Arte Contemporanea di Elisabetta Fontana - Article Marketing<\/title>\n<meta name=\"robots\" content=\"index, follow, max-snippet:-1, max-image-preview:large, max-video-preview:-1\" \/>\n<link rel=\"canonical\" href=\"https:\/\/www.article-marketing.eu\/comunicati\/comunicati-stampa\/eventi\/attimi-materici-mostra-personale-darte-contemporanea-di-elisabetta-fontana\/\" \/>\n<meta property=\"og:locale\" content=\"it_IT\" \/>\n<meta property=\"og:type\" content=\"article\" \/>\n<meta property=\"og:title\" content=\"Attimi Materici Mostra Personale d\u2019Arte Contemporanea di Elisabetta Fontana - Article Marketing\" \/>\n<meta property=\"og:description\" content=\"Il Comune di Moniga del Garda, infatti, ospiter\u00e0 la Mostra Personale d&#039;Arte Contemporanea dell\u2019autrice &quot;Attimi materici&quot; a cura del critico d\u2019arte Sabrina Falzone con allestimenti di Gloria Giovanella, nota arredatrice del Bresciano. L\u2019esposizione sar\u00e0 allestita nel Palazzo Comunale, ubicato nella centralissima piazza San Martino di Moniga del Garda, a poca distanza dal centro turistico di Desenzano del Garda.\" \/>\n<meta property=\"og:url\" content=\"https:\/\/www.article-marketing.eu\/comunicati\/comunicati-stampa\/eventi\/attimi-materici-mostra-personale-darte-contemporanea-di-elisabetta-fontana\/\" \/>\n<meta property=\"og:site_name\" content=\"Article Marketing\" \/>\n<meta property=\"article:published_time\" content=\"2009-09-03T13:56:51+00:00\" \/>\n<meta name=\"author\" content=\"Redazione Comunicati Stampa\" \/>\n<meta name=\"twitter:card\" content=\"summary_large_image\" \/>\n<meta name=\"twitter:label1\" content=\"Scritto da\" \/>\n\t<meta name=\"twitter:data1\" content=\"Redazione Comunicati Stampa\" \/>\n\t<meta name=\"twitter:label2\" content=\"Tempo di lettura stimato\" \/>\n\t<meta name=\"twitter:data2\" content=\"3 minuti\" \/>\n<script type=\"application\/ld+json\" class=\"yoast-schema-graph\">{\"@context\":\"https:\/\/schema.org\",\"@graph\":[{\"@type\":\"Article\",\"@id\":\"https:\/\/www.article-marketing.eu\/comunicati\/comunicati-stampa\/eventi\/attimi-materici-mostra-personale-darte-contemporanea-di-elisabetta-fontana\/#article\",\"isPartOf\":{\"@id\":\"https:\/\/www.article-marketing.eu\/comunicati\/comunicati-stampa\/eventi\/attimi-materici-mostra-personale-darte-contemporanea-di-elisabetta-fontana\/\"},\"author\":{\"name\":\"Redazione Comunicati Stampa\",\"@id\":\"https:\/\/www.article-marketing.eu\/comunicati\/#\/schema\/person\/44372e4d4d0fa797b18e03ed1ace9017\"},\"headline\":\"Attimi Materici Mostra Personale d\u2019Arte Contemporanea di Elisabetta Fontana\",\"datePublished\":\"2009-09-03T13:56:51+00:00\",\"mainEntityOfPage\":{\"@id\":\"https:\/\/www.article-marketing.eu\/comunicati\/comunicati-stampa\/eventi\/attimi-materici-mostra-personale-darte-contemporanea-di-elisabetta-fontana\/\"},\"wordCount\":607,\"commentCount\":0,\"keywords\":[\"elisabetta fontana\",\"sabrina falzone\"],\"articleSection\":[\"Eventi\"],\"inLanguage\":\"it-IT\",\"potentialAction\":[{\"@type\":\"CommentAction\",\"name\":\"Comment\",\"target\":[\"https:\/\/www.article-marketing.eu\/comunicati\/comunicati-stampa\/eventi\/attimi-materici-mostra-personale-darte-contemporanea-di-elisabetta-fontana\/#respond\"]}]},{\"@type\":\"WebPage\",\"@id\":\"https:\/\/www.article-marketing.eu\/comunicati\/comunicati-stampa\/eventi\/attimi-materici-mostra-personale-darte-contemporanea-di-elisabetta-fontana\/\",\"url\":\"https:\/\/www.article-marketing.eu\/comunicati\/comunicati-stampa\/eventi\/attimi-materici-mostra-personale-darte-contemporanea-di-elisabetta-fontana\/\",\"name\":\"Attimi Materici Mostra Personale d\u2019Arte Contemporanea di Elisabetta Fontana - Article Marketing\",\"isPartOf\":{\"@id\":\"https:\/\/www.article-marketing.eu\/comunicati\/#website\"},\"datePublished\":\"2009-09-03T13:56:51+00:00\",\"author\":{\"@id\":\"https:\/\/www.article-marketing.eu\/comunicati\/#\/schema\/person\/44372e4d4d0fa797b18e03ed1ace9017\"},\"breadcrumb\":{\"@id\":\"https:\/\/www.article-marketing.eu\/comunicati\/comunicati-stampa\/eventi\/attimi-materici-mostra-personale-darte-contemporanea-di-elisabetta-fontana\/#breadcrumb\"},\"inLanguage\":\"it-IT\",\"potentialAction\":[{\"@type\":\"ReadAction\",\"target\":[\"https:\/\/www.article-marketing.eu\/comunicati\/comunicati-stampa\/eventi\/attimi-materici-mostra-personale-darte-contemporanea-di-elisabetta-fontana\/\"]}]},{\"@type\":\"BreadcrumbList\",\"@id\":\"https:\/\/www.article-marketing.eu\/comunicati\/comunicati-stampa\/eventi\/attimi-materici-mostra-personale-darte-contemporanea-di-elisabetta-fontana\/#breadcrumb\",\"itemListElement\":[{\"@type\":\"ListItem\",\"position\":1,\"name\":\"Home\",\"item\":\"https:\/\/www.article-marketing.eu\/comunicati\/\"},{\"@type\":\"ListItem\",\"position\":2,\"name\":\"Attimi Materici Mostra Personale d\u2019Arte Contemporanea di Elisabetta Fontana\"}]},{\"@type\":\"WebSite\",\"@id\":\"https:\/\/www.article-marketing.eu\/comunicati\/#website\",\"url\":\"https:\/\/www.article-marketing.eu\/comunicati\/\",\"name\":\"Article Marketing\",\"description\":\"article marketing &amp; press release\",\"potentialAction\":[{\"@type\":\"SearchAction\",\"target\":{\"@type\":\"EntryPoint\",\"urlTemplate\":\"https:\/\/www.article-marketing.eu\/comunicati\/?s={search_term_string}\"},\"query-input\":{\"@type\":\"PropertyValueSpecification\",\"valueRequired\":true,\"valueName\":\"search_term_string\"}}],\"inLanguage\":\"it-IT\"},{\"@type\":\"Person\",\"@id\":\"https:\/\/www.article-marketing.eu\/comunicati\/#\/schema\/person\/44372e4d4d0fa797b18e03ed1ace9017\",\"name\":\"Redazione Comunicati Stampa\",\"image\":{\"@type\":\"ImageObject\",\"inLanguage\":\"it-IT\",\"@id\":\"https:\/\/www.article-marketing.eu\/comunicati\/#\/schema\/person\/image\/\",\"url\":\"https:\/\/secure.gravatar.com\/avatar\/50e5c6421d3072f42e7ace803501602c60d75233d34e29fd05feb91c8760b792?s=96&d=mm&r=g\",\"contentUrl\":\"https:\/\/secure.gravatar.com\/avatar\/50e5c6421d3072f42e7ace803501602c60d75233d34e29fd05feb91c8760b792?s=96&d=mm&r=g\",\"caption\":\"Redazione Comunicati Stampa\"},\"url\":\"https:\/\/www.article-marketing.eu\/comunicati\/author\/redazione-comunicati-stampa\/\"}]}<\/script>\n<!-- \/ Yoast SEO plugin. -->","yoast_head_json":{"title":"Attimi Materici Mostra Personale d\u2019Arte Contemporanea di Elisabetta Fontana - Article Marketing","robots":{"index":"index","follow":"follow","max-snippet":"max-snippet:-1","max-image-preview":"max-image-preview:large","max-video-preview":"max-video-preview:-1"},"canonical":"https:\/\/www.article-marketing.eu\/comunicati\/comunicati-stampa\/eventi\/attimi-materici-mostra-personale-darte-contemporanea-di-elisabetta-fontana\/","og_locale":"it_IT","og_type":"article","og_title":"Attimi Materici Mostra Personale d\u2019Arte Contemporanea di Elisabetta Fontana - Article Marketing","og_description":"Il Comune di Moniga del Garda, infatti, ospiter\u00e0 la Mostra Personale d'Arte Contemporanea dell\u2019autrice \"Attimi materici\" a cura del critico d\u2019arte Sabrina Falzone con allestimenti di Gloria Giovanella, nota arredatrice del Bresciano. L\u2019esposizione sar\u00e0 allestita nel Palazzo Comunale, ubicato nella centralissima piazza San Martino di Moniga del Garda, a poca distanza dal centro turistico di Desenzano del Garda.","og_url":"https:\/\/www.article-marketing.eu\/comunicati\/comunicati-stampa\/eventi\/attimi-materici-mostra-personale-darte-contemporanea-di-elisabetta-fontana\/","og_site_name":"Article Marketing","article_published_time":"2009-09-03T13:56:51+00:00","author":"Redazione Comunicati Stampa","twitter_card":"summary_large_image","twitter_misc":{"Scritto da":"Redazione Comunicati Stampa","Tempo di lettura stimato":"3 minuti"},"schema":{"@context":"https:\/\/schema.org","@graph":[{"@type":"Article","@id":"https:\/\/www.article-marketing.eu\/comunicati\/comunicati-stampa\/eventi\/attimi-materici-mostra-personale-darte-contemporanea-di-elisabetta-fontana\/#article","isPartOf":{"@id":"https:\/\/www.article-marketing.eu\/comunicati\/comunicati-stampa\/eventi\/attimi-materici-mostra-personale-darte-contemporanea-di-elisabetta-fontana\/"},"author":{"name":"Redazione Comunicati Stampa","@id":"https:\/\/www.article-marketing.eu\/comunicati\/#\/schema\/person\/44372e4d4d0fa797b18e03ed1ace9017"},"headline":"Attimi Materici Mostra Personale d\u2019Arte Contemporanea di Elisabetta Fontana","datePublished":"2009-09-03T13:56:51+00:00","mainEntityOfPage":{"@id":"https:\/\/www.article-marketing.eu\/comunicati\/comunicati-stampa\/eventi\/attimi-materici-mostra-personale-darte-contemporanea-di-elisabetta-fontana\/"},"wordCount":607,"commentCount":0,"keywords":["elisabetta fontana","sabrina falzone"],"articleSection":["Eventi"],"inLanguage":"it-IT","potentialAction":[{"@type":"CommentAction","name":"Comment","target":["https:\/\/www.article-marketing.eu\/comunicati\/comunicati-stampa\/eventi\/attimi-materici-mostra-personale-darte-contemporanea-di-elisabetta-fontana\/#respond"]}]},{"@type":"WebPage","@id":"https:\/\/www.article-marketing.eu\/comunicati\/comunicati-stampa\/eventi\/attimi-materici-mostra-personale-darte-contemporanea-di-elisabetta-fontana\/","url":"https:\/\/www.article-marketing.eu\/comunicati\/comunicati-stampa\/eventi\/attimi-materici-mostra-personale-darte-contemporanea-di-elisabetta-fontana\/","name":"Attimi Materici Mostra Personale d\u2019Arte Contemporanea di Elisabetta Fontana - Article Marketing","isPartOf":{"@id":"https:\/\/www.article-marketing.eu\/comunicati\/#website"},"datePublished":"2009-09-03T13:56:51+00:00","author":{"@id":"https:\/\/www.article-marketing.eu\/comunicati\/#\/schema\/person\/44372e4d4d0fa797b18e03ed1ace9017"},"breadcrumb":{"@id":"https:\/\/www.article-marketing.eu\/comunicati\/comunicati-stampa\/eventi\/attimi-materici-mostra-personale-darte-contemporanea-di-elisabetta-fontana\/#breadcrumb"},"inLanguage":"it-IT","potentialAction":[{"@type":"ReadAction","target":["https:\/\/www.article-marketing.eu\/comunicati\/comunicati-stampa\/eventi\/attimi-materici-mostra-personale-darte-contemporanea-di-elisabetta-fontana\/"]}]},{"@type":"BreadcrumbList","@id":"https:\/\/www.article-marketing.eu\/comunicati\/comunicati-stampa\/eventi\/attimi-materici-mostra-personale-darte-contemporanea-di-elisabetta-fontana\/#breadcrumb","itemListElement":[{"@type":"ListItem","position":1,"name":"Home","item":"https:\/\/www.article-marketing.eu\/comunicati\/"},{"@type":"ListItem","position":2,"name":"Attimi Materici Mostra Personale d\u2019Arte Contemporanea di Elisabetta Fontana"}]},{"@type":"WebSite","@id":"https:\/\/www.article-marketing.eu\/comunicati\/#website","url":"https:\/\/www.article-marketing.eu\/comunicati\/","name":"Article Marketing","description":"article marketing &amp; press release","potentialAction":[{"@type":"SearchAction","target":{"@type":"EntryPoint","urlTemplate":"https:\/\/www.article-marketing.eu\/comunicati\/?s={search_term_string}"},"query-input":{"@type":"PropertyValueSpecification","valueRequired":true,"valueName":"search_term_string"}}],"inLanguage":"it-IT"},{"@type":"Person","@id":"https:\/\/www.article-marketing.eu\/comunicati\/#\/schema\/person\/44372e4d4d0fa797b18e03ed1ace9017","name":"Redazione Comunicati Stampa","image":{"@type":"ImageObject","inLanguage":"it-IT","@id":"https:\/\/www.article-marketing.eu\/comunicati\/#\/schema\/person\/image\/","url":"https:\/\/secure.gravatar.com\/avatar\/50e5c6421d3072f42e7ace803501602c60d75233d34e29fd05feb91c8760b792?s=96&d=mm&r=g","contentUrl":"https:\/\/secure.gravatar.com\/avatar\/50e5c6421d3072f42e7ace803501602c60d75233d34e29fd05feb91c8760b792?s=96&d=mm&r=g","caption":"Redazione Comunicati Stampa"},"url":"https:\/\/www.article-marketing.eu\/comunicati\/author\/redazione-comunicati-stampa\/"}]}},"_links":{"self":[{"href":"https:\/\/www.article-marketing.eu\/comunicati\/wp-json\/wp\/v2\/posts\/2654","targetHints":{"allow":["GET"]}}],"collection":[{"href":"https:\/\/www.article-marketing.eu\/comunicati\/wp-json\/wp\/v2\/posts"}],"about":[{"href":"https:\/\/www.article-marketing.eu\/comunicati\/wp-json\/wp\/v2\/types\/post"}],"author":[{"embeddable":true,"href":"https:\/\/www.article-marketing.eu\/comunicati\/wp-json\/wp\/v2\/users\/10"}],"replies":[{"embeddable":true,"href":"https:\/\/www.article-marketing.eu\/comunicati\/wp-json\/wp\/v2\/comments?post=2654"}],"version-history":[{"count":0,"href":"https:\/\/www.article-marketing.eu\/comunicati\/wp-json\/wp\/v2\/posts\/2654\/revisions"}],"wp:attachment":[{"href":"https:\/\/www.article-marketing.eu\/comunicati\/wp-json\/wp\/v2\/media?parent=2654"}],"wp:term":[{"taxonomy":"category","embeddable":true,"href":"https:\/\/www.article-marketing.eu\/comunicati\/wp-json\/wp\/v2\/categories?post=2654"},{"taxonomy":"post_tag","embeddable":true,"href":"https:\/\/www.article-marketing.eu\/comunicati\/wp-json\/wp\/v2\/tags?post=2654"}],"curies":[{"name":"wp","href":"https:\/\/api.w.org\/{rel}","templated":true}]}}