{"id":26565,"date":"2012-05-16T21:48:59","date_gmt":"2012-05-16T19:48:59","guid":{"rendered":"http:\/\/www.article-marketing.eu\/comunicati\/senza-categoria\/nella-capitale-giungono-i-a%80csegnia%80%9d-di-tre-giovani-artisti-marchigiani\/"},"modified":"2018-07-10T05:19:23","modified_gmt":"2018-07-10T03:19:23","slug":"nella-capitale-giungono-i-a%80csegnia%80%9d-di-tre-giovani-artisti-marchigiani","status":"publish","type":"post","link":"https:\/\/www.article-marketing.eu\/comunicati\/arte-e-cultura\/nella-capitale-giungono-i-a%80csegnia%80%9d-di-tre-giovani-artisti-marchigiani\/","title":{"rendered":"Nella Capitale giungono i \u201cSegni\u201d di tre giovani artisti marchigiani"},"content":{"rendered":"<p>di Emanuela Sabbatini<\/p>\n<p><em style=\"padding: 0px; margin: 0px;\"><strong style=\"padding: 0px; margin: 0px;\">Cervigni, Chavar e Cingolani fino al 31 maggio alla galleria &ldquo;Come se&rdquo;<\/strong><\/em><br \/><br class=\"spacer_\" style=\"padding: 0px; margin: 0px;\" \/><br \/>ROMA &ndash; Nello spazio di un triangolo, si svolge quotidianamente il nostro rapporto tra pensiero, espessione e oggetto. Sostanzialmente, esprimiamo attraverso segni, il significato di qualcosa che abbia un referente pi&ugrave; o meno oggettuale.<br \/>Il segno, dunque, non &egrave; semplicemente una traccia priva di significazione ma essa &egrave; emblema di significato, struttura pi&ugrave; o meno definitiva di un processo di comunicazione sintetica: attraverso un tratto, a fronte di un codice condiviso, posso richiamare alla mente un insieme enorme di significati.<br \/>Se quindi ci ritroviamo a girovagare per le strade del quartiere San Lorenzo a Roma, alla ricerca della Galleria &ldquo;Come se&rdquo; dove si tiene la mostra d&rsquo;arte contemporanea &ldquo;Segni&rdquo; &egrave;, in primo luogo per indagare il senso primo della traccia, per capire se c&rsquo;&egrave; fondamento nell&rsquo;affermazione di Apollinaire &ldquo;Si pu&ograve; dire che la geometria &egrave; per le arti plastiche ci&ograve; che la grammatica &egrave; per l&rsquo;arte dello scrittore&rdquo;. In secondo luogo perch&eacute; Gloria Cervigni (scultrice), Hern&agrave;n Chavar (pittore) e Marco Cingolani (scultore) sono tre artisti marchigiani approdati nel cuore della capitale.<br \/>Il perch&eacute; mi riferisca ad una geometria di fondo &egrave; basilare. Essenzialmente perch&eacute; la galleria &ldquo;Come Se&rdquo; di Rosetta Angelini &egrave; uno spazio riservato prevalentemente all&rsquo;architettura. E lo si vede subito. Nella ricerca profonda di una forma non comunemente armonica, nella rottura della linea retta come modulo di base per restituire all&rsquo;ambiente il movimento. Tra geometrie &ldquo;caligariane&rdquo; (permettetemi il termine) e asimmetrie alla Tobias Rehberger, lo spazio ingloba senza inghiottire le opere dei tre giovani artisti.<br \/>Curata dagli architetti Michele Schiavoni e Felice Silvano, l&rsquo;esposizione gioca a farsi spazio dialogico dove segni diversi si pongono in relazione stretta tra loro. Pur essendo contigui i lavori hanno modo di esprimersi in autonomia, sebbene ognuno lo faccia con il proprio <em style=\"padding: 0px; margin: 0px;\">organon<\/em>.<\/p>\n<p><br style=\"color: #333333; font-family: 'Lucida Grande', 'Lucida Sans Unicode', 'Lucida Sans', LucidaGrande, Geneva, Arial, Verdana, sans-serif; font-size: 13px; line-height: 18px; text-align: left; padding: 0px; margin: 0px;\" \/><\/p>\n<p>Ci ritroviamo subito circondati da esseri strani, mutanti, ibridi nati tra ricalchi preistorici e fantasmagorici richiami alla Cronenberg (<em style=\"padding: 0px; margin: 0px;\">Gladiators<\/em>). &Egrave; questo il mondo di Hern&agrave;n Chavar, una sovranatura, una mistificazione dell&rsquo;anima dove il segno grafico, perch&eacute; di disegni si tratta, &egrave; un tratto di china semplice eppur complesso. Il segno qui &egrave; traccia primordiale e post atomica, due punti opposti di un continuum che pu&ograve; chiudersi in un cerchio. Sembra che tra insetti e animali degli abissi vi sia un unico fil rouge e cio&egrave; l&rsquo;inumano, una natura lontana mille miglia dal somigliare all&rsquo;uomo. E quasi si vira dalla paura ad una sorta di confortante pensiero: forse le mostruosit&agrave; cui l&rsquo;uomo ci ha abituato nella storia sono pi&ugrave; temibili di una natura deforme. Forse il soggetto che dimentica di appartenere alla natura &egrave; semplicemente il modo che essa ha di epurarsi e rendersi ancora raccapricciosamente sana.<br \/>Quando mi rivolgo al segno scultoreo, &egrave; per necessit&agrave; di una realt&agrave; tattile. L&rsquo;esperienza privata di Gloria Cervigni si condensa in oggetti che divergono per fattura e che convergono per funzione. Il ferro, materiale duro eppur lavorabile, sterile, freddo e industriale, sposa la fertilit&agrave; di semi e il calore e la morbidezza di cumuli di lana e gioca, al contempo, a divenire campo semantico di una sessualit&agrave; che esprime il proprio essere in un rapporto tra contenente e contenuto. Una vecchia scatola personale dell&rsquo;artista (<em style=\"padding: 0px; margin: 0px;\">Possibly maybe<\/em>) dialoga con ci&ograve; che cela dentro e mima il significato ripetuto di due gusci di lumaca anch&rsquo;essi contenitori di qualcosa. In questo gioco tra dentro e fuori si definisce non solo un significato simbolico ma anche uno strutturale, ossia il rapporto con lo spazio. Con <em style=\"padding: 0px; margin: 0px;\">&ldquo;Angle Triangle&rdquo;<\/em> la Cervigni indaga il suo intorno, una continua gestione delle forme che vengono a crearsi tra presenza e assenza, tra vuoti e contorni di pieno.<br \/>Si lascia forse ogni impulso emotivo quando ci si volge alle opere di Marco Cingolani. Se nel suo passato la figura umana aveva avuto importanza preponderante, i nuovi lavori dell&rsquo;artista maceratese si orientano alla scarnificazione della forma. Strutture longilinee, filiformi, popolano lo spazio della galleria rompendone la continuit&agrave;. I suoi lavori fagocitano complessit&agrave; per poi digerirla e renderla in forme semplici.<br \/>Cingolani si interroga sulla linearit&agrave; del tempo (<em style=\"padding: 0px; margin: 0px;\">&ldquo;Tempo suddiviso&rdquo;<\/em>), concetto questo caro al pensiero cristiano-giudaico, e la rende attraverso un fil di ferro verticale, con diametri ritmicamente differenti, che, sospeso a pochi millimetri da terra, proietta la propria ombra oscillante. Interagisce cos&igrave; con l&rsquo;ambiente circostante e tutta la poetica dell&rsquo;artista &egrave; volta a questa costante interferenza. O per mimesi o per opposizione le opere ritagliano dall&rsquo;ambiente circostante la propria autonomia.<br \/>E ancora il concetto <em style=\"padding: 0px; margin: 0px;\">sempre caro agli amanti <\/em>di complementariet&agrave; e interdipendenza in due figure verticali che armonicamente realizzano negli esatti opposti un connubio grazie al quale ognuno assume significato.<br \/>La mostra si lascia vedere, indaga il segno come mezzo e come unione di significato e significante. Della geometria a volte si fa scherno, ora imitandola ora ripudiandola ma certo con essa ci fa i conti e dalla forma essenzialmente parte e si diparte per andare oltre, dove il segno riempie quegli spazi di significanza che forse la misura non pu&ograve; dare.<\/p>\n","protected":false},"excerpt":{"rendered":"<p>Se quindi ci ritroviamo a girovagare per le strade del quartiere San Lorenzo a Roma, alla ricerca della Galleria \u201cCome se\u201d dove si tiene la mostra d\u2019arte contemporanea \u201cSegni\u201d \u00e8, in primo luogo per indagare il senso primo della traccia, per capire se c\u2019\u00e8 fondamento nell\u2019affermazione di Apollinaire \u201cSi pu\u00f2 dire che la geometria \u00e8 per le arti plastiche ci\u00f2 che la grammatica \u00e8 per l\u2019arte dello scrittore\u201d. In secondo luogo perch\u00e9 Gloria Cervigni (scultrice), Hern\u00e0n Chavar (pittore) e Marco Cingolani (scultore) sono tre artisti marchigiani approdati nel cuore della capitale.<\/p>\n","protected":false},"author":10,"featured_media":0,"comment_status":"open","ping_status":"open","sticky":false,"template":"","format":"standard","meta":{"cybocfi_hide_featured_image":"","footnotes":""},"categories":[27],"tags":[31665,35711,35624,35623,35625,35712,251,35713,35710],"class_list":["post-26565","post","type-post","status-publish","format-standard","hentry","category-arte-e-cultura","tag-emanuela-sabbatini","tag-galleria-come-se","tag-gloria-cervigni","tag-hernan-chavar","tag-marco-cingolani","tag-michele-schiavoni","tag-roma","tag-rosetta-angelini","tag-segni-mostra-darte-contemporanea"],"yoast_head":"<!-- This site is optimized with the Yoast SEO plugin v27.0 - https:\/\/yoast.com\/product\/yoast-seo-wordpress\/ -->\n<title>Nella Capitale giungono i \u201cSegni\u201d di tre giovani artisti marchigiani - Article Marketing<\/title>\n<meta name=\"robots\" content=\"index, follow, max-snippet:-1, max-image-preview:large, max-video-preview:-1\" \/>\n<link rel=\"canonical\" href=\"https:\/\/www.article-marketing.eu\/comunicati\/arte-e-cultura\/nella-capitale-giungono-i-a?csegnia??-di-tre-giovani-artisti-marchigiani\/\" \/>\n<meta property=\"og:locale\" content=\"it_IT\" \/>\n<meta property=\"og:type\" content=\"article\" \/>\n<meta property=\"og:title\" content=\"Nella Capitale giungono i \u201cSegni\u201d di tre giovani artisti marchigiani - Article Marketing\" \/>\n<meta property=\"og:description\" content=\"Se quindi ci ritroviamo a girovagare per le strade del quartiere San Lorenzo a Roma, alla ricerca della Galleria \u201cCome se\u201d dove si tiene la mostra d\u2019arte contemporanea \u201cSegni\u201d \u00e8, in primo luogo per indagare il senso primo della traccia, per capire se c\u2019\u00e8 fondamento nell\u2019affermazione di Apollinaire \u201cSi pu\u00f2 dire che la geometria \u00e8 per le arti plastiche ci\u00f2 che la grammatica \u00e8 per l\u2019arte dello scrittore\u201d. In secondo luogo perch\u00e9 Gloria Cervigni (scultrice), Hern\u00e0n Chavar (pittore) e Marco Cingolani (scultore) sono tre artisti marchigiani approdati nel cuore della capitale.\" \/>\n<meta property=\"og:url\" content=\"\" \/>\n<meta property=\"og:site_name\" content=\"Article Marketing\" \/>\n<meta property=\"article:published_time\" content=\"2012-05-16T19:48:59+00:00\" \/>\n<meta property=\"article:modified_time\" content=\"2018-07-10T03:19:23+00:00\" \/>\n<meta name=\"author\" content=\"Redazione Comunicati Stampa\" \/>\n<meta name=\"twitter:card\" content=\"summary_large_image\" \/>\n<meta name=\"twitter:label1\" content=\"Scritto da\" \/>\n\t<meta name=\"twitter:data1\" content=\"Redazione Comunicati Stampa\" \/>\n\t<meta name=\"twitter:label2\" content=\"Tempo di lettura stimato\" \/>\n\t<meta name=\"twitter:data2\" content=\"5 minuti\" \/>\n<script type=\"application\/ld+json\" class=\"yoast-schema-graph\">{\"@context\":\"https:\/\/schema.org\",\"@graph\":[{\"@type\":\"Article\",\"@id\":\"https:\/\/www.article-marketing.eu\/comunicati\/arte-e-cultura\/nella-capitale-giungono-i-a%80csegnia%80%9d-di-tre-giovani-artisti-marchigiani\/#article\",\"isPartOf\":{\"@id\":\"https:\/\/www.article-marketing.eu\/comunicati\/arte-e-cultura\/nella-capitale-giungono-i-a%80csegnia%80%9d-di-tre-giovani-artisti-marchigiani\/\"},\"author\":{\"name\":\"Redazione Comunicati Stampa\",\"@id\":\"https:\/\/www.article-marketing.eu\/comunicati\/#\/schema\/person\/44372e4d4d0fa797b18e03ed1ace9017\"},\"headline\":\"Nella Capitale giungono i \u201cSegni\u201d di tre giovani artisti marchigiani\",\"datePublished\":\"2012-05-16T19:48:59+00:00\",\"dateModified\":\"2018-07-10T03:19:23+00:00\",\"mainEntityOfPage\":{\"@id\":\"https:\/\/www.article-marketing.eu\/comunicati\/arte-e-cultura\/nella-capitale-giungono-i-a%80csegnia%80%9d-di-tre-giovani-artisti-marchigiani\/\"},\"wordCount\":920,\"commentCount\":0,\"keywords\":[\"Emanuela Sabbatini\",\"Galleria Come Se\",\"Gloria Cervigni\",\"Hernan Chavar\",\"Marco Cingolani\",\"Michele Schiavoni\",\"roma\",\"Rosetta Angelini\",\"Segni mostra d'arte contemporanea\"],\"articleSection\":[\"Arte e cultura\"],\"inLanguage\":\"it-IT\",\"potentialAction\":[{\"@type\":\"CommentAction\",\"name\":\"Comment\",\"target\":[\"https:\/\/www.article-marketing.eu\/comunicati\/arte-e-cultura\/nella-capitale-giungono-i-a%80csegnia%80%9d-di-tre-giovani-artisti-marchigiani\/#respond\"]}]},{\"@type\":\"WebPage\",\"@id\":\"https:\/\/www.article-marketing.eu\/comunicati\/arte-e-cultura\/nella-capitale-giungono-i-a%80csegnia%80%9d-di-tre-giovani-artisti-marchigiani\/\",\"url\":\"https:\/\/www.article-marketing.eu\/comunicati\/arte-e-cultura\/nella-capitale-giungono-i-a%80csegnia%80%9d-di-tre-giovani-artisti-marchigiani\/\",\"name\":\"Nella Capitale giungono i \u201cSegni\u201d di tre giovani artisti marchigiani - Article Marketing\",\"isPartOf\":{\"@id\":\"https:\/\/www.article-marketing.eu\/comunicati\/#website\"},\"datePublished\":\"2012-05-16T19:48:59+00:00\",\"dateModified\":\"2018-07-10T03:19:23+00:00\",\"author\":{\"@id\":\"https:\/\/www.article-marketing.eu\/comunicati\/#\/schema\/person\/44372e4d4d0fa797b18e03ed1ace9017\"},\"breadcrumb\":{\"@id\":\"https:\/\/www.article-marketing.eu\/comunicati\/arte-e-cultura\/nella-capitale-giungono-i-a%80csegnia%80%9d-di-tre-giovani-artisti-marchigiani\/#breadcrumb\"},\"inLanguage\":\"it-IT\",\"potentialAction\":[{\"@type\":\"ReadAction\",\"target\":[\"https:\/\/www.article-marketing.eu\/comunicati\/arte-e-cultura\/nella-capitale-giungono-i-a%80csegnia%80%9d-di-tre-giovani-artisti-marchigiani\/\"]}]},{\"@type\":\"BreadcrumbList\",\"@id\":\"https:\/\/www.article-marketing.eu\/comunicati\/arte-e-cultura\/nella-capitale-giungono-i-a%80csegnia%80%9d-di-tre-giovani-artisti-marchigiani\/#breadcrumb\",\"itemListElement\":[{\"@type\":\"ListItem\",\"position\":1,\"name\":\"Home\",\"item\":\"https:\/\/www.article-marketing.eu\/comunicati\/\"},{\"@type\":\"ListItem\",\"position\":2,\"name\":\"Nella Capitale giungono i \u201cSegni\u201d di tre giovani artisti marchigiani\"}]},{\"@type\":\"WebSite\",\"@id\":\"https:\/\/www.article-marketing.eu\/comunicati\/#website\",\"url\":\"https:\/\/www.article-marketing.eu\/comunicati\/\",\"name\":\"Article Marketing\",\"description\":\"article marketing &amp; press release\",\"potentialAction\":[{\"@type\":\"SearchAction\",\"target\":{\"@type\":\"EntryPoint\",\"urlTemplate\":\"https:\/\/www.article-marketing.eu\/comunicati\/?s={search_term_string}\"},\"query-input\":{\"@type\":\"PropertyValueSpecification\",\"valueRequired\":true,\"valueName\":\"search_term_string\"}}],\"inLanguage\":\"it-IT\"},{\"@type\":\"Person\",\"@id\":\"https:\/\/www.article-marketing.eu\/comunicati\/#\/schema\/person\/44372e4d4d0fa797b18e03ed1ace9017\",\"name\":\"Redazione Comunicati Stampa\",\"image\":{\"@type\":\"ImageObject\",\"inLanguage\":\"it-IT\",\"@id\":\"https:\/\/www.article-marketing.eu\/comunicati\/#\/schema\/person\/image\/\",\"url\":\"https:\/\/secure.gravatar.com\/avatar\/50e5c6421d3072f42e7ace803501602c60d75233d34e29fd05feb91c8760b792?s=96&d=mm&r=g\",\"contentUrl\":\"https:\/\/secure.gravatar.com\/avatar\/50e5c6421d3072f42e7ace803501602c60d75233d34e29fd05feb91c8760b792?s=96&d=mm&r=g\",\"caption\":\"Redazione Comunicati Stampa\"},\"url\":\"https:\/\/www.article-marketing.eu\/comunicati\/author\/redazione-comunicati-stampa\/\"}]}<\/script>\n<!-- \/ Yoast SEO plugin. -->","yoast_head_json":{"title":"Nella Capitale giungono i \u201cSegni\u201d di tre giovani artisti marchigiani - Article Marketing","robots":{"index":"index","follow":"follow","max-snippet":"max-snippet:-1","max-image-preview":"max-image-preview:large","max-video-preview":"max-video-preview:-1"},"canonical":"https:\/\/www.article-marketing.eu\/comunicati\/arte-e-cultura\/nella-capitale-giungono-i-a?csegnia??-di-tre-giovani-artisti-marchigiani\/","og_locale":"it_IT","og_type":"article","og_title":"Nella Capitale giungono i \u201cSegni\u201d di tre giovani artisti marchigiani - Article Marketing","og_description":"Se quindi ci ritroviamo a girovagare per le strade del quartiere San Lorenzo a Roma, alla ricerca della Galleria \u201cCome se\u201d dove si tiene la mostra d\u2019arte contemporanea \u201cSegni\u201d \u00e8, in primo luogo per indagare il senso primo della traccia, per capire se c\u2019\u00e8 fondamento nell\u2019affermazione di Apollinaire \u201cSi pu\u00f2 dire che la geometria \u00e8 per le arti plastiche ci\u00f2 che la grammatica \u00e8 per l\u2019arte dello scrittore\u201d. In secondo luogo perch\u00e9 Gloria Cervigni (scultrice), Hern\u00e0n Chavar (pittore) e Marco Cingolani (scultore) sono tre artisti marchigiani approdati nel cuore della capitale.","og_url":"https:\/\/www.article-marketing.eu\/comunicati\/arte-e-cultura\/nella-capitale-giungono-i-a?csegnia??-di-tre-giovani-artisti-marchigiani\/","og_site_name":"Article Marketing","article_published_time":"2012-05-16T19:48:59+00:00","article_modified_time":"2018-07-10T03:19:23+00:00","author":"Redazione Comunicati Stampa","twitter_card":"summary_large_image","twitter_misc":{"Scritto da":"Redazione Comunicati Stampa","Tempo di lettura stimato":"5 minuti"},"schema":{"@context":"https:\/\/schema.org","@graph":[{"@type":"Article","@id":"https:\/\/www.article-marketing.eu\/comunicati\/arte-e-cultura\/nella-capitale-giungono-i-a%80csegnia%80%9d-di-tre-giovani-artisti-marchigiani\/#article","isPartOf":{"@id":"https:\/\/www.article-marketing.eu\/comunicati\/arte-e-cultura\/nella-capitale-giungono-i-a%80csegnia%80%9d-di-tre-giovani-artisti-marchigiani\/"},"author":{"name":"Redazione Comunicati Stampa","@id":"https:\/\/www.article-marketing.eu\/comunicati\/#\/schema\/person\/44372e4d4d0fa797b18e03ed1ace9017"},"headline":"Nella Capitale giungono i \u201cSegni\u201d di tre giovani artisti marchigiani","datePublished":"2012-05-16T19:48:59+00:00","dateModified":"2018-07-10T03:19:23+00:00","mainEntityOfPage":{"@id":"https:\/\/www.article-marketing.eu\/comunicati\/arte-e-cultura\/nella-capitale-giungono-i-a%80csegnia%80%9d-di-tre-giovani-artisti-marchigiani\/"},"wordCount":920,"commentCount":0,"keywords":["Emanuela Sabbatini","Galleria Come Se","Gloria Cervigni","Hernan Chavar","Marco Cingolani","Michele Schiavoni","roma","Rosetta Angelini","Segni mostra d'arte contemporanea"],"articleSection":["Arte e cultura"],"inLanguage":"it-IT","potentialAction":[{"@type":"CommentAction","name":"Comment","target":["https:\/\/www.article-marketing.eu\/comunicati\/arte-e-cultura\/nella-capitale-giungono-i-a%80csegnia%80%9d-di-tre-giovani-artisti-marchigiani\/#respond"]}]},{"@type":"WebPage","@id":"https:\/\/www.article-marketing.eu\/comunicati\/arte-e-cultura\/nella-capitale-giungono-i-a%80csegnia%80%9d-di-tre-giovani-artisti-marchigiani\/","url":"https:\/\/www.article-marketing.eu\/comunicati\/arte-e-cultura\/nella-capitale-giungono-i-a%80csegnia%80%9d-di-tre-giovani-artisti-marchigiani\/","name":"Nella Capitale giungono i \u201cSegni\u201d di tre giovani artisti marchigiani - Article Marketing","isPartOf":{"@id":"https:\/\/www.article-marketing.eu\/comunicati\/#website"},"datePublished":"2012-05-16T19:48:59+00:00","dateModified":"2018-07-10T03:19:23+00:00","author":{"@id":"https:\/\/www.article-marketing.eu\/comunicati\/#\/schema\/person\/44372e4d4d0fa797b18e03ed1ace9017"},"breadcrumb":{"@id":"https:\/\/www.article-marketing.eu\/comunicati\/arte-e-cultura\/nella-capitale-giungono-i-a%80csegnia%80%9d-di-tre-giovani-artisti-marchigiani\/#breadcrumb"},"inLanguage":"it-IT","potentialAction":[{"@type":"ReadAction","target":["https:\/\/www.article-marketing.eu\/comunicati\/arte-e-cultura\/nella-capitale-giungono-i-a%80csegnia%80%9d-di-tre-giovani-artisti-marchigiani\/"]}]},{"@type":"BreadcrumbList","@id":"https:\/\/www.article-marketing.eu\/comunicati\/arte-e-cultura\/nella-capitale-giungono-i-a%80csegnia%80%9d-di-tre-giovani-artisti-marchigiani\/#breadcrumb","itemListElement":[{"@type":"ListItem","position":1,"name":"Home","item":"https:\/\/www.article-marketing.eu\/comunicati\/"},{"@type":"ListItem","position":2,"name":"Nella Capitale giungono i \u201cSegni\u201d di tre giovani artisti marchigiani"}]},{"@type":"WebSite","@id":"https:\/\/www.article-marketing.eu\/comunicati\/#website","url":"https:\/\/www.article-marketing.eu\/comunicati\/","name":"Article Marketing","description":"article marketing &amp; press release","potentialAction":[{"@type":"SearchAction","target":{"@type":"EntryPoint","urlTemplate":"https:\/\/www.article-marketing.eu\/comunicati\/?s={search_term_string}"},"query-input":{"@type":"PropertyValueSpecification","valueRequired":true,"valueName":"search_term_string"}}],"inLanguage":"it-IT"},{"@type":"Person","@id":"https:\/\/www.article-marketing.eu\/comunicati\/#\/schema\/person\/44372e4d4d0fa797b18e03ed1ace9017","name":"Redazione Comunicati Stampa","image":{"@type":"ImageObject","inLanguage":"it-IT","@id":"https:\/\/www.article-marketing.eu\/comunicati\/#\/schema\/person\/image\/","url":"https:\/\/secure.gravatar.com\/avatar\/50e5c6421d3072f42e7ace803501602c60d75233d34e29fd05feb91c8760b792?s=96&d=mm&r=g","contentUrl":"https:\/\/secure.gravatar.com\/avatar\/50e5c6421d3072f42e7ace803501602c60d75233d34e29fd05feb91c8760b792?s=96&d=mm&r=g","caption":"Redazione Comunicati Stampa"},"url":"https:\/\/www.article-marketing.eu\/comunicati\/author\/redazione-comunicati-stampa\/"}]}},"_links":{"self":[{"href":"https:\/\/www.article-marketing.eu\/comunicati\/wp-json\/wp\/v2\/posts\/26565","targetHints":{"allow":["GET"]}}],"collection":[{"href":"https:\/\/www.article-marketing.eu\/comunicati\/wp-json\/wp\/v2\/posts"}],"about":[{"href":"https:\/\/www.article-marketing.eu\/comunicati\/wp-json\/wp\/v2\/types\/post"}],"author":[{"embeddable":true,"href":"https:\/\/www.article-marketing.eu\/comunicati\/wp-json\/wp\/v2\/users\/10"}],"replies":[{"embeddable":true,"href":"https:\/\/www.article-marketing.eu\/comunicati\/wp-json\/wp\/v2\/comments?post=26565"}],"version-history":[{"count":1,"href":"https:\/\/www.article-marketing.eu\/comunicati\/wp-json\/wp\/v2\/posts\/26565\/revisions"}],"predecessor-version":[{"id":61208,"href":"https:\/\/www.article-marketing.eu\/comunicati\/wp-json\/wp\/v2\/posts\/26565\/revisions\/61208"}],"wp:attachment":[{"href":"https:\/\/www.article-marketing.eu\/comunicati\/wp-json\/wp\/v2\/media?parent=26565"}],"wp:term":[{"taxonomy":"category","embeddable":true,"href":"https:\/\/www.article-marketing.eu\/comunicati\/wp-json\/wp\/v2\/categories?post=26565"},{"taxonomy":"post_tag","embeddable":true,"href":"https:\/\/www.article-marketing.eu\/comunicati\/wp-json\/wp\/v2\/tags?post=26565"}],"curies":[{"name":"wp","href":"https:\/\/api.w.org\/{rel}","templated":true}]}}