{"id":26623,"date":"2012-05-18T17:12:36","date_gmt":"2012-05-18T15:12:36","guid":{"rendered":"http:\/\/www.article-marketing.eu\/comunicati\/senza-categoria\/article_2-32\/"},"modified":"2012-05-18T17:12:36","modified_gmt":"2012-05-18T15:12:36","slug":"article_2-32","status":"publish","type":"post","link":"https:\/\/www.article-marketing.eu\/comunicati\/viaggi-e-vacanze\/destinazioni\/article_2-32\/","title":{"rendered":"Tenerife, la perla delle isole Canarie"},"content":{"rendered":"<p>Tenerife, una delle pi&ugrave; note isole Canarie, era considerata fino a un p&ograve; di tempo fa una localit&agrave; per una vacanza a basso costo, ma recentemente la sua fama &egrave; cresciuta, fino a diventare una delle mete pi&ugrave; ricercate d&#8217;Europa. <br \/>Tenerife ha 2 aeroporti, uno &egrave; il Reina Sofia, a sud, mentre l&#8217;altro si chiama Los Rodeos ed &egrave; nella parte nord dell&#8217;isola. <br \/>Il Reina Sofia &egrave; prevelentemente usato per i voli verso il resto mondo, a Los Rodeos invece passano le tratte di collegamento con le altre isole Canarie.<br \/>Una decina d&#8217;anni fa &egrave; stato inaugurato il nuovo terminal di Los Rodeos. Gli appassionati di arrampicata vedranno che <a href=\"http:\/\/www.vivitenerife.com\/tenerife\" target=\"_blank\" title=\"Notizie dall'isola di Tenerife\">Tenerife<\/a> offre opportunit&agrave; imperdibili, la roccia del Monte Teide &egrave; un luogo ideale per praticare il bouldering e l&#8217;arrampicata. <br \/>Ad oggi ci sono pi&ugrave; di 950 tratti che si articolano su 20 singole falesie. <\/p>\n<p>Gli indigeni locali erano alla stregua di uomini delle caverne ed erano soliti praticare diversi riti poco comuni per le isole: usavano infatti tumulare i loro defunti nelle grotte e mummificarli, nel corso degli anni sono state scoperte molte mummie. <\/p>\n<p>Tenerife &egrave; conusciuta anche per la sua sabbia nera, qui infatti si possono trovare spiagge vicino a Puerto de la Cruz con questa tipicasabbia nera, come ad esempio Playa Jardin. <\/p>\n<p>La citt&agrave; vanta molte strutture architettoniche interessanti come El Castillo de San Felipe eil arty Nuestra Se&ntilde;ora de la Pe&ntilde;a convento. <br \/>Un altra attrazzione naturale che si trova sull&#8217;isola di Tenerife sono le scogliere di Los Gigantes, nella parte nord-ovest.<br \/>Los Gigantes vuol dire &#8220;I Giganti&#8221; e il nome gli si addice sicuramente per le imponenti montagne, alte da 500 a 800 metri, che dal livello del mare si stagliano verso il cielo.<\/p>\n<p>Costa Adeje offre tutti i tipi di sport acquatici come la immersioni, surf, jet ski, vela, pesca, e ovviamente le escursioni marine con avvistamenti di balene.<br \/>Golf Costa Adeje &egrave; uno dei migliori campi da golf a Tenerife, ha anche ospitato alcuni grandi tornei internazionali. <\/p>\n<p>L&#8217;area intorno al vulcano Teide &egrave; un parco naturale protetto dalla legge dato il suo &#8220;valore ecologico&#8221;. <\/p>\n<p>Girando per Tenerife puoi trovare piccoli boschi e zone residenziali, specie uniche di fiori o spiagge come Playa de la Tejita, in cui si ha l&#8217;impressione che si tratti di un luogo ancora vergine, dove gli esseri umani non sono ancora arrivati. <br \/>Tipicamente le spiagge sono pulite e regna il silenzio. <br \/>Si vedr&agrave; solo un ombrellone qua e l&agrave;, non ci sono ne bar affollati ne musica ad alto volume o ristoranti affollati! <\/p>\n<p>A Tenerife molte delle spiagge offrono la possibilit&agrave; di pratica vari sport acquatici, dalla vela al diving, si pu&ograve; trovare qualcosa per tutti i gusti. <br \/>Tra le spiagge pi&ugrave; famose dell&#8217;isola ci sono Playa Jardin e Playa de las Americas, ideale per le famiglie in quanto sicure e non affollate come le altre. <br \/>Playa de la Tejita &egrave; un&#8217;altra favolosa spiaggia che si trova sulla costa sud di Tenerife. <\/p>\n<p>Con una gita al Monkey Park puoi giocare da vicino i Lemuri, entrare negli enormi spazi recintati e dar loro da mangiare i loro frutti preferiti. <br \/>I bambini che amano gli animali saranno assolutamente entusiasti di poter avvicinare cos&igrave; facilmente queste meravigliose creature. <\/p>\n<p>Santa Cruz de Tenerife, situata a nord, &egrave; uno dei porti pi&ugrave; belli della Spagna. <br \/>Questa citt&agrave; &egrave; un bellissimo esempio di architettura civile, ospita una notevole collezione di opere appartenenti a pittori Canari. <br \/>La chiesa di San Francisco &egrave; il posto giusto per chi ama lo stile barocco, mentre la Chiesa de la Conception risale agli inizi del 1500 e vanta cinque navate e una meravigliosa croce latina. <\/p>\n<p>Ci sono anche alcuni interessanti musei come il Museo delle Belle Arti, la Recova Arts Center e il Museo di Storia Naturale. <\/p>\n<p>Un altro interessante luogo da visitare a Tenerife &egrave; Masca, un piccolo villaggio di montagna sul monte Teno a 650 metri di altitudine, conta solo 100 abitanti circa ed &egrave; praticamente situato nel cratere del vulcano.<br \/>Fino agli anni &#8217;60 era raggiungibile solo con una stradina in terra battuta, oggi esiste una strada asfaltata comodamente percorribile in auto. <br \/>Per gli amanti delle camminate all&#8217;aperto, c&#8217;&egrave; un percorso di circa 6 ore che parte dal centro di Masca e arriva fino al mare.<br \/>6 ore possono sembrare molte, e in effetti lo sono, ma il sentiero &egrave; tutto in discesa e il panorama ne vale la pena. <br \/>Una vola arrivati al mare, pochi tornano indietro a piedi, solitamente scelgono di tornare alla macchina prendendo la barca fino a Los Gigantes e poi in autobus fino a Masca.<\/p>\n","protected":false},"excerpt":{"rendered":"<p>Tenerife, una delle pi\u00f9 note isole Canarie, era considerata fino a un p\u00f2 di tempo fa una localit\u00e0 per una vacanza a basso costo, ma recentemente la sua fama \u00e8 cresciuta, fino a diventare una delle mete pi\u00f9 ricercate d&#8217;Europa.<\/p>\n","protected":false},"author":10,"featured_media":0,"comment_status":"open","ping_status":"open","sticky":false,"template":"","format":"standard","meta":{"cybocfi_hide_featured_image":"","footnotes":""},"categories":[143],"tags":[9710,7972,598],"class_list":["post-26623","post","type-post","status-publish","format-standard","hentry","category-destinazioni","tag-canarie","tag-tenerife","tag-vacanza"],"yoast_head":"<!-- This site is optimized with the Yoast SEO plugin v27.0 - https:\/\/yoast.com\/product\/yoast-seo-wordpress\/ -->\n<title>Tenerife, la perla delle isole Canarie - Article Marketing<\/title>\n<meta name=\"robots\" content=\"index, follow, max-snippet:-1, max-image-preview:large, max-video-preview:-1\" \/>\n<link rel=\"canonical\" href=\"https:\/\/www.article-marketing.eu\/comunicati\/viaggi-e-vacanze\/destinazioni\/article_2-32\/\" \/>\n<meta property=\"og:locale\" content=\"it_IT\" \/>\n<meta property=\"og:type\" content=\"article\" \/>\n<meta property=\"og:title\" content=\"Tenerife, la perla delle isole Canarie - Article Marketing\" \/>\n<meta property=\"og:description\" content=\"Tenerife, una delle pi\u00f9 note isole Canarie, era considerata fino a un p\u00f2 di tempo fa una localit\u00e0 per una vacanza a basso costo, ma recentemente la sua fama \u00e8 cresciuta, fino a diventare una delle mete pi\u00f9 ricercate d&#039;Europa.\" \/>\n<meta property=\"og:url\" content=\"https:\/\/www.article-marketing.eu\/comunicati\/viaggi-e-vacanze\/destinazioni\/article_2-32\/\" \/>\n<meta property=\"og:site_name\" content=\"Article Marketing\" \/>\n<meta property=\"article:published_time\" content=\"2012-05-18T15:12:36+00:00\" \/>\n<meta name=\"author\" content=\"Redazione Comunicati Stampa\" \/>\n<meta name=\"twitter:card\" content=\"summary_large_image\" \/>\n<meta name=\"twitter:label1\" content=\"Scritto da\" \/>\n\t<meta name=\"twitter:data1\" content=\"Redazione Comunicati Stampa\" \/>\n\t<meta name=\"twitter:label2\" content=\"Tempo di lettura stimato\" \/>\n\t<meta name=\"twitter:data2\" content=\"4 minuti\" \/>\n<script type=\"application\/ld+json\" class=\"yoast-schema-graph\">{\"@context\":\"https:\/\/schema.org\",\"@graph\":[{\"@type\":\"Article\",\"@id\":\"https:\/\/www.article-marketing.eu\/comunicati\/viaggi-e-vacanze\/destinazioni\/article_2-32\/#article\",\"isPartOf\":{\"@id\":\"https:\/\/www.article-marketing.eu\/comunicati\/viaggi-e-vacanze\/destinazioni\/article_2-32\/\"},\"author\":{\"name\":\"Redazione Comunicati Stampa\",\"@id\":\"https:\/\/www.article-marketing.eu\/comunicati\/#\/schema\/person\/44372e4d4d0fa797b18e03ed1ace9017\"},\"headline\":\"Tenerife, la perla delle isole Canarie\",\"datePublished\":\"2012-05-18T15:12:36+00:00\",\"mainEntityOfPage\":{\"@id\":\"https:\/\/www.article-marketing.eu\/comunicati\/viaggi-e-vacanze\/destinazioni\/article_2-32\/\"},\"wordCount\":776,\"commentCount\":0,\"keywords\":[\"canarie\",\"Tenerife\",\"vacanza\"],\"articleSection\":[\"Destinazioni\"],\"inLanguage\":\"it-IT\",\"potentialAction\":[{\"@type\":\"CommentAction\",\"name\":\"Comment\",\"target\":[\"https:\/\/www.article-marketing.eu\/comunicati\/viaggi-e-vacanze\/destinazioni\/article_2-32\/#respond\"]}]},{\"@type\":\"WebPage\",\"@id\":\"https:\/\/www.article-marketing.eu\/comunicati\/viaggi-e-vacanze\/destinazioni\/article_2-32\/\",\"url\":\"https:\/\/www.article-marketing.eu\/comunicati\/viaggi-e-vacanze\/destinazioni\/article_2-32\/\",\"name\":\"Tenerife, la perla delle isole Canarie - Article Marketing\",\"isPartOf\":{\"@id\":\"https:\/\/www.article-marketing.eu\/comunicati\/#website\"},\"datePublished\":\"2012-05-18T15:12:36+00:00\",\"author\":{\"@id\":\"https:\/\/www.article-marketing.eu\/comunicati\/#\/schema\/person\/44372e4d4d0fa797b18e03ed1ace9017\"},\"breadcrumb\":{\"@id\":\"https:\/\/www.article-marketing.eu\/comunicati\/viaggi-e-vacanze\/destinazioni\/article_2-32\/#breadcrumb\"},\"inLanguage\":\"it-IT\",\"potentialAction\":[{\"@type\":\"ReadAction\",\"target\":[\"https:\/\/www.article-marketing.eu\/comunicati\/viaggi-e-vacanze\/destinazioni\/article_2-32\/\"]}]},{\"@type\":\"BreadcrumbList\",\"@id\":\"https:\/\/www.article-marketing.eu\/comunicati\/viaggi-e-vacanze\/destinazioni\/article_2-32\/#breadcrumb\",\"itemListElement\":[{\"@type\":\"ListItem\",\"position\":1,\"name\":\"Home\",\"item\":\"https:\/\/www.article-marketing.eu\/comunicati\/\"},{\"@type\":\"ListItem\",\"position\":2,\"name\":\"Tenerife, la perla delle isole Canarie\"}]},{\"@type\":\"WebSite\",\"@id\":\"https:\/\/www.article-marketing.eu\/comunicati\/#website\",\"url\":\"https:\/\/www.article-marketing.eu\/comunicati\/\",\"name\":\"Article Marketing\",\"description\":\"article marketing &amp; press release\",\"potentialAction\":[{\"@type\":\"SearchAction\",\"target\":{\"@type\":\"EntryPoint\",\"urlTemplate\":\"https:\/\/www.article-marketing.eu\/comunicati\/?s={search_term_string}\"},\"query-input\":{\"@type\":\"PropertyValueSpecification\",\"valueRequired\":true,\"valueName\":\"search_term_string\"}}],\"inLanguage\":\"it-IT\"},{\"@type\":\"Person\",\"@id\":\"https:\/\/www.article-marketing.eu\/comunicati\/#\/schema\/person\/44372e4d4d0fa797b18e03ed1ace9017\",\"name\":\"Redazione Comunicati Stampa\",\"image\":{\"@type\":\"ImageObject\",\"inLanguage\":\"it-IT\",\"@id\":\"https:\/\/www.article-marketing.eu\/comunicati\/#\/schema\/person\/image\/\",\"url\":\"https:\/\/secure.gravatar.com\/avatar\/50e5c6421d3072f42e7ace803501602c60d75233d34e29fd05feb91c8760b792?s=96&d=mm&r=g\",\"contentUrl\":\"https:\/\/secure.gravatar.com\/avatar\/50e5c6421d3072f42e7ace803501602c60d75233d34e29fd05feb91c8760b792?s=96&d=mm&r=g\",\"caption\":\"Redazione Comunicati Stampa\"},\"url\":\"https:\/\/www.article-marketing.eu\/comunicati\/author\/redazione-comunicati-stampa\/\"}]}<\/script>\n<!-- \/ Yoast SEO plugin. -->","yoast_head_json":{"title":"Tenerife, la perla delle isole Canarie - Article Marketing","robots":{"index":"index","follow":"follow","max-snippet":"max-snippet:-1","max-image-preview":"max-image-preview:large","max-video-preview":"max-video-preview:-1"},"canonical":"https:\/\/www.article-marketing.eu\/comunicati\/viaggi-e-vacanze\/destinazioni\/article_2-32\/","og_locale":"it_IT","og_type":"article","og_title":"Tenerife, la perla delle isole Canarie - Article Marketing","og_description":"Tenerife, una delle pi\u00f9 note isole Canarie, era considerata fino a un p\u00f2 di tempo fa una localit\u00e0 per una vacanza a basso costo, ma recentemente la sua fama \u00e8 cresciuta, fino a diventare una delle mete pi\u00f9 ricercate d'Europa.","og_url":"https:\/\/www.article-marketing.eu\/comunicati\/viaggi-e-vacanze\/destinazioni\/article_2-32\/","og_site_name":"Article Marketing","article_published_time":"2012-05-18T15:12:36+00:00","author":"Redazione Comunicati Stampa","twitter_card":"summary_large_image","twitter_misc":{"Scritto da":"Redazione Comunicati Stampa","Tempo di lettura stimato":"4 minuti"},"schema":{"@context":"https:\/\/schema.org","@graph":[{"@type":"Article","@id":"https:\/\/www.article-marketing.eu\/comunicati\/viaggi-e-vacanze\/destinazioni\/article_2-32\/#article","isPartOf":{"@id":"https:\/\/www.article-marketing.eu\/comunicati\/viaggi-e-vacanze\/destinazioni\/article_2-32\/"},"author":{"name":"Redazione Comunicati Stampa","@id":"https:\/\/www.article-marketing.eu\/comunicati\/#\/schema\/person\/44372e4d4d0fa797b18e03ed1ace9017"},"headline":"Tenerife, la perla delle isole Canarie","datePublished":"2012-05-18T15:12:36+00:00","mainEntityOfPage":{"@id":"https:\/\/www.article-marketing.eu\/comunicati\/viaggi-e-vacanze\/destinazioni\/article_2-32\/"},"wordCount":776,"commentCount":0,"keywords":["canarie","Tenerife","vacanza"],"articleSection":["Destinazioni"],"inLanguage":"it-IT","potentialAction":[{"@type":"CommentAction","name":"Comment","target":["https:\/\/www.article-marketing.eu\/comunicati\/viaggi-e-vacanze\/destinazioni\/article_2-32\/#respond"]}]},{"@type":"WebPage","@id":"https:\/\/www.article-marketing.eu\/comunicati\/viaggi-e-vacanze\/destinazioni\/article_2-32\/","url":"https:\/\/www.article-marketing.eu\/comunicati\/viaggi-e-vacanze\/destinazioni\/article_2-32\/","name":"Tenerife, la perla delle isole Canarie - Article Marketing","isPartOf":{"@id":"https:\/\/www.article-marketing.eu\/comunicati\/#website"},"datePublished":"2012-05-18T15:12:36+00:00","author":{"@id":"https:\/\/www.article-marketing.eu\/comunicati\/#\/schema\/person\/44372e4d4d0fa797b18e03ed1ace9017"},"breadcrumb":{"@id":"https:\/\/www.article-marketing.eu\/comunicati\/viaggi-e-vacanze\/destinazioni\/article_2-32\/#breadcrumb"},"inLanguage":"it-IT","potentialAction":[{"@type":"ReadAction","target":["https:\/\/www.article-marketing.eu\/comunicati\/viaggi-e-vacanze\/destinazioni\/article_2-32\/"]}]},{"@type":"BreadcrumbList","@id":"https:\/\/www.article-marketing.eu\/comunicati\/viaggi-e-vacanze\/destinazioni\/article_2-32\/#breadcrumb","itemListElement":[{"@type":"ListItem","position":1,"name":"Home","item":"https:\/\/www.article-marketing.eu\/comunicati\/"},{"@type":"ListItem","position":2,"name":"Tenerife, la perla delle isole Canarie"}]},{"@type":"WebSite","@id":"https:\/\/www.article-marketing.eu\/comunicati\/#website","url":"https:\/\/www.article-marketing.eu\/comunicati\/","name":"Article Marketing","description":"article marketing &amp; press release","potentialAction":[{"@type":"SearchAction","target":{"@type":"EntryPoint","urlTemplate":"https:\/\/www.article-marketing.eu\/comunicati\/?s={search_term_string}"},"query-input":{"@type":"PropertyValueSpecification","valueRequired":true,"valueName":"search_term_string"}}],"inLanguage":"it-IT"},{"@type":"Person","@id":"https:\/\/www.article-marketing.eu\/comunicati\/#\/schema\/person\/44372e4d4d0fa797b18e03ed1ace9017","name":"Redazione Comunicati Stampa","image":{"@type":"ImageObject","inLanguage":"it-IT","@id":"https:\/\/www.article-marketing.eu\/comunicati\/#\/schema\/person\/image\/","url":"https:\/\/secure.gravatar.com\/avatar\/50e5c6421d3072f42e7ace803501602c60d75233d34e29fd05feb91c8760b792?s=96&d=mm&r=g","contentUrl":"https:\/\/secure.gravatar.com\/avatar\/50e5c6421d3072f42e7ace803501602c60d75233d34e29fd05feb91c8760b792?s=96&d=mm&r=g","caption":"Redazione Comunicati Stampa"},"url":"https:\/\/www.article-marketing.eu\/comunicati\/author\/redazione-comunicati-stampa\/"}]}},"_links":{"self":[{"href":"https:\/\/www.article-marketing.eu\/comunicati\/wp-json\/wp\/v2\/posts\/26623","targetHints":{"allow":["GET"]}}],"collection":[{"href":"https:\/\/www.article-marketing.eu\/comunicati\/wp-json\/wp\/v2\/posts"}],"about":[{"href":"https:\/\/www.article-marketing.eu\/comunicati\/wp-json\/wp\/v2\/types\/post"}],"author":[{"embeddable":true,"href":"https:\/\/www.article-marketing.eu\/comunicati\/wp-json\/wp\/v2\/users\/10"}],"replies":[{"embeddable":true,"href":"https:\/\/www.article-marketing.eu\/comunicati\/wp-json\/wp\/v2\/comments?post=26623"}],"version-history":[{"count":0,"href":"https:\/\/www.article-marketing.eu\/comunicati\/wp-json\/wp\/v2\/posts\/26623\/revisions"}],"wp:attachment":[{"href":"https:\/\/www.article-marketing.eu\/comunicati\/wp-json\/wp\/v2\/media?parent=26623"}],"wp:term":[{"taxonomy":"category","embeddable":true,"href":"https:\/\/www.article-marketing.eu\/comunicati\/wp-json\/wp\/v2\/categories?post=26623"},{"taxonomy":"post_tag","embeddable":true,"href":"https:\/\/www.article-marketing.eu\/comunicati\/wp-json\/wp\/v2\/tags?post=26623"}],"curies":[{"name":"wp","href":"https:\/\/api.w.org\/{rel}","templated":true}]}}