{"id":267,"date":"2008-03-26T23:18:03","date_gmt":"2008-03-26T22:18:03","guid":{"rendered":"http:\/\/www.article-marketing.eu\/comunicati\/senza-categoria\/peter-de-boer-e-radioqualia-in-reality-in-translation\/"},"modified":"2008-03-26T23:18:03","modified_gmt":"2008-03-26T22:18:03","slug":"peter-de-boer-e-radioqualia-in-reality-in-translation","status":"publish","type":"post","link":"https:\/\/www.article-marketing.eu\/comunicati\/arte-e-cultura\/peter-de-boer-e-radioqualia-in-reality-in-translation\/","title":{"rendered":"Peter De Boer e Radioqualia in Reality in Translation"},"content":{"rendered":"<p>Dopo il grande successo della mostra di <strong>Silvia Camporesi<\/strong>, la <strong>Galleria Marconi<\/strong> di Cupra Marittima inaugura un nuovo appuntamento della rassegna <strong>Con te o senza di te. <\/strong>Domenica 30 marzo alle 18.00, sar\u00e0 presentata la doppia personale degli artisti olandesi <strong>Peter De Boer<\/strong> e <strong>Radioqualia<\/strong> (<strong>Adam Hyde e Honor Harger<\/strong>) dal titolo <strong>Reality in Traslation. <\/strong>La mostra, che si avvale della cura e del testo critico di <strong>Gloria Gradassi<\/strong>, propone un\u2019interessante spaccato della situazione artistica in Olanda. <\/p>\n<p>&nbsp;<\/p>\n<p>\u201cLinguaggi differenti che s\u2019intrecciano e s\u2019intersecano in una doppia personale, che focalizza il concetto di modificazione del reale attraverso i linguaggi e le tecnologie, chiamando al centro del rapporto con l\u2019opera l\u2019osservatore, che non \u00e8 pi\u00f9 terminale passivo della relazione ma parte del suo completamento. La triangolazione tra realt\u00e0, linguaggio e percezione, evidenzia comunque una definitiva instabilit\u00e0 delle relazioni. Il continuo modificarsi della realt\u00e0 nello scorrere del tempo e le tecnologie si confermano essere lo strumento che ci permette di dotarci di protesi pi\u00f9 sensibili in grado di captare e fermare nel tempo tale scorrimento. <\/p>\n<p>L\u2019olandese Peter de Boer realizza dei video-ritratti di 30 minuti, portando sulle pareti della galleria persone reali, che concentrate di fronte alla telecamera fissano l\u2019osservatore. La realt\u00e0 del soggetto ritratto, nella durata dell\u2019opera, diventa gradualmente pi\u00f9 tangibile nello sguardo di chi osserva, fino a generare l\u2019illusione di una presenza reale e comunque di una reazione in diretta. Realt\u00e0 e finzione si mescolano nell\u2019utilizzo iper-reale della tecnologia.<\/p>\n<p>Radioqualia (formazione artistica composta da Hadam Hyde e Honor Harger), rifacendosi ai presupposti dell\u2019arte concettuale e delle sperimentazioni delle avanguardie e delle neo-avanguardie, punta, attraverso l\u2019uso di strumenti tecnologici, a smaterializzare l\u2019opera del suo peso e delle sue forme, per ricondurre tutto alle idee ed ai significati. Radio Astronomy, il lavoro che presentano in questa mostra, intercetta suoni dallo spazio attraverso una stazione posta nei Paesi Baltici, e li trasmette, via radio e internet, all\u2019interno della galleria. Suoni che acquisiscono una forma artistica, altrimenti intangibile, grazie alla percezione che di essi ha il visitatore\u201d. (Gloria Gradassi)<\/p>\n<p>&nbsp;<\/p>\n<p><strong>Con te o senza di te<\/strong> \u00e8 il nome del rassegna che nella stagione 2007\/08 riunisce le mostre della Galleria Marconi. A primo impatto potrebbe sembrare una presa di posizione abbastanza snob, come per dire: che tu ci sia o meno la nostra attivit\u00e0 va avanti lo stesso. Ma questa a ben guardare \u00e8 solo l\u2019impressione iniziale, e non potrebbe essere altrimenti, perch\u00e9 la realt\u00e0 \u00e8 un\u2019altra, e ben diversa.<\/p>\n<p>Questo progetto \u00e8 in verit\u00e0 una dedica, ed un ringraziamento, a tutte le persone che negli anni di attivit\u00e0 della Galleria, hanno collaborato alle nostre iniziative, hanno partecipato, o ci sono state semplicemente vicine col cuore e\/o con la simpatia.<\/p>\n<p><strong>Con te o senza di te <\/strong>le cose non sarebbero mai potute andare secondo il percorso che la Galleria ha fatto in questi anni. Artisti, critici, curatori, tutti hanno lasciato un segno nella nostra strada.<\/p>\n<p><strong>Con te o senza di te<\/strong> in fondo non \u00e8 che una rete che raccoglie idee e progetti, spesso distanti tra loro, ma riuniti in un percorso preciso: tracciare un cammino nell\u2019arte contemporanea. Un percorso non univoco che per\u00f2 \u00e8 in grado di dar voce a progetti, concetti, idee. <\/p>\n<p>&nbsp;<\/p>\n<p>Ci sono facce che ci sembrano un\u2019esagerazione<\/p>\n<p>Altre che le vediamo una volta e gi\u00e0 ci scolpiscono gli occhi<\/p>\n<p>Rughe sorrisi epidermidi<\/p>\n<p>Li vendiamo a caro prezzo i nostri ricordi<\/p>\n<p>Ma poi li perdiamo per una manciata di coriandoli<\/p>\n<p>Con te o senza di te quale sarebbe stata la mia strada?<\/p>\n<p>Un bugigattolo un ponte o una villa in collina<\/p>\n<p>Sarei solo o avrei una persona in pi\u00f9 da salutare? <\/p>\n<p>Di ricorrenza in ricorrenza<\/p>\n<p>Cercando di non perdere un momento felice<\/p>\n<p>Anche uno soltanto<\/p>\n<p>Con te? Senza di te? Spero comunque per te<\/p>\n<p>Una strada \u00e8 bella solo quando la possiamo raccontare a chi ci incontriamo<\/p>\n<p>E scriverne un pezzo insieme<\/p>\n<p>Che sia una frase un capitolo o una congiunzione<\/p>\n<p>&nbsp;<\/p>\n<p>Ci sono facce che vedi spesso, anche adesso<\/p>\n<p>&nbsp;<\/p>\n<p>Sorridere \u00e8 un buon passo per continuare<\/p>\n<p>&nbsp;<\/p>\n<p>(dario ciferri)<\/p>\n<p>&nbsp;<\/p>\n<p>&nbsp;<\/p>\n<p><strong>scheda tecnica\/technical card<\/strong><\/p>\n<p style=\"TEXT-INDENT: 35.45pt\"><strong>&nbsp;<\/strong><\/p>\n<p><strong>curatore\/curator by Gloria Gradassi<\/strong><\/p>\n<p><strong>testo critico\/art critic by Gloria Gradassi<\/strong><\/p>\n<p>&nbsp;<\/p>\n<p><strong>interviste e ufficio stampa\/interviews &amp; press agent Dario Ciferri<\/strong><\/p>\n<p><strong>traduzione di\/translation by Patrizia Isidori,<\/strong><\/p>\n<p>&nbsp;<\/p>\n<p><strong>relazioni esterne e promozione delle attivit\u00e0\/ external relationship and promotion of activities Stefania Palanca<\/strong><\/p>\n<p>&nbsp;<\/p>\n<p><strong>fotografia\/photography Marco Biancucci\u00a9<\/strong><\/p>\n<p style=\"LINE-HEIGHT: 150%\"><strong>riprese video\/video shooting Stefano Abbadini<\/strong><\/p>\n<p style=\"LINE-HEIGHT: 150%\"><strong>allestimenti\/preparation Marco Croci<\/strong><\/p>\n<p style=\"LINE-HEIGHT: 150%\"><strong>progetto grafico\/graphic project maicol e mirco<\/strong><\/p>\n<p style=\"LINE-HEIGHT: 150%\"><strong>webmaster <\/strong><strong><u><a href=\"http:\/\/www.siscom.it\/\" target=\"_blank\">www.siscom.it<\/a><\/u><\/strong><\/p>\n<p><strong>dal 30 marzo al 27 aprile<\/strong><\/p>\n<p><strong>from 30th march to 27th april<\/strong><\/p>\n<p><strong>orario: luned\u00ec-sabato dalle 16 alle 20<\/strong><\/p>\n<p><strong>opening time: Mon-Sat <\/strong>4 to 8 p.m.<\/p>\n<p><strong>&nbsp;<\/strong><\/p>\n<p><strong>Galleria Marconi di Franco Marconi<\/strong><strong><br \/><\/strong><strong>C.so Vittorio Emanuele,&nbsp;70<\/strong><\/p>\n<p><strong>63012&nbsp;Cupra Marittima (AP)<\/strong><\/p>\n<p><strong>tel 0735778703<\/strong><\/p>\n<p><strong>e-mail galmarconi@siscom.it <\/strong><\/p>\n<p><strong>web <\/strong><strong><u>www.siscom.it\/marconi<\/u><\/strong><\/p>\n<p>&nbsp;<\/p>\n","protected":false},"excerpt":{"rendered":"<p>Dopo il grande successo della mostra di Silvia Camporesi, la Galleria Marconi di Cupra Marittima inaugura un nuovo appuntamento della rassegna Con te o senza di te. Domenica 30 marzo alle 18.00, sar\u00e0 presentata la doppia personale degli artisti olandesi Peter De Boer e Radioqualia (Adam Hyde e Honor Harger) dal titolo Reality in Traslation. La mostra, che si avvale della cura e del testo critico di Gloria Gradassi, propone un\u2019interessante spaccato della situazione artistica in Olanda.<\/p>\n","protected":false},"author":10,"featured_media":0,"comment_status":"open","ping_status":"open","sticky":false,"template":"","format":"standard","meta":{"cybocfi_hide_featured_image":"","footnotes":""},"categories":[27],"tags":[171,1024,1026,1028,1000,1025,1027],"class_list":["post-267","post","type-post","status-publish","format-standard","hentry","category-arte-e-cultura","tag-arte","tag-arte-contemporanea","tag-cupramarittima","tag-galleria-marconi","tag-mostra","tag-peter-de-boer","tag-radioqualia"],"yoast_head":"<!-- This site is optimized with the Yoast SEO plugin v27.0 - https:\/\/yoast.com\/product\/yoast-seo-wordpress\/ -->\n<title>Peter De Boer e Radioqualia in Reality in Translation - Article Marketing<\/title>\n<meta name=\"robots\" content=\"index, follow, max-snippet:-1, max-image-preview:large, max-video-preview:-1\" \/>\n<link rel=\"canonical\" href=\"https:\/\/www.article-marketing.eu\/comunicati\/arte-e-cultura\/peter-de-boer-e-radioqualia-in-reality-in-translation\/\" \/>\n<meta property=\"og:locale\" content=\"it_IT\" \/>\n<meta property=\"og:type\" content=\"article\" \/>\n<meta property=\"og:title\" content=\"Peter De Boer e Radioqualia in Reality in Translation - Article Marketing\" \/>\n<meta property=\"og:description\" content=\"Dopo il grande successo della mostra di Silvia Camporesi, la Galleria Marconi di Cupra Marittima inaugura un nuovo appuntamento della rassegna Con te o senza di te. Domenica 30 marzo alle 18.00, sar\u00e0 presentata la doppia personale degli artisti olandesi Peter De Boer e Radioqualia (Adam Hyde e Honor Harger) dal titolo Reality in Traslation. La mostra, che si avvale della cura e del testo critico di Gloria Gradassi, propone un\u2019interessante spaccato della situazione artistica in Olanda.\" \/>\n<meta property=\"og:url\" content=\"https:\/\/www.article-marketing.eu\/comunicati\/arte-e-cultura\/peter-de-boer-e-radioqualia-in-reality-in-translation\/\" \/>\n<meta property=\"og:site_name\" content=\"Article Marketing\" \/>\n<meta property=\"article:published_time\" content=\"2008-03-26T22:18:03+00:00\" \/>\n<meta name=\"author\" content=\"Redazione Comunicati Stampa\" \/>\n<meta name=\"twitter:card\" content=\"summary_large_image\" \/>\n<meta name=\"twitter:label1\" content=\"Scritto da\" \/>\n\t<meta name=\"twitter:data1\" content=\"Redazione Comunicati Stampa\" \/>\n\t<meta name=\"twitter:label2\" content=\"Tempo di lettura stimato\" \/>\n\t<meta name=\"twitter:data2\" content=\"4 minuti\" \/>\n<script type=\"application\/ld+json\" class=\"yoast-schema-graph\">{\"@context\":\"https:\/\/schema.org\",\"@graph\":[{\"@type\":\"Article\",\"@id\":\"https:\/\/www.article-marketing.eu\/comunicati\/arte-e-cultura\/peter-de-boer-e-radioqualia-in-reality-in-translation\/#article\",\"isPartOf\":{\"@id\":\"https:\/\/www.article-marketing.eu\/comunicati\/arte-e-cultura\/peter-de-boer-e-radioqualia-in-reality-in-translation\/\"},\"author\":{\"name\":\"Redazione Comunicati Stampa\",\"@id\":\"https:\/\/www.article-marketing.eu\/comunicati\/#\/schema\/person\/44372e4d4d0fa797b18e03ed1ace9017\"},\"headline\":\"Peter De Boer e Radioqualia in Reality in Translation\",\"datePublished\":\"2008-03-26T22:18:03+00:00\",\"mainEntityOfPage\":{\"@id\":\"https:\/\/www.article-marketing.eu\/comunicati\/arte-e-cultura\/peter-de-boer-e-radioqualia-in-reality-in-translation\/\"},\"wordCount\":810,\"commentCount\":0,\"keywords\":[\"arte\",\"arte contemporanea\",\"cupramarittima\",\"galleria marconi\",\"Mostra\",\"peter de boer\",\"radioqualia\"],\"articleSection\":[\"Arte e cultura\"],\"inLanguage\":\"it-IT\",\"potentialAction\":[{\"@type\":\"CommentAction\",\"name\":\"Comment\",\"target\":[\"https:\/\/www.article-marketing.eu\/comunicati\/arte-e-cultura\/peter-de-boer-e-radioqualia-in-reality-in-translation\/#respond\"]}]},{\"@type\":\"WebPage\",\"@id\":\"https:\/\/www.article-marketing.eu\/comunicati\/arte-e-cultura\/peter-de-boer-e-radioqualia-in-reality-in-translation\/\",\"url\":\"https:\/\/www.article-marketing.eu\/comunicati\/arte-e-cultura\/peter-de-boer-e-radioqualia-in-reality-in-translation\/\",\"name\":\"Peter De Boer e Radioqualia in Reality in Translation - Article Marketing\",\"isPartOf\":{\"@id\":\"https:\/\/www.article-marketing.eu\/comunicati\/#website\"},\"datePublished\":\"2008-03-26T22:18:03+00:00\",\"author\":{\"@id\":\"https:\/\/www.article-marketing.eu\/comunicati\/#\/schema\/person\/44372e4d4d0fa797b18e03ed1ace9017\"},\"breadcrumb\":{\"@id\":\"https:\/\/www.article-marketing.eu\/comunicati\/arte-e-cultura\/peter-de-boer-e-radioqualia-in-reality-in-translation\/#breadcrumb\"},\"inLanguage\":\"it-IT\",\"potentialAction\":[{\"@type\":\"ReadAction\",\"target\":[\"https:\/\/www.article-marketing.eu\/comunicati\/arte-e-cultura\/peter-de-boer-e-radioqualia-in-reality-in-translation\/\"]}]},{\"@type\":\"BreadcrumbList\",\"@id\":\"https:\/\/www.article-marketing.eu\/comunicati\/arte-e-cultura\/peter-de-boer-e-radioqualia-in-reality-in-translation\/#breadcrumb\",\"itemListElement\":[{\"@type\":\"ListItem\",\"position\":1,\"name\":\"Home\",\"item\":\"https:\/\/www.article-marketing.eu\/comunicati\/\"},{\"@type\":\"ListItem\",\"position\":2,\"name\":\"Peter De Boer e Radioqualia in Reality in Translation\"}]},{\"@type\":\"WebSite\",\"@id\":\"https:\/\/www.article-marketing.eu\/comunicati\/#website\",\"url\":\"https:\/\/www.article-marketing.eu\/comunicati\/\",\"name\":\"Article Marketing\",\"description\":\"article marketing &amp; press release\",\"potentialAction\":[{\"@type\":\"SearchAction\",\"target\":{\"@type\":\"EntryPoint\",\"urlTemplate\":\"https:\/\/www.article-marketing.eu\/comunicati\/?s={search_term_string}\"},\"query-input\":{\"@type\":\"PropertyValueSpecification\",\"valueRequired\":true,\"valueName\":\"search_term_string\"}}],\"inLanguage\":\"it-IT\"},{\"@type\":\"Person\",\"@id\":\"https:\/\/www.article-marketing.eu\/comunicati\/#\/schema\/person\/44372e4d4d0fa797b18e03ed1ace9017\",\"name\":\"Redazione Comunicati Stampa\",\"image\":{\"@type\":\"ImageObject\",\"inLanguage\":\"it-IT\",\"@id\":\"https:\/\/www.article-marketing.eu\/comunicati\/#\/schema\/person\/image\/\",\"url\":\"https:\/\/secure.gravatar.com\/avatar\/50e5c6421d3072f42e7ace803501602c60d75233d34e29fd05feb91c8760b792?s=96&d=mm&r=g\",\"contentUrl\":\"https:\/\/secure.gravatar.com\/avatar\/50e5c6421d3072f42e7ace803501602c60d75233d34e29fd05feb91c8760b792?s=96&d=mm&r=g\",\"caption\":\"Redazione Comunicati Stampa\"},\"url\":\"https:\/\/www.article-marketing.eu\/comunicati\/author\/redazione-comunicati-stampa\/\"}]}<\/script>\n<!-- \/ Yoast SEO plugin. -->","yoast_head_json":{"title":"Peter De Boer e Radioqualia in Reality in Translation - Article Marketing","robots":{"index":"index","follow":"follow","max-snippet":"max-snippet:-1","max-image-preview":"max-image-preview:large","max-video-preview":"max-video-preview:-1"},"canonical":"https:\/\/www.article-marketing.eu\/comunicati\/arte-e-cultura\/peter-de-boer-e-radioqualia-in-reality-in-translation\/","og_locale":"it_IT","og_type":"article","og_title":"Peter De Boer e Radioqualia in Reality in Translation - Article Marketing","og_description":"Dopo il grande successo della mostra di Silvia Camporesi, la Galleria Marconi di Cupra Marittima inaugura un nuovo appuntamento della rassegna Con te o senza di te. Domenica 30 marzo alle 18.00, sar\u00e0 presentata la doppia personale degli artisti olandesi Peter De Boer e Radioqualia (Adam Hyde e Honor Harger) dal titolo Reality in Traslation. La mostra, che si avvale della cura e del testo critico di Gloria Gradassi, propone un\u2019interessante spaccato della situazione artistica in Olanda.","og_url":"https:\/\/www.article-marketing.eu\/comunicati\/arte-e-cultura\/peter-de-boer-e-radioqualia-in-reality-in-translation\/","og_site_name":"Article Marketing","article_published_time":"2008-03-26T22:18:03+00:00","author":"Redazione Comunicati Stampa","twitter_card":"summary_large_image","twitter_misc":{"Scritto da":"Redazione Comunicati Stampa","Tempo di lettura stimato":"4 minuti"},"schema":{"@context":"https:\/\/schema.org","@graph":[{"@type":"Article","@id":"https:\/\/www.article-marketing.eu\/comunicati\/arte-e-cultura\/peter-de-boer-e-radioqualia-in-reality-in-translation\/#article","isPartOf":{"@id":"https:\/\/www.article-marketing.eu\/comunicati\/arte-e-cultura\/peter-de-boer-e-radioqualia-in-reality-in-translation\/"},"author":{"name":"Redazione Comunicati Stampa","@id":"https:\/\/www.article-marketing.eu\/comunicati\/#\/schema\/person\/44372e4d4d0fa797b18e03ed1ace9017"},"headline":"Peter De Boer e Radioqualia in Reality in Translation","datePublished":"2008-03-26T22:18:03+00:00","mainEntityOfPage":{"@id":"https:\/\/www.article-marketing.eu\/comunicati\/arte-e-cultura\/peter-de-boer-e-radioqualia-in-reality-in-translation\/"},"wordCount":810,"commentCount":0,"keywords":["arte","arte contemporanea","cupramarittima","galleria marconi","Mostra","peter de boer","radioqualia"],"articleSection":["Arte e cultura"],"inLanguage":"it-IT","potentialAction":[{"@type":"CommentAction","name":"Comment","target":["https:\/\/www.article-marketing.eu\/comunicati\/arte-e-cultura\/peter-de-boer-e-radioqualia-in-reality-in-translation\/#respond"]}]},{"@type":"WebPage","@id":"https:\/\/www.article-marketing.eu\/comunicati\/arte-e-cultura\/peter-de-boer-e-radioqualia-in-reality-in-translation\/","url":"https:\/\/www.article-marketing.eu\/comunicati\/arte-e-cultura\/peter-de-boer-e-radioqualia-in-reality-in-translation\/","name":"Peter De Boer e Radioqualia in Reality in Translation - Article Marketing","isPartOf":{"@id":"https:\/\/www.article-marketing.eu\/comunicati\/#website"},"datePublished":"2008-03-26T22:18:03+00:00","author":{"@id":"https:\/\/www.article-marketing.eu\/comunicati\/#\/schema\/person\/44372e4d4d0fa797b18e03ed1ace9017"},"breadcrumb":{"@id":"https:\/\/www.article-marketing.eu\/comunicati\/arte-e-cultura\/peter-de-boer-e-radioqualia-in-reality-in-translation\/#breadcrumb"},"inLanguage":"it-IT","potentialAction":[{"@type":"ReadAction","target":["https:\/\/www.article-marketing.eu\/comunicati\/arte-e-cultura\/peter-de-boer-e-radioqualia-in-reality-in-translation\/"]}]},{"@type":"BreadcrumbList","@id":"https:\/\/www.article-marketing.eu\/comunicati\/arte-e-cultura\/peter-de-boer-e-radioqualia-in-reality-in-translation\/#breadcrumb","itemListElement":[{"@type":"ListItem","position":1,"name":"Home","item":"https:\/\/www.article-marketing.eu\/comunicati\/"},{"@type":"ListItem","position":2,"name":"Peter De Boer e Radioqualia in Reality in Translation"}]},{"@type":"WebSite","@id":"https:\/\/www.article-marketing.eu\/comunicati\/#website","url":"https:\/\/www.article-marketing.eu\/comunicati\/","name":"Article Marketing","description":"article marketing &amp; press release","potentialAction":[{"@type":"SearchAction","target":{"@type":"EntryPoint","urlTemplate":"https:\/\/www.article-marketing.eu\/comunicati\/?s={search_term_string}"},"query-input":{"@type":"PropertyValueSpecification","valueRequired":true,"valueName":"search_term_string"}}],"inLanguage":"it-IT"},{"@type":"Person","@id":"https:\/\/www.article-marketing.eu\/comunicati\/#\/schema\/person\/44372e4d4d0fa797b18e03ed1ace9017","name":"Redazione Comunicati Stampa","image":{"@type":"ImageObject","inLanguage":"it-IT","@id":"https:\/\/www.article-marketing.eu\/comunicati\/#\/schema\/person\/image\/","url":"https:\/\/secure.gravatar.com\/avatar\/50e5c6421d3072f42e7ace803501602c60d75233d34e29fd05feb91c8760b792?s=96&d=mm&r=g","contentUrl":"https:\/\/secure.gravatar.com\/avatar\/50e5c6421d3072f42e7ace803501602c60d75233d34e29fd05feb91c8760b792?s=96&d=mm&r=g","caption":"Redazione Comunicati Stampa"},"url":"https:\/\/www.article-marketing.eu\/comunicati\/author\/redazione-comunicati-stampa\/"}]}},"_links":{"self":[{"href":"https:\/\/www.article-marketing.eu\/comunicati\/wp-json\/wp\/v2\/posts\/267","targetHints":{"allow":["GET"]}}],"collection":[{"href":"https:\/\/www.article-marketing.eu\/comunicati\/wp-json\/wp\/v2\/posts"}],"about":[{"href":"https:\/\/www.article-marketing.eu\/comunicati\/wp-json\/wp\/v2\/types\/post"}],"author":[{"embeddable":true,"href":"https:\/\/www.article-marketing.eu\/comunicati\/wp-json\/wp\/v2\/users\/10"}],"replies":[{"embeddable":true,"href":"https:\/\/www.article-marketing.eu\/comunicati\/wp-json\/wp\/v2\/comments?post=267"}],"version-history":[{"count":0,"href":"https:\/\/www.article-marketing.eu\/comunicati\/wp-json\/wp\/v2\/posts\/267\/revisions"}],"wp:attachment":[{"href":"https:\/\/www.article-marketing.eu\/comunicati\/wp-json\/wp\/v2\/media?parent=267"}],"wp:term":[{"taxonomy":"category","embeddable":true,"href":"https:\/\/www.article-marketing.eu\/comunicati\/wp-json\/wp\/v2\/categories?post=267"},{"taxonomy":"post_tag","embeddable":true,"href":"https:\/\/www.article-marketing.eu\/comunicati\/wp-json\/wp\/v2\/tags?post=267"}],"curies":[{"name":"wp","href":"https:\/\/api.w.org\/{rel}","templated":true}]}}