{"id":26772,"date":"2012-05-24T11:10:02","date_gmt":"2012-05-24T09:10:02","guid":{"rendered":"http:\/\/www.article-marketing.eu\/comunicati\/senza-categoria\/fiera-internazionale-bovino-da-latte-seminario-fare-fiera\/"},"modified":"2018-07-10T04:52:32","modified_gmt":"2018-07-10T02:52:32","slug":"fiera-internazionale-bovino-da-latte-seminario-fare-fiera","status":"publish","type":"post","link":"https:\/\/www.article-marketing.eu\/comunicati\/economia-e-lavoro\/fiera-internazionale-bovino-da-latte-seminario-fare-fiera\/","title":{"rendered":"Fiera Internazionale Bovino da Latte: Seminario Fare Fiera"},"content":{"rendered":"<p>La <strong>67&deg; Fiera Internazionale del Bovino da Latte<\/strong> avr&agrave; luogo nel quartiere fieristico di Cremona <strong>dal 25 al 28 Ottobre 2012<\/strong> ed &egrave; <strong>la pi&ugrave; importante manifestazione zootecnica europea<\/strong>, riconosciuta a livello mondiale.<br \/>La<strong> Fiera Internazionale del Bovino da Latte<\/strong> vede sempre in crescita il numero degli operatori dall&rsquo;estero, evidenziando quanto la Manifestazione sia un punto di riferimento per i professionisti del settore.<br \/>Ci&ograve; su cui vuole puntare <strong>Cremona Fiere<\/strong> con la <strong>Fiera Internazionale del Bovino da Latte<\/strong> &egrave; la <strong>formazione innovativa<\/strong> in grado di trasmettere le giuste conoscenze volte a migliorare le performance e offrire spunti utili da mettere in pratica.<br \/><strong>Cremona Fiere<\/strong>, attraverso le sue Manifestazioni sinonimo di <strong>efficienza ed eccellenza<\/strong>, conquista operatori professionali da tutto il mondo, garantendo loro un punto di incontro e di crescita.<br \/>Oggigiorno le Aziende hanno bisogno di uno strumento di marketing in grado di ampliare i propri contatti commerciali in Italia e all&rsquo;Estero. Questo &egrave; il motivo per cui <strong>Cremona Fiere ha deciso di puntare sulla Formazione<\/strong>, che unisce qualit&agrave; e valore aggiunto.<br \/>Il <strong>20 giugno 2012<\/strong> si terr&agrave; il <strong>SEMINARIO &ldquo;FARE FIERA: COME MIGLIORARE I RISULTATI E FARE UNA FIERA DI SUCCESSO&rdquo;<\/strong> presso <strong>Cremona Fiere<\/strong>. Il <strong>Seminario Fare Fiera<\/strong> si divider&agrave; in due parti:<br \/>&bull; la prima parte sar&agrave; dedicata al <strong>Pre Fiera<\/strong>, che illustrer&agrave; come scegliere il target da raggiungere tramite attivit&agrave; di maching, inclusi tempi e tecniche di comunicazione;<br \/>&bull; la seconda parte invece verter&agrave; sul <strong>Post Fiera<\/strong>, che esporr&agrave; come misurare i risultati della fiera, calcolando i ricavi e valutando il ROI (Return on Investiment).<br \/>Gli animatori del Seminario Fare Fiera sono due esperti fieristici: Alberto Biffi (Esperto fieristico) e Massimo Foletti (Formatore e Comunicatore).<br \/><strong>Cremona Fiere<\/strong> si avvale del <strong>supporto<\/strong> offerto da <strong><a href=\"http:\/\/www.fare-fiera.it\/\" target=\"_blank\" title=\"fare fiera\">Fare Fiera<\/a><\/strong> per sviluppare questo progetto pensato per aiutare le Aziende ad ottimizzare l&rsquo;investimento nella partecipazione alla Fiera.<br \/>Il seminario del 20 giugno &egrave; solo il primo passo di questo <strong>percorso<\/strong> per dare impulso alle attivit&agrave; di business delle Aziende Espositrici della <strong>Fiera Internazionale del Bovino da latte<\/strong>.<br \/>Il percorso di accompagnamento sviluppato da Fare Fiera secondo le direttive del management di Cremona Fiere Massimo Bianchedi e Massimo De Bellis prevede infatti un&rsquo;assistenza pre fiera alle aziende espositrici, un affiancamento durante la fiera e un supporto nelle attivit&agrave; post fiera.<br \/>La <strong>formazione<\/strong> risulta quindi essere una leva strategica per fare fiera in modo davvero efficiente e profittevole: questo &egrave; l&rsquo;obiettivo che <strong>Cremona fiere<\/strong> vuole raggiungere grazie al <strong>Seminario Fare Fiera<\/strong>.<\/p>\n","protected":false},"excerpt":{"rendered":"<p>La 67\u00b0 Fiera Internazionale del Bovino da Latte avr\u00e0 luogo nel quartiere fieristico di Cremona dal 25 al 28 Ottobre 2012 ed \u00e8 la pi\u00f9 importante manifestazione zootecnica europea, riconosciuta a livello mondiale.<\/p>\n","protected":false},"author":10,"featured_media":0,"comment_status":"open","ping_status":"open","sticky":false,"template":"","format":"standard","meta":{"cybocfi_hide_featured_image":"","footnotes":""},"categories":[59],"tags":[35947],"class_list":["post-26772","post","type-post","status-publish","format-standard","hentry","category-economia-e-lavoro","tag-fiera-bovino-da-latte"],"yoast_head":"<!-- This site is optimized with the Yoast SEO plugin v27.0 - https:\/\/yoast.com\/product\/yoast-seo-wordpress\/ -->\n<title>Fiera Internazionale Bovino da Latte: Seminario Fare Fiera - Article Marketing<\/title>\n<meta name=\"robots\" content=\"index, follow, max-snippet:-1, max-image-preview:large, max-video-preview:-1\" \/>\n<link rel=\"canonical\" href=\"https:\/\/www.article-marketing.eu\/comunicati\/economia-e-lavoro\/fiera-internazionale-bovino-da-latte-seminario-fare-fiera\/\" \/>\n<meta property=\"og:locale\" content=\"it_IT\" \/>\n<meta property=\"og:type\" content=\"article\" \/>\n<meta property=\"og:title\" content=\"Fiera Internazionale Bovino da Latte: Seminario Fare Fiera - Article Marketing\" \/>\n<meta property=\"og:description\" content=\"La 67\u00b0 Fiera Internazionale del Bovino da Latte avr\u00e0 luogo nel quartiere fieristico di Cremona dal 25 al 28 Ottobre 2012 ed \u00e8 la pi\u00f9 importante manifestazione zootecnica europea, riconosciuta a livello mondiale.\" \/>\n<meta property=\"og:url\" content=\"https:\/\/www.article-marketing.eu\/comunicati\/economia-e-lavoro\/fiera-internazionale-bovino-da-latte-seminario-fare-fiera\/\" \/>\n<meta property=\"og:site_name\" content=\"Article Marketing\" \/>\n<meta property=\"article:published_time\" content=\"2012-05-24T09:10:02+00:00\" \/>\n<meta property=\"article:modified_time\" content=\"2018-07-10T02:52:32+00:00\" \/>\n<meta name=\"author\" content=\"Redazione Comunicati Stampa\" \/>\n<meta name=\"twitter:card\" content=\"summary_large_image\" \/>\n<meta name=\"twitter:label1\" content=\"Scritto da\" \/>\n\t<meta name=\"twitter:data1\" content=\"Redazione Comunicati Stampa\" \/>\n\t<meta name=\"twitter:label2\" content=\"Tempo di lettura stimato\" \/>\n\t<meta name=\"twitter:data2\" content=\"2 minuti\" \/>\n<script type=\"application\/ld+json\" class=\"yoast-schema-graph\">{\"@context\":\"https:\/\/schema.org\",\"@graph\":[{\"@type\":\"Article\",\"@id\":\"https:\/\/www.article-marketing.eu\/comunicati\/economia-e-lavoro\/fiera-internazionale-bovino-da-latte-seminario-fare-fiera\/#article\",\"isPartOf\":{\"@id\":\"https:\/\/www.article-marketing.eu\/comunicati\/economia-e-lavoro\/fiera-internazionale-bovino-da-latte-seminario-fare-fiera\/\"},\"author\":{\"name\":\"Redazione Comunicati Stampa\",\"@id\":\"https:\/\/www.article-marketing.eu\/comunicati\/#\/schema\/person\/44372e4d4d0fa797b18e03ed1ace9017\"},\"headline\":\"Fiera Internazionale Bovino da Latte: Seminario Fare Fiera\",\"datePublished\":\"2012-05-24T09:10:02+00:00\",\"dateModified\":\"2018-07-10T02:52:32+00:00\",\"mainEntityOfPage\":{\"@id\":\"https:\/\/www.article-marketing.eu\/comunicati\/economia-e-lavoro\/fiera-internazionale-bovino-da-latte-seminario-fare-fiera\/\"},\"wordCount\":432,\"commentCount\":0,\"keywords\":[\"fiera bovino da latte\"],\"articleSection\":[\"Economia e lavoro\"],\"inLanguage\":\"it-IT\",\"potentialAction\":[{\"@type\":\"CommentAction\",\"name\":\"Comment\",\"target\":[\"https:\/\/www.article-marketing.eu\/comunicati\/economia-e-lavoro\/fiera-internazionale-bovino-da-latte-seminario-fare-fiera\/#respond\"]}]},{\"@type\":\"WebPage\",\"@id\":\"https:\/\/www.article-marketing.eu\/comunicati\/economia-e-lavoro\/fiera-internazionale-bovino-da-latte-seminario-fare-fiera\/\",\"url\":\"https:\/\/www.article-marketing.eu\/comunicati\/economia-e-lavoro\/fiera-internazionale-bovino-da-latte-seminario-fare-fiera\/\",\"name\":\"Fiera Internazionale Bovino da Latte: Seminario Fare Fiera - Article Marketing\",\"isPartOf\":{\"@id\":\"https:\/\/www.article-marketing.eu\/comunicati\/#website\"},\"datePublished\":\"2012-05-24T09:10:02+00:00\",\"dateModified\":\"2018-07-10T02:52:32+00:00\",\"author\":{\"@id\":\"https:\/\/www.article-marketing.eu\/comunicati\/#\/schema\/person\/44372e4d4d0fa797b18e03ed1ace9017\"},\"breadcrumb\":{\"@id\":\"https:\/\/www.article-marketing.eu\/comunicati\/economia-e-lavoro\/fiera-internazionale-bovino-da-latte-seminario-fare-fiera\/#breadcrumb\"},\"inLanguage\":\"it-IT\",\"potentialAction\":[{\"@type\":\"ReadAction\",\"target\":[\"https:\/\/www.article-marketing.eu\/comunicati\/economia-e-lavoro\/fiera-internazionale-bovino-da-latte-seminario-fare-fiera\/\"]}]},{\"@type\":\"BreadcrumbList\",\"@id\":\"https:\/\/www.article-marketing.eu\/comunicati\/economia-e-lavoro\/fiera-internazionale-bovino-da-latte-seminario-fare-fiera\/#breadcrumb\",\"itemListElement\":[{\"@type\":\"ListItem\",\"position\":1,\"name\":\"Home\",\"item\":\"https:\/\/www.article-marketing.eu\/comunicati\/\"},{\"@type\":\"ListItem\",\"position\":2,\"name\":\"Fiera Internazionale Bovino da Latte: Seminario Fare Fiera\"}]},{\"@type\":\"WebSite\",\"@id\":\"https:\/\/www.article-marketing.eu\/comunicati\/#website\",\"url\":\"https:\/\/www.article-marketing.eu\/comunicati\/\",\"name\":\"Article Marketing\",\"description\":\"article marketing &amp; press release\",\"potentialAction\":[{\"@type\":\"SearchAction\",\"target\":{\"@type\":\"EntryPoint\",\"urlTemplate\":\"https:\/\/www.article-marketing.eu\/comunicati\/?s={search_term_string}\"},\"query-input\":{\"@type\":\"PropertyValueSpecification\",\"valueRequired\":true,\"valueName\":\"search_term_string\"}}],\"inLanguage\":\"it-IT\"},{\"@type\":\"Person\",\"@id\":\"https:\/\/www.article-marketing.eu\/comunicati\/#\/schema\/person\/44372e4d4d0fa797b18e03ed1ace9017\",\"name\":\"Redazione Comunicati Stampa\",\"image\":{\"@type\":\"ImageObject\",\"inLanguage\":\"it-IT\",\"@id\":\"https:\/\/www.article-marketing.eu\/comunicati\/#\/schema\/person\/image\/\",\"url\":\"https:\/\/secure.gravatar.com\/avatar\/50e5c6421d3072f42e7ace803501602c60d75233d34e29fd05feb91c8760b792?s=96&d=mm&r=g\",\"contentUrl\":\"https:\/\/secure.gravatar.com\/avatar\/50e5c6421d3072f42e7ace803501602c60d75233d34e29fd05feb91c8760b792?s=96&d=mm&r=g\",\"caption\":\"Redazione Comunicati Stampa\"},\"url\":\"https:\/\/www.article-marketing.eu\/comunicati\/author\/redazione-comunicati-stampa\/\"}]}<\/script>\n<!-- \/ Yoast SEO plugin. -->","yoast_head_json":{"title":"Fiera Internazionale Bovino da Latte: Seminario Fare Fiera - Article Marketing","robots":{"index":"index","follow":"follow","max-snippet":"max-snippet:-1","max-image-preview":"max-image-preview:large","max-video-preview":"max-video-preview:-1"},"canonical":"https:\/\/www.article-marketing.eu\/comunicati\/economia-e-lavoro\/fiera-internazionale-bovino-da-latte-seminario-fare-fiera\/","og_locale":"it_IT","og_type":"article","og_title":"Fiera Internazionale Bovino da Latte: Seminario Fare Fiera - Article Marketing","og_description":"La 67\u00b0 Fiera Internazionale del Bovino da Latte avr\u00e0 luogo nel quartiere fieristico di Cremona dal 25 al 28 Ottobre 2012 ed \u00e8 la pi\u00f9 importante manifestazione zootecnica europea, riconosciuta a livello mondiale.","og_url":"https:\/\/www.article-marketing.eu\/comunicati\/economia-e-lavoro\/fiera-internazionale-bovino-da-latte-seminario-fare-fiera\/","og_site_name":"Article Marketing","article_published_time":"2012-05-24T09:10:02+00:00","article_modified_time":"2018-07-10T02:52:32+00:00","author":"Redazione Comunicati Stampa","twitter_card":"summary_large_image","twitter_misc":{"Scritto da":"Redazione Comunicati Stampa","Tempo di lettura stimato":"2 minuti"},"schema":{"@context":"https:\/\/schema.org","@graph":[{"@type":"Article","@id":"https:\/\/www.article-marketing.eu\/comunicati\/economia-e-lavoro\/fiera-internazionale-bovino-da-latte-seminario-fare-fiera\/#article","isPartOf":{"@id":"https:\/\/www.article-marketing.eu\/comunicati\/economia-e-lavoro\/fiera-internazionale-bovino-da-latte-seminario-fare-fiera\/"},"author":{"name":"Redazione Comunicati Stampa","@id":"https:\/\/www.article-marketing.eu\/comunicati\/#\/schema\/person\/44372e4d4d0fa797b18e03ed1ace9017"},"headline":"Fiera Internazionale Bovino da Latte: Seminario Fare Fiera","datePublished":"2012-05-24T09:10:02+00:00","dateModified":"2018-07-10T02:52:32+00:00","mainEntityOfPage":{"@id":"https:\/\/www.article-marketing.eu\/comunicati\/economia-e-lavoro\/fiera-internazionale-bovino-da-latte-seminario-fare-fiera\/"},"wordCount":432,"commentCount":0,"keywords":["fiera bovino da latte"],"articleSection":["Economia e lavoro"],"inLanguage":"it-IT","potentialAction":[{"@type":"CommentAction","name":"Comment","target":["https:\/\/www.article-marketing.eu\/comunicati\/economia-e-lavoro\/fiera-internazionale-bovino-da-latte-seminario-fare-fiera\/#respond"]}]},{"@type":"WebPage","@id":"https:\/\/www.article-marketing.eu\/comunicati\/economia-e-lavoro\/fiera-internazionale-bovino-da-latte-seminario-fare-fiera\/","url":"https:\/\/www.article-marketing.eu\/comunicati\/economia-e-lavoro\/fiera-internazionale-bovino-da-latte-seminario-fare-fiera\/","name":"Fiera Internazionale Bovino da Latte: Seminario Fare Fiera - Article Marketing","isPartOf":{"@id":"https:\/\/www.article-marketing.eu\/comunicati\/#website"},"datePublished":"2012-05-24T09:10:02+00:00","dateModified":"2018-07-10T02:52:32+00:00","author":{"@id":"https:\/\/www.article-marketing.eu\/comunicati\/#\/schema\/person\/44372e4d4d0fa797b18e03ed1ace9017"},"breadcrumb":{"@id":"https:\/\/www.article-marketing.eu\/comunicati\/economia-e-lavoro\/fiera-internazionale-bovino-da-latte-seminario-fare-fiera\/#breadcrumb"},"inLanguage":"it-IT","potentialAction":[{"@type":"ReadAction","target":["https:\/\/www.article-marketing.eu\/comunicati\/economia-e-lavoro\/fiera-internazionale-bovino-da-latte-seminario-fare-fiera\/"]}]},{"@type":"BreadcrumbList","@id":"https:\/\/www.article-marketing.eu\/comunicati\/economia-e-lavoro\/fiera-internazionale-bovino-da-latte-seminario-fare-fiera\/#breadcrumb","itemListElement":[{"@type":"ListItem","position":1,"name":"Home","item":"https:\/\/www.article-marketing.eu\/comunicati\/"},{"@type":"ListItem","position":2,"name":"Fiera Internazionale Bovino da Latte: Seminario Fare Fiera"}]},{"@type":"WebSite","@id":"https:\/\/www.article-marketing.eu\/comunicati\/#website","url":"https:\/\/www.article-marketing.eu\/comunicati\/","name":"Article Marketing","description":"article marketing &amp; press release","potentialAction":[{"@type":"SearchAction","target":{"@type":"EntryPoint","urlTemplate":"https:\/\/www.article-marketing.eu\/comunicati\/?s={search_term_string}"},"query-input":{"@type":"PropertyValueSpecification","valueRequired":true,"valueName":"search_term_string"}}],"inLanguage":"it-IT"},{"@type":"Person","@id":"https:\/\/www.article-marketing.eu\/comunicati\/#\/schema\/person\/44372e4d4d0fa797b18e03ed1ace9017","name":"Redazione Comunicati Stampa","image":{"@type":"ImageObject","inLanguage":"it-IT","@id":"https:\/\/www.article-marketing.eu\/comunicati\/#\/schema\/person\/image\/","url":"https:\/\/secure.gravatar.com\/avatar\/50e5c6421d3072f42e7ace803501602c60d75233d34e29fd05feb91c8760b792?s=96&d=mm&r=g","contentUrl":"https:\/\/secure.gravatar.com\/avatar\/50e5c6421d3072f42e7ace803501602c60d75233d34e29fd05feb91c8760b792?s=96&d=mm&r=g","caption":"Redazione Comunicati Stampa"},"url":"https:\/\/www.article-marketing.eu\/comunicati\/author\/redazione-comunicati-stampa\/"}]}},"_links":{"self":[{"href":"https:\/\/www.article-marketing.eu\/comunicati\/wp-json\/wp\/v2\/posts\/26772","targetHints":{"allow":["GET"]}}],"collection":[{"href":"https:\/\/www.article-marketing.eu\/comunicati\/wp-json\/wp\/v2\/posts"}],"about":[{"href":"https:\/\/www.article-marketing.eu\/comunicati\/wp-json\/wp\/v2\/types\/post"}],"author":[{"embeddable":true,"href":"https:\/\/www.article-marketing.eu\/comunicati\/wp-json\/wp\/v2\/users\/10"}],"replies":[{"embeddable":true,"href":"https:\/\/www.article-marketing.eu\/comunicati\/wp-json\/wp\/v2\/comments?post=26772"}],"version-history":[{"count":1,"href":"https:\/\/www.article-marketing.eu\/comunicati\/wp-json\/wp\/v2\/posts\/26772\/revisions"}],"predecessor-version":[{"id":60105,"href":"https:\/\/www.article-marketing.eu\/comunicati\/wp-json\/wp\/v2\/posts\/26772\/revisions\/60105"}],"wp:attachment":[{"href":"https:\/\/www.article-marketing.eu\/comunicati\/wp-json\/wp\/v2\/media?parent=26772"}],"wp:term":[{"taxonomy":"category","embeddable":true,"href":"https:\/\/www.article-marketing.eu\/comunicati\/wp-json\/wp\/v2\/categories?post=26772"},{"taxonomy":"post_tag","embeddable":true,"href":"https:\/\/www.article-marketing.eu\/comunicati\/wp-json\/wp\/v2\/tags?post=26772"}],"curies":[{"name":"wp","href":"https:\/\/api.w.org\/{rel}","templated":true}]}}