{"id":2690,"date":"2009-09-09T10:11:56","date_gmt":"2009-09-09T08:11:56","guid":{"rendered":"http:\/\/www.article-marketing.eu\/comunicati\/senza-categoria\/15%b0-edizione-fiera-gli-sposi-e-la-casa-2009\/"},"modified":"2009-09-09T10:11:56","modified_gmt":"2009-09-09T08:11:56","slug":"15%b0-edizione-fiera-gli-sposi-e-la-casa-2009","status":"publish","type":"post","link":"https:\/\/www.article-marketing.eu\/comunicati\/comunicati-stampa\/eventi\/15%b0-edizione-fiera-gli-sposi-e-la-casa-2009\/","title":{"rendered":"15\u00b0 Edizione Fiera &#8220;Gli Sposi e la Casa&#8221; 2009"},"content":{"rendered":"<p style=\"line-height: 150%;\" class=\"MsoNormal\"><strong>DAL 23 AL 26<br \/>\nOTTOBRE IL PALAZZO ESPOSIZIONI DI PAVIA APRIRA\u2019 LE PORTE DELLA 15a EDIZIONE<br \/>\nDELLA FIERA &quot;GLI SPOSI E LA CASA&quot; <\/strong><\/p>\n<p style=\"text-align: justify; line-height: 150%;\" class=\"MsoNormal\"><strong><em><u>Comunicato<br \/>\nStampa<\/u><\/em><\/strong> <\/p>\n<p style=\"text-align: justify; line-height: 150%;\" class=\"MsoNormal\">&nbsp;\u201cGli Sposi e la Casa\u201d, in vista<br \/>\ndell\u2019appuntamento dal 23 al 26 &nbsp;Ottobre<br \/>\n2009, si rinnova per condividere con i visitatori le ultime tendenze della moda,<br \/>\nper una sposa che vuole essere pi\u00f9 bella, per piacere ancora di pi\u00f9 a chi gi\u00e0<br \/>\nla ama.<\/p>\n<p style=\"text-align: justify; line-height: 150%;\" class=\"MsoNormal\">Grandissimo<br \/>\nspazio \u00e8 dedicato alla proposta per la sposa, ma non da meno \u00e8 la scelta per<br \/>\n\u201clui\u201d e di tutto quanto pu\u00f2 e deve completare una cerimonia che<br \/>\nnell\u2019immaginario collettivo \u00e8 ancora uno dei momenti cardine nella vita di una<br \/>\npersona.<\/p>\n<p style=\"text-align: justify; line-height: 150%;\" class=\"MsoNormal\">Una<br \/>\nquattro giorni che detta la tendenza per il 2010. Il percorso si apre sui 150<br \/>\nespositori accuratamente selezionati, per offrire ai visitatori la pi\u00f9 ampia<br \/>\nscelta e la grande comodit\u00e0 di effettuare prenotazioni direttamente presso gli<br \/>\nstand, a prezzi \u201cfiera\u201d particolarmente vantaggiosi.<\/p>\n<p style=\"text-align: justify; line-height: 150%;\" class=\"MsoNormal\">Nell\u2019ambito<br \/>\ndella mostra, verr\u00e0 allestito uno spazio espositivo che vuole seguire la stile<br \/>\ndi quest\u2019anno; \u201cIl Salone delle Tendenze\u201d sar\u00e0 accuratamente vestito di nero e<br \/>\nbianco, con accattivanti giochi di luci per regalare ai visitatori&nbsp; un momento di evasione dalla tradizione.<\/p>\n<p style=\"text-align: justify; line-height: 150%;\" class=\"MsoNormal\">Non<br \/>\npossono mancare all\u2019evento le ultime tendenze per la casa e l\u2019arredamento, per<br \/>\nrendere la visita interessante anche per chi al matrimonio non ci pensa, o ci<br \/>\nha gi\u00e0 pensato.<\/p>\n<p style=\"text-align: justify; line-height: 150%;\" class=\"MsoNormal\">Quale<br \/>\nmodo migliore di trascorrere il week-end se non fantasticare sulla casa dei<br \/>\npropri sogni? La fiera offrir\u00e0 anche tantissimi spunti per creare dei veri<br \/>\nangoli di paradiso nella propria dimora.<\/p>\n<p style=\"text-align: justify; line-height: 150%;\" class=\"MsoNormal\">L\u2019organizzazione<br \/>\ndoner\u00e0 a tutti gli sposi l\u2019utilissimo \u201cvademecum\u201d dedicato all\u2019infinito elenco<br \/>\ndi cose a cui pensare, per poter organizzare al meglio e per tempo il<br \/>\nmatrimonio sempre sognato.<\/p>\n<p style=\"text-align: justify; line-height: 150%;\" class=\"MsoNormal\">Nel<br \/>\nlungo percorso, studiato appositamente per &nbsp;la fiera, sar\u00e0 possibile rilassarsi dalle ore 17<br \/>\ncon \u201cl\u2019ora del te\u201d e dalle ore 19 gustare una cena a base di prodotti locali &nbsp;presso il Ristorante del Palazzo Esposizioni.<\/p>\n<p style=\"text-align: justify; line-height: 150%;\" class=\"MsoNormal\">Per i<br \/>\npi\u00f9 curiosi dalle ore 21, nel nuovissimo Palatenda, sar\u00e0 possibile ammirare le<br \/>\nmannequin che porteranno sulle passerelle alcuni dei pi\u00f9 importanti atelier<br \/>\npresenti nella manifestazione.<\/p>\n<p style=\"text-align: justify; line-height: 150%;\" class=\"MsoNormal\">Come<br \/>\nogni anno l\u2019organizzazione si \u00e8 impegnata a creare <strong>biglietti invito<\/strong>, con i quali si potr\u00e0 accedere alla<br \/>\nmanifestazione, pagando la cifra simbolica di <strong>50 centesimi<\/strong>.<\/p>\n<p style=\"text-align: justify; line-height: 150%;\" class=\"MsoNormal\">&nbsp;Il ricavato dei biglietti inviti andr\u00e0<br \/>\ncompletamente devoluta alle onlus \u201cAgal\u201d, \u201cA.E.P.\u201d,\u201cLa Compagnia del sorriso\u201d, \u201cC.P.<br \/>\nCernobyl\u201d e \u201cFondazione Gaia\u201d. &nbsp;Saranno<br \/>\nreperibili come sempre presso le sedi delle associazioni interessate, il<br \/>\nPoliclinico San Matteo, il Comune di Pavia, la Camera di Commercio e presso gli<br \/>\nesercizi commerciali e i maggiori punti di aggregazione di tutta la provincia<br \/>\ndi Pavia. <\/p>\n<p style=\"text-align: justify; line-height: 150%;\" class=\"MsoNormal\">\u00c8<br \/>\npossibile stampare il tagliando gratuitamente dal sito della Dea Servizi (<a href=\"http:\/\/www.deaservizi.it\/\">http:\/\/www.deaservizi.it<\/a>) o ritagliarlo dai<br \/>\ngiornali locali che lo riporteranno nelle settimane che precedono la fiera.<\/p>\n<p><strong>GLI SPOSI<br \/>\nE LA CASA &#8211; Palazzo Esposizioni &#8211; 23\/26 ottobre 2009<\/strong> <br \/>\n<strong>Orari:<\/strong> venerd\u00ec 17.00-24.00; sabato 15.00-24.00; domenica 10.00-23.00;<br \/>\nluned\u00ec 17.00-23.00 <br \/>\n<strong>Ingresso:<\/strong> intero 5 euro, ridotto 3 euro, invito 50 centesimi che verr\u00e0<br \/>\ndevoluto. Per scaricare gratuitamente il biglietto invito: www.deaservizi.it<br \/>\n<strong>Informazioni al pubblico:<\/strong> www.deaservizi.it &#8211; info@deaservizi.it &#8211; Tel.<br \/>\n0382.483430<br \/>\n<strong>Informazioni alla stampa:<\/strong> eventisenzaconfini@gmail.com<br \/>\n\u2013 Tel. 0382.538798 \u2013 338.208123<\/p>\n","protected":false},"excerpt":{"rendered":"<p>DAL 23 AL 26 OTTOBRE IL PALAZZO ESPOSIZIONI DI PAVIA APRIRA\u2019 LE PORTE DELLA 15a EDIZIONE DELLA FIERA &#8220;GLI SPOSI E LA CASA&#8221;<br \/>\nComunicato Stampa<br \/>\n \u201cGli Sposi e la Casa\u201d, in vista dell\u2019appuntamento dal 23 al 26  Ottobre 2009, si rinnova per condividere con i visitatori le ultime tendenze della moda<\/p>\n","protected":false},"author":10,"featured_media":0,"comment_status":"open","ping_status":"open","sticky":false,"template":"","format":"standard","meta":{"cybocfi_hide_featured_image":"","footnotes":""},"categories":[388],"tags":[],"class_list":["post-2690","post","type-post","status-publish","format-standard","hentry","category-eventi"],"yoast_head":"<!-- This site is optimized with the Yoast SEO plugin v27.0 - https:\/\/yoast.com\/product\/yoast-seo-wordpress\/ -->\n<title>15\u00b0 Edizione Fiera &quot;Gli Sposi e la Casa&quot; 2009 - Article Marketing<\/title>\n<meta name=\"robots\" content=\"index, follow, max-snippet:-1, max-image-preview:large, max-video-preview:-1\" \/>\n<link rel=\"canonical\" href=\"https:\/\/www.article-marketing.eu\/comunicati\/comunicati-stampa\/eventi\/15?-edizione-fiera-gli-sposi-e-la-casa-2009\/\" \/>\n<meta property=\"og:locale\" content=\"it_IT\" \/>\n<meta property=\"og:type\" content=\"article\" \/>\n<meta property=\"og:title\" content=\"15\u00b0 Edizione Fiera &quot;Gli Sposi e la Casa&quot; 2009 - Article Marketing\" \/>\n<meta property=\"og:description\" content=\"DAL 23 AL 26 OTTOBRE IL PALAZZO ESPOSIZIONI DI PAVIA APRIRA\u2019 LE PORTE DELLA 15a EDIZIONE DELLA FIERA &quot;GLI SPOSI E LA CASA&quot; Comunicato Stampa  \u201cGli Sposi e la Casa\u201d, in vista dell\u2019appuntamento dal 23 al 26 Ottobre 2009, si rinnova per condividere con i visitatori le ultime tendenze della moda\" \/>\n<meta property=\"og:url\" content=\"\" \/>\n<meta property=\"og:site_name\" content=\"Article Marketing\" \/>\n<meta property=\"article:published_time\" content=\"2009-09-09T08:11:56+00:00\" \/>\n<meta name=\"author\" content=\"Redazione Comunicati Stampa\" \/>\n<meta name=\"twitter:card\" content=\"summary_large_image\" \/>\n<meta name=\"twitter:label1\" content=\"Scritto da\" \/>\n\t<meta name=\"twitter:data1\" content=\"Redazione Comunicati Stampa\" \/>\n\t<meta name=\"twitter:label2\" content=\"Tempo di lettura stimato\" \/>\n\t<meta name=\"twitter:data2\" content=\"3 minuti\" \/>\n<script type=\"application\/ld+json\" class=\"yoast-schema-graph\">{\"@context\":\"https:\/\/schema.org\",\"@graph\":[{\"@type\":\"Article\",\"@id\":\"https:\/\/www.article-marketing.eu\/comunicati\/comunicati-stampa\/eventi\/15%b0-edizione-fiera-gli-sposi-e-la-casa-2009\/#article\",\"isPartOf\":{\"@id\":\"https:\/\/www.article-marketing.eu\/comunicati\/comunicati-stampa\/eventi\/15%b0-edizione-fiera-gli-sposi-e-la-casa-2009\/\"},\"author\":{\"name\":\"Redazione Comunicati Stampa\",\"@id\":\"https:\/\/www.article-marketing.eu\/comunicati\/#\/schema\/person\/44372e4d4d0fa797b18e03ed1ace9017\"},\"headline\":\"15\u00b0 Edizione Fiera &#8220;Gli Sposi e la Casa&#8221; 2009\",\"datePublished\":\"2009-09-09T08:11:56+00:00\",\"mainEntityOfPage\":{\"@id\":\"https:\/\/www.article-marketing.eu\/comunicati\/comunicati-stampa\/eventi\/15%b0-edizione-fiera-gli-sposi-e-la-casa-2009\/\"},\"wordCount\":533,\"commentCount\":0,\"articleSection\":[\"Eventi\"],\"inLanguage\":\"it-IT\",\"potentialAction\":[{\"@type\":\"CommentAction\",\"name\":\"Comment\",\"target\":[\"https:\/\/www.article-marketing.eu\/comunicati\/comunicati-stampa\/eventi\/15%b0-edizione-fiera-gli-sposi-e-la-casa-2009\/#respond\"]}]},{\"@type\":\"WebPage\",\"@id\":\"https:\/\/www.article-marketing.eu\/comunicati\/comunicati-stampa\/eventi\/15%b0-edizione-fiera-gli-sposi-e-la-casa-2009\/\",\"url\":\"https:\/\/www.article-marketing.eu\/comunicati\/comunicati-stampa\/eventi\/15%b0-edizione-fiera-gli-sposi-e-la-casa-2009\/\",\"name\":\"15\u00b0 Edizione Fiera \\\"Gli Sposi e la Casa\\\" 2009 - Article Marketing\",\"isPartOf\":{\"@id\":\"https:\/\/www.article-marketing.eu\/comunicati\/#website\"},\"datePublished\":\"2009-09-09T08:11:56+00:00\",\"author\":{\"@id\":\"https:\/\/www.article-marketing.eu\/comunicati\/#\/schema\/person\/44372e4d4d0fa797b18e03ed1ace9017\"},\"breadcrumb\":{\"@id\":\"https:\/\/www.article-marketing.eu\/comunicati\/comunicati-stampa\/eventi\/15%b0-edizione-fiera-gli-sposi-e-la-casa-2009\/#breadcrumb\"},\"inLanguage\":\"it-IT\",\"potentialAction\":[{\"@type\":\"ReadAction\",\"target\":[\"https:\/\/www.article-marketing.eu\/comunicati\/comunicati-stampa\/eventi\/15%b0-edizione-fiera-gli-sposi-e-la-casa-2009\/\"]}]},{\"@type\":\"BreadcrumbList\",\"@id\":\"https:\/\/www.article-marketing.eu\/comunicati\/comunicati-stampa\/eventi\/15%b0-edizione-fiera-gli-sposi-e-la-casa-2009\/#breadcrumb\",\"itemListElement\":[{\"@type\":\"ListItem\",\"position\":1,\"name\":\"Home\",\"item\":\"https:\/\/www.article-marketing.eu\/comunicati\/\"},{\"@type\":\"ListItem\",\"position\":2,\"name\":\"15\u00b0 Edizione Fiera &#8220;Gli Sposi e la Casa&#8221; 2009\"}]},{\"@type\":\"WebSite\",\"@id\":\"https:\/\/www.article-marketing.eu\/comunicati\/#website\",\"url\":\"https:\/\/www.article-marketing.eu\/comunicati\/\",\"name\":\"Article Marketing\",\"description\":\"article marketing &amp; press release\",\"potentialAction\":[{\"@type\":\"SearchAction\",\"target\":{\"@type\":\"EntryPoint\",\"urlTemplate\":\"https:\/\/www.article-marketing.eu\/comunicati\/?s={search_term_string}\"},\"query-input\":{\"@type\":\"PropertyValueSpecification\",\"valueRequired\":true,\"valueName\":\"search_term_string\"}}],\"inLanguage\":\"it-IT\"},{\"@type\":\"Person\",\"@id\":\"https:\/\/www.article-marketing.eu\/comunicati\/#\/schema\/person\/44372e4d4d0fa797b18e03ed1ace9017\",\"name\":\"Redazione Comunicati Stampa\",\"image\":{\"@type\":\"ImageObject\",\"inLanguage\":\"it-IT\",\"@id\":\"https:\/\/www.article-marketing.eu\/comunicati\/#\/schema\/person\/image\/\",\"url\":\"https:\/\/secure.gravatar.com\/avatar\/50e5c6421d3072f42e7ace803501602c60d75233d34e29fd05feb91c8760b792?s=96&d=mm&r=g\",\"contentUrl\":\"https:\/\/secure.gravatar.com\/avatar\/50e5c6421d3072f42e7ace803501602c60d75233d34e29fd05feb91c8760b792?s=96&d=mm&r=g\",\"caption\":\"Redazione Comunicati Stampa\"},\"url\":\"https:\/\/www.article-marketing.eu\/comunicati\/author\/redazione-comunicati-stampa\/\"}]}<\/script>\n<!-- \/ Yoast SEO plugin. -->","yoast_head_json":{"title":"15\u00b0 Edizione Fiera \"Gli Sposi e la Casa\" 2009 - Article Marketing","robots":{"index":"index","follow":"follow","max-snippet":"max-snippet:-1","max-image-preview":"max-image-preview:large","max-video-preview":"max-video-preview:-1"},"canonical":"https:\/\/www.article-marketing.eu\/comunicati\/comunicati-stampa\/eventi\/15?-edizione-fiera-gli-sposi-e-la-casa-2009\/","og_locale":"it_IT","og_type":"article","og_title":"15\u00b0 Edizione Fiera \"Gli Sposi e la Casa\" 2009 - Article Marketing","og_description":"DAL 23 AL 26 OTTOBRE IL PALAZZO ESPOSIZIONI DI PAVIA APRIRA\u2019 LE PORTE DELLA 15a EDIZIONE DELLA FIERA \"GLI SPOSI E LA CASA\" Comunicato Stampa  \u201cGli Sposi e la Casa\u201d, in vista dell\u2019appuntamento dal 23 al 26 Ottobre 2009, si rinnova per condividere con i visitatori le ultime tendenze della moda","og_url":"https:\/\/www.article-marketing.eu\/comunicati\/comunicati-stampa\/eventi\/15?-edizione-fiera-gli-sposi-e-la-casa-2009\/","og_site_name":"Article Marketing","article_published_time":"2009-09-09T08:11:56+00:00","author":"Redazione Comunicati Stampa","twitter_card":"summary_large_image","twitter_misc":{"Scritto da":"Redazione Comunicati Stampa","Tempo di lettura stimato":"3 minuti"},"schema":{"@context":"https:\/\/schema.org","@graph":[{"@type":"Article","@id":"https:\/\/www.article-marketing.eu\/comunicati\/comunicati-stampa\/eventi\/15%b0-edizione-fiera-gli-sposi-e-la-casa-2009\/#article","isPartOf":{"@id":"https:\/\/www.article-marketing.eu\/comunicati\/comunicati-stampa\/eventi\/15%b0-edizione-fiera-gli-sposi-e-la-casa-2009\/"},"author":{"name":"Redazione Comunicati Stampa","@id":"https:\/\/www.article-marketing.eu\/comunicati\/#\/schema\/person\/44372e4d4d0fa797b18e03ed1ace9017"},"headline":"15\u00b0 Edizione Fiera &#8220;Gli Sposi e la Casa&#8221; 2009","datePublished":"2009-09-09T08:11:56+00:00","mainEntityOfPage":{"@id":"https:\/\/www.article-marketing.eu\/comunicati\/comunicati-stampa\/eventi\/15%b0-edizione-fiera-gli-sposi-e-la-casa-2009\/"},"wordCount":533,"commentCount":0,"articleSection":["Eventi"],"inLanguage":"it-IT","potentialAction":[{"@type":"CommentAction","name":"Comment","target":["https:\/\/www.article-marketing.eu\/comunicati\/comunicati-stampa\/eventi\/15%b0-edizione-fiera-gli-sposi-e-la-casa-2009\/#respond"]}]},{"@type":"WebPage","@id":"https:\/\/www.article-marketing.eu\/comunicati\/comunicati-stampa\/eventi\/15%b0-edizione-fiera-gli-sposi-e-la-casa-2009\/","url":"https:\/\/www.article-marketing.eu\/comunicati\/comunicati-stampa\/eventi\/15%b0-edizione-fiera-gli-sposi-e-la-casa-2009\/","name":"15\u00b0 Edizione Fiera \"Gli Sposi e la Casa\" 2009 - Article Marketing","isPartOf":{"@id":"https:\/\/www.article-marketing.eu\/comunicati\/#website"},"datePublished":"2009-09-09T08:11:56+00:00","author":{"@id":"https:\/\/www.article-marketing.eu\/comunicati\/#\/schema\/person\/44372e4d4d0fa797b18e03ed1ace9017"},"breadcrumb":{"@id":"https:\/\/www.article-marketing.eu\/comunicati\/comunicati-stampa\/eventi\/15%b0-edizione-fiera-gli-sposi-e-la-casa-2009\/#breadcrumb"},"inLanguage":"it-IT","potentialAction":[{"@type":"ReadAction","target":["https:\/\/www.article-marketing.eu\/comunicati\/comunicati-stampa\/eventi\/15%b0-edizione-fiera-gli-sposi-e-la-casa-2009\/"]}]},{"@type":"BreadcrumbList","@id":"https:\/\/www.article-marketing.eu\/comunicati\/comunicati-stampa\/eventi\/15%b0-edizione-fiera-gli-sposi-e-la-casa-2009\/#breadcrumb","itemListElement":[{"@type":"ListItem","position":1,"name":"Home","item":"https:\/\/www.article-marketing.eu\/comunicati\/"},{"@type":"ListItem","position":2,"name":"15\u00b0 Edizione Fiera &#8220;Gli Sposi e la Casa&#8221; 2009"}]},{"@type":"WebSite","@id":"https:\/\/www.article-marketing.eu\/comunicati\/#website","url":"https:\/\/www.article-marketing.eu\/comunicati\/","name":"Article Marketing","description":"article marketing &amp; press release","potentialAction":[{"@type":"SearchAction","target":{"@type":"EntryPoint","urlTemplate":"https:\/\/www.article-marketing.eu\/comunicati\/?s={search_term_string}"},"query-input":{"@type":"PropertyValueSpecification","valueRequired":true,"valueName":"search_term_string"}}],"inLanguage":"it-IT"},{"@type":"Person","@id":"https:\/\/www.article-marketing.eu\/comunicati\/#\/schema\/person\/44372e4d4d0fa797b18e03ed1ace9017","name":"Redazione Comunicati Stampa","image":{"@type":"ImageObject","inLanguage":"it-IT","@id":"https:\/\/www.article-marketing.eu\/comunicati\/#\/schema\/person\/image\/","url":"https:\/\/secure.gravatar.com\/avatar\/50e5c6421d3072f42e7ace803501602c60d75233d34e29fd05feb91c8760b792?s=96&d=mm&r=g","contentUrl":"https:\/\/secure.gravatar.com\/avatar\/50e5c6421d3072f42e7ace803501602c60d75233d34e29fd05feb91c8760b792?s=96&d=mm&r=g","caption":"Redazione Comunicati Stampa"},"url":"https:\/\/www.article-marketing.eu\/comunicati\/author\/redazione-comunicati-stampa\/"}]}},"_links":{"self":[{"href":"https:\/\/www.article-marketing.eu\/comunicati\/wp-json\/wp\/v2\/posts\/2690","targetHints":{"allow":["GET"]}}],"collection":[{"href":"https:\/\/www.article-marketing.eu\/comunicati\/wp-json\/wp\/v2\/posts"}],"about":[{"href":"https:\/\/www.article-marketing.eu\/comunicati\/wp-json\/wp\/v2\/types\/post"}],"author":[{"embeddable":true,"href":"https:\/\/www.article-marketing.eu\/comunicati\/wp-json\/wp\/v2\/users\/10"}],"replies":[{"embeddable":true,"href":"https:\/\/www.article-marketing.eu\/comunicati\/wp-json\/wp\/v2\/comments?post=2690"}],"version-history":[{"count":0,"href":"https:\/\/www.article-marketing.eu\/comunicati\/wp-json\/wp\/v2\/posts\/2690\/revisions"}],"wp:attachment":[{"href":"https:\/\/www.article-marketing.eu\/comunicati\/wp-json\/wp\/v2\/media?parent=2690"}],"wp:term":[{"taxonomy":"category","embeddable":true,"href":"https:\/\/www.article-marketing.eu\/comunicati\/wp-json\/wp\/v2\/categories?post=2690"},{"taxonomy":"post_tag","embeddable":true,"href":"https:\/\/www.article-marketing.eu\/comunicati\/wp-json\/wp\/v2\/tags?post=2690"}],"curies":[{"name":"wp","href":"https:\/\/api.w.org\/{rel}","templated":true}]}}