{"id":2700,"date":"2009-09-10T10:01:35","date_gmt":"2009-09-10T08:01:35","guid":{"rendered":"http:\/\/www.article-marketing.eu\/comunicati\/senza-categoria\/fiandre-tra-diamanti-e-merletti\/"},"modified":"2009-09-10T10:01:35","modified_gmt":"2009-09-10T08:01:35","slug":"fiandre-tra-diamanti-e-merletti","status":"publish","type":"post","link":"https:\/\/www.article-marketing.eu\/comunicati\/viaggi-e-vacanze\/destinazioni\/fiandre-tra-diamanti-e-merletti\/","title":{"rendered":"Fiandre tra diamanti e merletti"},"content":{"rendered":"<p>Tra merletti e diamanti alla scoperta di una delle regioni pi\u00f9 antiche e ricche di storia del Belgio.<\/p>\n<p>Le Fiandra o Fiandre, \u00e8 una delle regioni settentrionali del Belgio<br \/>\nche confina a Nord con i Paesi Bassi e il Mar del Nord e a Sud con la<br \/>\nVallonia e la Francia. Quest&#8217;area \u00e8 delimitata inoltre dal fiume Leie e<br \/>\ndalla Schelda e percorsa da numerosi corsi d&#8217;acqua.<\/p>\n<p>Il territorio delle Fiandre \u00e8 caratterizzato da una grande variet\u00e0<br \/>\ndi citt\u00e0 d&#8217;arte ricche di storia e cultura circondate dai verdi<br \/>\npanorami tipici del Belgio.<\/p>\n<p>Le principali citt\u00e0 che compongono le Fiandre sono oltre a<br \/>\nBruxelles, Anversa, Bruges, Gent, Lovanio, Hasselt, Mechelen, Ieper e<br \/>\nTongeren.<\/p>\n<p>L&#8217;economia delle Fiandre si basa soprattutto sul turismo, sulla<br \/>\nproduzione di manufatti artigianali come i merletti e sulla lavorazione<br \/>\ndi gemme preziose tra i quali spiccano i diamanti.<\/p>\n<p>Questa regione \u00e8 famosa anche perch\u00e9 qui nacquero artisti molto noti come Rubens, Van Eyck, Horta, Van Dyck e Breughel.<\/p>\n<p>Il periodo pi\u00f9 indicato per visitare le Fiandre \u00e8 la primavera<br \/>\nquando \u00e8 possibile godere degli splendidi colori delle citt\u00e0 d&#8217;arte e<br \/>\ndell&#8217;atmosfera romantica offerta dai canali.<\/p>\n<p>La lingua ufficiale delle Fiandre \u00e8 il fiammingo (Vlaams)e la moneta corrente \u00e8 l&#8217;Euro.<br \/>\n<br \/>Da Visitare<\/p>\n<p>Una delle citt\u00e0 pi\u00f9 belle delle Fiandre \u00e8 sicuramente Anversa<br \/>\ncentro all&#8217;avanguardia e luogo caratterizzato dall&#8217;arte barocca, dalla<br \/>\nmoda e dall&#8217;amore per il design.<\/p>\n<p>La Grand Place \u00e8 una delle piazze pi\u00f9 importanti della citt\u00e0, \u00e8<br \/>\ncircondata da palazzi cinquecenteschi e seicenteschi; nelle sue<br \/>\nvicinanze troviamo la Onze-Lieve-Vrouwe Katedraal, decorata da<br \/>\nbellissime vetrate nella quale sono conservate alcune opere di Rubens.<\/p>\n<p>Merita una visita il municipio di origini quattrocentesche, mentre<br \/>\nspostandoci sulla Wapper possiamo visitare la casa di Rubens nella<br \/>\nquale sono ancora conservati i bozzetti, il mobilio e i lavori<br \/>\noriginali del grande artista fiammingo.<\/p>\n<p>Da non perdere la Sint-Pauluskerk nella quale si possono ammirare i<br \/>\ncapolavori di Rubens e di Van Dyck e la chiesa di<br \/>\nSint-Carolus-Borromeuskerk costruita secondo i dettami stilistici del<br \/>\nbarocco.<\/p>\n<p>Nelle vicinanze si trova il teatro Burla molto famoso in citt\u00e0<br \/>\nanche perch\u00e9 \u00e8 situato nelle vicinanze di un noto locale dove \u00e8<br \/>\npossibile degustare la \u201cbolleke\u201d la nota birra locale servita in<br \/>\nbicchieri dalla caratteristica forma ovale.<\/p>\n<p>Anversa \u00e8 anche la citt\u00e0 dell&#8217;arte e dei musei, nel centro ce ne<br \/>\nsono alcuni davvero molto interessanti. Tra quelli da non perdere<br \/>\nricordiamo:<\/p>\n<p>il Museo Reale di Belle Arti, nel quale si possono ammirare le<br \/>\ncollezioni originali dei maestri fiamminghi. Da non perdere una visita<br \/>\nal Museo di Arte contemporanea e al Museo provinciale del Diamante.<\/p>\n<p>Bruges \u00e8 certamente una delle citt\u00e0 pi\u00f9 ricche di storia e arte<br \/>\ndelle Fiandre. Il suo centro storico \u00e8 visitabile a piedi partendo da<br \/>\npiazza Markt dove si ergono coloratissime le abitazioni dei corporati.<\/p>\n<p>Questa piazza venne costruita tra il XV e il XVII secolo e oltre al<br \/>\nmercato coperto \u00e8 possibile ammirare la Torre comunale. All&#8217;interno<br \/>\ndella torre, da cui si pu\u00f2 godere di un suggestivo panorama sulla<br \/>\ncitt\u00e0, \u00e8 stato costruito un carillon di oltre 25 tonnellate.<\/p>\n<p>Proseguendo con la visita di Bruges arriviamo alla Basilica del<br \/>\nSacro Sangue, alla chiesa di Nostra Signora di origini gotiche al cui<br \/>\ninterno \u00e8 presente una statua di Michelangelo. Visitiamo inoltre il<br \/>\nBeghinaggio Principesco Ten Wijngaarde, il Palazzo di Giustizia e la<br \/>\ncancelleria del Frank.<\/p>\n<p>Tra i musei segnaliamo il Groeninge Museum e il Museo di Memling,<br \/>\nda non perdere poi una passeggiata tra i bellissimi canali di Bruges.<\/p>\n<p>Le altre citt\u00e0 che fanno parte del territorio delle Fiandre sono<br \/>\nGent, importante centro culturale che nel XVI secolo era considerata la<br \/>\ncitt\u00e0 pi\u00f9 importante d&#8217;Europa dopo Parigi e Lovanio fu in passato la<br \/>\ncapitale del Ducato del Brabante Fiammingo.<\/p>\n<p>Conclude la visita di questa bellissima regione una sosta a<br \/>\nMechelen, piccolo centro delle Fiandre circondato da verdi campagne,<br \/>\npresso il quale si possono ammirare alcune opere di Rubens oggi<br \/>\nconservate nelle chiese del centro storico.<\/p>\n","protected":false},"excerpt":{"rendered":"<p>Tra merletti e diamanti alla scoperta di una delle regioni pi\u00f9 antiche e ricche di storia del Belgio.<\/p>\n<p>Le Fiandra o Fiandre, \u00e8 una delle regioni settentrionali del Belgio che confina a Nord con i Paesi Bassi e il Mar del Nord e a Sud con la Vallonia e la Francia. Quest&#8217;area \u00e8 delimitata inoltre dal fiume Leie e dalla Schelda e percorsa da numerosi corsi d&#8217;acqua.<\/p>\n","protected":false},"author":10,"featured_media":0,"comment_status":"open","ping_status":"open","sticky":false,"template":"","format":"standard","meta":{"cybocfi_hide_featured_image":"","footnotes":""},"categories":[143],"tags":[4978,8829,8830,253,3,4],"class_list":["post-2700","post","type-post","status-publish","format-standard","hentry","category-destinazioni","tag-diamanti","tag-fiandre","tag-merletti","tag-turismo","tag-vacanze","tag-viaggi"],"yoast_head":"<!-- This site is optimized with the Yoast SEO plugin v27.0 - https:\/\/yoast.com\/product\/yoast-seo-wordpress\/ -->\n<title>Fiandre tra diamanti e merletti - Article Marketing<\/title>\n<meta name=\"robots\" content=\"index, follow, max-snippet:-1, max-image-preview:large, max-video-preview:-1\" \/>\n<link rel=\"canonical\" href=\"https:\/\/www.article-marketing.eu\/comunicati\/viaggi-e-vacanze\/destinazioni\/fiandre-tra-diamanti-e-merletti\/\" \/>\n<meta property=\"og:locale\" content=\"it_IT\" \/>\n<meta property=\"og:type\" content=\"article\" \/>\n<meta property=\"og:title\" content=\"Fiandre tra diamanti e merletti - Article Marketing\" \/>\n<meta property=\"og:description\" content=\"Tra merletti e diamanti alla scoperta di una delle regioni pi\u00f9 antiche e ricche di storia del Belgio. Le Fiandra o Fiandre, \u00e8 una delle regioni settentrionali del Belgio che confina a Nord con i Paesi Bassi e il Mar del Nord e a Sud con la Vallonia e la Francia. Quest&#039;area \u00e8 delimitata inoltre dal fiume Leie e dalla Schelda e percorsa da numerosi corsi d&#039;acqua.\" \/>\n<meta property=\"og:url\" content=\"https:\/\/www.article-marketing.eu\/comunicati\/viaggi-e-vacanze\/destinazioni\/fiandre-tra-diamanti-e-merletti\/\" \/>\n<meta property=\"og:site_name\" content=\"Article Marketing\" \/>\n<meta property=\"article:published_time\" content=\"2009-09-10T08:01:35+00:00\" \/>\n<meta name=\"author\" content=\"Redazione Comunicati Stampa\" \/>\n<meta name=\"twitter:card\" content=\"summary_large_image\" \/>\n<meta name=\"twitter:label1\" content=\"Scritto da\" \/>\n\t<meta name=\"twitter:data1\" content=\"Redazione Comunicati Stampa\" \/>\n\t<meta name=\"twitter:label2\" content=\"Tempo di lettura stimato\" \/>\n\t<meta name=\"twitter:data2\" content=\"3 minuti\" \/>\n<script type=\"application\/ld+json\" class=\"yoast-schema-graph\">{\"@context\":\"https:\/\/schema.org\",\"@graph\":[{\"@type\":\"Article\",\"@id\":\"https:\/\/www.article-marketing.eu\/comunicati\/viaggi-e-vacanze\/destinazioni\/fiandre-tra-diamanti-e-merletti\/#article\",\"isPartOf\":{\"@id\":\"https:\/\/www.article-marketing.eu\/comunicati\/viaggi-e-vacanze\/destinazioni\/fiandre-tra-diamanti-e-merletti\/\"},\"author\":{\"name\":\"Redazione Comunicati Stampa\",\"@id\":\"https:\/\/www.article-marketing.eu\/comunicati\/#\/schema\/person\/44372e4d4d0fa797b18e03ed1ace9017\"},\"headline\":\"Fiandre tra diamanti e merletti\",\"datePublished\":\"2009-09-10T08:01:35+00:00\",\"mainEntityOfPage\":{\"@id\":\"https:\/\/www.article-marketing.eu\/comunicati\/viaggi-e-vacanze\/destinazioni\/fiandre-tra-diamanti-e-merletti\/\"},\"wordCount\":634,\"commentCount\":0,\"keywords\":[\"diamanti\",\"fiandre\",\"merletti\",\"turismo\",\"vacanze\",\"viaggi\"],\"articleSection\":[\"Destinazioni\"],\"inLanguage\":\"it-IT\",\"potentialAction\":[{\"@type\":\"CommentAction\",\"name\":\"Comment\",\"target\":[\"https:\/\/www.article-marketing.eu\/comunicati\/viaggi-e-vacanze\/destinazioni\/fiandre-tra-diamanti-e-merletti\/#respond\"]}]},{\"@type\":\"WebPage\",\"@id\":\"https:\/\/www.article-marketing.eu\/comunicati\/viaggi-e-vacanze\/destinazioni\/fiandre-tra-diamanti-e-merletti\/\",\"url\":\"https:\/\/www.article-marketing.eu\/comunicati\/viaggi-e-vacanze\/destinazioni\/fiandre-tra-diamanti-e-merletti\/\",\"name\":\"Fiandre tra diamanti e merletti - Article Marketing\",\"isPartOf\":{\"@id\":\"https:\/\/www.article-marketing.eu\/comunicati\/#website\"},\"datePublished\":\"2009-09-10T08:01:35+00:00\",\"author\":{\"@id\":\"https:\/\/www.article-marketing.eu\/comunicati\/#\/schema\/person\/44372e4d4d0fa797b18e03ed1ace9017\"},\"breadcrumb\":{\"@id\":\"https:\/\/www.article-marketing.eu\/comunicati\/viaggi-e-vacanze\/destinazioni\/fiandre-tra-diamanti-e-merletti\/#breadcrumb\"},\"inLanguage\":\"it-IT\",\"potentialAction\":[{\"@type\":\"ReadAction\",\"target\":[\"https:\/\/www.article-marketing.eu\/comunicati\/viaggi-e-vacanze\/destinazioni\/fiandre-tra-diamanti-e-merletti\/\"]}]},{\"@type\":\"BreadcrumbList\",\"@id\":\"https:\/\/www.article-marketing.eu\/comunicati\/viaggi-e-vacanze\/destinazioni\/fiandre-tra-diamanti-e-merletti\/#breadcrumb\",\"itemListElement\":[{\"@type\":\"ListItem\",\"position\":1,\"name\":\"Home\",\"item\":\"https:\/\/www.article-marketing.eu\/comunicati\/\"},{\"@type\":\"ListItem\",\"position\":2,\"name\":\"Fiandre tra diamanti e merletti\"}]},{\"@type\":\"WebSite\",\"@id\":\"https:\/\/www.article-marketing.eu\/comunicati\/#website\",\"url\":\"https:\/\/www.article-marketing.eu\/comunicati\/\",\"name\":\"Article Marketing\",\"description\":\"article marketing &amp; press release\",\"potentialAction\":[{\"@type\":\"SearchAction\",\"target\":{\"@type\":\"EntryPoint\",\"urlTemplate\":\"https:\/\/www.article-marketing.eu\/comunicati\/?s={search_term_string}\"},\"query-input\":{\"@type\":\"PropertyValueSpecification\",\"valueRequired\":true,\"valueName\":\"search_term_string\"}}],\"inLanguage\":\"it-IT\"},{\"@type\":\"Person\",\"@id\":\"https:\/\/www.article-marketing.eu\/comunicati\/#\/schema\/person\/44372e4d4d0fa797b18e03ed1ace9017\",\"name\":\"Redazione Comunicati Stampa\",\"image\":{\"@type\":\"ImageObject\",\"inLanguage\":\"it-IT\",\"@id\":\"https:\/\/www.article-marketing.eu\/comunicati\/#\/schema\/person\/image\/\",\"url\":\"https:\/\/secure.gravatar.com\/avatar\/50e5c6421d3072f42e7ace803501602c60d75233d34e29fd05feb91c8760b792?s=96&d=mm&r=g\",\"contentUrl\":\"https:\/\/secure.gravatar.com\/avatar\/50e5c6421d3072f42e7ace803501602c60d75233d34e29fd05feb91c8760b792?s=96&d=mm&r=g\",\"caption\":\"Redazione Comunicati Stampa\"},\"url\":\"https:\/\/www.article-marketing.eu\/comunicati\/author\/redazione-comunicati-stampa\/\"}]}<\/script>\n<!-- \/ Yoast SEO plugin. -->","yoast_head_json":{"title":"Fiandre tra diamanti e merletti - Article Marketing","robots":{"index":"index","follow":"follow","max-snippet":"max-snippet:-1","max-image-preview":"max-image-preview:large","max-video-preview":"max-video-preview:-1"},"canonical":"https:\/\/www.article-marketing.eu\/comunicati\/viaggi-e-vacanze\/destinazioni\/fiandre-tra-diamanti-e-merletti\/","og_locale":"it_IT","og_type":"article","og_title":"Fiandre tra diamanti e merletti - Article Marketing","og_description":"Tra merletti e diamanti alla scoperta di una delle regioni pi\u00f9 antiche e ricche di storia del Belgio. Le Fiandra o Fiandre, \u00e8 una delle regioni settentrionali del Belgio che confina a Nord con i Paesi Bassi e il Mar del Nord e a Sud con la Vallonia e la Francia. Quest'area \u00e8 delimitata inoltre dal fiume Leie e dalla Schelda e percorsa da numerosi corsi d'acqua.","og_url":"https:\/\/www.article-marketing.eu\/comunicati\/viaggi-e-vacanze\/destinazioni\/fiandre-tra-diamanti-e-merletti\/","og_site_name":"Article Marketing","article_published_time":"2009-09-10T08:01:35+00:00","author":"Redazione Comunicati Stampa","twitter_card":"summary_large_image","twitter_misc":{"Scritto da":"Redazione Comunicati Stampa","Tempo di lettura stimato":"3 minuti"},"schema":{"@context":"https:\/\/schema.org","@graph":[{"@type":"Article","@id":"https:\/\/www.article-marketing.eu\/comunicati\/viaggi-e-vacanze\/destinazioni\/fiandre-tra-diamanti-e-merletti\/#article","isPartOf":{"@id":"https:\/\/www.article-marketing.eu\/comunicati\/viaggi-e-vacanze\/destinazioni\/fiandre-tra-diamanti-e-merletti\/"},"author":{"name":"Redazione Comunicati Stampa","@id":"https:\/\/www.article-marketing.eu\/comunicati\/#\/schema\/person\/44372e4d4d0fa797b18e03ed1ace9017"},"headline":"Fiandre tra diamanti e merletti","datePublished":"2009-09-10T08:01:35+00:00","mainEntityOfPage":{"@id":"https:\/\/www.article-marketing.eu\/comunicati\/viaggi-e-vacanze\/destinazioni\/fiandre-tra-diamanti-e-merletti\/"},"wordCount":634,"commentCount":0,"keywords":["diamanti","fiandre","merletti","turismo","vacanze","viaggi"],"articleSection":["Destinazioni"],"inLanguage":"it-IT","potentialAction":[{"@type":"CommentAction","name":"Comment","target":["https:\/\/www.article-marketing.eu\/comunicati\/viaggi-e-vacanze\/destinazioni\/fiandre-tra-diamanti-e-merletti\/#respond"]}]},{"@type":"WebPage","@id":"https:\/\/www.article-marketing.eu\/comunicati\/viaggi-e-vacanze\/destinazioni\/fiandre-tra-diamanti-e-merletti\/","url":"https:\/\/www.article-marketing.eu\/comunicati\/viaggi-e-vacanze\/destinazioni\/fiandre-tra-diamanti-e-merletti\/","name":"Fiandre tra diamanti e merletti - Article Marketing","isPartOf":{"@id":"https:\/\/www.article-marketing.eu\/comunicati\/#website"},"datePublished":"2009-09-10T08:01:35+00:00","author":{"@id":"https:\/\/www.article-marketing.eu\/comunicati\/#\/schema\/person\/44372e4d4d0fa797b18e03ed1ace9017"},"breadcrumb":{"@id":"https:\/\/www.article-marketing.eu\/comunicati\/viaggi-e-vacanze\/destinazioni\/fiandre-tra-diamanti-e-merletti\/#breadcrumb"},"inLanguage":"it-IT","potentialAction":[{"@type":"ReadAction","target":["https:\/\/www.article-marketing.eu\/comunicati\/viaggi-e-vacanze\/destinazioni\/fiandre-tra-diamanti-e-merletti\/"]}]},{"@type":"BreadcrumbList","@id":"https:\/\/www.article-marketing.eu\/comunicati\/viaggi-e-vacanze\/destinazioni\/fiandre-tra-diamanti-e-merletti\/#breadcrumb","itemListElement":[{"@type":"ListItem","position":1,"name":"Home","item":"https:\/\/www.article-marketing.eu\/comunicati\/"},{"@type":"ListItem","position":2,"name":"Fiandre tra diamanti e merletti"}]},{"@type":"WebSite","@id":"https:\/\/www.article-marketing.eu\/comunicati\/#website","url":"https:\/\/www.article-marketing.eu\/comunicati\/","name":"Article Marketing","description":"article marketing &amp; press release","potentialAction":[{"@type":"SearchAction","target":{"@type":"EntryPoint","urlTemplate":"https:\/\/www.article-marketing.eu\/comunicati\/?s={search_term_string}"},"query-input":{"@type":"PropertyValueSpecification","valueRequired":true,"valueName":"search_term_string"}}],"inLanguage":"it-IT"},{"@type":"Person","@id":"https:\/\/www.article-marketing.eu\/comunicati\/#\/schema\/person\/44372e4d4d0fa797b18e03ed1ace9017","name":"Redazione Comunicati Stampa","image":{"@type":"ImageObject","inLanguage":"it-IT","@id":"https:\/\/www.article-marketing.eu\/comunicati\/#\/schema\/person\/image\/","url":"https:\/\/secure.gravatar.com\/avatar\/50e5c6421d3072f42e7ace803501602c60d75233d34e29fd05feb91c8760b792?s=96&d=mm&r=g","contentUrl":"https:\/\/secure.gravatar.com\/avatar\/50e5c6421d3072f42e7ace803501602c60d75233d34e29fd05feb91c8760b792?s=96&d=mm&r=g","caption":"Redazione Comunicati Stampa"},"url":"https:\/\/www.article-marketing.eu\/comunicati\/author\/redazione-comunicati-stampa\/"}]}},"_links":{"self":[{"href":"https:\/\/www.article-marketing.eu\/comunicati\/wp-json\/wp\/v2\/posts\/2700","targetHints":{"allow":["GET"]}}],"collection":[{"href":"https:\/\/www.article-marketing.eu\/comunicati\/wp-json\/wp\/v2\/posts"}],"about":[{"href":"https:\/\/www.article-marketing.eu\/comunicati\/wp-json\/wp\/v2\/types\/post"}],"author":[{"embeddable":true,"href":"https:\/\/www.article-marketing.eu\/comunicati\/wp-json\/wp\/v2\/users\/10"}],"replies":[{"embeddable":true,"href":"https:\/\/www.article-marketing.eu\/comunicati\/wp-json\/wp\/v2\/comments?post=2700"}],"version-history":[{"count":0,"href":"https:\/\/www.article-marketing.eu\/comunicati\/wp-json\/wp\/v2\/posts\/2700\/revisions"}],"wp:attachment":[{"href":"https:\/\/www.article-marketing.eu\/comunicati\/wp-json\/wp\/v2\/media?parent=2700"}],"wp:term":[{"taxonomy":"category","embeddable":true,"href":"https:\/\/www.article-marketing.eu\/comunicati\/wp-json\/wp\/v2\/categories?post=2700"},{"taxonomy":"post_tag","embeddable":true,"href":"https:\/\/www.article-marketing.eu\/comunicati\/wp-json\/wp\/v2\/tags?post=2700"}],"curies":[{"name":"wp","href":"https:\/\/api.w.org\/{rel}","templated":true}]}}