{"id":27041,"date":"2009-12-17T18:53:37","date_gmt":"2009-12-17T17:53:37","guid":{"rendered":"http:\/\/www.article-marketing.eu\/comunicati\/senza-categoria\/in-tour-tra-i-presepi-d%19italia\/"},"modified":"2018-07-10T05:33:42","modified_gmt":"2018-07-10T03:33:42","slug":"in-tour-tra-i-presepi-d%19italia","status":"publish","type":"post","link":"https:\/\/www.article-marketing.eu\/comunicati\/arte-e-cultura\/in-tour-tra-i-presepi-d%19italia\/","title":{"rendered":"In tour tra i presepi d Italia"},"content":{"rendered":"<p style=\"TEXT-ALIGN: justify\" mce_style=\"text-align: justify;\">Mancano pochi giorni al <strong>Natale<\/strong>, una delle feste pi\u00f9 attese e sentite dalle famiglie cristiane di tutto il mondo e soprattutto dai bambini, che aspettano il caro <strong>Babbo Natale<\/strong> con i suoi doni. <br \/>Citt\u00e0 in festa, strade illuminate, negozi addobbati, corsa ai regali, alberi, presepi: ecco i segni distintivi del Natale. <br \/>Ma non dimentichiamoci del nostro cuore e ricordiamo che a Natale siamo tutti pi\u00f9 buoni! Proprio per l occasione tanti sono i <strong>mercatini<\/strong> allestiti per fare <strong>beneficenza<\/strong> attraverso semplici gesti. A Roma, ad esempio, \u00e8 stata creata l area  <strong>Condividiamo la spesa<\/strong> : potrete acquistare cibi e prodotti e riporli in una cesta in dono ai poveri. <\/p>\n<p style=\"TEXT-ALIGN: justify\" mce_style=\"text-align: justify;\"><strong>Ma avete gi\u00e0 deciso come trascorrere le festivit\u00e0 natalizie&#8217;<\/strong> Se non avete ancora un&#8217; idea ben precisa questa \u00e8 l occasione giusta per evadere dalla quotidianit\u00e0, trascorrendo una giornata con la propria famiglia, immergendovi nel calore delle luci natalizie, passeggiando tra le caratteristiche casette di legno, dove sono esposti oggetti di artigianato, giocattoli per bambini, addobbi e decorazioni per <strong>l Albero di Natale<\/strong> o per la casa e idee regalo per amici e parenti. <\/p>\n<p style=\"TEXT-ALIGN: justify\" mce_style=\"text-align: justify;\"><strong><u>Abbiamo selezionato per voi i pi\u00f9 importanti eventi, in Italia, legati al Natale o che si svolgeranno nei giorni a cavallo delle festivit\u00e0: <\/u><\/strong> <\/p>\n<p style=\"TEXT-ALIGN: justify\" mce_style=\"text-align: justify;\">Il <strong>Natale a Napoli<\/strong> conserva tutt oggi alcuni aspetti forti della tradizione partenopea che ruotano attorno a due simboli: <strong>presepe<\/strong> e men\u00f9 natalizio. La via del presepe a Napoli \u00e8 Via San Gregorio Armeno a <strong>Spaccanapoli<\/strong>. Qui si susseguono botteghe specializzate nel presepe, all&#8217;interno delle quali \u00e8 possibile trovare di tutto: dalle statuine classiche agli accessori per creare il presepe animato, dalle caricature dei personaggi famosi, Toto&#8217; e Maradona in testa, al moschella, statua di pastore dalle dimensioni minuscole. <\/p>\n<p style=\"TEXT-ALIGN: justify\" mce_style=\"text-align: justify;\"><strong>Anche Roma vanta una modesta tradizione presepiale<\/strong>: ogni anno infatti, nella Capitale, si rinnova l appuntamento con &quot;<strong>I 100 Presepi<\/strong>&quot;. Potrete ammirare ben 165 presepi realizzati con materiali preziosi, con personaggi miniaturizzati o a grandezza naturale. Un giro del mondo tra arte, cultura e religione nella citt\u00e0 eterna, e per i bambini la possibilit\u00e0 di divertirsi costruendo i personaggi del presepe. <strong>La Mostra 100 Presepi si presenta come una opportunit\u00e0 di viaggiare con la mente e con gli occhi attraverso le culture del mondo e osservare come le varie epoche storiche abbiano influenzato la rappresentazione artistica della Nativit\u00e0<\/strong>. Si va dall&#8217;arte siciliana ai classici presepi napoletani e romani risalenti al &#8216;600, &#8216;700 e &#8216;800, alle opere realizzate da studenti, amatori, associazioni culturali. <br \/><strong>L evento \u00e8 ospitato<\/strong>, fino al 6 gennaio, dalle ore 9.30 alle ore 20.00, <strong>nelle<\/strong> <strong>Sale del Bramante<\/strong> della <strong>Basilica di Santa Maria del Popolo<\/strong>. <\/p>\n<p style=\"TEXT-ALIGN: justify\" mce_style=\"text-align: justify;\"><strong>Ma non \u00e8 finita!<\/strong> Infatti, a Citt\u00e0 del Vaticano verr\u00e0 allestito il tradizionale presepe all interno della <strong>Cappella di San Pio X<\/strong>; mentre in Piazza del Campidoglio sar\u00e0 posto un presepe con ambientazione nella campagna romana ottocentesca. Le statue sono di gesso e terracotta e risalgono alla met\u00e0 del secolo scorso. <\/p>\n<p style=\"TEXT-ALIGN: justify\" mce_style=\"text-align: justify;\"><strong>Da Roma al Salento<\/strong>. A Castro vi aspetta la II Edizione del  Natale in contea , <strong>rappresentazione Storico Medievale della Nativit\u00e0<\/strong>. Il <strong>Presepe Vivente<\/strong> \u00e8 ambientato nell anno 1480 all interno del Borgo di Castro. Si potr\u00e0 ammirare cos\u00ec la citt\u00e0 in epoca medievale protetta da una cinta muraria e composta da diverse casupole che si affacciano sulle tortuose vie animate da galline e maiali. <br \/>Lungo il percorso incontrerete il falegname, il ciabattino, il vasaio, il fabbro fino a raggiungere l osteria in cui si beve e si gioca a dadi. <\/p>\n<p style=\"TEXT-ALIGN: justify\" mce_style=\"text-align: justify;\">A Rimini, in <strong>Emilia Romagna<\/strong> <strong>troverete il presepe di sabbia &quot;pi\u00f9 grande d&#8217;Italia&quot;,<\/strong> presentato ai lidi 64 e 65 di <strong>Torre Pedrera<\/strong> e presso la spiaggia di Piazzale Boscovich. <\/p>\n<p style=\"TEXT-ALIGN: justify\" mce_style=\"text-align: justify;\">A Cattolica invece, sar\u00e0 allestito un originale <strong>presepe<\/strong> all interno del Parco delle Navi di Cattolica <strong>realizzato con statuine collocate all interno delle vasche dei pesci e degli squali dell acquario<\/strong>. A Ravenna vi attende un presepe vivente con oltre cinquanta figuranti nel quadro della Nativit\u00e0. Protagonisti indiscussi saranno i bambini e i ragazzi delle scuole elementari e superiori, con la collaborazione del Centro Culturale Pier Giorgio Frassati. <\/p>\n<p style=\"TEXT-ALIGN: justify\" mce_style=\"text-align: justify;\"><strong>Giungiamo in Umbria<\/strong> dove, ad 8 kilometri da Assisi, viene realizzato uno dei presepi viventi pi\u00f9 suggestivi. Circa duecento figuranti, animando una quarantina di scene, avvolti in vesti d&#8217;altri tempi raccontano una storia miracolosa, fra gli scorci di vita quotidiana della citt\u00e0 di <strong>Betlemme<\/strong>, riproposta con attendibilit\u00e0 storica in tutto il mistero. La tradizionale manifestazione paesana ha il pregio di riunire tante persone facendole lavorare insieme, presentandosi anche in questo come espressione di solidariet\u00e0. <\/p>\n<p style=\"TEXT-ALIGN: justify\" mce_style=\"text-align: justify;\">A <strong>Trevi<\/strong> esiste una tradizione davvero insolita ma accattivante allo stesso tempo. <strong>Gli abitanti del posto sono soliti allestire alberi e presepi all esterno delle proprie abitazioni.<\/strong> <\/p>\n<p style=\"TEXT-ALIGN: justify\" mce_style=\"text-align: justify;\">Ci trasferiamo a Gubbio e per un attimo abbandoniamo il tema  presepe . Questo perch\u00e9 <strong>in questa favolosa location<\/strong>, lontana dal caos cittadino, <strong>\u00e8 allestito l albero pi\u00f9 grande del mondo: parliamo di 650 metri di altezza per 350 di larghezza!<\/strong> Esso viene illuminato la sera del 7 dicembre 2009 e resta acceso fino al 10 gennaio 2010. L&#8217;albero \u00e8 disegnato con neon composto da 200 luci verdi per la sagoma dell&#8217;abete; 200 dorate per la stella cometa; 270 multicolori per le decorazioni. Il tutto collegato da 8.500 metri di cavi connessi a 1.350 prese di corrente. L&#8217;imponente opera \u00e8 visibile fin dai <strong>monti di Umbertide<\/strong> e dalle colline di Perugia. <\/p>\n<p style=\"TEXT-ALIGN: justify\" mce_style=\"text-align: justify;\">Nelle <strong>Marche<\/strong> si rinnova l&#8217;appuntamento con il <strong>Presepe Vivente di<\/strong> <strong>Genga<\/strong>, ad Ancona, uno dei pi\u00f9 importanti eventi natalizi del panorama regionale. <br \/>In uno scenario naturale di grande spettacolarit\u00e0, trecento figuranti animano scene di vita quotidiana che ricostruiscono la Palestina all&#8217;epoca di Ges\u00f9 Cristo. Lungo il sentiero pedonale che sale, illuminato da suggestivi bracieri, fino al Tempio di Valadasier, le grotte sono popolate da personaggi i cui costumi si rifanno alle tele di Gentile da Fabriano. <\/p>\n<p style=\"TEXT-ALIGN: justify\" mce_style=\"text-align: justify;\"><strong>In<\/strong> <strong>Toscana<\/strong> i presepi viventi sono molto diffusi e tante sono le rappresentazioni della nativit\u00e0 nel periodo di natale. A <strong>Rosignano Marittimo<\/strong>, in provincia di <strong>Livorno<\/strong> il 24 dicembre dalle ore 21 alle 24 e il 27 dicembre 2009 dalle ore 15.00 alle 20.00 si terr\u00e0 la <strong>XXII rappresentazione del presepe vivente nel centro storico<\/strong>. Non mancheranno personaggi come pastori, artigiani, centurioni in costumi d epoca. <\/p>\n<p style=\"TEXT-ALIGN: justify\" mce_style=\"text-align: justify;\">Anche <strong>in Sicilia<\/strong> \u00e8 diffusa l arte presepiale. A Palermo e a Siracusa per creare le statue da porre sui presepi <strong>viene utilizzata la cera<\/strong> <strong>ed \u00e8 per questo che<\/strong> <strong>coloro i quali utilizzano questa tecnica sono chiamati  cerari .<\/strong> A Palermo si inaugura quest anno la <strong>2\u00b0 edizione della mostra artistica  99 Presepi .<\/strong> Verranno proposti presepi di varie dimensioni, realizzati con diverse tecniche, alcuni addirittura posti in gusci di noce. <br \/>A <strong>Castelvetrano<\/strong> verr\u00e0 proposto il  <strong>presepe meccanico<\/strong> . Ogni particolare \u00e8 stato realizzato utilizzando materiali naturali quali pietre, sughero, tronchi, piante grasse, muschio ed erba, ed <strong>attraverso l utilizzo di apparecchiature elettroniche e tecnologiche si cercher\u00e0 di ricreare l evento della nascita di Ges\u00f9 Bambino<\/strong>. Ecco perch\u00e9 \u00e8 denominato  presepe meccanico . Gli accorgimenti tecnici di maggior impatto saranno i movimenti di personaggi ed animali durante tutto il giorno, le simulazioni dell alba, del tramonto e della notte con la luna e le stelle, gli effetti sonori degli animali, la comparsa dell angelo, gli effetti legati alle varie professioni, come il fumo dal forno, la bollitura dal recipiente dei pastori e tante altre. <\/p>\n<p style=\"TEXT-ALIGN: justify\" mce_style=\"text-align: justify;\">A Stintino, <strong>in Sardegna<\/strong>, <strong>venticinque statue in legno e in vetroresina caratterizzano la citt\u00e0<\/strong>. <strong>Statue alte 180 centimetri<\/strong>, capanne, pecorelle, pastori, pescatori, artigini: tutto realizzato dall artista Enrico Mereu e dal maestro Fontanini. <\/p>\n<p style=\"TEXT-ALIGN: justify\" mce_style=\"text-align: justify;\"><strong>Il nostro Bel Paese ci offre, anche durante il Natale, una vasta scelta. Non vi resta che decidere la vostra meta e partire all insegna di un Natale con i fiocchi!<\/strong> <\/p>\n","protected":false},"excerpt":{"rendered":"<p>Il Natale si avvicina ma ancora non avete deciso come trascorrerlo&#8217; Lasciatevi trasportale dalla magia dell&#8217;arte presepiale in Italia. Scopri gli eventi ad essa dedicati<\/p>\n","protected":false},"author":10,"featured_media":0,"comment_status":"open","ping_status":"open","sticky":false,"template":"","format":"standard","meta":{"cybocfi_hide_featured_image":"","footnotes":""},"categories":[27],"tags":[],"class_list":["post-27041","post","type-post","status-publish","format-standard","hentry","category-arte-e-cultura"],"yoast_head":"<!-- This site is optimized with the Yoast SEO plugin v27.0 - https:\/\/yoast.com\/product\/yoast-seo-wordpress\/ -->\n<title>In tour tra i presepi d Italia - Article Marketing<\/title>\n<meta name=\"robots\" content=\"index, follow, max-snippet:-1, max-image-preview:large, max-video-preview:-1\" \/>\n<link rel=\"canonical\" href=\"https:\/\/www.article-marketing.eu\/comunicati\/arte-e-cultura\/in-tour-tra-i-presepi-ditalia\/\" \/>\n<meta property=\"og:locale\" content=\"it_IT\" \/>\n<meta property=\"og:type\" content=\"article\" \/>\n<meta property=\"og:title\" content=\"In tour tra i presepi d Italia - Article Marketing\" \/>\n<meta property=\"og:description\" content=\"Il Natale si avvicina ma ancora non avete deciso come trascorrerlo&#039; Lasciatevi trasportale dalla magia dell&#039;arte presepiale in Italia. Scopri gli eventi ad essa dedicati\" \/>\n<meta property=\"og:url\" content=\"https:\/\/www.article-marketing.eu\/comunicati\/arte-e-cultura\/in-tour-tra-i-presepi-d\u0019italia\/\" \/>\n<meta property=\"og:site_name\" content=\"Article Marketing\" \/>\n<meta property=\"article:published_time\" content=\"2009-12-17T17:53:37+00:00\" \/>\n<meta property=\"article:modified_time\" content=\"2018-07-10T03:33:42+00:00\" \/>\n<meta name=\"author\" content=\"Redazione Comunicati Stampa\" \/>\n<meta name=\"twitter:card\" content=\"summary_large_image\" \/>\n<meta name=\"twitter:label1\" content=\"Scritto da\" \/>\n\t<meta name=\"twitter:data1\" content=\"Redazione Comunicati Stampa\" \/>\n\t<meta name=\"twitter:label2\" content=\"Tempo di lettura stimato\" \/>\n\t<meta name=\"twitter:data2\" content=\"6 minuti\" \/>\n<script type=\"application\/ld+json\" class=\"yoast-schema-graph\">{\"@context\":\"https:\/\/schema.org\",\"@graph\":[{\"@type\":\"Article\",\"@id\":\"https:\/\/www.article-marketing.eu\/comunicati\/arte-e-cultura\/in-tour-tra-i-presepi-d%19italia\/#article\",\"isPartOf\":{\"@id\":\"https:\/\/www.article-marketing.eu\/comunicati\/arte-e-cultura\/in-tour-tra-i-presepi-d%19italia\/\"},\"author\":{\"name\":\"Redazione Comunicati Stampa\",\"@id\":\"https:\/\/www.article-marketing.eu\/comunicati\/#\/schema\/person\/44372e4d4d0fa797b18e03ed1ace9017\"},\"headline\":\"In tour tra i presepi d Italia\",\"datePublished\":\"2009-12-17T17:53:37+00:00\",\"dateModified\":\"2018-07-10T03:33:42+00:00\",\"mainEntityOfPage\":{\"@id\":\"https:\/\/www.article-marketing.eu\/comunicati\/arte-e-cultura\/in-tour-tra-i-presepi-d%19italia\/\"},\"wordCount\":1232,\"commentCount\":0,\"articleSection\":[\"Arte e cultura\"],\"inLanguage\":\"it-IT\",\"potentialAction\":[{\"@type\":\"CommentAction\",\"name\":\"Comment\",\"target\":[\"https:\/\/www.article-marketing.eu\/comunicati\/arte-e-cultura\/in-tour-tra-i-presepi-d%19italia\/#respond\"]}]},{\"@type\":\"WebPage\",\"@id\":\"https:\/\/www.article-marketing.eu\/comunicati\/arte-e-cultura\/in-tour-tra-i-presepi-d%19italia\/\",\"url\":\"https:\/\/www.article-marketing.eu\/comunicati\/arte-e-cultura\/in-tour-tra-i-presepi-d%19italia\/\",\"name\":\"In tour tra i presepi d Italia - Article Marketing\",\"isPartOf\":{\"@id\":\"https:\/\/www.article-marketing.eu\/comunicati\/#website\"},\"datePublished\":\"2009-12-17T17:53:37+00:00\",\"dateModified\":\"2018-07-10T03:33:42+00:00\",\"author\":{\"@id\":\"https:\/\/www.article-marketing.eu\/comunicati\/#\/schema\/person\/44372e4d4d0fa797b18e03ed1ace9017\"},\"breadcrumb\":{\"@id\":\"https:\/\/www.article-marketing.eu\/comunicati\/arte-e-cultura\/in-tour-tra-i-presepi-d%19italia\/#breadcrumb\"},\"inLanguage\":\"it-IT\",\"potentialAction\":[{\"@type\":\"ReadAction\",\"target\":[\"https:\/\/www.article-marketing.eu\/comunicati\/arte-e-cultura\/in-tour-tra-i-presepi-d%19italia\/\"]}]},{\"@type\":\"BreadcrumbList\",\"@id\":\"https:\/\/www.article-marketing.eu\/comunicati\/arte-e-cultura\/in-tour-tra-i-presepi-d%19italia\/#breadcrumb\",\"itemListElement\":[{\"@type\":\"ListItem\",\"position\":1,\"name\":\"Home\",\"item\":\"https:\/\/www.article-marketing.eu\/comunicati\/\"},{\"@type\":\"ListItem\",\"position\":2,\"name\":\"In tour tra i presepi d Italia\"}]},{\"@type\":\"WebSite\",\"@id\":\"https:\/\/www.article-marketing.eu\/comunicati\/#website\",\"url\":\"https:\/\/www.article-marketing.eu\/comunicati\/\",\"name\":\"Article Marketing\",\"description\":\"article marketing &amp; press release\",\"potentialAction\":[{\"@type\":\"SearchAction\",\"target\":{\"@type\":\"EntryPoint\",\"urlTemplate\":\"https:\/\/www.article-marketing.eu\/comunicati\/?s={search_term_string}\"},\"query-input\":{\"@type\":\"PropertyValueSpecification\",\"valueRequired\":true,\"valueName\":\"search_term_string\"}}],\"inLanguage\":\"it-IT\"},{\"@type\":\"Person\",\"@id\":\"https:\/\/www.article-marketing.eu\/comunicati\/#\/schema\/person\/44372e4d4d0fa797b18e03ed1ace9017\",\"name\":\"Redazione Comunicati Stampa\",\"image\":{\"@type\":\"ImageObject\",\"inLanguage\":\"it-IT\",\"@id\":\"https:\/\/www.article-marketing.eu\/comunicati\/#\/schema\/person\/image\/\",\"url\":\"https:\/\/secure.gravatar.com\/avatar\/50e5c6421d3072f42e7ace803501602c60d75233d34e29fd05feb91c8760b792?s=96&d=mm&r=g\",\"contentUrl\":\"https:\/\/secure.gravatar.com\/avatar\/50e5c6421d3072f42e7ace803501602c60d75233d34e29fd05feb91c8760b792?s=96&d=mm&r=g\",\"caption\":\"Redazione Comunicati Stampa\"},\"url\":\"https:\/\/www.article-marketing.eu\/comunicati\/author\/redazione-comunicati-stampa\/\"}]}<\/script>\n<!-- \/ Yoast SEO plugin. -->","yoast_head_json":{"title":"In tour tra i presepi d Italia - Article Marketing","robots":{"index":"index","follow":"follow","max-snippet":"max-snippet:-1","max-image-preview":"max-image-preview:large","max-video-preview":"max-video-preview:-1"},"canonical":"https:\/\/www.article-marketing.eu\/comunicati\/arte-e-cultura\/in-tour-tra-i-presepi-d\u0019italia\/","og_locale":"it_IT","og_type":"article","og_title":"In tour tra i presepi d Italia - Article Marketing","og_description":"Il Natale si avvicina ma ancora non avete deciso come trascorrerlo' Lasciatevi trasportale dalla magia dell'arte presepiale in Italia. Scopri gli eventi ad essa dedicati","og_url":"https:\/\/www.article-marketing.eu\/comunicati\/arte-e-cultura\/in-tour-tra-i-presepi-d\u0019italia\/","og_site_name":"Article Marketing","article_published_time":"2009-12-17T17:53:37+00:00","article_modified_time":"2018-07-10T03:33:42+00:00","author":"Redazione Comunicati Stampa","twitter_card":"summary_large_image","twitter_misc":{"Scritto da":"Redazione Comunicati Stampa","Tempo di lettura stimato":"6 minuti"},"schema":{"@context":"https:\/\/schema.org","@graph":[{"@type":"Article","@id":"https:\/\/www.article-marketing.eu\/comunicati\/arte-e-cultura\/in-tour-tra-i-presepi-d%19italia\/#article","isPartOf":{"@id":"https:\/\/www.article-marketing.eu\/comunicati\/arte-e-cultura\/in-tour-tra-i-presepi-d%19italia\/"},"author":{"name":"Redazione Comunicati Stampa","@id":"https:\/\/www.article-marketing.eu\/comunicati\/#\/schema\/person\/44372e4d4d0fa797b18e03ed1ace9017"},"headline":"In tour tra i presepi d Italia","datePublished":"2009-12-17T17:53:37+00:00","dateModified":"2018-07-10T03:33:42+00:00","mainEntityOfPage":{"@id":"https:\/\/www.article-marketing.eu\/comunicati\/arte-e-cultura\/in-tour-tra-i-presepi-d%19italia\/"},"wordCount":1232,"commentCount":0,"articleSection":["Arte e cultura"],"inLanguage":"it-IT","potentialAction":[{"@type":"CommentAction","name":"Comment","target":["https:\/\/www.article-marketing.eu\/comunicati\/arte-e-cultura\/in-tour-tra-i-presepi-d%19italia\/#respond"]}]},{"@type":"WebPage","@id":"https:\/\/www.article-marketing.eu\/comunicati\/arte-e-cultura\/in-tour-tra-i-presepi-d%19italia\/","url":"https:\/\/www.article-marketing.eu\/comunicati\/arte-e-cultura\/in-tour-tra-i-presepi-d%19italia\/","name":"In tour tra i presepi d Italia - Article Marketing","isPartOf":{"@id":"https:\/\/www.article-marketing.eu\/comunicati\/#website"},"datePublished":"2009-12-17T17:53:37+00:00","dateModified":"2018-07-10T03:33:42+00:00","author":{"@id":"https:\/\/www.article-marketing.eu\/comunicati\/#\/schema\/person\/44372e4d4d0fa797b18e03ed1ace9017"},"breadcrumb":{"@id":"https:\/\/www.article-marketing.eu\/comunicati\/arte-e-cultura\/in-tour-tra-i-presepi-d%19italia\/#breadcrumb"},"inLanguage":"it-IT","potentialAction":[{"@type":"ReadAction","target":["https:\/\/www.article-marketing.eu\/comunicati\/arte-e-cultura\/in-tour-tra-i-presepi-d%19italia\/"]}]},{"@type":"BreadcrumbList","@id":"https:\/\/www.article-marketing.eu\/comunicati\/arte-e-cultura\/in-tour-tra-i-presepi-d%19italia\/#breadcrumb","itemListElement":[{"@type":"ListItem","position":1,"name":"Home","item":"https:\/\/www.article-marketing.eu\/comunicati\/"},{"@type":"ListItem","position":2,"name":"In tour tra i presepi d Italia"}]},{"@type":"WebSite","@id":"https:\/\/www.article-marketing.eu\/comunicati\/#website","url":"https:\/\/www.article-marketing.eu\/comunicati\/","name":"Article Marketing","description":"article marketing &amp; press release","potentialAction":[{"@type":"SearchAction","target":{"@type":"EntryPoint","urlTemplate":"https:\/\/www.article-marketing.eu\/comunicati\/?s={search_term_string}"},"query-input":{"@type":"PropertyValueSpecification","valueRequired":true,"valueName":"search_term_string"}}],"inLanguage":"it-IT"},{"@type":"Person","@id":"https:\/\/www.article-marketing.eu\/comunicati\/#\/schema\/person\/44372e4d4d0fa797b18e03ed1ace9017","name":"Redazione Comunicati Stampa","image":{"@type":"ImageObject","inLanguage":"it-IT","@id":"https:\/\/www.article-marketing.eu\/comunicati\/#\/schema\/person\/image\/","url":"https:\/\/secure.gravatar.com\/avatar\/50e5c6421d3072f42e7ace803501602c60d75233d34e29fd05feb91c8760b792?s=96&d=mm&r=g","contentUrl":"https:\/\/secure.gravatar.com\/avatar\/50e5c6421d3072f42e7ace803501602c60d75233d34e29fd05feb91c8760b792?s=96&d=mm&r=g","caption":"Redazione Comunicati Stampa"},"url":"https:\/\/www.article-marketing.eu\/comunicati\/author\/redazione-comunicati-stampa\/"}]}},"_links":{"self":[{"href":"https:\/\/www.article-marketing.eu\/comunicati\/wp-json\/wp\/v2\/posts\/27041","targetHints":{"allow":["GET"]}}],"collection":[{"href":"https:\/\/www.article-marketing.eu\/comunicati\/wp-json\/wp\/v2\/posts"}],"about":[{"href":"https:\/\/www.article-marketing.eu\/comunicati\/wp-json\/wp\/v2\/types\/post"}],"author":[{"embeddable":true,"href":"https:\/\/www.article-marketing.eu\/comunicati\/wp-json\/wp\/v2\/users\/10"}],"replies":[{"embeddable":true,"href":"https:\/\/www.article-marketing.eu\/comunicati\/wp-json\/wp\/v2\/comments?post=27041"}],"version-history":[{"count":6,"href":"https:\/\/www.article-marketing.eu\/comunicati\/wp-json\/wp\/v2\/posts\/27041\/revisions"}],"predecessor-version":[{"id":61794,"href":"https:\/\/www.article-marketing.eu\/comunicati\/wp-json\/wp\/v2\/posts\/27041\/revisions\/61794"}],"wp:attachment":[{"href":"https:\/\/www.article-marketing.eu\/comunicati\/wp-json\/wp\/v2\/media?parent=27041"}],"wp:term":[{"taxonomy":"category","embeddable":true,"href":"https:\/\/www.article-marketing.eu\/comunicati\/wp-json\/wp\/v2\/categories?post=27041"},{"taxonomy":"post_tag","embeddable":true,"href":"https:\/\/www.article-marketing.eu\/comunicati\/wp-json\/wp\/v2\/tags?post=27041"}],"curies":[{"name":"wp","href":"https:\/\/api.w.org\/{rel}","templated":true}]}}