{"id":27050,"date":"2010-03-11T14:30:04","date_gmt":"2010-03-11T13:30:04","guid":{"rendered":"http:\/\/www.article-marketing.eu\/comunicati\/senza-categoria\/la-regione-campania-alla-borsa-del-turismo-di-berlino\/"},"modified":"2018-07-10T05:33:56","modified_gmt":"2018-07-10T03:33:56","slug":"la-regione-campania-alla-borsa-del-turismo-di-berlino","status":"publish","type":"post","link":"https:\/\/www.article-marketing.eu\/comunicati\/arte-e-cultura\/la-regione-campania-alla-borsa-del-turismo-di-berlino\/","title":{"rendered":"La Regione Campania alla Borsa del Turismo di Berlino"},"content":{"rendered":"<p mce_style=\"text-align: justify;\" style=\"text-align: justify;\">Anche quest&#8217;anno si svolger\u00e0 la  <strong>Borsa Internazionale del Turismo di Berlino<\/strong> .<br \/>\n <br \/>Parteciperanno alla fiera oltre venti operatori del settori turistico. Ospite d&#8217;eccellenza sar\u00e0 la <strong>Regione Campania<\/strong> che promuover\u00e0 e valorizzer\u00e0 il proprio territorio, incentrando l&#8217;attenzione su location quali la <strong>Costiera Amalfitana<\/strong> e <strong>Sorrentina<\/strong>; le Isole di <strong>Capri, Ischia, Procida e del Cilento<\/strong>.<br \/>\n <br \/>Per l&#8217;occasione verranno presentati i principali eventi culturali che si terranno durante l&#8217;anno 2010 in Campania: <strong>Maggio dei Monumenti, Giffoni Film Festival, l&#8217;Ischia Global Film and Music Fest, il Napoli Teatro Festival Italia, le Leuciane e Settembre al Borgo, il Festival di musica delle Ville Vesuviane, il Ravello Festival<\/strong> e i concerti del Teatro di San Carlo a piazza del Plebiscito. A chiudere la stagione estiva sar\u00e0 il consueto appuntamento con la tradizione della <strong>Piedigrotta di Napoli<\/strong>, con i suoi carri allegorici e lo spettacolo di fuochi pirotecnici.\n<\/p>\n<p mce_style=\"text-align: justify;\" style=\"text-align: justify;\">Fondamentale per la promozione del territorio Campano sar\u00e0 anche la valorizzazione dei beni culturali. Si svolgeranno visite guidate presso i grandi attrattori come gli <strong>Scavi di Pompei<\/strong> e la <strong>Reggia di Caserta <\/strong>con i percorsi di suoni e luci finanziati e promossi dalla Regione, dal titolo  Le Lune di Pompei  e  Percorsi di Luce nella Reggia , in programma gi\u00e0 a partire dalla Pasqua.\n<\/p>\n<p mce_style=\"text-align: justify;\" style=\"text-align: justify;\">La partecipazione \u00e8 stata curata dall&#8217;Ente Provinciale del Turismo di Napoli. Tutti gli eventi e gli appuntamenti della Campania sono sul sito www.incampania.com.<br \/>\n <br \/> <em>La Campania<\/em> &#8211; dichiara l&#8217;assessore regionale al Turismo &#8211; <em>per l&#8217;appuntamento fieristico di Berlino, riservato al business, punta soprattutto alle sue eccellenze turistiche territoriali. Si parte dalle proposte di termalismo che sono tra le principali offerte per il mercato tedesco con oltre cento stazioni termali e con l&#8217;ospitalit\u00e0 alberghiera che spazia dai grandi hotel deluxe alle strutture dedicate a giovani e famiglie.<br \/>\n <br \/>L&#8217;altra filiera di maggior interesse \u00e8 quella legata alle localit\u00e0 di mare, sia le tradizionali mete come Sorrento, le isole, Positano e la costiera amalfitana, che le localit\u00e0 della costa cilentana che si stanno affermando sia per il mare incontaminato che per una proposta turistica legata alla natura e allo sport<\/em> .<\/p>\n","protected":false},"excerpt":{"rendered":"<p>Quest&#8217;anno, alla  Borsa Internazionale del Turismo di Berlino parteciper\u00e0 la Regione Campania per la promozione e valorizzazione del territorio e per la presentazione di eventi che si terranno durante il 2010<\/p>\n","protected":false},"author":10,"featured_media":0,"comment_status":"open","ping_status":"open","sticky":false,"template":"","format":"standard","meta":{"cybocfi_hide_featured_image":"","footnotes":""},"categories":[27],"tags":[],"class_list":["post-27050","post","type-post","status-publish","format-standard","hentry","category-arte-e-cultura"],"yoast_head":"<!-- This site is optimized with the Yoast SEO plugin v27.0 - https:\/\/yoast.com\/product\/yoast-seo-wordpress\/ -->\n<title>La Regione Campania alla Borsa del Turismo di Berlino - Article Marketing<\/title>\n<meta name=\"robots\" content=\"index, follow, max-snippet:-1, max-image-preview:large, max-video-preview:-1\" \/>\n<link rel=\"canonical\" href=\"https:\/\/www.article-marketing.eu\/comunicati\/arte-e-cultura\/la-regione-campania-alla-borsa-del-turismo-di-berlino\/\" \/>\n<meta property=\"og:locale\" content=\"it_IT\" \/>\n<meta property=\"og:type\" content=\"article\" \/>\n<meta property=\"og:title\" content=\"La Regione Campania alla Borsa del Turismo di Berlino - Article Marketing\" \/>\n<meta property=\"og:description\" content=\"Quest&#039;anno, alla Borsa Internazionale del Turismo di Berlino parteciper\u00e0 la Regione Campania per la promozione e valorizzazione del territorio e per la presentazione di eventi che si terranno durante il 2010\" \/>\n<meta property=\"og:url\" content=\"https:\/\/www.article-marketing.eu\/comunicati\/arte-e-cultura\/la-regione-campania-alla-borsa-del-turismo-di-berlino\/\" \/>\n<meta property=\"og:site_name\" content=\"Article Marketing\" \/>\n<meta property=\"article:published_time\" content=\"2010-03-11T13:30:04+00:00\" \/>\n<meta property=\"article:modified_time\" content=\"2018-07-10T03:33:56+00:00\" \/>\n<meta name=\"author\" content=\"Redazione Comunicati Stampa\" \/>\n<meta name=\"twitter:card\" content=\"summary_large_image\" \/>\n<meta name=\"twitter:label1\" content=\"Scritto da\" \/>\n\t<meta name=\"twitter:data1\" content=\"Redazione Comunicati Stampa\" \/>\n\t<meta name=\"twitter:label2\" content=\"Tempo di lettura stimato\" \/>\n\t<meta name=\"twitter:data2\" content=\"2 minuti\" \/>\n<script type=\"application\/ld+json\" class=\"yoast-schema-graph\">{\"@context\":\"https:\/\/schema.org\",\"@graph\":[{\"@type\":\"Article\",\"@id\":\"https:\/\/www.article-marketing.eu\/comunicati\/arte-e-cultura\/la-regione-campania-alla-borsa-del-turismo-di-berlino\/#article\",\"isPartOf\":{\"@id\":\"https:\/\/www.article-marketing.eu\/comunicati\/arte-e-cultura\/la-regione-campania-alla-borsa-del-turismo-di-berlino\/\"},\"author\":{\"name\":\"Redazione Comunicati Stampa\",\"@id\":\"https:\/\/www.article-marketing.eu\/comunicati\/#\/schema\/person\/44372e4d4d0fa797b18e03ed1ace9017\"},\"headline\":\"La Regione Campania alla Borsa del Turismo di Berlino\",\"datePublished\":\"2010-03-11T13:30:04+00:00\",\"dateModified\":\"2018-07-10T03:33:56+00:00\",\"mainEntityOfPage\":{\"@id\":\"https:\/\/www.article-marketing.eu\/comunicati\/arte-e-cultura\/la-regione-campania-alla-borsa-del-turismo-di-berlino\/\"},\"wordCount\":347,\"commentCount\":0,\"articleSection\":[\"Arte e cultura\"],\"inLanguage\":\"it-IT\",\"potentialAction\":[{\"@type\":\"CommentAction\",\"name\":\"Comment\",\"target\":[\"https:\/\/www.article-marketing.eu\/comunicati\/arte-e-cultura\/la-regione-campania-alla-borsa-del-turismo-di-berlino\/#respond\"]}]},{\"@type\":\"WebPage\",\"@id\":\"https:\/\/www.article-marketing.eu\/comunicati\/arte-e-cultura\/la-regione-campania-alla-borsa-del-turismo-di-berlino\/\",\"url\":\"https:\/\/www.article-marketing.eu\/comunicati\/arte-e-cultura\/la-regione-campania-alla-borsa-del-turismo-di-berlino\/\",\"name\":\"La Regione Campania alla Borsa del Turismo di Berlino - Article Marketing\",\"isPartOf\":{\"@id\":\"https:\/\/www.article-marketing.eu\/comunicati\/#website\"},\"datePublished\":\"2010-03-11T13:30:04+00:00\",\"dateModified\":\"2018-07-10T03:33:56+00:00\",\"author\":{\"@id\":\"https:\/\/www.article-marketing.eu\/comunicati\/#\/schema\/person\/44372e4d4d0fa797b18e03ed1ace9017\"},\"breadcrumb\":{\"@id\":\"https:\/\/www.article-marketing.eu\/comunicati\/arte-e-cultura\/la-regione-campania-alla-borsa-del-turismo-di-berlino\/#breadcrumb\"},\"inLanguage\":\"it-IT\",\"potentialAction\":[{\"@type\":\"ReadAction\",\"target\":[\"https:\/\/www.article-marketing.eu\/comunicati\/arte-e-cultura\/la-regione-campania-alla-borsa-del-turismo-di-berlino\/\"]}]},{\"@type\":\"BreadcrumbList\",\"@id\":\"https:\/\/www.article-marketing.eu\/comunicati\/arte-e-cultura\/la-regione-campania-alla-borsa-del-turismo-di-berlino\/#breadcrumb\",\"itemListElement\":[{\"@type\":\"ListItem\",\"position\":1,\"name\":\"Home\",\"item\":\"https:\/\/www.article-marketing.eu\/comunicati\/\"},{\"@type\":\"ListItem\",\"position\":2,\"name\":\"La Regione Campania alla Borsa del Turismo di Berlino\"}]},{\"@type\":\"WebSite\",\"@id\":\"https:\/\/www.article-marketing.eu\/comunicati\/#website\",\"url\":\"https:\/\/www.article-marketing.eu\/comunicati\/\",\"name\":\"Article Marketing\",\"description\":\"article marketing &amp; press release\",\"potentialAction\":[{\"@type\":\"SearchAction\",\"target\":{\"@type\":\"EntryPoint\",\"urlTemplate\":\"https:\/\/www.article-marketing.eu\/comunicati\/?s={search_term_string}\"},\"query-input\":{\"@type\":\"PropertyValueSpecification\",\"valueRequired\":true,\"valueName\":\"search_term_string\"}}],\"inLanguage\":\"it-IT\"},{\"@type\":\"Person\",\"@id\":\"https:\/\/www.article-marketing.eu\/comunicati\/#\/schema\/person\/44372e4d4d0fa797b18e03ed1ace9017\",\"name\":\"Redazione Comunicati Stampa\",\"image\":{\"@type\":\"ImageObject\",\"inLanguage\":\"it-IT\",\"@id\":\"https:\/\/www.article-marketing.eu\/comunicati\/#\/schema\/person\/image\/\",\"url\":\"https:\/\/secure.gravatar.com\/avatar\/50e5c6421d3072f42e7ace803501602c60d75233d34e29fd05feb91c8760b792?s=96&d=mm&r=g\",\"contentUrl\":\"https:\/\/secure.gravatar.com\/avatar\/50e5c6421d3072f42e7ace803501602c60d75233d34e29fd05feb91c8760b792?s=96&d=mm&r=g\",\"caption\":\"Redazione Comunicati Stampa\"},\"url\":\"https:\/\/www.article-marketing.eu\/comunicati\/author\/redazione-comunicati-stampa\/\"}]}<\/script>\n<!-- \/ Yoast SEO plugin. -->","yoast_head_json":{"title":"La Regione Campania alla Borsa del Turismo di Berlino - Article Marketing","robots":{"index":"index","follow":"follow","max-snippet":"max-snippet:-1","max-image-preview":"max-image-preview:large","max-video-preview":"max-video-preview:-1"},"canonical":"https:\/\/www.article-marketing.eu\/comunicati\/arte-e-cultura\/la-regione-campania-alla-borsa-del-turismo-di-berlino\/","og_locale":"it_IT","og_type":"article","og_title":"La Regione Campania alla Borsa del Turismo di Berlino - Article Marketing","og_description":"Quest'anno, alla Borsa Internazionale del Turismo di Berlino parteciper\u00e0 la Regione Campania per la promozione e valorizzazione del territorio e per la presentazione di eventi che si terranno durante il 2010","og_url":"https:\/\/www.article-marketing.eu\/comunicati\/arte-e-cultura\/la-regione-campania-alla-borsa-del-turismo-di-berlino\/","og_site_name":"Article Marketing","article_published_time":"2010-03-11T13:30:04+00:00","article_modified_time":"2018-07-10T03:33:56+00:00","author":"Redazione Comunicati Stampa","twitter_card":"summary_large_image","twitter_misc":{"Scritto da":"Redazione Comunicati Stampa","Tempo di lettura stimato":"2 minuti"},"schema":{"@context":"https:\/\/schema.org","@graph":[{"@type":"Article","@id":"https:\/\/www.article-marketing.eu\/comunicati\/arte-e-cultura\/la-regione-campania-alla-borsa-del-turismo-di-berlino\/#article","isPartOf":{"@id":"https:\/\/www.article-marketing.eu\/comunicati\/arte-e-cultura\/la-regione-campania-alla-borsa-del-turismo-di-berlino\/"},"author":{"name":"Redazione Comunicati Stampa","@id":"https:\/\/www.article-marketing.eu\/comunicati\/#\/schema\/person\/44372e4d4d0fa797b18e03ed1ace9017"},"headline":"La Regione Campania alla Borsa del Turismo di Berlino","datePublished":"2010-03-11T13:30:04+00:00","dateModified":"2018-07-10T03:33:56+00:00","mainEntityOfPage":{"@id":"https:\/\/www.article-marketing.eu\/comunicati\/arte-e-cultura\/la-regione-campania-alla-borsa-del-turismo-di-berlino\/"},"wordCount":347,"commentCount":0,"articleSection":["Arte e cultura"],"inLanguage":"it-IT","potentialAction":[{"@type":"CommentAction","name":"Comment","target":["https:\/\/www.article-marketing.eu\/comunicati\/arte-e-cultura\/la-regione-campania-alla-borsa-del-turismo-di-berlino\/#respond"]}]},{"@type":"WebPage","@id":"https:\/\/www.article-marketing.eu\/comunicati\/arte-e-cultura\/la-regione-campania-alla-borsa-del-turismo-di-berlino\/","url":"https:\/\/www.article-marketing.eu\/comunicati\/arte-e-cultura\/la-regione-campania-alla-borsa-del-turismo-di-berlino\/","name":"La Regione Campania alla Borsa del Turismo di Berlino - Article Marketing","isPartOf":{"@id":"https:\/\/www.article-marketing.eu\/comunicati\/#website"},"datePublished":"2010-03-11T13:30:04+00:00","dateModified":"2018-07-10T03:33:56+00:00","author":{"@id":"https:\/\/www.article-marketing.eu\/comunicati\/#\/schema\/person\/44372e4d4d0fa797b18e03ed1ace9017"},"breadcrumb":{"@id":"https:\/\/www.article-marketing.eu\/comunicati\/arte-e-cultura\/la-regione-campania-alla-borsa-del-turismo-di-berlino\/#breadcrumb"},"inLanguage":"it-IT","potentialAction":[{"@type":"ReadAction","target":["https:\/\/www.article-marketing.eu\/comunicati\/arte-e-cultura\/la-regione-campania-alla-borsa-del-turismo-di-berlino\/"]}]},{"@type":"BreadcrumbList","@id":"https:\/\/www.article-marketing.eu\/comunicati\/arte-e-cultura\/la-regione-campania-alla-borsa-del-turismo-di-berlino\/#breadcrumb","itemListElement":[{"@type":"ListItem","position":1,"name":"Home","item":"https:\/\/www.article-marketing.eu\/comunicati\/"},{"@type":"ListItem","position":2,"name":"La Regione Campania alla Borsa del Turismo di Berlino"}]},{"@type":"WebSite","@id":"https:\/\/www.article-marketing.eu\/comunicati\/#website","url":"https:\/\/www.article-marketing.eu\/comunicati\/","name":"Article Marketing","description":"article marketing &amp; press release","potentialAction":[{"@type":"SearchAction","target":{"@type":"EntryPoint","urlTemplate":"https:\/\/www.article-marketing.eu\/comunicati\/?s={search_term_string}"},"query-input":{"@type":"PropertyValueSpecification","valueRequired":true,"valueName":"search_term_string"}}],"inLanguage":"it-IT"},{"@type":"Person","@id":"https:\/\/www.article-marketing.eu\/comunicati\/#\/schema\/person\/44372e4d4d0fa797b18e03ed1ace9017","name":"Redazione Comunicati Stampa","image":{"@type":"ImageObject","inLanguage":"it-IT","@id":"https:\/\/www.article-marketing.eu\/comunicati\/#\/schema\/person\/image\/","url":"https:\/\/secure.gravatar.com\/avatar\/50e5c6421d3072f42e7ace803501602c60d75233d34e29fd05feb91c8760b792?s=96&d=mm&r=g","contentUrl":"https:\/\/secure.gravatar.com\/avatar\/50e5c6421d3072f42e7ace803501602c60d75233d34e29fd05feb91c8760b792?s=96&d=mm&r=g","caption":"Redazione Comunicati Stampa"},"url":"https:\/\/www.article-marketing.eu\/comunicati\/author\/redazione-comunicati-stampa\/"}]}},"_links":{"self":[{"href":"https:\/\/www.article-marketing.eu\/comunicati\/wp-json\/wp\/v2\/posts\/27050","targetHints":{"allow":["GET"]}}],"collection":[{"href":"https:\/\/www.article-marketing.eu\/comunicati\/wp-json\/wp\/v2\/posts"}],"about":[{"href":"https:\/\/www.article-marketing.eu\/comunicati\/wp-json\/wp\/v2\/types\/post"}],"author":[{"embeddable":true,"href":"https:\/\/www.article-marketing.eu\/comunicati\/wp-json\/wp\/v2\/users\/10"}],"replies":[{"embeddable":true,"href":"https:\/\/www.article-marketing.eu\/comunicati\/wp-json\/wp\/v2\/comments?post=27050"}],"version-history":[{"count":3,"href":"https:\/\/www.article-marketing.eu\/comunicati\/wp-json\/wp\/v2\/posts\/27050\/revisions"}],"predecessor-version":[{"id":61806,"href":"https:\/\/www.article-marketing.eu\/comunicati\/wp-json\/wp\/v2\/posts\/27050\/revisions\/61806"}],"wp:attachment":[{"href":"https:\/\/www.article-marketing.eu\/comunicati\/wp-json\/wp\/v2\/media?parent=27050"}],"wp:term":[{"taxonomy":"category","embeddable":true,"href":"https:\/\/www.article-marketing.eu\/comunicati\/wp-json\/wp\/v2\/categories?post=27050"},{"taxonomy":"post_tag","embeddable":true,"href":"https:\/\/www.article-marketing.eu\/comunicati\/wp-json\/wp\/v2\/tags?post=27050"}],"curies":[{"name":"wp","href":"https:\/\/api.w.org\/{rel}","templated":true}]}}