{"id":27051,"date":"2010-03-23T18:48:17","date_gmt":"2010-03-23T17:48:17","guid":{"rendered":"http:\/\/www.article-marketing.eu\/comunicati\/senza-categoria\/la-pasqua-in-italia-riti-e-celebrazioni\/"},"modified":"2018-07-10T05:34:01","modified_gmt":"2018-07-10T03:34:01","slug":"la-pasqua-in-italia-riti-e-celebrazioni","status":"publish","type":"post","link":"https:\/\/www.article-marketing.eu\/comunicati\/arte-e-cultura\/la-pasqua-in-italia-riti-e-celebrazioni\/","title":{"rendered":"La Pasqua in Italia: riti e celebrazioni"},"content":{"rendered":"<p style=\"TEXT-ALIGN: justify\" mce_style=\"text-align: justify;\">Pronti a festeggiare una delle Feste pi\u00f9 belle dell anno? Il <strong>4 Aprile 2010 sar\u00e0 Pasqua<\/strong> e, in ogni citt\u00e0, paese, borgo fervono i preparativi per le celebrazioni di piazza. Migliaia le rappresentazioni, le processioni,  riti religiosi e spettacoli sacri che si susseguiranno da Nord a Sud.<br \/>\n  <br \/>Durante la <strong>Settimana Santa<\/strong> le comunit\u00e0 cattoliche scendono in centro per celebrare <strong>la Passione e la Resurrezione di Cristo<\/strong>. Le strade vengono illuminate da fiaccole; tantissimi sono i fedeli che percorrono l intera <strong>Via Crusis<\/strong> a piedi scalzi come segno di penitenza.\n<\/p>\n<p style=\"TEXT-ALIGN: justify\" mce_style=\"text-align: justify;\"><strong>La Pasqua \u00e8 una festa religiosa e come tale ha le sue tradizioni<\/strong>. Esse variano da Paese a Paese.<br \/>\n  <br \/><u><strong>Scopriamone alcune:<\/strong><\/u>\n<\/p>\n<p style=\"TEXT-ALIGN: justify\" mce_style=\"text-align: justify;\">A <strong>Savigliano<\/strong>, in provincia di <strong>Cuneo<\/strong>, nel giorno di Pasqua si svolge la tradizionale processione per le vie del paese con l incontro dei fedeli presso la chiesa dell&#8217;Arciconfraternita del Cristo Risorto.<br \/>\n  <br \/>In <strong>Valle d Aosta<\/strong>, nella splendida location di <strong>La Thuile<\/strong>, durante le festivit\u00e0 pasquali si organizzano eventi sportivi, musicali e spettacoli folkloristici. Inoltre \u00e8 possibile visitare musei o divertirsi facendo una bella grigliata all aperto con la propria famiglia.\n<\/p>\n<p style=\"TEXT-ALIGN: justify\" mce_style=\"text-align: justify;\">A <strong>Gallio<\/strong>, in provincia di <strong>Vicenza<\/strong>, il Venerd\u00ec Santo si svolge la Via Crucis, durante la quale i volontari portano in spalla, come Ges\u00f9, la Croce per le strade del paese illuminate con lumi e fuochi. A <strong>Rovigo<\/strong> invece la processione \u00e8 arricchita da personaggi in costume raffiguranti Maria, Maddalena, i Discepoli di Cristo.\n<\/p>\n<p style=\"TEXT-ALIGN: justify\" mce_style=\"text-align: justify;\">Celebre \u00e8 la Pasqua a <strong>Pordenone<\/strong>. Qui infatti, oltre alle celebrazioni, si organizzano <strong>giochi in piazza<\/strong> che prevedono la partecipazione di grandi e piccini. Il  <strong>Truc<\/strong>  consiste nell&#8217;approntare un catino di sabbia digradante a forma ovale, in cui si fanno scendere delle uova sode di gallina colorate, seguendo precise e rigide regole di gioco.\n<\/p>\n<p style=\"TEXT-ALIGN: justify\" mce_style=\"text-align: justify;\">Ci spostiamo a <strong>Firenze<\/strong>, citt\u00e0 in cui la Pasqua \u00e8 davvero un evento speciale.<br \/>\n  <br \/> <em>Si racconta che nel periodo delle crociate, precisamente nel 1099, il capitano Pazzino dei Pazzi combatt\u00e9 contro gli infedeli, sal\u00ec per primo sulle mura di Gerusalemme innalzando il vessillo cristiano. Per questa sua impresa fu premiato da Goffredo di Buglione, con delle pietre del Santo Sepolcro.<br \/>\n  <br \/>Il valoroso eroe le port\u00f2 a Firenze e queste pietre furono usate nel giorno del Sabato Santo: si accese un fuoco sfregando su di esse un acciarino, fuoco che venne distribuito a tutti i cittadini. La famiglia dei Pazzi costitu\u00ec una festa costruendo un  carro di Fuoco  detto  Brindellone .<br \/>\n  <br \/>In onore di Pazzino dei Pazzi, la mattina di Pasqua, \u00e8 tradizione che il carro venga trasportato da buoi bianchi nella citt\u00e0 di Firenze da Porta di Prato fino al duomo. Viene teso, poi, un filo di ferro che unisce il carro all altare maggiore del duomo. Sul filo viene posta una colombina che porta nel becco un ramoscello di olivo. La colombina scivola sul filo con la miccia accesa per incendiare i fuochi d artificio contenuti nel carro.<br \/>\n  <br \/>Durante la messa di pasqua, al momento del  Gloria , l Arcivescovo accende i razzi della  colombina  che scorre lungo il filo percorrendo la navata centrale per appiccare il fuoco ai mortaretti piazzati sul  carro , seguendo, poi, il percorso inverso per tornare all altare Maggiore<\/em> .\n<\/p>\n<p style=\"TEXT-ALIGN: justify\" mce_style=\"text-align: justify;\">Dal Nord passiamo ora al Sud soffermandoci in <strong>Puglia<\/strong>.<br \/>\n  <br \/>Qui, a <strong>Ruvo di Puglia<\/strong>, \u00e8 rinomata la <strong>processione della  Desolata<\/strong> . Le vie del borgo vengono attraversate dalla statua della Madonna, raffigurata con abiti di lutto e prostrata ai piedi della croce.\n<\/p>\n<p style=\"TEXT-ALIGN: justify\" mce_style=\"text-align: justify;\">Storica \u00e8 la <strong>processione della Nzegna a Carovigno<\/strong>, in provincia di <strong>Brindisi<\/strong>.<br \/>\n  <br \/> <strong>La Nzegna<\/strong>, <strong>tradizione popolare e religiosa legata al culto della<\/strong> <strong>Madonna SS.Maria di Belvedere<\/strong>, trae origine dalla leggenda di un signore di Conversano che gravemente ammalato, vide in sogno &#8220;una Matrona vestita di stelle&#8221; che lo invitava, per la sua guarigione, a recarsi a Carovigno, nella contrada di Belvedere a cercare la sua immagine dipinta nella grotta. Dopo una lunga ricerca l uomo trov\u00f2 il dipinto .\n<\/p>\n<p style=\"TEXT-ALIGN: justify\" mce_style=\"text-align: justify;\">Giungiamo in <strong>Campania<\/strong>. A <strong>Somma Vesuviana<\/strong> si svolge la <strong>Processione del Cristo Morto<\/strong> che risale al XVII secolo. Il Venerd\u00ec Santo per le strade del Paese si riversano devoti con fiaccole accese e vestiti con sai bianchi.<br \/>\n  <br \/>Anche <strong>Sorrento<\/strong> non \u00e8 da meno. Qui sfilano i  <strong>Biancovestiti<\/strong> , persone che per penitenza si vestono  di bianco e si coronano di spine.\n<\/p>\n<p style=\"TEXT-ALIGN: justify\" mce_style=\"text-align: justify;\">A <strong>Palermo<\/strong> esiste una particolare tradizione. A differenza delle altre Regioni, qui a Pasqua i <strong>cittadini indossano maschere<\/strong> di zinco con denti lunghi e sporgenti, <strong>vestiti di rosso per raffigurare il diavolo<\/strong>. Essi vagano per le stradi in cerca di anime. Addirittura c \u00e8 chi si traveste da Morte, con tanto di balestra. I  mal capitati  vengono portati dalla Morte verso l inferno. Ma non temete: l inferno a Palermo \u00e8 un semplice bar dove la vittima offrir\u00e0 da bere a tutti.<br \/>\n  <br \/>Nel pomeriggio i diavoli, catturati dagli angeli, lasceranno il posto alla Madonna, la quale attraverser\u00e0 la citt\u00e0 per raggiungere suo Figlio.\n<\/p>\n<p style=\"TEXT-ALIGN: justify\" mce_style=\"text-align: justify;\"><strong><u>E voi come festeggerete la Pasqua?<\/u><\/strong><\/p>\n","protected":false},"excerpt":{"rendered":"<p>Il 4 Aprile 2010 sar\u00e0 Pasqua e in ogni citt\u00e0 fervono i preparativi per le celebrazioni di piazza.La Pasqua \u00e8 una festa religiosa e come tale ha le sue tradizioni.Scopriamone alcune<\/p>\n","protected":false},"author":10,"featured_media":0,"comment_status":"open","ping_status":"open","sticky":false,"template":"","format":"standard","meta":{"cybocfi_hide_featured_image":"","footnotes":""},"categories":[27],"tags":[],"class_list":["post-27051","post","type-post","status-publish","format-standard","hentry","category-arte-e-cultura"],"yoast_head":"<!-- This site is optimized with the Yoast SEO plugin v27.0 - https:\/\/yoast.com\/product\/yoast-seo-wordpress\/ -->\n<title>La Pasqua in Italia: riti e celebrazioni - Article Marketing<\/title>\n<meta name=\"robots\" content=\"index, follow, max-snippet:-1, max-image-preview:large, max-video-preview:-1\" \/>\n<link rel=\"canonical\" href=\"https:\/\/www.article-marketing.eu\/comunicati\/arte-e-cultura\/la-pasqua-in-italia-riti-e-celebrazioni\/\" \/>\n<meta property=\"og:locale\" content=\"it_IT\" \/>\n<meta property=\"og:type\" content=\"article\" \/>\n<meta property=\"og:title\" content=\"La Pasqua in Italia: riti e celebrazioni - Article Marketing\" \/>\n<meta property=\"og:description\" content=\"Il 4 Aprile 2010 sar\u00e0 Pasqua e in ogni citt\u00e0 fervono i preparativi per le celebrazioni di piazza.La Pasqua \u00e8 una festa religiosa e come tale ha le sue tradizioni.Scopriamone alcune\" \/>\n<meta property=\"og:url\" content=\"https:\/\/www.article-marketing.eu\/comunicati\/arte-e-cultura\/la-pasqua-in-italia-riti-e-celebrazioni\/\" \/>\n<meta property=\"og:site_name\" content=\"Article Marketing\" \/>\n<meta property=\"article:published_time\" content=\"2010-03-23T17:48:17+00:00\" \/>\n<meta property=\"article:modified_time\" content=\"2018-07-10T03:34:01+00:00\" \/>\n<meta name=\"author\" content=\"Redazione Comunicati Stampa\" \/>\n<meta name=\"twitter:card\" content=\"summary_large_image\" \/>\n<meta name=\"twitter:label1\" content=\"Scritto da\" \/>\n\t<meta name=\"twitter:data1\" content=\"Redazione Comunicati Stampa\" \/>\n\t<meta name=\"twitter:label2\" content=\"Tempo di lettura stimato\" \/>\n\t<meta name=\"twitter:data2\" content=\"4 minuti\" \/>\n<script type=\"application\/ld+json\" class=\"yoast-schema-graph\">{\"@context\":\"https:\/\/schema.org\",\"@graph\":[{\"@type\":\"Article\",\"@id\":\"https:\/\/www.article-marketing.eu\/comunicati\/arte-e-cultura\/la-pasqua-in-italia-riti-e-celebrazioni\/#article\",\"isPartOf\":{\"@id\":\"https:\/\/www.article-marketing.eu\/comunicati\/arte-e-cultura\/la-pasqua-in-italia-riti-e-celebrazioni\/\"},\"author\":{\"name\":\"Redazione Comunicati Stampa\",\"@id\":\"https:\/\/www.article-marketing.eu\/comunicati\/#\/schema\/person\/44372e4d4d0fa797b18e03ed1ace9017\"},\"headline\":\"La Pasqua in Italia: riti e celebrazioni\",\"datePublished\":\"2010-03-23T17:48:17+00:00\",\"dateModified\":\"2018-07-10T03:34:01+00:00\",\"mainEntityOfPage\":{\"@id\":\"https:\/\/www.article-marketing.eu\/comunicati\/arte-e-cultura\/la-pasqua-in-italia-riti-e-celebrazioni\/\"},\"wordCount\":803,\"commentCount\":0,\"articleSection\":[\"Arte e cultura\"],\"inLanguage\":\"it-IT\",\"potentialAction\":[{\"@type\":\"CommentAction\",\"name\":\"Comment\",\"target\":[\"https:\/\/www.article-marketing.eu\/comunicati\/arte-e-cultura\/la-pasqua-in-italia-riti-e-celebrazioni\/#respond\"]}]},{\"@type\":\"WebPage\",\"@id\":\"https:\/\/www.article-marketing.eu\/comunicati\/arte-e-cultura\/la-pasqua-in-italia-riti-e-celebrazioni\/\",\"url\":\"https:\/\/www.article-marketing.eu\/comunicati\/arte-e-cultura\/la-pasqua-in-italia-riti-e-celebrazioni\/\",\"name\":\"La Pasqua in Italia: riti e celebrazioni - Article Marketing\",\"isPartOf\":{\"@id\":\"https:\/\/www.article-marketing.eu\/comunicati\/#website\"},\"datePublished\":\"2010-03-23T17:48:17+00:00\",\"dateModified\":\"2018-07-10T03:34:01+00:00\",\"author\":{\"@id\":\"https:\/\/www.article-marketing.eu\/comunicati\/#\/schema\/person\/44372e4d4d0fa797b18e03ed1ace9017\"},\"breadcrumb\":{\"@id\":\"https:\/\/www.article-marketing.eu\/comunicati\/arte-e-cultura\/la-pasqua-in-italia-riti-e-celebrazioni\/#breadcrumb\"},\"inLanguage\":\"it-IT\",\"potentialAction\":[{\"@type\":\"ReadAction\",\"target\":[\"https:\/\/www.article-marketing.eu\/comunicati\/arte-e-cultura\/la-pasqua-in-italia-riti-e-celebrazioni\/\"]}]},{\"@type\":\"BreadcrumbList\",\"@id\":\"https:\/\/www.article-marketing.eu\/comunicati\/arte-e-cultura\/la-pasqua-in-italia-riti-e-celebrazioni\/#breadcrumb\",\"itemListElement\":[{\"@type\":\"ListItem\",\"position\":1,\"name\":\"Home\",\"item\":\"https:\/\/www.article-marketing.eu\/comunicati\/\"},{\"@type\":\"ListItem\",\"position\":2,\"name\":\"La Pasqua in Italia: riti e celebrazioni\"}]},{\"@type\":\"WebSite\",\"@id\":\"https:\/\/www.article-marketing.eu\/comunicati\/#website\",\"url\":\"https:\/\/www.article-marketing.eu\/comunicati\/\",\"name\":\"Article Marketing\",\"description\":\"article marketing &amp; press release\",\"potentialAction\":[{\"@type\":\"SearchAction\",\"target\":{\"@type\":\"EntryPoint\",\"urlTemplate\":\"https:\/\/www.article-marketing.eu\/comunicati\/?s={search_term_string}\"},\"query-input\":{\"@type\":\"PropertyValueSpecification\",\"valueRequired\":true,\"valueName\":\"search_term_string\"}}],\"inLanguage\":\"it-IT\"},{\"@type\":\"Person\",\"@id\":\"https:\/\/www.article-marketing.eu\/comunicati\/#\/schema\/person\/44372e4d4d0fa797b18e03ed1ace9017\",\"name\":\"Redazione Comunicati Stampa\",\"image\":{\"@type\":\"ImageObject\",\"inLanguage\":\"it-IT\",\"@id\":\"https:\/\/www.article-marketing.eu\/comunicati\/#\/schema\/person\/image\/\",\"url\":\"https:\/\/secure.gravatar.com\/avatar\/50e5c6421d3072f42e7ace803501602c60d75233d34e29fd05feb91c8760b792?s=96&d=mm&r=g\",\"contentUrl\":\"https:\/\/secure.gravatar.com\/avatar\/50e5c6421d3072f42e7ace803501602c60d75233d34e29fd05feb91c8760b792?s=96&d=mm&r=g\",\"caption\":\"Redazione Comunicati Stampa\"},\"url\":\"https:\/\/www.article-marketing.eu\/comunicati\/author\/redazione-comunicati-stampa\/\"}]}<\/script>\n<!-- \/ Yoast SEO plugin. -->","yoast_head_json":{"title":"La Pasqua in Italia: riti e celebrazioni - Article Marketing","robots":{"index":"index","follow":"follow","max-snippet":"max-snippet:-1","max-image-preview":"max-image-preview:large","max-video-preview":"max-video-preview:-1"},"canonical":"https:\/\/www.article-marketing.eu\/comunicati\/arte-e-cultura\/la-pasqua-in-italia-riti-e-celebrazioni\/","og_locale":"it_IT","og_type":"article","og_title":"La Pasqua in Italia: riti e celebrazioni - Article Marketing","og_description":"Il 4 Aprile 2010 sar\u00e0 Pasqua e in ogni citt\u00e0 fervono i preparativi per le celebrazioni di piazza.La Pasqua \u00e8 una festa religiosa e come tale ha le sue tradizioni.Scopriamone alcune","og_url":"https:\/\/www.article-marketing.eu\/comunicati\/arte-e-cultura\/la-pasqua-in-italia-riti-e-celebrazioni\/","og_site_name":"Article Marketing","article_published_time":"2010-03-23T17:48:17+00:00","article_modified_time":"2018-07-10T03:34:01+00:00","author":"Redazione Comunicati Stampa","twitter_card":"summary_large_image","twitter_misc":{"Scritto da":"Redazione Comunicati Stampa","Tempo di lettura stimato":"4 minuti"},"schema":{"@context":"https:\/\/schema.org","@graph":[{"@type":"Article","@id":"https:\/\/www.article-marketing.eu\/comunicati\/arte-e-cultura\/la-pasqua-in-italia-riti-e-celebrazioni\/#article","isPartOf":{"@id":"https:\/\/www.article-marketing.eu\/comunicati\/arte-e-cultura\/la-pasqua-in-italia-riti-e-celebrazioni\/"},"author":{"name":"Redazione Comunicati Stampa","@id":"https:\/\/www.article-marketing.eu\/comunicati\/#\/schema\/person\/44372e4d4d0fa797b18e03ed1ace9017"},"headline":"La Pasqua in Italia: riti e celebrazioni","datePublished":"2010-03-23T17:48:17+00:00","dateModified":"2018-07-10T03:34:01+00:00","mainEntityOfPage":{"@id":"https:\/\/www.article-marketing.eu\/comunicati\/arte-e-cultura\/la-pasqua-in-italia-riti-e-celebrazioni\/"},"wordCount":803,"commentCount":0,"articleSection":["Arte e cultura"],"inLanguage":"it-IT","potentialAction":[{"@type":"CommentAction","name":"Comment","target":["https:\/\/www.article-marketing.eu\/comunicati\/arte-e-cultura\/la-pasqua-in-italia-riti-e-celebrazioni\/#respond"]}]},{"@type":"WebPage","@id":"https:\/\/www.article-marketing.eu\/comunicati\/arte-e-cultura\/la-pasqua-in-italia-riti-e-celebrazioni\/","url":"https:\/\/www.article-marketing.eu\/comunicati\/arte-e-cultura\/la-pasqua-in-italia-riti-e-celebrazioni\/","name":"La Pasqua in Italia: riti e celebrazioni - Article Marketing","isPartOf":{"@id":"https:\/\/www.article-marketing.eu\/comunicati\/#website"},"datePublished":"2010-03-23T17:48:17+00:00","dateModified":"2018-07-10T03:34:01+00:00","author":{"@id":"https:\/\/www.article-marketing.eu\/comunicati\/#\/schema\/person\/44372e4d4d0fa797b18e03ed1ace9017"},"breadcrumb":{"@id":"https:\/\/www.article-marketing.eu\/comunicati\/arte-e-cultura\/la-pasqua-in-italia-riti-e-celebrazioni\/#breadcrumb"},"inLanguage":"it-IT","potentialAction":[{"@type":"ReadAction","target":["https:\/\/www.article-marketing.eu\/comunicati\/arte-e-cultura\/la-pasqua-in-italia-riti-e-celebrazioni\/"]}]},{"@type":"BreadcrumbList","@id":"https:\/\/www.article-marketing.eu\/comunicati\/arte-e-cultura\/la-pasqua-in-italia-riti-e-celebrazioni\/#breadcrumb","itemListElement":[{"@type":"ListItem","position":1,"name":"Home","item":"https:\/\/www.article-marketing.eu\/comunicati\/"},{"@type":"ListItem","position":2,"name":"La Pasqua in Italia: riti e celebrazioni"}]},{"@type":"WebSite","@id":"https:\/\/www.article-marketing.eu\/comunicati\/#website","url":"https:\/\/www.article-marketing.eu\/comunicati\/","name":"Article Marketing","description":"article marketing &amp; press release","potentialAction":[{"@type":"SearchAction","target":{"@type":"EntryPoint","urlTemplate":"https:\/\/www.article-marketing.eu\/comunicati\/?s={search_term_string}"},"query-input":{"@type":"PropertyValueSpecification","valueRequired":true,"valueName":"search_term_string"}}],"inLanguage":"it-IT"},{"@type":"Person","@id":"https:\/\/www.article-marketing.eu\/comunicati\/#\/schema\/person\/44372e4d4d0fa797b18e03ed1ace9017","name":"Redazione Comunicati Stampa","image":{"@type":"ImageObject","inLanguage":"it-IT","@id":"https:\/\/www.article-marketing.eu\/comunicati\/#\/schema\/person\/image\/","url":"https:\/\/secure.gravatar.com\/avatar\/50e5c6421d3072f42e7ace803501602c60d75233d34e29fd05feb91c8760b792?s=96&d=mm&r=g","contentUrl":"https:\/\/secure.gravatar.com\/avatar\/50e5c6421d3072f42e7ace803501602c60d75233d34e29fd05feb91c8760b792?s=96&d=mm&r=g","caption":"Redazione Comunicati Stampa"},"url":"https:\/\/www.article-marketing.eu\/comunicati\/author\/redazione-comunicati-stampa\/"}]}},"_links":{"self":[{"href":"https:\/\/www.article-marketing.eu\/comunicati\/wp-json\/wp\/v2\/posts\/27051","targetHints":{"allow":["GET"]}}],"collection":[{"href":"https:\/\/www.article-marketing.eu\/comunicati\/wp-json\/wp\/v2\/posts"}],"about":[{"href":"https:\/\/www.article-marketing.eu\/comunicati\/wp-json\/wp\/v2\/types\/post"}],"author":[{"embeddable":true,"href":"https:\/\/www.article-marketing.eu\/comunicati\/wp-json\/wp\/v2\/users\/10"}],"replies":[{"embeddable":true,"href":"https:\/\/www.article-marketing.eu\/comunicati\/wp-json\/wp\/v2\/comments?post=27051"}],"version-history":[{"count":6,"href":"https:\/\/www.article-marketing.eu\/comunicati\/wp-json\/wp\/v2\/posts\/27051\/revisions"}],"predecessor-version":[{"id":61809,"href":"https:\/\/www.article-marketing.eu\/comunicati\/wp-json\/wp\/v2\/posts\/27051\/revisions\/61809"}],"wp:attachment":[{"href":"https:\/\/www.article-marketing.eu\/comunicati\/wp-json\/wp\/v2\/media?parent=27051"}],"wp:term":[{"taxonomy":"category","embeddable":true,"href":"https:\/\/www.article-marketing.eu\/comunicati\/wp-json\/wp\/v2\/categories?post=27051"},{"taxonomy":"post_tag","embeddable":true,"href":"https:\/\/www.article-marketing.eu\/comunicati\/wp-json\/wp\/v2\/tags?post=27051"}],"curies":[{"name":"wp","href":"https:\/\/api.w.org\/{rel}","templated":true}]}}