{"id":2717,"date":"2009-09-11T16:13:59","date_gmt":"2009-09-11T14:13:59","guid":{"rendered":"http:\/\/www.article-marketing.eu\/comunicati\/senza-categoria\/la-vera-storia-del-brunello-di-montalcino\/"},"modified":"2009-09-11T16:13:59","modified_gmt":"2009-09-11T14:13:59","slug":"la-vera-storia-del-brunello-di-montalcino","status":"publish","type":"post","link":"https:\/\/www.article-marketing.eu\/comunicati\/comunicati-stampa\/prodotti\/la-vera-storia-del-brunello-di-montalcino\/","title":{"rendered":"La vera storia del Brunello di Montalcino"},"content":{"rendered":"<p>Il <strong><a title=\"brunello\" href=\"http:\/\/www.abbadiardengapoggio.it\/\">Brunello di Montalcino<\/a><\/strong> \u00e8 uno dei grandi miti dell&#8217;enologia &quot;made in Italy&quot;, esso \u00e8 tutelato dal marchio di origine DOGC (denominazione di origine controllata e garantita) e viene prodotto nel territorio di Montalcino, in provincia di Siena con uve di &quot;brunello tuna&quot; anche detto &quot;sangiovese grosso&quot; che \u00e8 una variet\u00e0 del sangiovese.<\/p>\n<p>Questo vino ha una sua storia: attorno al <strong>1870 il nobile Ferruccio Biondi<\/strong> decise di continuare gli studi e gli esperimenti enologici che anni prima il nonno Clemente aveva intrapreso nella tenuta di famiglia.<br \/>All&#8217;epoca l&#8217;uva del <strong>Brunello<\/strong> non era affatto conosciuta, pur essendoci delle testimonianze del 1500, che ne vantano le qualit\u00e0 enologiche.<\/p>\n<p><strong>I primi risultati<\/strong> del lavoro di Ferruccio <strong>arrivarono nel 1880<\/strong> e con essi nacque l&#8217;era del Brunello di Montalcino e una nuova stagione per <strong>l&#8217;enologia toscana<\/strong> poich\u00e9 questo vino inizi\u00f2 una scalata inarrestabile facendosi largo prima tra i pi\u00f9 importanti vini dell&#8217;enologia italiana e, quindi, del mondo.<\/p>\n<p>La strada tracciata da Ferruccio fu seguita dagli altri produttori locali il cui impegno contribu\u00ec ulteriormente al migliorare la qualit\u00e0 del <strong>Brunello di Montalcino<\/strong>.<\/p>\n<p><strong>Che dire del suo sapore?<\/strong> E&#8217;un grande rosso, potente e dai tannini eleganti, particolarmente armonico, il sangiovese grosso, infatti, possiede sostanze polifenoliche in quantit\u00e0 tali da produrre vini di robusta struttura.<br \/>Ha profumi fruttati e delicatamente speziati con note di vaniglia, che aumentano in complessit\u00e0 al crescere dell&#8217;invecchiamento che avviene rigorosamente in botti di rovere (sia grandi sia nelle piccole barriques) per almeno cinque anni prima di essere poste in commercio, anche se le produzioni migliori danno il meglio in tempi ancora pi\u00f9 lunghi.<\/p>\n<p>Nel calice la trasparenza del Brunello varia di molto, si possono quindi trovare sia vini con trasparenza ridotta che altri con maggiore trasparenza, questo dipendente dal modo in cui sono state coltivate e vinificate le uve, nonch\u00e9 dalle propriet\u00e0 del terreno di origine.<\/p>\n<p>Quando \u00e8 giovane questo vino sfoggia un colore rosso rubino brillante ed intenso, mentre dopo qualche tempo di invecchiamento si trasforma in un rosso granato.<br \/>Il Brunello di Montalcino ha una vita decisamente lunga: pu\u00f2 arrivare anche a decine di anni purch\u00e9 la bottiglia sia conservata perfettamente, in questi casi va ad assumere un colore rosso-arancio, ci\u00f2 si nota anche nella sfumatura.<\/p>\n<p>I sommelier consigliano di berlo in ampi e panciuti bicchieri che possano far sprigionare al vino tutto il suo ampio bouquet.<\/p>\n<p>Gli abbinamenti in tavola prediligono piatti importanti come le carni rosse, le grigliate di selvaggina, i formaggi stagionati. <\/p>\n<p lang=\"it-IT\" style=\"MARGIN-BOTTOM: 0.5cm\">Quale \u00e8 la temperatura consigliata per degustare il brunello di Montalcino?<\/p>\n<p>La temperatura con cui si consiglia di degustarlo \u00e8 intorno ai 18\u00b0\/20\u00b0 C.<\/p>\n","protected":false},"excerpt":{"rendered":"<p>La vera storia del Brunello di Montalcino e il suo creatore: Ferruccio Biondi.<\/p>\n","protected":false},"author":10,"featured_media":0,"comment_status":"open","ping_status":"open","sticky":false,"template":"","format":"standard","meta":{"cybocfi_hide_featured_image":"","footnotes":""},"categories":[212],"tags":[8706,8866],"class_list":["post-2717","post","type-post","status-publish","format-standard","hentry","category-prodotti","tag-vino-rosso","tag-vino-toscana"],"yoast_head":"<!-- This site is optimized with the Yoast SEO plugin v27.0 - https:\/\/yoast.com\/product\/yoast-seo-wordpress\/ -->\n<title>La vera storia del Brunello di Montalcino - Article Marketing<\/title>\n<meta name=\"robots\" content=\"index, follow, max-snippet:-1, max-image-preview:large, max-video-preview:-1\" \/>\n<link rel=\"canonical\" href=\"https:\/\/www.article-marketing.eu\/comunicati\/comunicati-stampa\/prodotti\/la-vera-storia-del-brunello-di-montalcino\/\" \/>\n<meta property=\"og:locale\" content=\"it_IT\" \/>\n<meta property=\"og:type\" content=\"article\" \/>\n<meta property=\"og:title\" content=\"La vera storia del Brunello di Montalcino - Article Marketing\" \/>\n<meta property=\"og:description\" content=\"La vera storia del Brunello di Montalcino e il suo creatore: Ferruccio Biondi.\" \/>\n<meta property=\"og:url\" content=\"https:\/\/www.article-marketing.eu\/comunicati\/comunicati-stampa\/prodotti\/la-vera-storia-del-brunello-di-montalcino\/\" \/>\n<meta property=\"og:site_name\" content=\"Article Marketing\" \/>\n<meta property=\"article:published_time\" content=\"2009-09-11T14:13:59+00:00\" \/>\n<meta name=\"author\" content=\"Redazione Comunicati Stampa\" \/>\n<meta name=\"twitter:card\" content=\"summary_large_image\" \/>\n<meta name=\"twitter:label1\" content=\"Scritto da\" \/>\n\t<meta name=\"twitter:data1\" content=\"Redazione Comunicati Stampa\" \/>\n\t<meta name=\"twitter:label2\" content=\"Tempo di lettura stimato\" \/>\n\t<meta name=\"twitter:data2\" content=\"2 minuti\" \/>\n<script type=\"application\/ld+json\" class=\"yoast-schema-graph\">{\"@context\":\"https:\/\/schema.org\",\"@graph\":[{\"@type\":\"Article\",\"@id\":\"https:\/\/www.article-marketing.eu\/comunicati\/comunicati-stampa\/prodotti\/la-vera-storia-del-brunello-di-montalcino\/#article\",\"isPartOf\":{\"@id\":\"https:\/\/www.article-marketing.eu\/comunicati\/comunicati-stampa\/prodotti\/la-vera-storia-del-brunello-di-montalcino\/\"},\"author\":{\"name\":\"Redazione Comunicati Stampa\",\"@id\":\"https:\/\/www.article-marketing.eu\/comunicati\/#\/schema\/person\/44372e4d4d0fa797b18e03ed1ace9017\"},\"headline\":\"La vera storia del Brunello di Montalcino\",\"datePublished\":\"2009-09-11T14:13:59+00:00\",\"mainEntityOfPage\":{\"@id\":\"https:\/\/www.article-marketing.eu\/comunicati\/comunicati-stampa\/prodotti\/la-vera-storia-del-brunello-di-montalcino\/\"},\"wordCount\":433,\"commentCount\":0,\"keywords\":[\"vino rosso\",\"vino toscana\"],\"articleSection\":[\"Prodotti\"],\"inLanguage\":\"it-IT\",\"potentialAction\":[{\"@type\":\"CommentAction\",\"name\":\"Comment\",\"target\":[\"https:\/\/www.article-marketing.eu\/comunicati\/comunicati-stampa\/prodotti\/la-vera-storia-del-brunello-di-montalcino\/#respond\"]}]},{\"@type\":\"WebPage\",\"@id\":\"https:\/\/www.article-marketing.eu\/comunicati\/comunicati-stampa\/prodotti\/la-vera-storia-del-brunello-di-montalcino\/\",\"url\":\"https:\/\/www.article-marketing.eu\/comunicati\/comunicati-stampa\/prodotti\/la-vera-storia-del-brunello-di-montalcino\/\",\"name\":\"La vera storia del Brunello di Montalcino - Article Marketing\",\"isPartOf\":{\"@id\":\"https:\/\/www.article-marketing.eu\/comunicati\/#website\"},\"datePublished\":\"2009-09-11T14:13:59+00:00\",\"author\":{\"@id\":\"https:\/\/www.article-marketing.eu\/comunicati\/#\/schema\/person\/44372e4d4d0fa797b18e03ed1ace9017\"},\"breadcrumb\":{\"@id\":\"https:\/\/www.article-marketing.eu\/comunicati\/comunicati-stampa\/prodotti\/la-vera-storia-del-brunello-di-montalcino\/#breadcrumb\"},\"inLanguage\":\"it-IT\",\"potentialAction\":[{\"@type\":\"ReadAction\",\"target\":[\"https:\/\/www.article-marketing.eu\/comunicati\/comunicati-stampa\/prodotti\/la-vera-storia-del-brunello-di-montalcino\/\"]}]},{\"@type\":\"BreadcrumbList\",\"@id\":\"https:\/\/www.article-marketing.eu\/comunicati\/comunicati-stampa\/prodotti\/la-vera-storia-del-brunello-di-montalcino\/#breadcrumb\",\"itemListElement\":[{\"@type\":\"ListItem\",\"position\":1,\"name\":\"Home\",\"item\":\"https:\/\/www.article-marketing.eu\/comunicati\/\"},{\"@type\":\"ListItem\",\"position\":2,\"name\":\"La vera storia del Brunello di Montalcino\"}]},{\"@type\":\"WebSite\",\"@id\":\"https:\/\/www.article-marketing.eu\/comunicati\/#website\",\"url\":\"https:\/\/www.article-marketing.eu\/comunicati\/\",\"name\":\"Article Marketing\",\"description\":\"article marketing &amp; press release\",\"potentialAction\":[{\"@type\":\"SearchAction\",\"target\":{\"@type\":\"EntryPoint\",\"urlTemplate\":\"https:\/\/www.article-marketing.eu\/comunicati\/?s={search_term_string}\"},\"query-input\":{\"@type\":\"PropertyValueSpecification\",\"valueRequired\":true,\"valueName\":\"search_term_string\"}}],\"inLanguage\":\"it-IT\"},{\"@type\":\"Person\",\"@id\":\"https:\/\/www.article-marketing.eu\/comunicati\/#\/schema\/person\/44372e4d4d0fa797b18e03ed1ace9017\",\"name\":\"Redazione Comunicati Stampa\",\"image\":{\"@type\":\"ImageObject\",\"inLanguage\":\"it-IT\",\"@id\":\"https:\/\/www.article-marketing.eu\/comunicati\/#\/schema\/person\/image\/\",\"url\":\"https:\/\/secure.gravatar.com\/avatar\/50e5c6421d3072f42e7ace803501602c60d75233d34e29fd05feb91c8760b792?s=96&d=mm&r=g\",\"contentUrl\":\"https:\/\/secure.gravatar.com\/avatar\/50e5c6421d3072f42e7ace803501602c60d75233d34e29fd05feb91c8760b792?s=96&d=mm&r=g\",\"caption\":\"Redazione Comunicati Stampa\"},\"url\":\"https:\/\/www.article-marketing.eu\/comunicati\/author\/redazione-comunicati-stampa\/\"}]}<\/script>\n<!-- \/ Yoast SEO plugin. -->","yoast_head_json":{"title":"La vera storia del Brunello di Montalcino - Article Marketing","robots":{"index":"index","follow":"follow","max-snippet":"max-snippet:-1","max-image-preview":"max-image-preview:large","max-video-preview":"max-video-preview:-1"},"canonical":"https:\/\/www.article-marketing.eu\/comunicati\/comunicati-stampa\/prodotti\/la-vera-storia-del-brunello-di-montalcino\/","og_locale":"it_IT","og_type":"article","og_title":"La vera storia del Brunello di Montalcino - Article Marketing","og_description":"La vera storia del Brunello di Montalcino e il suo creatore: Ferruccio Biondi.","og_url":"https:\/\/www.article-marketing.eu\/comunicati\/comunicati-stampa\/prodotti\/la-vera-storia-del-brunello-di-montalcino\/","og_site_name":"Article Marketing","article_published_time":"2009-09-11T14:13:59+00:00","author":"Redazione Comunicati Stampa","twitter_card":"summary_large_image","twitter_misc":{"Scritto da":"Redazione Comunicati Stampa","Tempo di lettura stimato":"2 minuti"},"schema":{"@context":"https:\/\/schema.org","@graph":[{"@type":"Article","@id":"https:\/\/www.article-marketing.eu\/comunicati\/comunicati-stampa\/prodotti\/la-vera-storia-del-brunello-di-montalcino\/#article","isPartOf":{"@id":"https:\/\/www.article-marketing.eu\/comunicati\/comunicati-stampa\/prodotti\/la-vera-storia-del-brunello-di-montalcino\/"},"author":{"name":"Redazione Comunicati Stampa","@id":"https:\/\/www.article-marketing.eu\/comunicati\/#\/schema\/person\/44372e4d4d0fa797b18e03ed1ace9017"},"headline":"La vera storia del Brunello di Montalcino","datePublished":"2009-09-11T14:13:59+00:00","mainEntityOfPage":{"@id":"https:\/\/www.article-marketing.eu\/comunicati\/comunicati-stampa\/prodotti\/la-vera-storia-del-brunello-di-montalcino\/"},"wordCount":433,"commentCount":0,"keywords":["vino rosso","vino toscana"],"articleSection":["Prodotti"],"inLanguage":"it-IT","potentialAction":[{"@type":"CommentAction","name":"Comment","target":["https:\/\/www.article-marketing.eu\/comunicati\/comunicati-stampa\/prodotti\/la-vera-storia-del-brunello-di-montalcino\/#respond"]}]},{"@type":"WebPage","@id":"https:\/\/www.article-marketing.eu\/comunicati\/comunicati-stampa\/prodotti\/la-vera-storia-del-brunello-di-montalcino\/","url":"https:\/\/www.article-marketing.eu\/comunicati\/comunicati-stampa\/prodotti\/la-vera-storia-del-brunello-di-montalcino\/","name":"La vera storia del Brunello di Montalcino - Article Marketing","isPartOf":{"@id":"https:\/\/www.article-marketing.eu\/comunicati\/#website"},"datePublished":"2009-09-11T14:13:59+00:00","author":{"@id":"https:\/\/www.article-marketing.eu\/comunicati\/#\/schema\/person\/44372e4d4d0fa797b18e03ed1ace9017"},"breadcrumb":{"@id":"https:\/\/www.article-marketing.eu\/comunicati\/comunicati-stampa\/prodotti\/la-vera-storia-del-brunello-di-montalcino\/#breadcrumb"},"inLanguage":"it-IT","potentialAction":[{"@type":"ReadAction","target":["https:\/\/www.article-marketing.eu\/comunicati\/comunicati-stampa\/prodotti\/la-vera-storia-del-brunello-di-montalcino\/"]}]},{"@type":"BreadcrumbList","@id":"https:\/\/www.article-marketing.eu\/comunicati\/comunicati-stampa\/prodotti\/la-vera-storia-del-brunello-di-montalcino\/#breadcrumb","itemListElement":[{"@type":"ListItem","position":1,"name":"Home","item":"https:\/\/www.article-marketing.eu\/comunicati\/"},{"@type":"ListItem","position":2,"name":"La vera storia del Brunello di Montalcino"}]},{"@type":"WebSite","@id":"https:\/\/www.article-marketing.eu\/comunicati\/#website","url":"https:\/\/www.article-marketing.eu\/comunicati\/","name":"Article Marketing","description":"article marketing &amp; press release","potentialAction":[{"@type":"SearchAction","target":{"@type":"EntryPoint","urlTemplate":"https:\/\/www.article-marketing.eu\/comunicati\/?s={search_term_string}"},"query-input":{"@type":"PropertyValueSpecification","valueRequired":true,"valueName":"search_term_string"}}],"inLanguage":"it-IT"},{"@type":"Person","@id":"https:\/\/www.article-marketing.eu\/comunicati\/#\/schema\/person\/44372e4d4d0fa797b18e03ed1ace9017","name":"Redazione Comunicati Stampa","image":{"@type":"ImageObject","inLanguage":"it-IT","@id":"https:\/\/www.article-marketing.eu\/comunicati\/#\/schema\/person\/image\/","url":"https:\/\/secure.gravatar.com\/avatar\/50e5c6421d3072f42e7ace803501602c60d75233d34e29fd05feb91c8760b792?s=96&d=mm&r=g","contentUrl":"https:\/\/secure.gravatar.com\/avatar\/50e5c6421d3072f42e7ace803501602c60d75233d34e29fd05feb91c8760b792?s=96&d=mm&r=g","caption":"Redazione Comunicati Stampa"},"url":"https:\/\/www.article-marketing.eu\/comunicati\/author\/redazione-comunicati-stampa\/"}]}},"_links":{"self":[{"href":"https:\/\/www.article-marketing.eu\/comunicati\/wp-json\/wp\/v2\/posts\/2717","targetHints":{"allow":["GET"]}}],"collection":[{"href":"https:\/\/www.article-marketing.eu\/comunicati\/wp-json\/wp\/v2\/posts"}],"about":[{"href":"https:\/\/www.article-marketing.eu\/comunicati\/wp-json\/wp\/v2\/types\/post"}],"author":[{"embeddable":true,"href":"https:\/\/www.article-marketing.eu\/comunicati\/wp-json\/wp\/v2\/users\/10"}],"replies":[{"embeddable":true,"href":"https:\/\/www.article-marketing.eu\/comunicati\/wp-json\/wp\/v2\/comments?post=2717"}],"version-history":[{"count":0,"href":"https:\/\/www.article-marketing.eu\/comunicati\/wp-json\/wp\/v2\/posts\/2717\/revisions"}],"wp:attachment":[{"href":"https:\/\/www.article-marketing.eu\/comunicati\/wp-json\/wp\/v2\/media?parent=2717"}],"wp:term":[{"taxonomy":"category","embeddable":true,"href":"https:\/\/www.article-marketing.eu\/comunicati\/wp-json\/wp\/v2\/categories?post=2717"},{"taxonomy":"post_tag","embeddable":true,"href":"https:\/\/www.article-marketing.eu\/comunicati\/wp-json\/wp\/v2\/tags?post=2717"}],"curies":[{"name":"wp","href":"https:\/\/api.w.org\/{rel}","templated":true}]}}