{"id":2719,"date":"2009-09-11T17:16:41","date_gmt":"2009-09-11T15:16:41","guid":{"rendered":"http:\/\/www.article-marketing.eu\/comunicati\/senza-categoria\/due-eponimi-della-naturopatia-ildegarda-e-paracelso\/"},"modified":"2009-09-11T17:16:41","modified_gmt":"2009-09-11T15:16:41","slug":"due-eponimi-della-naturopatia-ildegarda-e-paracelso","status":"publish","type":"post","link":"https:\/\/www.article-marketing.eu\/comunicati\/salute-e-benessere\/medicina-altenativa\/due-eponimi-della-naturopatia-ildegarda-e-paracelso\/","title":{"rendered":"Due eponimi della naturopatia: Ildegarda e Paracelso"},"content":{"rendered":"<p>La sorprendente vita di <strong>Santa Ildegarda<\/strong> e quella dell\u2019eversivo della medicina, <strong>Paracelso<\/strong>, possono senz&#8217;altro considerarsi al confine tra magia e scienza. Che parte delle loro conoscenze sia stato accettato dal procedere naturopatico \u00e8 facilmente dimostrabile, anche se oggi delle loro opere si rifiuta l\u2019aspetto mistico e magico, recuperando la parte pi\u00f9 simile alla medicina di tradizione. <\/p>\n<p>In ambedue la <strong>Natura<\/strong>, viene interpretata come colei che contiene tutti i rimedi per la salute e la  piena conoscenza per l\u2019uomo; per poter utilizzare questi doni bisognava apprendere il linguaggio con il quale essa si palesava; sia Ildegarda che Paracelso, riuscirono in maniera diversa, ad interpretare i suoi segni.<\/p>\n<p>Santa Ildegarda (1098 \u2013 1179), mistica cristiana, sensitiva, nel 1136 diventa superiora di un convento nei pressi di Bingen, e fondatrice di una comunit\u00e0 a Ruperstsberg e Ebingen. Scrisse opere liriche e musicali raccolte nell\u2019opera \u201c<em>Symphonia armoniae celestium revelationum<\/em>\u201d. Per Santa Ildegarda di Bingen la malattia \u00e8 il risultato della <strong>separazione dall\u2019Unit\u00e0<\/strong>. E\u2019 l\u2019anima che deve governare il corpo e coabitare in esso armonicamente; a tal proposito Ildegarda scriveva: \u201c<em>L\u2019anima \u00e8 la padrona, la carne la domestica, perch\u00e9 \u00e8 il corpo che riceve la propria vita dalla propria anima, quindi l\u2019anima ha il potere, e il corpo, ricevuto la vita, si abbandona al predominio dell\u2019anima<\/em>\u201d. <\/p>\n<p>E\u2019 la rabbia, sono i processi mentali negativi che ammalano il corpo, in tale visione ildegardiana si scorgono i presupposti della medicina psicosomatica. Durante la sua vita scrisse importanti trattati di medicina (Physica e Causae et Curae, nel 1150). Per Ildegarda la salute era il risultato dell\u2019azione di una \u201cforza verde\u201d (quella che noi chiamiamo <strong>energia vitale<\/strong>), la cui origine era spirituale.<\/p>\n<p><strong>Teofrasto Bombasto von Hohenheim<\/strong> (1493 \u2013 1541) che si autonomin\u00f2 <em>Paracelso<\/em> (per indicare che era meglio di Celso), ben presto si accorse di essere diverso dagli altri, difatti egli diceva: \u201c<em>Io sono diverso dagli altri: che ci\u00f2 non vi turbi<\/em>\u201d. Laureato in medicina, profess\u00f2 la <strong>dottrina tetraumorale ippocratica<\/strong>, ma a questa aggiunse nuovi orientamenti come l\u2019influenza sull\u2019uomo dei corpi celesti, la componente delle malattie ereditarie, e a proposito di queste ultime scriveva: \u201c<em>Supponiamo che un bambino sia nato sotto la stella pi\u00f9 fortunata, e che abbia ricevuto il pi\u00f9 ricco dei doni, ma nel suo carattere sviluppa qualit\u00e0 che sono in contrapposto con questi doni. Di chi \u00e8 la colpa? Del sangue che gli viene attraverso la generazione<\/em>\u201d. <\/p>\n<p>Predicava la <strong>dottrina del microcosmo e macrocosmo interagenti<\/strong>, utilizz\u00f2 il principio \u201cdel simile che cura il simile\u201d, anticipando quella che con Hahnemann diventer\u00e0 la medicina omeopatica. Ricorreva, come gi\u00e0 Ildegarda, alla dottrina delle signature per conoscere quali fossero i rimedi che la natura offriva. Comprese l\u2019importanza del dosaggio: \u201c<em>Il veleno \u00e8 in qualsiasi cosa, e non vi \u00e8 nulla senza veleno. E\u2019 il dosaggio che lo rende o un veleno o un rimedio<\/em>\u201d. <\/p>\n<p>Ma l\u2019aspetto pi\u00f9 sorprendente, e il pi\u00f9 criticato della sua medicina era il ricorso all\u2019alchimia: \u201c<em>Questa alchimia, \u00e8 l\u2019arte che allontana l\u2019inutile dall\u2019utile e lo porta all\u2019ultima materia e all\u2019ultima essenza<\/em>\u201d. (Biegger, 1993, p. 245). Dalle radici alchemiche accoglie la dottrina dei quattro elementi: terra, acqua, aria e fuoco; intesi non sotto l\u2019aspetto fisico, ma vitale ed energetico, a questi aggiunge le tre parti alchemicamente chiamate elementi base: zolfo, mercurio e sale, pi\u00f9 un elemento dotato di funzioni catalizzatrici e potenziatrici denominato quinta essenza.<\/p>\n<p>La <strong>malattia<\/strong> \u00e8 sempre dovuta al mancato connubio tra l\u2019uomo ed il cosmo. Quando si interferisce per curare, ci\u00f2 che dev\u2019essere curato non \u00e8 il corpo fisico ma le sue controparti sottili, ci\u00f2 che va utilizzato non \u00e8 l\u2019aspetto materiale del farmaco, ma le sue qualit\u00e0 \u201csottili\u201d, ovvero energetiche vitali.<br \/>\nL\u2019arte di estrarre le forze vitali dai rimedi della natura fu denominata \u201c<em>Spagyrica<\/em>\u201d. <\/p>\n<p>Per Paracelso lo stile di vita, la moralit\u00e0 del medico erano elementi basilari che decidevano tra un buon medico ed uno pessimo. Paracelso pu\u00f2 essere considerato come il medico precursore: della fitoterapia clinica, dell\u2019omeopatia, ipnotismo, mesmerismo, psicoterapia, chemioterapia ragionata, e poco o tanto del riordino della maggior parte delle discipline e pratiche che oggi convergono nella <strong>naturopatia<\/strong>. Egli fu: alchimista, mistico, mago, astrologo, filosofo, guaritore, erborista chimico, riformatore, astronomo, cosmografo, naturopata, e anche\u2026 medico.<\/p>\n","protected":false},"excerpt":{"rendered":"<p>Santa Ildegarda e Paracelso non possono che posizionarsi tra gli avventori di un sapere medico al margine tra magia e scienza.<\/p>\n","protected":false},"author":10,"featured_media":0,"comment_status":"open","ping_status":"open","sticky":false,"template":"","format":"standard","meta":{"cybocfi_hide_featured_image":"","footnotes":""},"categories":[109],"tags":[5898,5901,5897],"class_list":["post-2719","post","type-post","status-publish","format-standard","hentry","category-medicina-altenativa","tag-iridologia","tag-medicina-tradizionale","tag-naturopatia"],"yoast_head":"<!-- This site is optimized with the Yoast SEO plugin v27.0 - https:\/\/yoast.com\/product\/yoast-seo-wordpress\/ -->\n<title>Due eponimi della naturopatia: Ildegarda e Paracelso - Article Marketing<\/title>\n<meta name=\"robots\" content=\"index, follow, max-snippet:-1, max-image-preview:large, max-video-preview:-1\" \/>\n<link rel=\"canonical\" href=\"https:\/\/www.article-marketing.eu\/comunicati\/salute-e-benessere\/medicina-altenativa\/due-eponimi-della-naturopatia-ildegarda-e-paracelso\/\" \/>\n<meta property=\"og:locale\" content=\"it_IT\" \/>\n<meta property=\"og:type\" content=\"article\" \/>\n<meta property=\"og:title\" content=\"Due eponimi della naturopatia: Ildegarda e Paracelso - Article Marketing\" \/>\n<meta property=\"og:description\" content=\"Santa Ildegarda e Paracelso non possono che posizionarsi tra gli avventori di un sapere medico al margine tra magia e scienza.\" \/>\n<meta property=\"og:url\" content=\"https:\/\/www.article-marketing.eu\/comunicati\/salute-e-benessere\/medicina-altenativa\/due-eponimi-della-naturopatia-ildegarda-e-paracelso\/\" \/>\n<meta property=\"og:site_name\" content=\"Article Marketing\" \/>\n<meta property=\"article:published_time\" content=\"2009-09-11T15:16:41+00:00\" \/>\n<meta name=\"author\" content=\"Redazione Comunicati Stampa\" \/>\n<meta name=\"twitter:card\" content=\"summary_large_image\" \/>\n<meta name=\"twitter:label1\" content=\"Scritto da\" \/>\n\t<meta name=\"twitter:data1\" content=\"Redazione Comunicati Stampa\" \/>\n\t<meta name=\"twitter:label2\" content=\"Tempo di lettura stimato\" \/>\n\t<meta name=\"twitter:data2\" content=\"3 minuti\" \/>\n<script type=\"application\/ld+json\" class=\"yoast-schema-graph\">{\"@context\":\"https:\/\/schema.org\",\"@graph\":[{\"@type\":\"Article\",\"@id\":\"https:\/\/www.article-marketing.eu\/comunicati\/salute-e-benessere\/medicina-altenativa\/due-eponimi-della-naturopatia-ildegarda-e-paracelso\/#article\",\"isPartOf\":{\"@id\":\"https:\/\/www.article-marketing.eu\/comunicati\/salute-e-benessere\/medicina-altenativa\/due-eponimi-della-naturopatia-ildegarda-e-paracelso\/\"},\"author\":{\"name\":\"Redazione Comunicati Stampa\",\"@id\":\"https:\/\/www.article-marketing.eu\/comunicati\/#\/schema\/person\/44372e4d4d0fa797b18e03ed1ace9017\"},\"headline\":\"Due eponimi della naturopatia: Ildegarda e Paracelso\",\"datePublished\":\"2009-09-11T15:16:41+00:00\",\"mainEntityOfPage\":{\"@id\":\"https:\/\/www.article-marketing.eu\/comunicati\/salute-e-benessere\/medicina-altenativa\/due-eponimi-della-naturopatia-ildegarda-e-paracelso\/\"},\"wordCount\":697,\"commentCount\":0,\"keywords\":[\"iridologia\",\"medicina tradizionale\",\"naturopatia\"],\"articleSection\":[\"Medicina altenativa\"],\"inLanguage\":\"it-IT\",\"potentialAction\":[{\"@type\":\"CommentAction\",\"name\":\"Comment\",\"target\":[\"https:\/\/www.article-marketing.eu\/comunicati\/salute-e-benessere\/medicina-altenativa\/due-eponimi-della-naturopatia-ildegarda-e-paracelso\/#respond\"]}]},{\"@type\":\"WebPage\",\"@id\":\"https:\/\/www.article-marketing.eu\/comunicati\/salute-e-benessere\/medicina-altenativa\/due-eponimi-della-naturopatia-ildegarda-e-paracelso\/\",\"url\":\"https:\/\/www.article-marketing.eu\/comunicati\/salute-e-benessere\/medicina-altenativa\/due-eponimi-della-naturopatia-ildegarda-e-paracelso\/\",\"name\":\"Due eponimi della naturopatia: Ildegarda e Paracelso - Article Marketing\",\"isPartOf\":{\"@id\":\"https:\/\/www.article-marketing.eu\/comunicati\/#website\"},\"datePublished\":\"2009-09-11T15:16:41+00:00\",\"author\":{\"@id\":\"https:\/\/www.article-marketing.eu\/comunicati\/#\/schema\/person\/44372e4d4d0fa797b18e03ed1ace9017\"},\"breadcrumb\":{\"@id\":\"https:\/\/www.article-marketing.eu\/comunicati\/salute-e-benessere\/medicina-altenativa\/due-eponimi-della-naturopatia-ildegarda-e-paracelso\/#breadcrumb\"},\"inLanguage\":\"it-IT\",\"potentialAction\":[{\"@type\":\"ReadAction\",\"target\":[\"https:\/\/www.article-marketing.eu\/comunicati\/salute-e-benessere\/medicina-altenativa\/due-eponimi-della-naturopatia-ildegarda-e-paracelso\/\"]}]},{\"@type\":\"BreadcrumbList\",\"@id\":\"https:\/\/www.article-marketing.eu\/comunicati\/salute-e-benessere\/medicina-altenativa\/due-eponimi-della-naturopatia-ildegarda-e-paracelso\/#breadcrumb\",\"itemListElement\":[{\"@type\":\"ListItem\",\"position\":1,\"name\":\"Home\",\"item\":\"https:\/\/www.article-marketing.eu\/comunicati\/\"},{\"@type\":\"ListItem\",\"position\":2,\"name\":\"Due eponimi della naturopatia: Ildegarda e Paracelso\"}]},{\"@type\":\"WebSite\",\"@id\":\"https:\/\/www.article-marketing.eu\/comunicati\/#website\",\"url\":\"https:\/\/www.article-marketing.eu\/comunicati\/\",\"name\":\"Article Marketing\",\"description\":\"article marketing &amp; press release\",\"potentialAction\":[{\"@type\":\"SearchAction\",\"target\":{\"@type\":\"EntryPoint\",\"urlTemplate\":\"https:\/\/www.article-marketing.eu\/comunicati\/?s={search_term_string}\"},\"query-input\":{\"@type\":\"PropertyValueSpecification\",\"valueRequired\":true,\"valueName\":\"search_term_string\"}}],\"inLanguage\":\"it-IT\"},{\"@type\":\"Person\",\"@id\":\"https:\/\/www.article-marketing.eu\/comunicati\/#\/schema\/person\/44372e4d4d0fa797b18e03ed1ace9017\",\"name\":\"Redazione Comunicati Stampa\",\"image\":{\"@type\":\"ImageObject\",\"inLanguage\":\"it-IT\",\"@id\":\"https:\/\/www.article-marketing.eu\/comunicati\/#\/schema\/person\/image\/\",\"url\":\"https:\/\/secure.gravatar.com\/avatar\/50e5c6421d3072f42e7ace803501602c60d75233d34e29fd05feb91c8760b792?s=96&d=mm&r=g\",\"contentUrl\":\"https:\/\/secure.gravatar.com\/avatar\/50e5c6421d3072f42e7ace803501602c60d75233d34e29fd05feb91c8760b792?s=96&d=mm&r=g\",\"caption\":\"Redazione Comunicati Stampa\"},\"url\":\"https:\/\/www.article-marketing.eu\/comunicati\/author\/redazione-comunicati-stampa\/\"}]}<\/script>\n<!-- \/ Yoast SEO plugin. -->","yoast_head_json":{"title":"Due eponimi della naturopatia: Ildegarda e Paracelso - Article Marketing","robots":{"index":"index","follow":"follow","max-snippet":"max-snippet:-1","max-image-preview":"max-image-preview:large","max-video-preview":"max-video-preview:-1"},"canonical":"https:\/\/www.article-marketing.eu\/comunicati\/salute-e-benessere\/medicina-altenativa\/due-eponimi-della-naturopatia-ildegarda-e-paracelso\/","og_locale":"it_IT","og_type":"article","og_title":"Due eponimi della naturopatia: Ildegarda e Paracelso - Article Marketing","og_description":"Santa Ildegarda e Paracelso non possono che posizionarsi tra gli avventori di un sapere medico al margine tra magia e scienza.","og_url":"https:\/\/www.article-marketing.eu\/comunicati\/salute-e-benessere\/medicina-altenativa\/due-eponimi-della-naturopatia-ildegarda-e-paracelso\/","og_site_name":"Article Marketing","article_published_time":"2009-09-11T15:16:41+00:00","author":"Redazione Comunicati Stampa","twitter_card":"summary_large_image","twitter_misc":{"Scritto da":"Redazione Comunicati Stampa","Tempo di lettura stimato":"3 minuti"},"schema":{"@context":"https:\/\/schema.org","@graph":[{"@type":"Article","@id":"https:\/\/www.article-marketing.eu\/comunicati\/salute-e-benessere\/medicina-altenativa\/due-eponimi-della-naturopatia-ildegarda-e-paracelso\/#article","isPartOf":{"@id":"https:\/\/www.article-marketing.eu\/comunicati\/salute-e-benessere\/medicina-altenativa\/due-eponimi-della-naturopatia-ildegarda-e-paracelso\/"},"author":{"name":"Redazione Comunicati Stampa","@id":"https:\/\/www.article-marketing.eu\/comunicati\/#\/schema\/person\/44372e4d4d0fa797b18e03ed1ace9017"},"headline":"Due eponimi della naturopatia: Ildegarda e Paracelso","datePublished":"2009-09-11T15:16:41+00:00","mainEntityOfPage":{"@id":"https:\/\/www.article-marketing.eu\/comunicati\/salute-e-benessere\/medicina-altenativa\/due-eponimi-della-naturopatia-ildegarda-e-paracelso\/"},"wordCount":697,"commentCount":0,"keywords":["iridologia","medicina tradizionale","naturopatia"],"articleSection":["Medicina altenativa"],"inLanguage":"it-IT","potentialAction":[{"@type":"CommentAction","name":"Comment","target":["https:\/\/www.article-marketing.eu\/comunicati\/salute-e-benessere\/medicina-altenativa\/due-eponimi-della-naturopatia-ildegarda-e-paracelso\/#respond"]}]},{"@type":"WebPage","@id":"https:\/\/www.article-marketing.eu\/comunicati\/salute-e-benessere\/medicina-altenativa\/due-eponimi-della-naturopatia-ildegarda-e-paracelso\/","url":"https:\/\/www.article-marketing.eu\/comunicati\/salute-e-benessere\/medicina-altenativa\/due-eponimi-della-naturopatia-ildegarda-e-paracelso\/","name":"Due eponimi della naturopatia: Ildegarda e Paracelso - Article Marketing","isPartOf":{"@id":"https:\/\/www.article-marketing.eu\/comunicati\/#website"},"datePublished":"2009-09-11T15:16:41+00:00","author":{"@id":"https:\/\/www.article-marketing.eu\/comunicati\/#\/schema\/person\/44372e4d4d0fa797b18e03ed1ace9017"},"breadcrumb":{"@id":"https:\/\/www.article-marketing.eu\/comunicati\/salute-e-benessere\/medicina-altenativa\/due-eponimi-della-naturopatia-ildegarda-e-paracelso\/#breadcrumb"},"inLanguage":"it-IT","potentialAction":[{"@type":"ReadAction","target":["https:\/\/www.article-marketing.eu\/comunicati\/salute-e-benessere\/medicina-altenativa\/due-eponimi-della-naturopatia-ildegarda-e-paracelso\/"]}]},{"@type":"BreadcrumbList","@id":"https:\/\/www.article-marketing.eu\/comunicati\/salute-e-benessere\/medicina-altenativa\/due-eponimi-della-naturopatia-ildegarda-e-paracelso\/#breadcrumb","itemListElement":[{"@type":"ListItem","position":1,"name":"Home","item":"https:\/\/www.article-marketing.eu\/comunicati\/"},{"@type":"ListItem","position":2,"name":"Due eponimi della naturopatia: Ildegarda e Paracelso"}]},{"@type":"WebSite","@id":"https:\/\/www.article-marketing.eu\/comunicati\/#website","url":"https:\/\/www.article-marketing.eu\/comunicati\/","name":"Article Marketing","description":"article marketing &amp; press release","potentialAction":[{"@type":"SearchAction","target":{"@type":"EntryPoint","urlTemplate":"https:\/\/www.article-marketing.eu\/comunicati\/?s={search_term_string}"},"query-input":{"@type":"PropertyValueSpecification","valueRequired":true,"valueName":"search_term_string"}}],"inLanguage":"it-IT"},{"@type":"Person","@id":"https:\/\/www.article-marketing.eu\/comunicati\/#\/schema\/person\/44372e4d4d0fa797b18e03ed1ace9017","name":"Redazione Comunicati Stampa","image":{"@type":"ImageObject","inLanguage":"it-IT","@id":"https:\/\/www.article-marketing.eu\/comunicati\/#\/schema\/person\/image\/","url":"https:\/\/secure.gravatar.com\/avatar\/50e5c6421d3072f42e7ace803501602c60d75233d34e29fd05feb91c8760b792?s=96&d=mm&r=g","contentUrl":"https:\/\/secure.gravatar.com\/avatar\/50e5c6421d3072f42e7ace803501602c60d75233d34e29fd05feb91c8760b792?s=96&d=mm&r=g","caption":"Redazione Comunicati Stampa"},"url":"https:\/\/www.article-marketing.eu\/comunicati\/author\/redazione-comunicati-stampa\/"}]}},"_links":{"self":[{"href":"https:\/\/www.article-marketing.eu\/comunicati\/wp-json\/wp\/v2\/posts\/2719","targetHints":{"allow":["GET"]}}],"collection":[{"href":"https:\/\/www.article-marketing.eu\/comunicati\/wp-json\/wp\/v2\/posts"}],"about":[{"href":"https:\/\/www.article-marketing.eu\/comunicati\/wp-json\/wp\/v2\/types\/post"}],"author":[{"embeddable":true,"href":"https:\/\/www.article-marketing.eu\/comunicati\/wp-json\/wp\/v2\/users\/10"}],"replies":[{"embeddable":true,"href":"https:\/\/www.article-marketing.eu\/comunicati\/wp-json\/wp\/v2\/comments?post=2719"}],"version-history":[{"count":0,"href":"https:\/\/www.article-marketing.eu\/comunicati\/wp-json\/wp\/v2\/posts\/2719\/revisions"}],"wp:attachment":[{"href":"https:\/\/www.article-marketing.eu\/comunicati\/wp-json\/wp\/v2\/media?parent=2719"}],"wp:term":[{"taxonomy":"category","embeddable":true,"href":"https:\/\/www.article-marketing.eu\/comunicati\/wp-json\/wp\/v2\/categories?post=2719"},{"taxonomy":"post_tag","embeddable":true,"href":"https:\/\/www.article-marketing.eu\/comunicati\/wp-json\/wp\/v2\/tags?post=2719"}],"curies":[{"name":"wp","href":"https:\/\/api.w.org\/{rel}","templated":true}]}}