{"id":2726,"date":"2009-09-13T21:43:42","date_gmt":"2009-09-13T19:43:42","guid":{"rendered":"http:\/\/www.article-marketing.eu\/comunicati\/senza-categoria\/un-viaggio-fuori-dal-comune-matera\/"},"modified":"2009-09-13T21:43:42","modified_gmt":"2009-09-13T19:43:42","slug":"un-viaggio-fuori-dal-comune-matera","status":"publish","type":"post","link":"https:\/\/www.article-marketing.eu\/comunicati\/viaggi-e-vacanze\/destinazioni\/un-viaggio-fuori-dal-comune-matera\/","title":{"rendered":"Un Viaggio fuori dal comune &#8211; Matera"},"content":{"rendered":"<p>&nbsp;<\/p>\n<p style=\"MARGIN-BOTTOM: 0cm\">Per quest&#8217;anno avevo deciso fortemente di non fare la solita vacanza comune ma di fare , invece , qualcosa di nuovo che potesse farmi rilassare , divertire e scoprire e riscoprire quelle tradizioni che spesso immoliamo volenti o nolenti alla vita quotidiana che col suo frenetico incedere ci fa dimenticare di cose importantissime .<\/p>\n<p style=\"MARGIN-BOTTOM: 0cm\">Quindi intenzionato a cercare questa sospirata nuova avventura navigo su internet cercando di trovare una novit\u00e0 \u2026 qualcosa .<\/p>\n<p style=\"MARGIN-BOTTOM: 0cm\">Dopo ore di ricerche arrivo in un sito in cui proponevano dei viaggi sociali al sito <u><a href=\"http:\/\/digilander.libero.it\/ass.resistenza\/\">http:\/\/digilander.libero.it\/ass.resistenza\/<\/a><\/u>.<\/p>\n<p style=\"MARGIN-BOTTOM: 0cm\">Mi sono chiesto subito cosa fossero questi viaggi sociali . Ed ebbi la risposta leggendo sul sito .<\/p>\n<p style=\"MARGIN-BOTTOM: 0cm\">Il viaggio sociale \u00e8 quel viaggio che integra il divertimento , la cultura ed il modo in cui la gente del luogo vive e si adatta al proprio territorio .<\/p>\n<p style=\"MARGIN-BOTTOM: 0cm\">Cap\u00ec subito che questo era ci\u00f2 che stavo cercando quindi m&#8217;iscrissi subito per non rischiare di trovare la lista chiusa .<\/p>\n<p style=\"MARGIN-BOTTOM: 0cm\">Il nostro obbiettivo era la Basilicata e nella fattispecie Matera e zone limitrofe .<\/p>\n<p style=\"MARGIN-BOTTOM: 0cm\">Cos\u00ec dopo qualche giorno d&#8217;attesa finalmente si parte .<\/p>\n<p style=\"MARGIN-BOTTOM: 0cm\">Prendiamo l&#8217;aereo ed in poche ore siamo arrivati a Bari e col bus navetta il gioco \u00e8 fatto finalmente siamo a Matera . L&#8217;aria \u00e8 simpaticamente frizzante e la citt\u00e0 sembra gravida di aspettative di divertimento .<\/p>\n<p style=\"MARGIN-BOTTOM: 0cm\">Quindi una volta registrati all&#8217;hotel , molto bello e confortevole , ci \u201cbuttiamo\u201d subito nella nostra avventura visitando forse una tra le cose pi\u00f9 importante di Matera cio\u00e8 il <strong>Rione Sassi <\/strong>.<\/p>\n<p style=\"MARGIN-BOTTOM: 0cm\">Gi\u00e0 patrimonio dell&#8217;umanit\u00e0 dell&#8217;<strong>UNESCO<\/strong> appare subito come una fonte enorme di emozioni <\/p>\n<p style=\"MARGIN-BOTTOM: 0cm\">con il <strong>sasso barisano<\/strong> che guarda a nord-ovest ricco di portali scolpiti e fregi ed il <strong>sasso caveoso<\/strong> nel quale vi sono le case-grotte che tradiscono la memoria millenaria di questi luoghi . <\/p>\n<p style=\"MARGIN-BOTTOM: 0cm\">Una volta tornati ci rinfreschiamo e usciamo al centro , una pizza e poi a letto.<\/p>\n<p style=\"MARGIN-BOTTOM: 0cm\">Il giorno dopo facciamo colazione e siamo pronti per una scampagnata in automobile a Craco una cittadina di poco pi\u00f9 di 700 anime molto suggestivo .<\/p>\n<p style=\"MARGIN-BOTTOM: 0cm\">Entrando in questo paese sembra essere entrato nella storia del cinema mondiale , infatti \u00e8 stato utilizzato come set per moltissimi film tra i quali : Cristo si \u00e8 fermato ad Eboli con Gian Maria Volont\u00e8, la Passione di Cristo di Mel Brucks e Agente 007-Quantum of Solace di Marc Forster davvero una sensazione unica visitare quei luoghi sembra rivivere le sensazioni del film .<\/p>\n<p style=\"MARGIN-BOTTOM: 0cm\">Infine torniamo in hotel dove l&#8217;associazione resistenza ci ha offerto un&#8217;ottima cena .<\/p>\n<p style=\"MARGIN-BOTTOM: 0cm\">Il terzo giorno mi alzo tardissimo e rimango in hotel a leggere , dopo il pranzo andiamo a visitare il <\/p>\n<p style=\"MARGIN-BOTTOM: 0cm\"><strong>Parco archeologico storico naturale delle chiese rupestri del materano<\/strong> . Come dire \u00e8 una sorta di libro dal vivo nelle quali pagine viene narrata la storia e la cultura in un arco temporale che va dall&#8217;alto medioevo fino al XIX secolo . Un dedalo di chiese , cripte , antiche parrocchie ed istituzioni vescovili finemente affrescate uno spettacolo raro ed eccezionale .<\/p>\n<p style=\"MARGIN-BOTTOM: 0cm\">Al ritorno vado subito a letto perch\u00e8 sto un po&#8217; fuori forma .<\/p>\n<p style=\"MARGIN-BOTTOM: 0cm\">Il quarto ed ultimo giorno \u00e8 triste perch\u00e8 \u00e8 l&#8217;ultimo quindi dopo aver consegnato le camere facciamo un ultima visita ad una masseria fortificata nell&#8217;agro materano come ciliegina sulla torta e dopo aver fatto un pranzo al sacco torniamo a Bari per prendere l&#8217;aereo .<\/p>\n<p style=\"MARGIN-BOTTOM: 0cm\">Di questo viaggio mi ricorder\u00f2 per molto tempo in quanto \u00e8 stato una splendida esperienza .<\/p>\n<p style=\"MARGIN-BOTTOM: 0cm\">&nbsp;<\/p>\n<p style=\"MARGIN-BOTTOM: 0cm\"><\/p>\n","protected":false},"excerpt":{"rendered":"<p>Un viaggio a Matera nella bellezza dei luoghi e della cultura dove ritrovare le proprie radici e divertirsi nello stesso tempo .<\/p>\n","protected":false},"author":10,"featured_media":0,"comment_status":"open","ping_status":"open","sticky":false,"template":"","format":"standard","meta":{"cybocfi_hide_featured_image":"","footnotes":""},"categories":[143],"tags":[8890,34,8244,8892,8889,8891,598,3,543],"class_list":["post-2726","post","type-post","status-publish","format-standard","hentry","category-destinazioni","tag-bizantino","tag-chiesa","tag-matera","tag-resistenza","tag-sassi","tag-treno","tag-vacanza","tag-vacanze","tag-viaggio"],"yoast_head":"<!-- This site is optimized with the Yoast SEO plugin v27.0 - https:\/\/yoast.com\/product\/yoast-seo-wordpress\/ -->\n<title>Un Viaggio fuori dal comune - Matera - Article Marketing<\/title>\n<meta name=\"robots\" content=\"index, follow, max-snippet:-1, max-image-preview:large, max-video-preview:-1\" \/>\n<link rel=\"canonical\" href=\"https:\/\/www.article-marketing.eu\/comunicati\/viaggi-e-vacanze\/destinazioni\/un-viaggio-fuori-dal-comune-matera\/\" \/>\n<meta property=\"og:locale\" content=\"it_IT\" \/>\n<meta property=\"og:type\" content=\"article\" \/>\n<meta property=\"og:title\" content=\"Un Viaggio fuori dal comune - Matera - Article Marketing\" \/>\n<meta property=\"og:description\" content=\"Un viaggio a Matera nella bellezza dei luoghi e della cultura dove ritrovare le proprie radici e divertirsi nello stesso tempo .\" \/>\n<meta property=\"og:url\" content=\"https:\/\/www.article-marketing.eu\/comunicati\/viaggi-e-vacanze\/destinazioni\/un-viaggio-fuori-dal-comune-matera\/\" \/>\n<meta property=\"og:site_name\" content=\"Article Marketing\" \/>\n<meta property=\"article:published_time\" content=\"2009-09-13T19:43:42+00:00\" \/>\n<meta name=\"author\" content=\"Redazione Comunicati Stampa\" \/>\n<meta name=\"twitter:card\" content=\"summary_large_image\" \/>\n<meta name=\"twitter:label1\" content=\"Scritto da\" \/>\n\t<meta name=\"twitter:data1\" content=\"Redazione Comunicati Stampa\" \/>\n\t<meta name=\"twitter:label2\" content=\"Tempo di lettura stimato\" \/>\n\t<meta name=\"twitter:data2\" content=\"3 minuti\" \/>\n<script type=\"application\/ld+json\" class=\"yoast-schema-graph\">{\"@context\":\"https:\/\/schema.org\",\"@graph\":[{\"@type\":\"Article\",\"@id\":\"https:\/\/www.article-marketing.eu\/comunicati\/viaggi-e-vacanze\/destinazioni\/un-viaggio-fuori-dal-comune-matera\/#article\",\"isPartOf\":{\"@id\":\"https:\/\/www.article-marketing.eu\/comunicati\/viaggi-e-vacanze\/destinazioni\/un-viaggio-fuori-dal-comune-matera\/\"},\"author\":{\"name\":\"Redazione Comunicati Stampa\",\"@id\":\"https:\/\/www.article-marketing.eu\/comunicati\/#\/schema\/person\/44372e4d4d0fa797b18e03ed1ace9017\"},\"headline\":\"Un Viaggio fuori dal comune &#8211; Matera\",\"datePublished\":\"2009-09-13T19:43:42+00:00\",\"mainEntityOfPage\":{\"@id\":\"https:\/\/www.article-marketing.eu\/comunicati\/viaggi-e-vacanze\/destinazioni\/un-viaggio-fuori-dal-comune-matera\/\"},\"wordCount\":542,\"commentCount\":0,\"keywords\":[\"bizantino\",\"chiesa\",\"Matera\",\"resistenza\",\"sassi\",\"treno\",\"vacanza\",\"vacanze\",\"viaggio\"],\"articleSection\":[\"Destinazioni\"],\"inLanguage\":\"it-IT\",\"potentialAction\":[{\"@type\":\"CommentAction\",\"name\":\"Comment\",\"target\":[\"https:\/\/www.article-marketing.eu\/comunicati\/viaggi-e-vacanze\/destinazioni\/un-viaggio-fuori-dal-comune-matera\/#respond\"]}]},{\"@type\":\"WebPage\",\"@id\":\"https:\/\/www.article-marketing.eu\/comunicati\/viaggi-e-vacanze\/destinazioni\/un-viaggio-fuori-dal-comune-matera\/\",\"url\":\"https:\/\/www.article-marketing.eu\/comunicati\/viaggi-e-vacanze\/destinazioni\/un-viaggio-fuori-dal-comune-matera\/\",\"name\":\"Un Viaggio fuori dal comune - Matera - Article Marketing\",\"isPartOf\":{\"@id\":\"https:\/\/www.article-marketing.eu\/comunicati\/#website\"},\"datePublished\":\"2009-09-13T19:43:42+00:00\",\"author\":{\"@id\":\"https:\/\/www.article-marketing.eu\/comunicati\/#\/schema\/person\/44372e4d4d0fa797b18e03ed1ace9017\"},\"breadcrumb\":{\"@id\":\"https:\/\/www.article-marketing.eu\/comunicati\/viaggi-e-vacanze\/destinazioni\/un-viaggio-fuori-dal-comune-matera\/#breadcrumb\"},\"inLanguage\":\"it-IT\",\"potentialAction\":[{\"@type\":\"ReadAction\",\"target\":[\"https:\/\/www.article-marketing.eu\/comunicati\/viaggi-e-vacanze\/destinazioni\/un-viaggio-fuori-dal-comune-matera\/\"]}]},{\"@type\":\"BreadcrumbList\",\"@id\":\"https:\/\/www.article-marketing.eu\/comunicati\/viaggi-e-vacanze\/destinazioni\/un-viaggio-fuori-dal-comune-matera\/#breadcrumb\",\"itemListElement\":[{\"@type\":\"ListItem\",\"position\":1,\"name\":\"Home\",\"item\":\"https:\/\/www.article-marketing.eu\/comunicati\/\"},{\"@type\":\"ListItem\",\"position\":2,\"name\":\"Un Viaggio fuori dal comune &#8211; Matera\"}]},{\"@type\":\"WebSite\",\"@id\":\"https:\/\/www.article-marketing.eu\/comunicati\/#website\",\"url\":\"https:\/\/www.article-marketing.eu\/comunicati\/\",\"name\":\"Article Marketing\",\"description\":\"article marketing &amp; press release\",\"potentialAction\":[{\"@type\":\"SearchAction\",\"target\":{\"@type\":\"EntryPoint\",\"urlTemplate\":\"https:\/\/www.article-marketing.eu\/comunicati\/?s={search_term_string}\"},\"query-input\":{\"@type\":\"PropertyValueSpecification\",\"valueRequired\":true,\"valueName\":\"search_term_string\"}}],\"inLanguage\":\"it-IT\"},{\"@type\":\"Person\",\"@id\":\"https:\/\/www.article-marketing.eu\/comunicati\/#\/schema\/person\/44372e4d4d0fa797b18e03ed1ace9017\",\"name\":\"Redazione Comunicati Stampa\",\"image\":{\"@type\":\"ImageObject\",\"inLanguage\":\"it-IT\",\"@id\":\"https:\/\/www.article-marketing.eu\/comunicati\/#\/schema\/person\/image\/\",\"url\":\"https:\/\/secure.gravatar.com\/avatar\/50e5c6421d3072f42e7ace803501602c60d75233d34e29fd05feb91c8760b792?s=96&d=mm&r=g\",\"contentUrl\":\"https:\/\/secure.gravatar.com\/avatar\/50e5c6421d3072f42e7ace803501602c60d75233d34e29fd05feb91c8760b792?s=96&d=mm&r=g\",\"caption\":\"Redazione Comunicati Stampa\"},\"url\":\"https:\/\/www.article-marketing.eu\/comunicati\/author\/redazione-comunicati-stampa\/\"}]}<\/script>\n<!-- \/ Yoast SEO plugin. -->","yoast_head_json":{"title":"Un Viaggio fuori dal comune - Matera - Article Marketing","robots":{"index":"index","follow":"follow","max-snippet":"max-snippet:-1","max-image-preview":"max-image-preview:large","max-video-preview":"max-video-preview:-1"},"canonical":"https:\/\/www.article-marketing.eu\/comunicati\/viaggi-e-vacanze\/destinazioni\/un-viaggio-fuori-dal-comune-matera\/","og_locale":"it_IT","og_type":"article","og_title":"Un Viaggio fuori dal comune - Matera - Article Marketing","og_description":"Un viaggio a Matera nella bellezza dei luoghi e della cultura dove ritrovare le proprie radici e divertirsi nello stesso tempo .","og_url":"https:\/\/www.article-marketing.eu\/comunicati\/viaggi-e-vacanze\/destinazioni\/un-viaggio-fuori-dal-comune-matera\/","og_site_name":"Article Marketing","article_published_time":"2009-09-13T19:43:42+00:00","author":"Redazione Comunicati Stampa","twitter_card":"summary_large_image","twitter_misc":{"Scritto da":"Redazione Comunicati Stampa","Tempo di lettura stimato":"3 minuti"},"schema":{"@context":"https:\/\/schema.org","@graph":[{"@type":"Article","@id":"https:\/\/www.article-marketing.eu\/comunicati\/viaggi-e-vacanze\/destinazioni\/un-viaggio-fuori-dal-comune-matera\/#article","isPartOf":{"@id":"https:\/\/www.article-marketing.eu\/comunicati\/viaggi-e-vacanze\/destinazioni\/un-viaggio-fuori-dal-comune-matera\/"},"author":{"name":"Redazione Comunicati Stampa","@id":"https:\/\/www.article-marketing.eu\/comunicati\/#\/schema\/person\/44372e4d4d0fa797b18e03ed1ace9017"},"headline":"Un Viaggio fuori dal comune &#8211; Matera","datePublished":"2009-09-13T19:43:42+00:00","mainEntityOfPage":{"@id":"https:\/\/www.article-marketing.eu\/comunicati\/viaggi-e-vacanze\/destinazioni\/un-viaggio-fuori-dal-comune-matera\/"},"wordCount":542,"commentCount":0,"keywords":["bizantino","chiesa","Matera","resistenza","sassi","treno","vacanza","vacanze","viaggio"],"articleSection":["Destinazioni"],"inLanguage":"it-IT","potentialAction":[{"@type":"CommentAction","name":"Comment","target":["https:\/\/www.article-marketing.eu\/comunicati\/viaggi-e-vacanze\/destinazioni\/un-viaggio-fuori-dal-comune-matera\/#respond"]}]},{"@type":"WebPage","@id":"https:\/\/www.article-marketing.eu\/comunicati\/viaggi-e-vacanze\/destinazioni\/un-viaggio-fuori-dal-comune-matera\/","url":"https:\/\/www.article-marketing.eu\/comunicati\/viaggi-e-vacanze\/destinazioni\/un-viaggio-fuori-dal-comune-matera\/","name":"Un Viaggio fuori dal comune - Matera - Article Marketing","isPartOf":{"@id":"https:\/\/www.article-marketing.eu\/comunicati\/#website"},"datePublished":"2009-09-13T19:43:42+00:00","author":{"@id":"https:\/\/www.article-marketing.eu\/comunicati\/#\/schema\/person\/44372e4d4d0fa797b18e03ed1ace9017"},"breadcrumb":{"@id":"https:\/\/www.article-marketing.eu\/comunicati\/viaggi-e-vacanze\/destinazioni\/un-viaggio-fuori-dal-comune-matera\/#breadcrumb"},"inLanguage":"it-IT","potentialAction":[{"@type":"ReadAction","target":["https:\/\/www.article-marketing.eu\/comunicati\/viaggi-e-vacanze\/destinazioni\/un-viaggio-fuori-dal-comune-matera\/"]}]},{"@type":"BreadcrumbList","@id":"https:\/\/www.article-marketing.eu\/comunicati\/viaggi-e-vacanze\/destinazioni\/un-viaggio-fuori-dal-comune-matera\/#breadcrumb","itemListElement":[{"@type":"ListItem","position":1,"name":"Home","item":"https:\/\/www.article-marketing.eu\/comunicati\/"},{"@type":"ListItem","position":2,"name":"Un Viaggio fuori dal comune &#8211; Matera"}]},{"@type":"WebSite","@id":"https:\/\/www.article-marketing.eu\/comunicati\/#website","url":"https:\/\/www.article-marketing.eu\/comunicati\/","name":"Article Marketing","description":"article marketing &amp; press release","potentialAction":[{"@type":"SearchAction","target":{"@type":"EntryPoint","urlTemplate":"https:\/\/www.article-marketing.eu\/comunicati\/?s={search_term_string}"},"query-input":{"@type":"PropertyValueSpecification","valueRequired":true,"valueName":"search_term_string"}}],"inLanguage":"it-IT"},{"@type":"Person","@id":"https:\/\/www.article-marketing.eu\/comunicati\/#\/schema\/person\/44372e4d4d0fa797b18e03ed1ace9017","name":"Redazione Comunicati Stampa","image":{"@type":"ImageObject","inLanguage":"it-IT","@id":"https:\/\/www.article-marketing.eu\/comunicati\/#\/schema\/person\/image\/","url":"https:\/\/secure.gravatar.com\/avatar\/50e5c6421d3072f42e7ace803501602c60d75233d34e29fd05feb91c8760b792?s=96&d=mm&r=g","contentUrl":"https:\/\/secure.gravatar.com\/avatar\/50e5c6421d3072f42e7ace803501602c60d75233d34e29fd05feb91c8760b792?s=96&d=mm&r=g","caption":"Redazione Comunicati Stampa"},"url":"https:\/\/www.article-marketing.eu\/comunicati\/author\/redazione-comunicati-stampa\/"}]}},"_links":{"self":[{"href":"https:\/\/www.article-marketing.eu\/comunicati\/wp-json\/wp\/v2\/posts\/2726","targetHints":{"allow":["GET"]}}],"collection":[{"href":"https:\/\/www.article-marketing.eu\/comunicati\/wp-json\/wp\/v2\/posts"}],"about":[{"href":"https:\/\/www.article-marketing.eu\/comunicati\/wp-json\/wp\/v2\/types\/post"}],"author":[{"embeddable":true,"href":"https:\/\/www.article-marketing.eu\/comunicati\/wp-json\/wp\/v2\/users\/10"}],"replies":[{"embeddable":true,"href":"https:\/\/www.article-marketing.eu\/comunicati\/wp-json\/wp\/v2\/comments?post=2726"}],"version-history":[{"count":0,"href":"https:\/\/www.article-marketing.eu\/comunicati\/wp-json\/wp\/v2\/posts\/2726\/revisions"}],"wp:attachment":[{"href":"https:\/\/www.article-marketing.eu\/comunicati\/wp-json\/wp\/v2\/media?parent=2726"}],"wp:term":[{"taxonomy":"category","embeddable":true,"href":"https:\/\/www.article-marketing.eu\/comunicati\/wp-json\/wp\/v2\/categories?post=2726"},{"taxonomy":"post_tag","embeddable":true,"href":"https:\/\/www.article-marketing.eu\/comunicati\/wp-json\/wp\/v2\/tags?post=2726"}],"curies":[{"name":"wp","href":"https:\/\/api.w.org\/{rel}","templated":true}]}}