{"id":27632,"date":"2009-10-06T19:30:55","date_gmt":"2009-10-06T17:30:55","guid":{"rendered":"http:\/\/www.article-marketing.eu\/comunicati\/senza-categoria\/siena-citt%e0-rinomata-per-il-palio\/"},"modified":"2018-07-10T04:48:01","modified_gmt":"2018-07-10T02:48:01","slug":"siena-citt%e0-rinomata-per-il-palio","status":"publish","type":"post","link":"https:\/\/www.article-marketing.eu\/comunicati\/viaggi-e-vacanze\/viaggi-e-turismo\/siena-citt%e0-rinomata-per-il-palio\/","title":{"rendered":"Siena, citt\u00e0 rinomata per il Palio"},"content":{"rendered":"<p><strong>Siena<\/strong> sorge in posizione collinare: innumerevoli sono gli angoli nascosti e i panorami inaspettati che si scoprono camminando per le sue vie. Cos\u00ec come innumerevoli sono gli hotel e i b&amp;b a Siena.<\/p>\n<p>Siena \u00e8 una citt\u00e0 bellissima che merita di essere visitata non solo per assistere al celebre <strong>Palio<\/strong>. Infatti molte sono le attrattive della location situate in gran parte attorno alla celebre <strong>Piazza del Campo<\/strong>, suggestiva per la sua forma a conchiglia. E\u2019 una tra le pi\u00f9 grandi piazze medievali europee ed \u00e8 posta nel cuore delle 17 contrade cittadine, le cui antiche rivalit\u00e0 si riaccendono due volte l\u2019anno in occasione del rinomato Palio. <\/p>\n<p>Il Palio di Siena coinvolge tutti i cittadini. Esso ha origini remote con alcuni regolamenti ancora oggi validi dal 1644, anno in cui venne corso il primo palio con i cavalli.<br \/>Il territorio della Citt\u00e0 \u00e8 diviso in diciassette Contrade con dei confini stabiliti nel 1729 dal Bando di Violante di Baviera, Governatrice della Citt\u00e0.<\/p>\n<p>Ogni Contrada \u00e8 come un piccolo stato, retto da un Seggio con a capo il Priore e guidato nella &quot;giostra&quot; da un Capitano, coadiuvato da due o tre contradaioli detti &quot;mangini&quot;.<br \/>La festa inizia con lo uno scoppio di mortaretto che annuncia l&#8217;uscita dei cavalli dall&#8217;Entrone. Ad ogni fantino viene consegnato un nerbo di bue con il quale incitare il cavallo o ostacolare gli avversari durante la corsa. Quindi si procede all&#8217;avvicinamento verso la &quot;mossa&quot;, ossia il punto dove sono stati tesi due canapi tra i quali saranno chiamati ad allinearsi cavalli e fantini. L&#8217;ordine di entrata \u00e8 stabilito dalla sorte, infatti le Contrade vengono chiamate secondo l&#8217;ordine di estrazione. La decima e ultima, entrer\u00e0 invece di &quot;rincorsa&quot; quando lo riterr\u00e0 pi\u00f9 opportuno, decidendo cos\u00ec il momento della partenza. Se la partenza non sar\u00e0 valida, uno scoppio del mortaretto fermer\u00e0 i cavalli. Quest&#8217;ultimi dovranno compiere tre giri di pista per circa 1000 metri e solo al primo arrivato sar\u00e0 riservata la gloria della vittoria. <\/p>\n<p>A Siena resterete incantati dall\u2019imponenza della <strong>cattedrale di Santa Maria Assunta<\/strong>, immortalata dagli scatti fotografici dei turisti che ogni anno rimangono qui estasiati.<br \/>Anche il <strong>Duomo<\/strong> merita elogi: sorge su un preesistente edificio sacro, a sua volta costruito su un antico tempio dedicato a Minerva. Costruito a croce latina e a tre navate, fu rivestito da fasce bianche e nere di marmo in riferimento alla balzana: lo stemma araldico di Siena. L\u2019interno del Duomo \u00e8 interamente in marmo e ci\u00f2 che colpisce sono i 172 busti di stucco rappresentanti i primi pontefici. Sono presenti inoltre quattro sculture di Michelangelo nell\u2019altare Piccolomini, e il San Giovanni Battista scolpito da Donatello.<\/p>\n<p>Passeggiando per le vie di Siena soffermatevi alla <strong>Loggia della Mercanzia<\/strong>, un\u2019opera caratteristica dello stile senese che segna il passaggio dall\u2019epoca medioevale a quella rinascimentale. <\/p>\n<p>Numerosi sono i musei e le gallerie d\u2019arte a Siena, come: il <strong>Museo dell\u2019Opera<\/strong> <strong>Metropolitana del Duomo<\/strong>; la <strong>Pinacoteca Nazionale<\/strong>; il <strong>Museo Civico del Palazzo Comunale<\/strong>. <br \/>Tra i castelli ricordiamo il <strong>Castello delle Quattro Torri<\/strong> di origine medievale.<\/p>\n<p>Buona passeggiata!<\/p>\n<p>&nbsp;<\/p>\n","protected":false},"excerpt":{"rendered":"<p>Molti si recano a Siena per assistere al Palio, ma questa meravigliosa citt\u00e0 offre molto di pi\u00f9. Ne parliamo approfonditamente di seguito.<\/p>\n","protected":false},"author":10,"featured_media":0,"comment_status":"open","ping_status":"open","sticky":false,"template":"","format":"standard","meta":{"cybocfi_hide_featured_image":"","footnotes":""},"categories":[2],"tags":[36731,36726,36729,36730,36728,36727],"class_list":["post-27632","post","type-post","status-publish","format-standard","hentry","category-viaggi-e-turismo","tag-bb-a-siena","tag-bed-and-breakfast-a-siena","tag-cosa-vedere-a-siena","tag-dormire-a-siena","tag-informazioni-turistiche-a-siena","tag-turismo-a-siena"],"yoast_head":"<!-- This site is optimized with the Yoast SEO plugin v27.0 - https:\/\/yoast.com\/product\/yoast-seo-wordpress\/ -->\n<title>Siena, citt\u00e0 rinomata per il Palio - Article Marketing<\/title>\n<meta name=\"robots\" content=\"index, follow, max-snippet:-1, max-image-preview:large, max-video-preview:-1\" \/>\n<link rel=\"canonical\" href=\"https:\/\/www.article-marketing.eu\/comunicati\/viaggi-e-vacanze\/viaggi-e-turismo\/siena-citt?-rinomata-per-il-palio\/\" \/>\n<meta property=\"og:locale\" content=\"it_IT\" \/>\n<meta property=\"og:type\" content=\"article\" \/>\n<meta property=\"og:title\" content=\"Siena, citt\u00e0 rinomata per il Palio - Article Marketing\" \/>\n<meta property=\"og:description\" content=\"Molti si recano a Siena per assistere al Palio, ma questa meravigliosa citt\u00e0 offre molto di pi\u00f9. Ne parliamo approfonditamente di seguito.\" \/>\n<meta property=\"og:url\" content=\"\" \/>\n<meta property=\"og:site_name\" content=\"Article Marketing\" \/>\n<meta property=\"article:published_time\" content=\"2009-10-06T17:30:55+00:00\" \/>\n<meta property=\"article:modified_time\" content=\"2018-07-10T02:48:01+00:00\" \/>\n<meta name=\"author\" content=\"Redazione Comunicati Stampa\" \/>\n<meta name=\"twitter:card\" content=\"summary_large_image\" \/>\n<meta name=\"twitter:label1\" content=\"Scritto da\" \/>\n\t<meta name=\"twitter:data1\" content=\"Redazione Comunicati Stampa\" \/>\n\t<meta name=\"twitter:label2\" content=\"Tempo di lettura stimato\" \/>\n\t<meta name=\"twitter:data2\" content=\"3 minuti\" \/>\n<script type=\"application\/ld+json\" class=\"yoast-schema-graph\">{\"@context\":\"https:\/\/schema.org\",\"@graph\":[{\"@type\":\"Article\",\"@id\":\"https:\/\/www.article-marketing.eu\/comunicati\/viaggi-e-vacanze\/viaggi-e-turismo\/siena-citt%e0-rinomata-per-il-palio\/#article\",\"isPartOf\":{\"@id\":\"https:\/\/www.article-marketing.eu\/comunicati\/viaggi-e-vacanze\/viaggi-e-turismo\/siena-citt%e0-rinomata-per-il-palio\/\"},\"author\":{\"name\":\"Redazione Comunicati Stampa\",\"@id\":\"https:\/\/www.article-marketing.eu\/comunicati\/#\/schema\/person\/44372e4d4d0fa797b18e03ed1ace9017\"},\"headline\":\"Siena, citt\u00e0 rinomata per il Palio\",\"datePublished\":\"2009-10-06T17:30:55+00:00\",\"dateModified\":\"2018-07-10T02:48:01+00:00\",\"mainEntityOfPage\":{\"@id\":\"https:\/\/www.article-marketing.eu\/comunicati\/viaggi-e-vacanze\/viaggi-e-turismo\/siena-citt%e0-rinomata-per-il-palio\/\"},\"wordCount\":513,\"commentCount\":0,\"keywords\":[\"B&amp;B a Siena\",\"bed and breakfast a Siena\",\"cosa vedere a Siena\",\"dormire a Siena\",\"informazioni turistiche a Siena\",\"turismo a Siena\"],\"articleSection\":[\"Viaggi e Turismo\"],\"inLanguage\":\"it-IT\",\"potentialAction\":[{\"@type\":\"CommentAction\",\"name\":\"Comment\",\"target\":[\"https:\/\/www.article-marketing.eu\/comunicati\/viaggi-e-vacanze\/viaggi-e-turismo\/siena-citt%e0-rinomata-per-il-palio\/#respond\"]}]},{\"@type\":\"WebPage\",\"@id\":\"https:\/\/www.article-marketing.eu\/comunicati\/viaggi-e-vacanze\/viaggi-e-turismo\/siena-citt%e0-rinomata-per-il-palio\/\",\"url\":\"https:\/\/www.article-marketing.eu\/comunicati\/viaggi-e-vacanze\/viaggi-e-turismo\/siena-citt%e0-rinomata-per-il-palio\/\",\"name\":\"Siena, citt\u00e0 rinomata per il Palio - Article Marketing\",\"isPartOf\":{\"@id\":\"https:\/\/www.article-marketing.eu\/comunicati\/#website\"},\"datePublished\":\"2009-10-06T17:30:55+00:00\",\"dateModified\":\"2018-07-10T02:48:01+00:00\",\"author\":{\"@id\":\"https:\/\/www.article-marketing.eu\/comunicati\/#\/schema\/person\/44372e4d4d0fa797b18e03ed1ace9017\"},\"breadcrumb\":{\"@id\":\"https:\/\/www.article-marketing.eu\/comunicati\/viaggi-e-vacanze\/viaggi-e-turismo\/siena-citt%e0-rinomata-per-il-palio\/#breadcrumb\"},\"inLanguage\":\"it-IT\",\"potentialAction\":[{\"@type\":\"ReadAction\",\"target\":[\"https:\/\/www.article-marketing.eu\/comunicati\/viaggi-e-vacanze\/viaggi-e-turismo\/siena-citt%e0-rinomata-per-il-palio\/\"]}]},{\"@type\":\"BreadcrumbList\",\"@id\":\"https:\/\/www.article-marketing.eu\/comunicati\/viaggi-e-vacanze\/viaggi-e-turismo\/siena-citt%e0-rinomata-per-il-palio\/#breadcrumb\",\"itemListElement\":[{\"@type\":\"ListItem\",\"position\":1,\"name\":\"Home\",\"item\":\"https:\/\/www.article-marketing.eu\/comunicati\/\"},{\"@type\":\"ListItem\",\"position\":2,\"name\":\"Siena, citt\u00e0 rinomata per il Palio\"}]},{\"@type\":\"WebSite\",\"@id\":\"https:\/\/www.article-marketing.eu\/comunicati\/#website\",\"url\":\"https:\/\/www.article-marketing.eu\/comunicati\/\",\"name\":\"Article Marketing\",\"description\":\"article marketing &amp; press release\",\"potentialAction\":[{\"@type\":\"SearchAction\",\"target\":{\"@type\":\"EntryPoint\",\"urlTemplate\":\"https:\/\/www.article-marketing.eu\/comunicati\/?s={search_term_string}\"},\"query-input\":{\"@type\":\"PropertyValueSpecification\",\"valueRequired\":true,\"valueName\":\"search_term_string\"}}],\"inLanguage\":\"it-IT\"},{\"@type\":\"Person\",\"@id\":\"https:\/\/www.article-marketing.eu\/comunicati\/#\/schema\/person\/44372e4d4d0fa797b18e03ed1ace9017\",\"name\":\"Redazione Comunicati Stampa\",\"image\":{\"@type\":\"ImageObject\",\"inLanguage\":\"it-IT\",\"@id\":\"https:\/\/www.article-marketing.eu\/comunicati\/#\/schema\/person\/image\/\",\"url\":\"https:\/\/secure.gravatar.com\/avatar\/50e5c6421d3072f42e7ace803501602c60d75233d34e29fd05feb91c8760b792?s=96&d=mm&r=g\",\"contentUrl\":\"https:\/\/secure.gravatar.com\/avatar\/50e5c6421d3072f42e7ace803501602c60d75233d34e29fd05feb91c8760b792?s=96&d=mm&r=g\",\"caption\":\"Redazione Comunicati Stampa\"},\"url\":\"https:\/\/www.article-marketing.eu\/comunicati\/author\/redazione-comunicati-stampa\/\"}]}<\/script>\n<!-- \/ Yoast SEO plugin. -->","yoast_head_json":{"title":"Siena, citt\u00e0 rinomata per il Palio - Article Marketing","robots":{"index":"index","follow":"follow","max-snippet":"max-snippet:-1","max-image-preview":"max-image-preview:large","max-video-preview":"max-video-preview:-1"},"canonical":"https:\/\/www.article-marketing.eu\/comunicati\/viaggi-e-vacanze\/viaggi-e-turismo\/siena-citt?-rinomata-per-il-palio\/","og_locale":"it_IT","og_type":"article","og_title":"Siena, citt\u00e0 rinomata per il Palio - Article Marketing","og_description":"Molti si recano a Siena per assistere al Palio, ma questa meravigliosa citt\u00e0 offre molto di pi\u00f9. Ne parliamo approfonditamente di seguito.","og_url":"https:\/\/www.article-marketing.eu\/comunicati\/viaggi-e-vacanze\/viaggi-e-turismo\/siena-citt?-rinomata-per-il-palio\/","og_site_name":"Article Marketing","article_published_time":"2009-10-06T17:30:55+00:00","article_modified_time":"2018-07-10T02:48:01+00:00","author":"Redazione Comunicati Stampa","twitter_card":"summary_large_image","twitter_misc":{"Scritto da":"Redazione Comunicati Stampa","Tempo di lettura stimato":"3 minuti"},"schema":{"@context":"https:\/\/schema.org","@graph":[{"@type":"Article","@id":"https:\/\/www.article-marketing.eu\/comunicati\/viaggi-e-vacanze\/viaggi-e-turismo\/siena-citt%e0-rinomata-per-il-palio\/#article","isPartOf":{"@id":"https:\/\/www.article-marketing.eu\/comunicati\/viaggi-e-vacanze\/viaggi-e-turismo\/siena-citt%e0-rinomata-per-il-palio\/"},"author":{"name":"Redazione Comunicati Stampa","@id":"https:\/\/www.article-marketing.eu\/comunicati\/#\/schema\/person\/44372e4d4d0fa797b18e03ed1ace9017"},"headline":"Siena, citt\u00e0 rinomata per il Palio","datePublished":"2009-10-06T17:30:55+00:00","dateModified":"2018-07-10T02:48:01+00:00","mainEntityOfPage":{"@id":"https:\/\/www.article-marketing.eu\/comunicati\/viaggi-e-vacanze\/viaggi-e-turismo\/siena-citt%e0-rinomata-per-il-palio\/"},"wordCount":513,"commentCount":0,"keywords":["B&amp;B a Siena","bed and breakfast a Siena","cosa vedere a Siena","dormire a Siena","informazioni turistiche a Siena","turismo a Siena"],"articleSection":["Viaggi e Turismo"],"inLanguage":"it-IT","potentialAction":[{"@type":"CommentAction","name":"Comment","target":["https:\/\/www.article-marketing.eu\/comunicati\/viaggi-e-vacanze\/viaggi-e-turismo\/siena-citt%e0-rinomata-per-il-palio\/#respond"]}]},{"@type":"WebPage","@id":"https:\/\/www.article-marketing.eu\/comunicati\/viaggi-e-vacanze\/viaggi-e-turismo\/siena-citt%e0-rinomata-per-il-palio\/","url":"https:\/\/www.article-marketing.eu\/comunicati\/viaggi-e-vacanze\/viaggi-e-turismo\/siena-citt%e0-rinomata-per-il-palio\/","name":"Siena, citt\u00e0 rinomata per il Palio - Article Marketing","isPartOf":{"@id":"https:\/\/www.article-marketing.eu\/comunicati\/#website"},"datePublished":"2009-10-06T17:30:55+00:00","dateModified":"2018-07-10T02:48:01+00:00","author":{"@id":"https:\/\/www.article-marketing.eu\/comunicati\/#\/schema\/person\/44372e4d4d0fa797b18e03ed1ace9017"},"breadcrumb":{"@id":"https:\/\/www.article-marketing.eu\/comunicati\/viaggi-e-vacanze\/viaggi-e-turismo\/siena-citt%e0-rinomata-per-il-palio\/#breadcrumb"},"inLanguage":"it-IT","potentialAction":[{"@type":"ReadAction","target":["https:\/\/www.article-marketing.eu\/comunicati\/viaggi-e-vacanze\/viaggi-e-turismo\/siena-citt%e0-rinomata-per-il-palio\/"]}]},{"@type":"BreadcrumbList","@id":"https:\/\/www.article-marketing.eu\/comunicati\/viaggi-e-vacanze\/viaggi-e-turismo\/siena-citt%e0-rinomata-per-il-palio\/#breadcrumb","itemListElement":[{"@type":"ListItem","position":1,"name":"Home","item":"https:\/\/www.article-marketing.eu\/comunicati\/"},{"@type":"ListItem","position":2,"name":"Siena, citt\u00e0 rinomata per il Palio"}]},{"@type":"WebSite","@id":"https:\/\/www.article-marketing.eu\/comunicati\/#website","url":"https:\/\/www.article-marketing.eu\/comunicati\/","name":"Article Marketing","description":"article marketing &amp; press release","potentialAction":[{"@type":"SearchAction","target":{"@type":"EntryPoint","urlTemplate":"https:\/\/www.article-marketing.eu\/comunicati\/?s={search_term_string}"},"query-input":{"@type":"PropertyValueSpecification","valueRequired":true,"valueName":"search_term_string"}}],"inLanguage":"it-IT"},{"@type":"Person","@id":"https:\/\/www.article-marketing.eu\/comunicati\/#\/schema\/person\/44372e4d4d0fa797b18e03ed1ace9017","name":"Redazione Comunicati Stampa","image":{"@type":"ImageObject","inLanguage":"it-IT","@id":"https:\/\/www.article-marketing.eu\/comunicati\/#\/schema\/person\/image\/","url":"https:\/\/secure.gravatar.com\/avatar\/50e5c6421d3072f42e7ace803501602c60d75233d34e29fd05feb91c8760b792?s=96&d=mm&r=g","contentUrl":"https:\/\/secure.gravatar.com\/avatar\/50e5c6421d3072f42e7ace803501602c60d75233d34e29fd05feb91c8760b792?s=96&d=mm&r=g","caption":"Redazione Comunicati Stampa"},"url":"https:\/\/www.article-marketing.eu\/comunicati\/author\/redazione-comunicati-stampa\/"}]}},"_links":{"self":[{"href":"https:\/\/www.article-marketing.eu\/comunicati\/wp-json\/wp\/v2\/posts\/27632","targetHints":{"allow":["GET"]}}],"collection":[{"href":"https:\/\/www.article-marketing.eu\/comunicati\/wp-json\/wp\/v2\/posts"}],"about":[{"href":"https:\/\/www.article-marketing.eu\/comunicati\/wp-json\/wp\/v2\/types\/post"}],"author":[{"embeddable":true,"href":"https:\/\/www.article-marketing.eu\/comunicati\/wp-json\/wp\/v2\/users\/10"}],"replies":[{"embeddable":true,"href":"https:\/\/www.article-marketing.eu\/comunicati\/wp-json\/wp\/v2\/comments?post=27632"}],"version-history":[{"count":1,"href":"https:\/\/www.article-marketing.eu\/comunicati\/wp-json\/wp\/v2\/posts\/27632\/revisions"}],"predecessor-version":[{"id":59872,"href":"https:\/\/www.article-marketing.eu\/comunicati\/wp-json\/wp\/v2\/posts\/27632\/revisions\/59872"}],"wp:attachment":[{"href":"https:\/\/www.article-marketing.eu\/comunicati\/wp-json\/wp\/v2\/media?parent=27632"}],"wp:term":[{"taxonomy":"category","embeddable":true,"href":"https:\/\/www.article-marketing.eu\/comunicati\/wp-json\/wp\/v2\/categories?post=27632"},{"taxonomy":"post_tag","embeddable":true,"href":"https:\/\/www.article-marketing.eu\/comunicati\/wp-json\/wp\/v2\/tags?post=27632"}],"curies":[{"name":"wp","href":"https:\/\/api.w.org\/{rel}","templated":true}]}}