{"id":2768,"date":"2009-09-16T22:45:48","date_gmt":"2009-09-16T20:45:48","guid":{"rendered":"http:\/\/www.article-marketing.eu\/comunicati\/senza-categoria\/noleggio-e-riparazione-cicli-cedesi-attivit%e0-noleggio-cicli-e-riscio\/"},"modified":"2018-06-04T20:27:50","modified_gmt":"2018-06-04T18:27:50","slug":"noleggio-e-riparazione-cicli-cedesi-attivit%e0-noleggio-cicli-e-riscio","status":"publish","type":"post","link":"https:\/\/www.article-marketing.eu\/comunicati\/economia-e-lavoro\/attivita-commerciali\/noleggio-e-riparazione-cicli-cedesi-attivit%e0-noleggio-cicli-e-riscio\/","title":{"rendered":"noleggio e riparazione cicli, cedesi attivit\u00e0 noleggio cicli e risci\u00f2"},"content":{"rendered":"<p>A Lignano Sabbiadoro Localit\u00e0 Pineta, in Corso Degli Alisei, cedesi avviatissima attivit\u00e0 di Noleggio e riparazione cicli.<\/p>\n<p>&nbsp;&nbsp;http:\/\/www.forumdomande.com\/Noleggio-cicli.html<\/p>\n<p>Il noleggio \u00e8 attualmente denominato Snoopy by Alasha. La prima apertura dell&#8217;attivit\u00e0 risale a molti anni fa, il primo noleggio cicli ad aver aperto i battenti a Lignano. Successivamente \u00e8 stato acquistato da una nuova gestione dopo molto tempo, con una clientela fissa gi\u00e0 molto ampia e dopo ben vent&#8217;anni \u00e8 stata nuovamente ceduta.<br \/>Il noleggio cicli Snoopy (nome originario) \u00e8 conosciutissimo dai molteplici turisti abituali di Lignano, senza parlare poi dei residenti e dei proprietari, i quali si affidano da anni alla manodopera di alta qualit\u00e0 con la quale si opera da sempre.<br \/>La soddisfazione della clientela \u00e8 sempre stata la priorit\u00e0 di noi noleggiatori, in modo da far sentire a proprio agio il turismo proveniente da tutto il mondo.<br \/>La conoscenza delle lingue estere abbiamo visto non essere cos\u00ec indispensabile come si vuol far credere.. la cosa pi\u00f9 importante di tutte le lingue \u00e8 la comprensione. Esatto, ci si pu\u00f2 far capire anche conoscendo solo 6\/7 parole per ogni lingua (ora, mezzora, aria, noleggio, risci\u00f2, bicicletta, city bike, mountanbike, bici da donna, buco, camera d&#8217;aria, ecc), quei pochi vocaboli necessari per la comprensione delle esigenze della clientela.<br \/>Il noleggio \u00e8 uno dei traguardi pi\u00f9 grandi che una persona appassionata di biciclette possa raggiungere perch\u00e8 il lavoro non manca MAI e ci si pu\u00f2 dilettare in ogni tipo di problema si possa presentare.<br \/>Oltre alle biciclette (di vari tipi quali Holanda, City Bike, Bici da uomo, Mountain Bike, Graziella, Bici da bimbo, ecc) sono presenti anche due Tandem e un Tridem.<br \/>Non potevano mancare gli otto Risci\u00f2 rossi con tendine coloratissime cucite a mano di cui tre a 4 posti e cinque a 2 posti. I risci\u00f2 sono tenuti in ottimo stato e ogni componente che con il tempo possa presentare segni d&#8217;usura \u00e8 stato regolarmente sostituito.<br \/>L&#8217;attivit\u00e0 di noleggio \u00e8 stata da noi intrapresa come attivit\u00e0 familiare ma ora abbiamo deciso di cederla, in quanto la nostra passione non \u00e8 tale da riuscire a farne il lavoro della nostra vita. E&#8217; un peccato perch\u00e8 il noleggio presenta enormi possibilit\u00e0, anche alla fine della stagione estiva 2009, data la crisi economica, si \u00e8 visto che i clienti e il lavoro non sono mancati nemmeno un p\u00f2.<br \/>Opposta \u00e8 stata la situazione dei precedenti gestori, i quali hanno fatto del noleggio il lavoro della loro vita, tanto da aprire un&#8217;attivit\u00e0 di vendita e riparazione cicli nella loro citt\u00e0 di residenza e di ampliare le due cose fino al raggiungimento della loro pensione \ud83d\ude09<br \/>Se la tua passione \u00e8 orientata verso i cicli, non esitare a contattarci per avere degli approfondimenti, per farci delle domande, per conoscerci.<br \/>Noi saremo lietissimi di fare la tua conoscenza e di condividere con te la nostra esperienza di vari anni lavorativi nel settore.<br \/>Passando a discorsi pi\u00f9 tecnici, l&#8217;attivit\u00e0 di noleggio cicli \u00e8 situata in un locale in affitto, compreso di monolocale nel retro (stanza con cucinino e arredamento, compreso di bagno) e di due garage, sempre in affitto, situati nel condominio retrostante. Si possono ampliare le prospettive di guadagno effettuando anche la vendita dei cicli (molto richiesta, soprattutto dell&#8217;usato) e la gestione dei tre cicli da circo in possesso.<\/p>\n<p>Le altre forme d&#8217;investimento che si possono fare sono molte, e in una localit\u00e0 come Lignano, per un noleggio cicli non ci sono limiti se provvisti di fantasia e vivacit\u00e0.<\/p>\n<p>&nbsp;<\/p>\n","protected":false},"excerpt":{"rendered":"<p>A Lignano Sabbiadoro Localit\u00e0 Pineta, in Corso Degli Alisei, cedesi avviatissima attivit\u00e0 di Noleggio e riparazione cicli.<\/p>\n<p>Il noleggio \u00e8 attualmente denominato Snoopy by Alasha. La prima apertura dell&#8217;attivit\u00e0 risale a molti anni fa, il primo noleggio cicli ad aver aperto i battenti a Lignano. Successivamente \u00e8 stato acquistato da una nuova gestione dopo molto tempo, con una clientela fissa gi\u00e0 molto ampia e dopo ben vent&#8217;anni \u00e8 stata nuovamente ceduta.<\/p>\n","protected":false},"author":10,"featured_media":0,"comment_status":"open","ping_status":"open","sticky":false,"template":"","format":"standard","meta":{"cybocfi_hide_featured_image":"","footnotes":""},"categories":[413],"tags":[8984,712,8983],"class_list":["post-2768","post","type-post","status-publish","format-standard","hentry","category-attivita-commerciali","tag-cicli","tag-noleggio","tag-noleggio-cicli"],"yoast_head":"<!-- This site is optimized with the Yoast SEO plugin v27.0 - https:\/\/yoast.com\/product\/yoast-seo-wordpress\/ -->\n<title>noleggio e riparazione cicli, cedesi attivit\u00e0 noleggio cicli e risci\u00f2 - Article Marketing<\/title>\n<meta name=\"robots\" content=\"index, follow, max-snippet:-1, max-image-preview:large, max-video-preview:-1\" \/>\n<link rel=\"canonical\" href=\"https:\/\/www.article-marketing.eu\/comunicati\/economia-e-lavoro\/attivita-commerciali\/noleggio-e-riparazione-cicli-cedesi-attivit?-noleggio-cicli-e-riscio\/\" \/>\n<meta property=\"og:locale\" content=\"it_IT\" \/>\n<meta property=\"og:type\" content=\"article\" \/>\n<meta property=\"og:title\" content=\"noleggio e riparazione cicli, cedesi attivit\u00e0 noleggio cicli e risci\u00f2 - Article Marketing\" \/>\n<meta property=\"og:description\" content=\"A Lignano Sabbiadoro Localit\u00e0 Pineta, in Corso Degli Alisei, cedesi avviatissima attivit\u00e0 di Noleggio e riparazione cicli. Il noleggio \u00e8 attualmente denominato Snoopy by Alasha. La prima apertura dell&#039;attivit\u00e0 risale a molti anni fa, il primo noleggio cicli ad aver aperto i battenti a Lignano. Successivamente \u00e8 stato acquistato da una nuova gestione dopo molto tempo, con una clientela fissa gi\u00e0 molto ampia e dopo ben vent&#039;anni \u00e8 stata nuovamente ceduta.\" \/>\n<meta property=\"og:url\" content=\"\" \/>\n<meta property=\"og:site_name\" content=\"Article Marketing\" \/>\n<meta property=\"article:published_time\" content=\"2009-09-16T20:45:48+00:00\" \/>\n<meta property=\"article:modified_time\" content=\"2018-06-04T18:27:50+00:00\" \/>\n<meta name=\"author\" content=\"Redazione Comunicati Stampa\" \/>\n<meta name=\"twitter:card\" content=\"summary_large_image\" \/>\n<meta name=\"twitter:label1\" content=\"Scritto da\" \/>\n\t<meta name=\"twitter:data1\" content=\"Redazione Comunicati Stampa\" \/>\n\t<meta name=\"twitter:label2\" content=\"Tempo di lettura stimato\" \/>\n\t<meta name=\"twitter:data2\" content=\"3 minuti\" \/>\n<script type=\"application\/ld+json\" class=\"yoast-schema-graph\">{\"@context\":\"https:\/\/schema.org\",\"@graph\":[{\"@type\":\"Article\",\"@id\":\"https:\/\/www.article-marketing.eu\/comunicati\/economia-e-lavoro\/attivita-commerciali\/noleggio-e-riparazione-cicli-cedesi-attivit%e0-noleggio-cicli-e-riscio\/#article\",\"isPartOf\":{\"@id\":\"https:\/\/www.article-marketing.eu\/comunicati\/economia-e-lavoro\/attivita-commerciali\/noleggio-e-riparazione-cicli-cedesi-attivit%e0-noleggio-cicli-e-riscio\/\"},\"author\":{\"name\":\"Redazione Comunicati Stampa\",\"@id\":\"https:\/\/www.article-marketing.eu\/comunicati\/#\/schema\/person\/44372e4d4d0fa797b18e03ed1ace9017\"},\"headline\":\"noleggio e riparazione cicli, cedesi attivit\u00e0 noleggio cicli e risci\u00f2\",\"datePublished\":\"2009-09-16T20:45:48+00:00\",\"dateModified\":\"2018-06-04T18:27:50+00:00\",\"mainEntityOfPage\":{\"@id\":\"https:\/\/www.article-marketing.eu\/comunicati\/economia-e-lavoro\/attivita-commerciali\/noleggio-e-riparazione-cicli-cedesi-attivit%e0-noleggio-cicli-e-riscio\/\"},\"wordCount\":572,\"commentCount\":0,\"keywords\":[\"cicli\",\"noleggio\",\"noleggio cicli\"],\"articleSection\":[\"Attivit\u00e0 Commerciali\"],\"inLanguage\":\"it-IT\",\"potentialAction\":[{\"@type\":\"CommentAction\",\"name\":\"Comment\",\"target\":[\"https:\/\/www.article-marketing.eu\/comunicati\/economia-e-lavoro\/attivita-commerciali\/noleggio-e-riparazione-cicli-cedesi-attivit%e0-noleggio-cicli-e-riscio\/#respond\"]}]},{\"@type\":\"WebPage\",\"@id\":\"https:\/\/www.article-marketing.eu\/comunicati\/economia-e-lavoro\/attivita-commerciali\/noleggio-e-riparazione-cicli-cedesi-attivit%e0-noleggio-cicli-e-riscio\/\",\"url\":\"https:\/\/www.article-marketing.eu\/comunicati\/economia-e-lavoro\/attivita-commerciali\/noleggio-e-riparazione-cicli-cedesi-attivit%e0-noleggio-cicli-e-riscio\/\",\"name\":\"noleggio e riparazione cicli, cedesi attivit\u00e0 noleggio cicli e risci\u00f2 - Article Marketing\",\"isPartOf\":{\"@id\":\"https:\/\/www.article-marketing.eu\/comunicati\/#website\"},\"datePublished\":\"2009-09-16T20:45:48+00:00\",\"dateModified\":\"2018-06-04T18:27:50+00:00\",\"author\":{\"@id\":\"https:\/\/www.article-marketing.eu\/comunicati\/#\/schema\/person\/44372e4d4d0fa797b18e03ed1ace9017\"},\"breadcrumb\":{\"@id\":\"https:\/\/www.article-marketing.eu\/comunicati\/economia-e-lavoro\/attivita-commerciali\/noleggio-e-riparazione-cicli-cedesi-attivit%e0-noleggio-cicli-e-riscio\/#breadcrumb\"},\"inLanguage\":\"it-IT\",\"potentialAction\":[{\"@type\":\"ReadAction\",\"target\":[\"https:\/\/www.article-marketing.eu\/comunicati\/economia-e-lavoro\/attivita-commerciali\/noleggio-e-riparazione-cicli-cedesi-attivit%e0-noleggio-cicli-e-riscio\/\"]}]},{\"@type\":\"BreadcrumbList\",\"@id\":\"https:\/\/www.article-marketing.eu\/comunicati\/economia-e-lavoro\/attivita-commerciali\/noleggio-e-riparazione-cicli-cedesi-attivit%e0-noleggio-cicli-e-riscio\/#breadcrumb\",\"itemListElement\":[{\"@type\":\"ListItem\",\"position\":1,\"name\":\"Home\",\"item\":\"https:\/\/www.article-marketing.eu\/comunicati\/\"},{\"@type\":\"ListItem\",\"position\":2,\"name\":\"noleggio e riparazione cicli, cedesi attivit\u00e0 noleggio cicli e risci\u00f2\"}]},{\"@type\":\"WebSite\",\"@id\":\"https:\/\/www.article-marketing.eu\/comunicati\/#website\",\"url\":\"https:\/\/www.article-marketing.eu\/comunicati\/\",\"name\":\"Article Marketing\",\"description\":\"article marketing &amp; press release\",\"potentialAction\":[{\"@type\":\"SearchAction\",\"target\":{\"@type\":\"EntryPoint\",\"urlTemplate\":\"https:\/\/www.article-marketing.eu\/comunicati\/?s={search_term_string}\"},\"query-input\":{\"@type\":\"PropertyValueSpecification\",\"valueRequired\":true,\"valueName\":\"search_term_string\"}}],\"inLanguage\":\"it-IT\"},{\"@type\":\"Person\",\"@id\":\"https:\/\/www.article-marketing.eu\/comunicati\/#\/schema\/person\/44372e4d4d0fa797b18e03ed1ace9017\",\"name\":\"Redazione Comunicati Stampa\",\"image\":{\"@type\":\"ImageObject\",\"inLanguage\":\"it-IT\",\"@id\":\"https:\/\/www.article-marketing.eu\/comunicati\/#\/schema\/person\/image\/\",\"url\":\"https:\/\/secure.gravatar.com\/avatar\/50e5c6421d3072f42e7ace803501602c60d75233d34e29fd05feb91c8760b792?s=96&d=mm&r=g\",\"contentUrl\":\"https:\/\/secure.gravatar.com\/avatar\/50e5c6421d3072f42e7ace803501602c60d75233d34e29fd05feb91c8760b792?s=96&d=mm&r=g\",\"caption\":\"Redazione Comunicati Stampa\"},\"url\":\"https:\/\/www.article-marketing.eu\/comunicati\/author\/redazione-comunicati-stampa\/\"}]}<\/script>\n<!-- \/ Yoast SEO plugin. -->","yoast_head_json":{"title":"noleggio e riparazione cicli, cedesi attivit\u00e0 noleggio cicli e risci\u00f2 - Article Marketing","robots":{"index":"index","follow":"follow","max-snippet":"max-snippet:-1","max-image-preview":"max-image-preview:large","max-video-preview":"max-video-preview:-1"},"canonical":"https:\/\/www.article-marketing.eu\/comunicati\/economia-e-lavoro\/attivita-commerciali\/noleggio-e-riparazione-cicli-cedesi-attivit?-noleggio-cicli-e-riscio\/","og_locale":"it_IT","og_type":"article","og_title":"noleggio e riparazione cicli, cedesi attivit\u00e0 noleggio cicli e risci\u00f2 - Article Marketing","og_description":"A Lignano Sabbiadoro Localit\u00e0 Pineta, in Corso Degli Alisei, cedesi avviatissima attivit\u00e0 di Noleggio e riparazione cicli. Il noleggio \u00e8 attualmente denominato Snoopy by Alasha. La prima apertura dell'attivit\u00e0 risale a molti anni fa, il primo noleggio cicli ad aver aperto i battenti a Lignano. Successivamente \u00e8 stato acquistato da una nuova gestione dopo molto tempo, con una clientela fissa gi\u00e0 molto ampia e dopo ben vent'anni \u00e8 stata nuovamente ceduta.","og_url":"https:\/\/www.article-marketing.eu\/comunicati\/economia-e-lavoro\/attivita-commerciali\/noleggio-e-riparazione-cicli-cedesi-attivit?-noleggio-cicli-e-riscio\/","og_site_name":"Article Marketing","article_published_time":"2009-09-16T20:45:48+00:00","article_modified_time":"2018-06-04T18:27:50+00:00","author":"Redazione Comunicati Stampa","twitter_card":"summary_large_image","twitter_misc":{"Scritto da":"Redazione Comunicati Stampa","Tempo di lettura stimato":"3 minuti"},"schema":{"@context":"https:\/\/schema.org","@graph":[{"@type":"Article","@id":"https:\/\/www.article-marketing.eu\/comunicati\/economia-e-lavoro\/attivita-commerciali\/noleggio-e-riparazione-cicli-cedesi-attivit%e0-noleggio-cicli-e-riscio\/#article","isPartOf":{"@id":"https:\/\/www.article-marketing.eu\/comunicati\/economia-e-lavoro\/attivita-commerciali\/noleggio-e-riparazione-cicli-cedesi-attivit%e0-noleggio-cicli-e-riscio\/"},"author":{"name":"Redazione Comunicati Stampa","@id":"https:\/\/www.article-marketing.eu\/comunicati\/#\/schema\/person\/44372e4d4d0fa797b18e03ed1ace9017"},"headline":"noleggio e riparazione cicli, cedesi attivit\u00e0 noleggio cicli e risci\u00f2","datePublished":"2009-09-16T20:45:48+00:00","dateModified":"2018-06-04T18:27:50+00:00","mainEntityOfPage":{"@id":"https:\/\/www.article-marketing.eu\/comunicati\/economia-e-lavoro\/attivita-commerciali\/noleggio-e-riparazione-cicli-cedesi-attivit%e0-noleggio-cicli-e-riscio\/"},"wordCount":572,"commentCount":0,"keywords":["cicli","noleggio","noleggio cicli"],"articleSection":["Attivit\u00e0 Commerciali"],"inLanguage":"it-IT","potentialAction":[{"@type":"CommentAction","name":"Comment","target":["https:\/\/www.article-marketing.eu\/comunicati\/economia-e-lavoro\/attivita-commerciali\/noleggio-e-riparazione-cicli-cedesi-attivit%e0-noleggio-cicli-e-riscio\/#respond"]}]},{"@type":"WebPage","@id":"https:\/\/www.article-marketing.eu\/comunicati\/economia-e-lavoro\/attivita-commerciali\/noleggio-e-riparazione-cicli-cedesi-attivit%e0-noleggio-cicli-e-riscio\/","url":"https:\/\/www.article-marketing.eu\/comunicati\/economia-e-lavoro\/attivita-commerciali\/noleggio-e-riparazione-cicli-cedesi-attivit%e0-noleggio-cicli-e-riscio\/","name":"noleggio e riparazione cicli, cedesi attivit\u00e0 noleggio cicli e risci\u00f2 - Article Marketing","isPartOf":{"@id":"https:\/\/www.article-marketing.eu\/comunicati\/#website"},"datePublished":"2009-09-16T20:45:48+00:00","dateModified":"2018-06-04T18:27:50+00:00","author":{"@id":"https:\/\/www.article-marketing.eu\/comunicati\/#\/schema\/person\/44372e4d4d0fa797b18e03ed1ace9017"},"breadcrumb":{"@id":"https:\/\/www.article-marketing.eu\/comunicati\/economia-e-lavoro\/attivita-commerciali\/noleggio-e-riparazione-cicli-cedesi-attivit%e0-noleggio-cicli-e-riscio\/#breadcrumb"},"inLanguage":"it-IT","potentialAction":[{"@type":"ReadAction","target":["https:\/\/www.article-marketing.eu\/comunicati\/economia-e-lavoro\/attivita-commerciali\/noleggio-e-riparazione-cicli-cedesi-attivit%e0-noleggio-cicli-e-riscio\/"]}]},{"@type":"BreadcrumbList","@id":"https:\/\/www.article-marketing.eu\/comunicati\/economia-e-lavoro\/attivita-commerciali\/noleggio-e-riparazione-cicli-cedesi-attivit%e0-noleggio-cicli-e-riscio\/#breadcrumb","itemListElement":[{"@type":"ListItem","position":1,"name":"Home","item":"https:\/\/www.article-marketing.eu\/comunicati\/"},{"@type":"ListItem","position":2,"name":"noleggio e riparazione cicli, cedesi attivit\u00e0 noleggio cicli e risci\u00f2"}]},{"@type":"WebSite","@id":"https:\/\/www.article-marketing.eu\/comunicati\/#website","url":"https:\/\/www.article-marketing.eu\/comunicati\/","name":"Article Marketing","description":"article marketing &amp; press release","potentialAction":[{"@type":"SearchAction","target":{"@type":"EntryPoint","urlTemplate":"https:\/\/www.article-marketing.eu\/comunicati\/?s={search_term_string}"},"query-input":{"@type":"PropertyValueSpecification","valueRequired":true,"valueName":"search_term_string"}}],"inLanguage":"it-IT"},{"@type":"Person","@id":"https:\/\/www.article-marketing.eu\/comunicati\/#\/schema\/person\/44372e4d4d0fa797b18e03ed1ace9017","name":"Redazione Comunicati Stampa","image":{"@type":"ImageObject","inLanguage":"it-IT","@id":"https:\/\/www.article-marketing.eu\/comunicati\/#\/schema\/person\/image\/","url":"https:\/\/secure.gravatar.com\/avatar\/50e5c6421d3072f42e7ace803501602c60d75233d34e29fd05feb91c8760b792?s=96&d=mm&r=g","contentUrl":"https:\/\/secure.gravatar.com\/avatar\/50e5c6421d3072f42e7ace803501602c60d75233d34e29fd05feb91c8760b792?s=96&d=mm&r=g","caption":"Redazione Comunicati Stampa"},"url":"https:\/\/www.article-marketing.eu\/comunicati\/author\/redazione-comunicati-stampa\/"}]}},"_links":{"self":[{"href":"https:\/\/www.article-marketing.eu\/comunicati\/wp-json\/wp\/v2\/posts\/2768","targetHints":{"allow":["GET"]}}],"collection":[{"href":"https:\/\/www.article-marketing.eu\/comunicati\/wp-json\/wp\/v2\/posts"}],"about":[{"href":"https:\/\/www.article-marketing.eu\/comunicati\/wp-json\/wp\/v2\/types\/post"}],"author":[{"embeddable":true,"href":"https:\/\/www.article-marketing.eu\/comunicati\/wp-json\/wp\/v2\/users\/10"}],"replies":[{"embeddable":true,"href":"https:\/\/www.article-marketing.eu\/comunicati\/wp-json\/wp\/v2\/comments?post=2768"}],"version-history":[{"count":1,"href":"https:\/\/www.article-marketing.eu\/comunicati\/wp-json\/wp\/v2\/posts\/2768\/revisions"}],"predecessor-version":[{"id":55771,"href":"https:\/\/www.article-marketing.eu\/comunicati\/wp-json\/wp\/v2\/posts\/2768\/revisions\/55771"}],"wp:attachment":[{"href":"https:\/\/www.article-marketing.eu\/comunicati\/wp-json\/wp\/v2\/media?parent=2768"}],"wp:term":[{"taxonomy":"category","embeddable":true,"href":"https:\/\/www.article-marketing.eu\/comunicati\/wp-json\/wp\/v2\/categories?post=2768"},{"taxonomy":"post_tag","embeddable":true,"href":"https:\/\/www.article-marketing.eu\/comunicati\/wp-json\/wp\/v2\/tags?post=2768"}],"curies":[{"name":"wp","href":"https:\/\/api.w.org\/{rel}","templated":true}]}}