{"id":2774,"date":"2009-09-17T12:37:44","date_gmt":"2009-09-17T10:37:44","guid":{"rendered":"http:\/\/www.article-marketing.eu\/comunicati\/senza-categoria\/ss-and-c-marketing-e-comunicazione-compie-30-anni-e-li-dimostra-con-la-mente-nel-futuro\/"},"modified":"2009-09-17T12:37:44","modified_gmt":"2009-09-17T10:37:44","slug":"ss-and-c-marketing-e-comunicazione-compie-30-anni-e-li-dimostra-con-la-mente-nel-futuro","status":"publish","type":"post","link":"https:\/\/www.article-marketing.eu\/comunicati\/economia-e-lavoro\/attivita-commerciali\/ss-and-c-marketing-e-comunicazione-compie-30-anni-e-li-dimostra-con-la-mente-nel-futuro\/","title":{"rendered":"SS&#038;C \u2013 marketing e comunicazione compie 30 anni e li dimostra!  Con la mente nel futuro."},"content":{"rendered":"<p class=\"MsoNormal\" style=\"margin-right: -0.05pt;\"><strong>SS&amp;C<\/strong> l\u2019evoluzione<br \/>\ndel mercato l\u2019ha vissuta proprio tutta e, dal suo angolo di visuale (il<br \/>\nmarketing e la comunicazione d\u2019impresa), trent\u2019anni di lavoro sono stati un<br \/>\nlungo viaggio per approdare sulle spiagge delle campagne multilevel, della<br \/>\nvisione olistica della comunicazione e del social networking.<\/p>\n<p class=\"MsoNormal\" style=\"margin-right: -0.05pt;\">I numeri del comparto \u201cnew media and social media\u201d fanno<br \/>\npaura (10.360.000 sono gli iscritti a <strong>Facebook<\/strong>;<br \/>\n<strong>MySpace<\/strong><br \/>\nha 2.7 milioni di utenti in Italia; <strong>Netlog<\/strong> registra nel<br \/>\nnostro Paese oltre 3 milioni di utenti; <strong>Badoo<\/strong><br \/>\nsi posiziona sui 4.500.000 iscritti, con un totale di navigatori in Italia che<br \/>\nsfiora i 27.000.000).<\/p>\n<p class=\"MsoNormal\" style=\"margin-right: -0.05pt;\"><a name=\"OLE_LINK4\"><em>\u201c<\/em><\/a>La velocit\u00e0 di cambiamento degli scenari<br \/>\n\u00e8 il segno che contraddistingue il nostro tempo \u2013 precisa <strong>Giampiero Soru<\/strong>, <em>Presidente di<br \/>\n<strong>SS&amp;C Marketing e Comunicazione<\/strong><\/em>.<br \/>\nSi usa pensare che un anno, in questo periodo di trasformazione, ne valga<br \/>\nsette. Superando la boa che la divide dal III millennio, le Aziende si sono<br \/>\ntrovate davanti a cambiamenti epocali che le stanno mettendo a dura prova, ma<br \/>\nche nello stesso momento creano le condizioni adatte, l\u2019humus favorevole<br \/>\naffinch\u00e9 la creativit\u00e0 e l\u2019innovazione crescano velocemente affermandosi quali<br \/>\nprincipali driver della ripresa.<\/p>\n<p class=\"MsoNormal\" style=\"margin-right: -0.05pt;\">L\u2019azienda \u2013 conclude Soru \u2013 &nbsp;dovr\u00e0 adattarsi alle nuove realt\u00e0<br \/>\ntecnologiche, economiche e sociali, se non vorr\u00e0 scomparire dal mercato. Ecco<br \/>\nla sfida dei nostri giorni: il consumatore \u00e8 definitivamente al centro<br \/>\ndell\u2019azienda e diventa proattivo.\u201c<\/p>\n<p class=\"MsoNormal\" style=\"margin-right: -0.05pt;\">&nbsp;<\/p>\n<p class=\"MsoBodyText2\" style=\"margin-right: -0.05pt;\">Giampiero<br \/>\nSoru per celebrare il trentennale dell\u2019Agenzia ha messo a punto una serie di<br \/>\nazioni tangibili e intese al cambiamento: a partire da un corporate blog<br \/>\npassando attraverso il sito madre con programma di aggiornamento dinamico per<br \/>\ngiungere a una Fan Page dedicata su Facebook. Gi\u00e0 on air da tempo, invece, il<br \/>\ndoppio video sulla Provincia di Varese.<\/p>\n<p class=\"MsoNormal\" style=\"margin-right: -0.05pt;\">&nbsp;<\/p>\n<p class=\"MsoNormal\" style=\"margin-right: -0.05pt;\">A brevissimo, in calendario, anche un evento: entro la fine<br \/>\ndi novembre verr\u00e0 organizzato un workshop all\u2019insegna della creativit\u00e0 e dell\u2019innovazione.<br \/>\nVi prenderanno parte \u201cguru\u201d della multimedialit\u00e0 e<br \/>\nimprenditori che illustreranno il loro approccio all\u2019innovazione, unitamente ad<br \/>\nuna sperimentazione in diretta delle piattaforme pi\u00f9 usate del Digital World.<\/p>\n<p class=\"MsoNormal\" style=\"margin-right: -0.05pt;\">&nbsp;<\/p>\n<p class=\"MsoNormal\" style=\"margin-right: -0.05pt;\">Sito: www.ssec.it<\/p>\n<p class=\"MsoNormal\" style=\"margin-right: -0.05pt;\">Corporate blog: www.ssec-varese.blogspot.com <\/p>\n<p class=\"MsoNormal\" style=\"margin-right: -0.05pt;\">Fan Page in Facebook: www.facebook.com\/pages\/SSC-TRENTANNI-DI-FUTURO\/124776647755\n<\/p>\n<p class=\"MsoNormal\" style=\"margin-right: -0.05pt;\">Video: www.youtube.com\/user\/ssecvarese<\/p>\n<p class=\"MsoNormal\" style=\"margin-right: -0.05pt;\">&nbsp;<\/p>\n<p class=\"MsoNormal\" style=\"margin-right: -0.05pt;\">&nbsp;<\/p>\n","protected":false},"excerpt":{"rendered":"<p>Trent\u2019anni e volerli dimostrare proprio tutti: forte della sua esperienza nella creativit\u00e0 e nell\u2019innovazione, SS&#038;C organizza, per manager e imprenditori, una serie di iniziative \u201call over the year\u201d per comprendere e sfruttare al meglio la creativit\u00e0 off\/online e i \u201cnew media\u201d.<\/p>\n","protected":false},"author":10,"featured_media":0,"comment_status":"open","ping_status":"open","sticky":false,"template":"","format":"standard","meta":{"cybocfi_hide_featured_image":"","footnotes":""},"categories":[413],"tags":[3104,1019,9013,1042,9016,9018,1341,568,9014,9017,785,1032,104,9010,9011,9019,9015,9012,883,1780],"class_list":["post-2774","post","type-post","status-publish","format-standard","hentry","category-attivita-commerciali","tag-adv","tag-advertising","tag-agenzia-di-marketing-e-comunicazione","tag-business","tag-come-coltivare-la-vostra-immagine","tag-communication","tag-creativita","tag-direct-marketing","tag-giampiero-soru","tag-media","tag-promozione","tag-pubbliche-relazioni","tag-pubblicita","tag-ssc","tag-ssec","tag-trentanni","tag-trentanni-di-futuro","tag-varese","tag-web-2-0","tag-web-agency"],"yoast_head":"<!-- This site is optimized with the Yoast SEO plugin v27.0 - https:\/\/yoast.com\/product\/yoast-seo-wordpress\/ -->\n<title>SS&amp;C \u2013 marketing e comunicazione compie 30 anni e li dimostra! Con la mente nel futuro. - Article Marketing<\/title>\n<meta name=\"robots\" content=\"index, follow, max-snippet:-1, max-image-preview:large, max-video-preview:-1\" \/>\n<link rel=\"canonical\" href=\"https:\/\/www.article-marketing.eu\/comunicati\/economia-e-lavoro\/attivita-commerciali\/ss-and-c-marketing-e-comunicazione-compie-30-anni-e-li-dimostra-con-la-mente-nel-futuro\/\" \/>\n<meta property=\"og:locale\" content=\"it_IT\" \/>\n<meta property=\"og:type\" content=\"article\" \/>\n<meta property=\"og:title\" content=\"SS&amp;C \u2013 marketing e comunicazione compie 30 anni e li dimostra! Con la mente nel futuro. - Article Marketing\" \/>\n<meta property=\"og:description\" content=\"Trent\u2019anni e volerli dimostrare proprio tutti: forte della sua esperienza nella creativit\u00e0 e nell\u2019innovazione, SS&amp;C organizza, per manager e imprenditori, una serie di iniziative \u201call over the year\u201d per comprendere e sfruttare al meglio la creativit\u00e0 off\/online e i \u201cnew media\u201d.\" \/>\n<meta property=\"og:url\" content=\"https:\/\/www.article-marketing.eu\/comunicati\/economia-e-lavoro\/attivita-commerciali\/ss-and-c-marketing-e-comunicazione-compie-30-anni-e-li-dimostra-con-la-mente-nel-futuro\/\" \/>\n<meta property=\"og:site_name\" content=\"Article Marketing\" \/>\n<meta property=\"article:published_time\" content=\"2009-09-17T10:37:44+00:00\" \/>\n<meta name=\"author\" content=\"Redazione Comunicati Stampa\" \/>\n<meta name=\"twitter:card\" content=\"summary_large_image\" \/>\n<meta name=\"twitter:label1\" content=\"Scritto da\" \/>\n\t<meta name=\"twitter:data1\" content=\"Redazione Comunicati Stampa\" \/>\n\t<meta name=\"twitter:label2\" content=\"Tempo di lettura stimato\" \/>\n\t<meta name=\"twitter:data2\" content=\"2 minuti\" \/>\n<script type=\"application\/ld+json\" class=\"yoast-schema-graph\">{\"@context\":\"https:\/\/schema.org\",\"@graph\":[{\"@type\":\"Article\",\"@id\":\"https:\/\/www.article-marketing.eu\/comunicati\/economia-e-lavoro\/attivita-commerciali\/ss-and-c-marketing-e-comunicazione-compie-30-anni-e-li-dimostra-con-la-mente-nel-futuro\/#article\",\"isPartOf\":{\"@id\":\"https:\/\/www.article-marketing.eu\/comunicati\/economia-e-lavoro\/attivita-commerciali\/ss-and-c-marketing-e-comunicazione-compie-30-anni-e-li-dimostra-con-la-mente-nel-futuro\/\"},\"author\":{\"name\":\"Redazione Comunicati Stampa\",\"@id\":\"https:\/\/www.article-marketing.eu\/comunicati\/#\/schema\/person\/44372e4d4d0fa797b18e03ed1ace9017\"},\"headline\":\"SS&#038;C \u2013 marketing e comunicazione compie 30 anni e li dimostra! Con la mente nel futuro.\",\"datePublished\":\"2009-09-17T10:37:44+00:00\",\"mainEntityOfPage\":{\"@id\":\"https:\/\/www.article-marketing.eu\/comunicati\/economia-e-lavoro\/attivita-commerciali\/ss-and-c-marketing-e-comunicazione-compie-30-anni-e-li-dimostra-con-la-mente-nel-futuro\/\"},\"wordCount\":377,\"commentCount\":0,\"keywords\":[\"adv\",\"advertising\",\"agenzia di marketing e comunicazione\",\"business\",\"come coltivare la vostra immagine\",\"communication\",\"creativit\u00e0\",\"direct marketing\",\"giampiero soru\",\"media\",\"promozione\",\"pubbliche relazioni\",\"pubblicit\u00e0\",\"ss&amp;c\",\"ssec\",\"trentanni\",\"trentanni di futuro\",\"varese\",\"web 2.0\",\"web agency\"],\"articleSection\":[\"Attivit\u00e0 Commerciali\"],\"inLanguage\":\"it-IT\",\"potentialAction\":[{\"@type\":\"CommentAction\",\"name\":\"Comment\",\"target\":[\"https:\/\/www.article-marketing.eu\/comunicati\/economia-e-lavoro\/attivita-commerciali\/ss-and-c-marketing-e-comunicazione-compie-30-anni-e-li-dimostra-con-la-mente-nel-futuro\/#respond\"]}]},{\"@type\":\"WebPage\",\"@id\":\"https:\/\/www.article-marketing.eu\/comunicati\/economia-e-lavoro\/attivita-commerciali\/ss-and-c-marketing-e-comunicazione-compie-30-anni-e-li-dimostra-con-la-mente-nel-futuro\/\",\"url\":\"https:\/\/www.article-marketing.eu\/comunicati\/economia-e-lavoro\/attivita-commerciali\/ss-and-c-marketing-e-comunicazione-compie-30-anni-e-li-dimostra-con-la-mente-nel-futuro\/\",\"name\":\"SS&C \u2013 marketing e comunicazione compie 30 anni e li dimostra! Con la mente nel futuro. - Article Marketing\",\"isPartOf\":{\"@id\":\"https:\/\/www.article-marketing.eu\/comunicati\/#website\"},\"datePublished\":\"2009-09-17T10:37:44+00:00\",\"author\":{\"@id\":\"https:\/\/www.article-marketing.eu\/comunicati\/#\/schema\/person\/44372e4d4d0fa797b18e03ed1ace9017\"},\"breadcrumb\":{\"@id\":\"https:\/\/www.article-marketing.eu\/comunicati\/economia-e-lavoro\/attivita-commerciali\/ss-and-c-marketing-e-comunicazione-compie-30-anni-e-li-dimostra-con-la-mente-nel-futuro\/#breadcrumb\"},\"inLanguage\":\"it-IT\",\"potentialAction\":[{\"@type\":\"ReadAction\",\"target\":[\"https:\/\/www.article-marketing.eu\/comunicati\/economia-e-lavoro\/attivita-commerciali\/ss-and-c-marketing-e-comunicazione-compie-30-anni-e-li-dimostra-con-la-mente-nel-futuro\/\"]}]},{\"@type\":\"BreadcrumbList\",\"@id\":\"https:\/\/www.article-marketing.eu\/comunicati\/economia-e-lavoro\/attivita-commerciali\/ss-and-c-marketing-e-comunicazione-compie-30-anni-e-li-dimostra-con-la-mente-nel-futuro\/#breadcrumb\",\"itemListElement\":[{\"@type\":\"ListItem\",\"position\":1,\"name\":\"Home\",\"item\":\"https:\/\/www.article-marketing.eu\/comunicati\/\"},{\"@type\":\"ListItem\",\"position\":2,\"name\":\"SS&#038;C \u2013 marketing e comunicazione compie 30 anni e li dimostra! Con la mente nel futuro.\"}]},{\"@type\":\"WebSite\",\"@id\":\"https:\/\/www.article-marketing.eu\/comunicati\/#website\",\"url\":\"https:\/\/www.article-marketing.eu\/comunicati\/\",\"name\":\"Article Marketing\",\"description\":\"article marketing &amp; press release\",\"potentialAction\":[{\"@type\":\"SearchAction\",\"target\":{\"@type\":\"EntryPoint\",\"urlTemplate\":\"https:\/\/www.article-marketing.eu\/comunicati\/?s={search_term_string}\"},\"query-input\":{\"@type\":\"PropertyValueSpecification\",\"valueRequired\":true,\"valueName\":\"search_term_string\"}}],\"inLanguage\":\"it-IT\"},{\"@type\":\"Person\",\"@id\":\"https:\/\/www.article-marketing.eu\/comunicati\/#\/schema\/person\/44372e4d4d0fa797b18e03ed1ace9017\",\"name\":\"Redazione Comunicati Stampa\",\"image\":{\"@type\":\"ImageObject\",\"inLanguage\":\"it-IT\",\"@id\":\"https:\/\/www.article-marketing.eu\/comunicati\/#\/schema\/person\/image\/\",\"url\":\"https:\/\/secure.gravatar.com\/avatar\/50e5c6421d3072f42e7ace803501602c60d75233d34e29fd05feb91c8760b792?s=96&d=mm&r=g\",\"contentUrl\":\"https:\/\/secure.gravatar.com\/avatar\/50e5c6421d3072f42e7ace803501602c60d75233d34e29fd05feb91c8760b792?s=96&d=mm&r=g\",\"caption\":\"Redazione Comunicati Stampa\"},\"url\":\"https:\/\/www.article-marketing.eu\/comunicati\/author\/redazione-comunicati-stampa\/\"}]}<\/script>\n<!-- \/ Yoast SEO plugin. -->","yoast_head_json":{"title":"SS&C \u2013 marketing e comunicazione compie 30 anni e li dimostra! Con la mente nel futuro. - Article Marketing","robots":{"index":"index","follow":"follow","max-snippet":"max-snippet:-1","max-image-preview":"max-image-preview:large","max-video-preview":"max-video-preview:-1"},"canonical":"https:\/\/www.article-marketing.eu\/comunicati\/economia-e-lavoro\/attivita-commerciali\/ss-and-c-marketing-e-comunicazione-compie-30-anni-e-li-dimostra-con-la-mente-nel-futuro\/","og_locale":"it_IT","og_type":"article","og_title":"SS&C \u2013 marketing e comunicazione compie 30 anni e li dimostra! Con la mente nel futuro. - Article Marketing","og_description":"Trent\u2019anni e volerli dimostrare proprio tutti: forte della sua esperienza nella creativit\u00e0 e nell\u2019innovazione, SS&C organizza, per manager e imprenditori, una serie di iniziative \u201call over the year\u201d per comprendere e sfruttare al meglio la creativit\u00e0 off\/online e i \u201cnew media\u201d.","og_url":"https:\/\/www.article-marketing.eu\/comunicati\/economia-e-lavoro\/attivita-commerciali\/ss-and-c-marketing-e-comunicazione-compie-30-anni-e-li-dimostra-con-la-mente-nel-futuro\/","og_site_name":"Article Marketing","article_published_time":"2009-09-17T10:37:44+00:00","author":"Redazione Comunicati Stampa","twitter_card":"summary_large_image","twitter_misc":{"Scritto da":"Redazione Comunicati Stampa","Tempo di lettura stimato":"2 minuti"},"schema":{"@context":"https:\/\/schema.org","@graph":[{"@type":"Article","@id":"https:\/\/www.article-marketing.eu\/comunicati\/economia-e-lavoro\/attivita-commerciali\/ss-and-c-marketing-e-comunicazione-compie-30-anni-e-li-dimostra-con-la-mente-nel-futuro\/#article","isPartOf":{"@id":"https:\/\/www.article-marketing.eu\/comunicati\/economia-e-lavoro\/attivita-commerciali\/ss-and-c-marketing-e-comunicazione-compie-30-anni-e-li-dimostra-con-la-mente-nel-futuro\/"},"author":{"name":"Redazione Comunicati Stampa","@id":"https:\/\/www.article-marketing.eu\/comunicati\/#\/schema\/person\/44372e4d4d0fa797b18e03ed1ace9017"},"headline":"SS&#038;C \u2013 marketing e comunicazione compie 30 anni e li dimostra! Con la mente nel futuro.","datePublished":"2009-09-17T10:37:44+00:00","mainEntityOfPage":{"@id":"https:\/\/www.article-marketing.eu\/comunicati\/economia-e-lavoro\/attivita-commerciali\/ss-and-c-marketing-e-comunicazione-compie-30-anni-e-li-dimostra-con-la-mente-nel-futuro\/"},"wordCount":377,"commentCount":0,"keywords":["adv","advertising","agenzia di marketing e comunicazione","business","come coltivare la vostra immagine","communication","creativit\u00e0","direct marketing","giampiero soru","media","promozione","pubbliche relazioni","pubblicit\u00e0","ss&amp;c","ssec","trentanni","trentanni di futuro","varese","web 2.0","web agency"],"articleSection":["Attivit\u00e0 Commerciali"],"inLanguage":"it-IT","potentialAction":[{"@type":"CommentAction","name":"Comment","target":["https:\/\/www.article-marketing.eu\/comunicati\/economia-e-lavoro\/attivita-commerciali\/ss-and-c-marketing-e-comunicazione-compie-30-anni-e-li-dimostra-con-la-mente-nel-futuro\/#respond"]}]},{"@type":"WebPage","@id":"https:\/\/www.article-marketing.eu\/comunicati\/economia-e-lavoro\/attivita-commerciali\/ss-and-c-marketing-e-comunicazione-compie-30-anni-e-li-dimostra-con-la-mente-nel-futuro\/","url":"https:\/\/www.article-marketing.eu\/comunicati\/economia-e-lavoro\/attivita-commerciali\/ss-and-c-marketing-e-comunicazione-compie-30-anni-e-li-dimostra-con-la-mente-nel-futuro\/","name":"SS&C \u2013 marketing e comunicazione compie 30 anni e li dimostra! Con la mente nel futuro. - Article Marketing","isPartOf":{"@id":"https:\/\/www.article-marketing.eu\/comunicati\/#website"},"datePublished":"2009-09-17T10:37:44+00:00","author":{"@id":"https:\/\/www.article-marketing.eu\/comunicati\/#\/schema\/person\/44372e4d4d0fa797b18e03ed1ace9017"},"breadcrumb":{"@id":"https:\/\/www.article-marketing.eu\/comunicati\/economia-e-lavoro\/attivita-commerciali\/ss-and-c-marketing-e-comunicazione-compie-30-anni-e-li-dimostra-con-la-mente-nel-futuro\/#breadcrumb"},"inLanguage":"it-IT","potentialAction":[{"@type":"ReadAction","target":["https:\/\/www.article-marketing.eu\/comunicati\/economia-e-lavoro\/attivita-commerciali\/ss-and-c-marketing-e-comunicazione-compie-30-anni-e-li-dimostra-con-la-mente-nel-futuro\/"]}]},{"@type":"BreadcrumbList","@id":"https:\/\/www.article-marketing.eu\/comunicati\/economia-e-lavoro\/attivita-commerciali\/ss-and-c-marketing-e-comunicazione-compie-30-anni-e-li-dimostra-con-la-mente-nel-futuro\/#breadcrumb","itemListElement":[{"@type":"ListItem","position":1,"name":"Home","item":"https:\/\/www.article-marketing.eu\/comunicati\/"},{"@type":"ListItem","position":2,"name":"SS&#038;C \u2013 marketing e comunicazione compie 30 anni e li dimostra! Con la mente nel futuro."}]},{"@type":"WebSite","@id":"https:\/\/www.article-marketing.eu\/comunicati\/#website","url":"https:\/\/www.article-marketing.eu\/comunicati\/","name":"Article Marketing","description":"article marketing &amp; press release","potentialAction":[{"@type":"SearchAction","target":{"@type":"EntryPoint","urlTemplate":"https:\/\/www.article-marketing.eu\/comunicati\/?s={search_term_string}"},"query-input":{"@type":"PropertyValueSpecification","valueRequired":true,"valueName":"search_term_string"}}],"inLanguage":"it-IT"},{"@type":"Person","@id":"https:\/\/www.article-marketing.eu\/comunicati\/#\/schema\/person\/44372e4d4d0fa797b18e03ed1ace9017","name":"Redazione Comunicati Stampa","image":{"@type":"ImageObject","inLanguage":"it-IT","@id":"https:\/\/www.article-marketing.eu\/comunicati\/#\/schema\/person\/image\/","url":"https:\/\/secure.gravatar.com\/avatar\/50e5c6421d3072f42e7ace803501602c60d75233d34e29fd05feb91c8760b792?s=96&d=mm&r=g","contentUrl":"https:\/\/secure.gravatar.com\/avatar\/50e5c6421d3072f42e7ace803501602c60d75233d34e29fd05feb91c8760b792?s=96&d=mm&r=g","caption":"Redazione Comunicati Stampa"},"url":"https:\/\/www.article-marketing.eu\/comunicati\/author\/redazione-comunicati-stampa\/"}]}},"_links":{"self":[{"href":"https:\/\/www.article-marketing.eu\/comunicati\/wp-json\/wp\/v2\/posts\/2774","targetHints":{"allow":["GET"]}}],"collection":[{"href":"https:\/\/www.article-marketing.eu\/comunicati\/wp-json\/wp\/v2\/posts"}],"about":[{"href":"https:\/\/www.article-marketing.eu\/comunicati\/wp-json\/wp\/v2\/types\/post"}],"author":[{"embeddable":true,"href":"https:\/\/www.article-marketing.eu\/comunicati\/wp-json\/wp\/v2\/users\/10"}],"replies":[{"embeddable":true,"href":"https:\/\/www.article-marketing.eu\/comunicati\/wp-json\/wp\/v2\/comments?post=2774"}],"version-history":[{"count":0,"href":"https:\/\/www.article-marketing.eu\/comunicati\/wp-json\/wp\/v2\/posts\/2774\/revisions"}],"wp:attachment":[{"href":"https:\/\/www.article-marketing.eu\/comunicati\/wp-json\/wp\/v2\/media?parent=2774"}],"wp:term":[{"taxonomy":"category","embeddable":true,"href":"https:\/\/www.article-marketing.eu\/comunicati\/wp-json\/wp\/v2\/categories?post=2774"},{"taxonomy":"post_tag","embeddable":true,"href":"https:\/\/www.article-marketing.eu\/comunicati\/wp-json\/wp\/v2\/tags?post=2774"}],"curies":[{"name":"wp","href":"https:\/\/api.w.org\/{rel}","templated":true}]}}