{"id":2775,"date":"2009-09-17T13:41:23","date_gmt":"2009-09-17T11:41:23","guid":{"rendered":"http:\/\/www.article-marketing.eu\/comunicati\/senza-categoria\/aeroporti-di-barcellona-el-prat-e-girona-costa-brava\/"},"modified":"2009-09-17T13:41:23","modified_gmt":"2009-09-17T11:41:23","slug":"aeroporti-di-barcellona-el-prat-e-girona-costa-brava","status":"publish","type":"post","link":"https:\/\/www.article-marketing.eu\/comunicati\/viaggi-e-vacanze\/voli\/aeroporti-di-barcellona-el-prat-e-girona-costa-brava\/","title":{"rendered":"Aeroporti di Barcellona: El Prat e Girona \u2013 Costa Brava"},"content":{"rendered":"<p>Gli <strong>aeroporti di Barcellona<\/strong> che consentono di raggiungere senza difficolt\u00e1 la capitale della Catalogna sono due: l\u2019<strong>aeroporto El Prat<\/strong> e quello di <strong>Girona \u2013 Costa Brava<\/strong>. L\u2019<strong>aeroporto principale di Barcellona<\/strong> \u00e8 il primo, quello pi\u00fa vicino al centro della citt\u00e1 e di dimensioni superiori. <\/p>\n<p>L\u2019<strong>aeroporto di Barcellona El Prat<\/strong>, noto anche come \u201c<strong>Aeroporto Internazionale di Barcellona<\/strong>\u201d, dista circa 10 km dalla citt\u00e1, in localit\u00e1 El Prat de Llobregat. L\u2019aeroporto serve principalmente voli nazionali e continentali ma esistono anche collegamenti intercontinentali, come ad esempio quelli delle compagnie Delta Airlines e Singapore Airlines, direzione Asia e Stati Uniti. L\u2019<strong>aeroporto El Prat <\/strong>\u00e8 l\u2019hub principale delle compagnie Vueling e Clickair (da poco unificatesi in un\u2019unica compagnia, sotto insegne Vueling). Recentemente sono terminati i lavori di ampliamento ed il 16 giugno 2009 \u00e8 stato inaugurato il nuovo temrinal, il <strong>Terminal 1<\/strong>. Opera dell\u2019architetto catalano Ricardo Bofill, il nuovo terminal 1 si estende per ben 500 mila metri quadri, con 101 nuovi gates, 166 check in desk, 70 attivit\u00e1 commerciali e di ristorazione ed un ampio parcheggio da 12.000 posti auto. I collegamenti dall\u2019<strong>aeroporto di Barcellona El Prat <\/strong>con il centro di Barcellona sono frequenti ad ogni ora del giorno e della notte via treno o bus navetta dedicato fino alla centrale Plaza Catalnuya. Il costo \u00e8 di 4 o 5 euro, la durata circa 20 minuti. In zona puoi poi trovare pi\u00fa di un comodo <strong><em><a href=\"http:\/\/www.waytostay.com\/Barcellona-appartamenti-it-52.html\">appartamento Barcellona<\/a><\/em><\/strong> in affitto per brevi periodi, ideale per visitare la citt\u00e1.<\/p>\n<p>L\u2019<strong>aeroporto Girona \u2013 Costa Brava<\/strong> \u00e8 il secondo <strong>aeroporto di Barcellona<\/strong> ma si situa un po\u2019 fuori, presso la cittadina di Girona. Girona \u00e8 un piccola citt\u00e1 catalana di circa 80.000 abitanti, famosa turisticamente grazie ad una bellissima Cattedrale e ad altre interessante attrazioni culturali. Sono necessari circa 70 minuti di autobus per raggiungere Barcellona (dista pi\u00fa o meno 100 km), fino alla stazione dei bus Estaci\u00f3 del Norte. Il tragitto di andata e ritorno nei bus che collegano appunto l\u2019aerporto alla citt\u00e1 costa attorno ai 20 euro, 12 per solo una tratta. L\u2019<strong>aeroporto di Girona <\/strong>\u00e8 famoso per essere servito dalla compagnia low cost RyanAir e offre la possibilit\u00e1 di raggiungere le principali citt\u00e1 europee. Si tratta di uno degli areoporti continentali a maggior tasso di crescita ed ogni anno incrementa notevolemente il numero dei passaggeri e la sua notoriet\u00e1. Per qualche collegamento la Ryan Air utilizza un altro aeroporto di piccole dimensioni, il terzo <strong>aeroporto di Barcellona<\/strong>, quello di Reus, situato nella parte sud della regione catalana.<\/p>\n<p><strong>Barcellona<\/strong> \u00e8 collegata via aereo al resto d\u2019Europa molto molto bene. L\u2019<strong>aeroporto di Barcellona El Prat<\/strong> resta la soluzione pi\u00fa comoda e rapida ma se c\u2019\u00e8 modo di risparmiare grazie a Ryan Air, si pu\u00f3 benissimo partire anche dall\u2019<strong>aeroporto di Girona<\/strong>.&nbsp;\n <\/p>\n","protected":false},"excerpt":{"rendered":"<p>Gli aeroporti di Barcellona che consentono di raggiungere senza difficolt\u00e1 la capitale della Catalugna sono due: l\u2019aeroporto El Prat e quello di Girona \u2013 Costa Brava. L\u2019aeroporto principale di Barcellona \u00e8 il primo, quello pi\u00fa vicino al centro della citt\u00e1 e di dimensioni superiori.<\/p>\n","protected":false},"author":10,"featured_media":0,"comment_status":"open","ping_status":"open","sticky":false,"template":"","format":"standard","meta":{"cybocfi_hide_featured_image":"","footnotes":""},"categories":[1616],"tags":[9020,9022,9023,9024,9021],"class_list":["post-2775","post","type-post","status-publish","format-standard","hentry","category-voli","tag-aeroporti-barcellona","tag-aeroporto-el-prat-barcellona","tag-aeroporto-girona-costa-brava","tag-appartamento-barcellona","tag-barcellona-aeroporti"],"yoast_head":"<!-- This site is optimized with the Yoast SEO plugin v27.0 - https:\/\/yoast.com\/product\/yoast-seo-wordpress\/ -->\n<title>Aeroporti di Barcellona: El Prat e Girona \u2013 Costa Brava - Article Marketing<\/title>\n<meta name=\"robots\" content=\"index, follow, max-snippet:-1, max-image-preview:large, max-video-preview:-1\" \/>\n<link rel=\"canonical\" href=\"https:\/\/www.article-marketing.eu\/comunicati\/viaggi-e-vacanze\/voli\/aeroporti-di-barcellona-el-prat-e-girona-costa-brava\/\" \/>\n<meta property=\"og:locale\" content=\"it_IT\" \/>\n<meta property=\"og:type\" content=\"article\" \/>\n<meta property=\"og:title\" content=\"Aeroporti di Barcellona: El Prat e Girona \u2013 Costa Brava - Article Marketing\" \/>\n<meta property=\"og:description\" content=\"Gli aeroporti di Barcellona che consentono di raggiungere senza difficolt\u00e1 la capitale della Catalugna sono due: l\u2019aeroporto El Prat e quello di Girona \u2013 Costa Brava. L\u2019aeroporto principale di Barcellona \u00e8 il primo, quello pi\u00fa vicino al centro della citt\u00e1 e di dimensioni superiori.\" \/>\n<meta property=\"og:url\" content=\"https:\/\/www.article-marketing.eu\/comunicati\/viaggi-e-vacanze\/voli\/aeroporti-di-barcellona-el-prat-e-girona-costa-brava\/\" \/>\n<meta property=\"og:site_name\" content=\"Article Marketing\" \/>\n<meta property=\"article:published_time\" content=\"2009-09-17T11:41:23+00:00\" \/>\n<meta name=\"author\" content=\"Redazione Comunicati Stampa\" \/>\n<meta name=\"twitter:card\" content=\"summary_large_image\" \/>\n<meta name=\"twitter:label1\" content=\"Scritto da\" \/>\n\t<meta name=\"twitter:data1\" content=\"Redazione Comunicati Stampa\" \/>\n\t<meta name=\"twitter:label2\" content=\"Tempo di lettura stimato\" \/>\n\t<meta name=\"twitter:data2\" content=\"2 minuti\" \/>\n<script type=\"application\/ld+json\" class=\"yoast-schema-graph\">{\"@context\":\"https:\/\/schema.org\",\"@graph\":[{\"@type\":\"Article\",\"@id\":\"https:\/\/www.article-marketing.eu\/comunicati\/viaggi-e-vacanze\/voli\/aeroporti-di-barcellona-el-prat-e-girona-costa-brava\/#article\",\"isPartOf\":{\"@id\":\"https:\/\/www.article-marketing.eu\/comunicati\/viaggi-e-vacanze\/voli\/aeroporti-di-barcellona-el-prat-e-girona-costa-brava\/\"},\"author\":{\"name\":\"Redazione Comunicati Stampa\",\"@id\":\"https:\/\/www.article-marketing.eu\/comunicati\/#\/schema\/person\/44372e4d4d0fa797b18e03ed1ace9017\"},\"headline\":\"Aeroporti di Barcellona: El Prat e Girona \u2013 Costa Brava\",\"datePublished\":\"2009-09-17T11:41:23+00:00\",\"mainEntityOfPage\":{\"@id\":\"https:\/\/www.article-marketing.eu\/comunicati\/viaggi-e-vacanze\/voli\/aeroporti-di-barcellona-el-prat-e-girona-costa-brava\/\"},\"wordCount\":450,\"commentCount\":0,\"keywords\":[\"aeroporti barcellona\",\"aeroporto El Prat Barcellona\",\"aeroporto Girona - Costa Brava\",\"appartamento Barcellona\",\"barcellona aeroporti\"],\"articleSection\":[\"Voli\"],\"inLanguage\":\"it-IT\",\"potentialAction\":[{\"@type\":\"CommentAction\",\"name\":\"Comment\",\"target\":[\"https:\/\/www.article-marketing.eu\/comunicati\/viaggi-e-vacanze\/voli\/aeroporti-di-barcellona-el-prat-e-girona-costa-brava\/#respond\"]}]},{\"@type\":\"WebPage\",\"@id\":\"https:\/\/www.article-marketing.eu\/comunicati\/viaggi-e-vacanze\/voli\/aeroporti-di-barcellona-el-prat-e-girona-costa-brava\/\",\"url\":\"https:\/\/www.article-marketing.eu\/comunicati\/viaggi-e-vacanze\/voli\/aeroporti-di-barcellona-el-prat-e-girona-costa-brava\/\",\"name\":\"Aeroporti di Barcellona: El Prat e Girona \u2013 Costa Brava - Article Marketing\",\"isPartOf\":{\"@id\":\"https:\/\/www.article-marketing.eu\/comunicati\/#website\"},\"datePublished\":\"2009-09-17T11:41:23+00:00\",\"author\":{\"@id\":\"https:\/\/www.article-marketing.eu\/comunicati\/#\/schema\/person\/44372e4d4d0fa797b18e03ed1ace9017\"},\"breadcrumb\":{\"@id\":\"https:\/\/www.article-marketing.eu\/comunicati\/viaggi-e-vacanze\/voli\/aeroporti-di-barcellona-el-prat-e-girona-costa-brava\/#breadcrumb\"},\"inLanguage\":\"it-IT\",\"potentialAction\":[{\"@type\":\"ReadAction\",\"target\":[\"https:\/\/www.article-marketing.eu\/comunicati\/viaggi-e-vacanze\/voli\/aeroporti-di-barcellona-el-prat-e-girona-costa-brava\/\"]}]},{\"@type\":\"BreadcrumbList\",\"@id\":\"https:\/\/www.article-marketing.eu\/comunicati\/viaggi-e-vacanze\/voli\/aeroporti-di-barcellona-el-prat-e-girona-costa-brava\/#breadcrumb\",\"itemListElement\":[{\"@type\":\"ListItem\",\"position\":1,\"name\":\"Home\",\"item\":\"https:\/\/www.article-marketing.eu\/comunicati\/\"},{\"@type\":\"ListItem\",\"position\":2,\"name\":\"Aeroporti di Barcellona: El Prat e Girona \u2013 Costa Brava\"}]},{\"@type\":\"WebSite\",\"@id\":\"https:\/\/www.article-marketing.eu\/comunicati\/#website\",\"url\":\"https:\/\/www.article-marketing.eu\/comunicati\/\",\"name\":\"Article Marketing\",\"description\":\"article marketing &amp; press release\",\"potentialAction\":[{\"@type\":\"SearchAction\",\"target\":{\"@type\":\"EntryPoint\",\"urlTemplate\":\"https:\/\/www.article-marketing.eu\/comunicati\/?s={search_term_string}\"},\"query-input\":{\"@type\":\"PropertyValueSpecification\",\"valueRequired\":true,\"valueName\":\"search_term_string\"}}],\"inLanguage\":\"it-IT\"},{\"@type\":\"Person\",\"@id\":\"https:\/\/www.article-marketing.eu\/comunicati\/#\/schema\/person\/44372e4d4d0fa797b18e03ed1ace9017\",\"name\":\"Redazione Comunicati Stampa\",\"image\":{\"@type\":\"ImageObject\",\"inLanguage\":\"it-IT\",\"@id\":\"https:\/\/www.article-marketing.eu\/comunicati\/#\/schema\/person\/image\/\",\"url\":\"https:\/\/secure.gravatar.com\/avatar\/50e5c6421d3072f42e7ace803501602c60d75233d34e29fd05feb91c8760b792?s=96&d=mm&r=g\",\"contentUrl\":\"https:\/\/secure.gravatar.com\/avatar\/50e5c6421d3072f42e7ace803501602c60d75233d34e29fd05feb91c8760b792?s=96&d=mm&r=g\",\"caption\":\"Redazione Comunicati Stampa\"},\"url\":\"https:\/\/www.article-marketing.eu\/comunicati\/author\/redazione-comunicati-stampa\/\"}]}<\/script>\n<!-- \/ Yoast SEO plugin. -->","yoast_head_json":{"title":"Aeroporti di Barcellona: El Prat e Girona \u2013 Costa Brava - Article Marketing","robots":{"index":"index","follow":"follow","max-snippet":"max-snippet:-1","max-image-preview":"max-image-preview:large","max-video-preview":"max-video-preview:-1"},"canonical":"https:\/\/www.article-marketing.eu\/comunicati\/viaggi-e-vacanze\/voli\/aeroporti-di-barcellona-el-prat-e-girona-costa-brava\/","og_locale":"it_IT","og_type":"article","og_title":"Aeroporti di Barcellona: El Prat e Girona \u2013 Costa Brava - Article Marketing","og_description":"Gli aeroporti di Barcellona che consentono di raggiungere senza difficolt\u00e1 la capitale della Catalugna sono due: l\u2019aeroporto El Prat e quello di Girona \u2013 Costa Brava. L\u2019aeroporto principale di Barcellona \u00e8 il primo, quello pi\u00fa vicino al centro della citt\u00e1 e di dimensioni superiori.","og_url":"https:\/\/www.article-marketing.eu\/comunicati\/viaggi-e-vacanze\/voli\/aeroporti-di-barcellona-el-prat-e-girona-costa-brava\/","og_site_name":"Article Marketing","article_published_time":"2009-09-17T11:41:23+00:00","author":"Redazione Comunicati Stampa","twitter_card":"summary_large_image","twitter_misc":{"Scritto da":"Redazione Comunicati Stampa","Tempo di lettura stimato":"2 minuti"},"schema":{"@context":"https:\/\/schema.org","@graph":[{"@type":"Article","@id":"https:\/\/www.article-marketing.eu\/comunicati\/viaggi-e-vacanze\/voli\/aeroporti-di-barcellona-el-prat-e-girona-costa-brava\/#article","isPartOf":{"@id":"https:\/\/www.article-marketing.eu\/comunicati\/viaggi-e-vacanze\/voli\/aeroporti-di-barcellona-el-prat-e-girona-costa-brava\/"},"author":{"name":"Redazione Comunicati Stampa","@id":"https:\/\/www.article-marketing.eu\/comunicati\/#\/schema\/person\/44372e4d4d0fa797b18e03ed1ace9017"},"headline":"Aeroporti di Barcellona: El Prat e Girona \u2013 Costa Brava","datePublished":"2009-09-17T11:41:23+00:00","mainEntityOfPage":{"@id":"https:\/\/www.article-marketing.eu\/comunicati\/viaggi-e-vacanze\/voli\/aeroporti-di-barcellona-el-prat-e-girona-costa-brava\/"},"wordCount":450,"commentCount":0,"keywords":["aeroporti barcellona","aeroporto El Prat Barcellona","aeroporto Girona - Costa Brava","appartamento Barcellona","barcellona aeroporti"],"articleSection":["Voli"],"inLanguage":"it-IT","potentialAction":[{"@type":"CommentAction","name":"Comment","target":["https:\/\/www.article-marketing.eu\/comunicati\/viaggi-e-vacanze\/voli\/aeroporti-di-barcellona-el-prat-e-girona-costa-brava\/#respond"]}]},{"@type":"WebPage","@id":"https:\/\/www.article-marketing.eu\/comunicati\/viaggi-e-vacanze\/voli\/aeroporti-di-barcellona-el-prat-e-girona-costa-brava\/","url":"https:\/\/www.article-marketing.eu\/comunicati\/viaggi-e-vacanze\/voli\/aeroporti-di-barcellona-el-prat-e-girona-costa-brava\/","name":"Aeroporti di Barcellona: El Prat e Girona \u2013 Costa Brava - Article Marketing","isPartOf":{"@id":"https:\/\/www.article-marketing.eu\/comunicati\/#website"},"datePublished":"2009-09-17T11:41:23+00:00","author":{"@id":"https:\/\/www.article-marketing.eu\/comunicati\/#\/schema\/person\/44372e4d4d0fa797b18e03ed1ace9017"},"breadcrumb":{"@id":"https:\/\/www.article-marketing.eu\/comunicati\/viaggi-e-vacanze\/voli\/aeroporti-di-barcellona-el-prat-e-girona-costa-brava\/#breadcrumb"},"inLanguage":"it-IT","potentialAction":[{"@type":"ReadAction","target":["https:\/\/www.article-marketing.eu\/comunicati\/viaggi-e-vacanze\/voli\/aeroporti-di-barcellona-el-prat-e-girona-costa-brava\/"]}]},{"@type":"BreadcrumbList","@id":"https:\/\/www.article-marketing.eu\/comunicati\/viaggi-e-vacanze\/voli\/aeroporti-di-barcellona-el-prat-e-girona-costa-brava\/#breadcrumb","itemListElement":[{"@type":"ListItem","position":1,"name":"Home","item":"https:\/\/www.article-marketing.eu\/comunicati\/"},{"@type":"ListItem","position":2,"name":"Aeroporti di Barcellona: El Prat e Girona \u2013 Costa Brava"}]},{"@type":"WebSite","@id":"https:\/\/www.article-marketing.eu\/comunicati\/#website","url":"https:\/\/www.article-marketing.eu\/comunicati\/","name":"Article Marketing","description":"article marketing &amp; press release","potentialAction":[{"@type":"SearchAction","target":{"@type":"EntryPoint","urlTemplate":"https:\/\/www.article-marketing.eu\/comunicati\/?s={search_term_string}"},"query-input":{"@type":"PropertyValueSpecification","valueRequired":true,"valueName":"search_term_string"}}],"inLanguage":"it-IT"},{"@type":"Person","@id":"https:\/\/www.article-marketing.eu\/comunicati\/#\/schema\/person\/44372e4d4d0fa797b18e03ed1ace9017","name":"Redazione Comunicati Stampa","image":{"@type":"ImageObject","inLanguage":"it-IT","@id":"https:\/\/www.article-marketing.eu\/comunicati\/#\/schema\/person\/image\/","url":"https:\/\/secure.gravatar.com\/avatar\/50e5c6421d3072f42e7ace803501602c60d75233d34e29fd05feb91c8760b792?s=96&d=mm&r=g","contentUrl":"https:\/\/secure.gravatar.com\/avatar\/50e5c6421d3072f42e7ace803501602c60d75233d34e29fd05feb91c8760b792?s=96&d=mm&r=g","caption":"Redazione Comunicati Stampa"},"url":"https:\/\/www.article-marketing.eu\/comunicati\/author\/redazione-comunicati-stampa\/"}]}},"_links":{"self":[{"href":"https:\/\/www.article-marketing.eu\/comunicati\/wp-json\/wp\/v2\/posts\/2775","targetHints":{"allow":["GET"]}}],"collection":[{"href":"https:\/\/www.article-marketing.eu\/comunicati\/wp-json\/wp\/v2\/posts"}],"about":[{"href":"https:\/\/www.article-marketing.eu\/comunicati\/wp-json\/wp\/v2\/types\/post"}],"author":[{"embeddable":true,"href":"https:\/\/www.article-marketing.eu\/comunicati\/wp-json\/wp\/v2\/users\/10"}],"replies":[{"embeddable":true,"href":"https:\/\/www.article-marketing.eu\/comunicati\/wp-json\/wp\/v2\/comments?post=2775"}],"version-history":[{"count":0,"href":"https:\/\/www.article-marketing.eu\/comunicati\/wp-json\/wp\/v2\/posts\/2775\/revisions"}],"wp:attachment":[{"href":"https:\/\/www.article-marketing.eu\/comunicati\/wp-json\/wp\/v2\/media?parent=2775"}],"wp:term":[{"taxonomy":"category","embeddable":true,"href":"https:\/\/www.article-marketing.eu\/comunicati\/wp-json\/wp\/v2\/categories?post=2775"},{"taxonomy":"post_tag","embeddable":true,"href":"https:\/\/www.article-marketing.eu\/comunicati\/wp-json\/wp\/v2\/tags?post=2775"}],"curies":[{"name":"wp","href":"https:\/\/api.w.org\/{rel}","templated":true}]}}