{"id":2795,"date":"2009-09-18T13:08:41","date_gmt":"2009-09-18T11:08:41","guid":{"rendered":"http:\/\/www.article-marketing.eu\/comunicati\/senza-categoria\/intervista-al-col-giuliacci-il-futuro-del-pianeta-e-in-mano-alle-nuove-generazioni\/"},"modified":"2018-06-04T20:27:55","modified_gmt":"2018-06-04T18:27:55","slug":"intervista-al-col-giuliacci-il-futuro-del-pianeta-e-in-mano-alle-nuove-generazioni","status":"publish","type":"post","link":"https:\/\/www.article-marketing.eu\/comunicati\/ambiente\/intervista-al-col-giuliacci-il-futuro-del-pianeta-e-in-mano-alle-nuove-generazioni\/","title":{"rendered":"Intervista al Col. Giuliacci &#8211; Il futuro del pianeta? E\u2019 in mano alle nuove generazioni"},"content":{"rendered":"<p><em>Il&nbsp; Colonnello Mario Giuliacci \u00e8 LA meteorologia in Italia. A lui la maggior parte degli italiani affida le decisioni sulle proprie ferie, se spendere il weekend al mare, in montagna o pi\u00f9 semplicemente sul mezzo da prendere per andare al lavoro ogni giorno.<br \/>La redazione di You4planet lo ha incontrato per rivolgergli alcune domande sul clima e per richiedergli la previsione pi\u00f9 importante\u2026 quella sul futuro del pianeta.<\/em><\/p>\n<p><strong>Il problema del Global Warming e i suoi effetti sulle risorse del nostro pianeta?<br \/><\/strong>Il Global Warming \u00e8 il riscaldamento record che sta coinvolgendo il nostro pianeta in particolare negli ultimi 30 anni. Nell\u2019arco di un secolo abbiamo ottenuto un riscaldamento record di quasi un grado se pensiamo che negli ultimi 10.000 anni non era mai avvenuto a livello climatico un evento del genere. Chiaramente la temperatura terrestre \u00e8 oscillata anche di 2\/3 gradi, non solo di un grado, ma nel corso di milioni di anni. Per raggiungere 2\/3 gradi in pi\u00f9 e avere cos\u00ec un variazione in positivo delle temperature ci sono voluti per\u00f2 20.000-50.000-100.000 anni.<br \/>Le principali cause per la maggior parte della comunit\u00e0 scientifica sono legate all\u2019incremento dei gas serra. E questo fenomeno di riscaldamento ha avuto delle conseguenze molto significative su altri elementi del nostro pianeta, soprattutto sull\u2019ambiente, l\u2019acqua e l\u2019energia.<\/p>\n<p><strong>Nell\u2019ambiente quali sono gli effetti che maggiormente incideranno sul nostro stile di vita, ma soprattutto sull\u2019ambiente, sull\u2019acqua e l\u2019energia?<\/strong><br \/>L\u2019acqua e l\u2019energia saranno le due grandi sfide del futuro proprio legate al problema del Global Warming. In particolare l\u2019acqua perch\u00e9 \u00e8 una risorsa vitale e legata al clima.<br \/>Innanzitutto il surriscaldamento del pianeta provoca:<br \/>&#8211;&nbsp;&nbsp;&nbsp; la fusione dei ghiacciai Alpini che sono una riserva importantissima di acqua<br \/>&#8211;&nbsp;&nbsp;&nbsp; un minor innevamento non solo alle alte latitudini, ma anche sulle nostre montagne. Quest\u2019anno \u00e8 stata un\u2019eccezione, e ci\u00f2 presume che molte annate saranno simili a quelle avute in passato, come nel 2005 o nel 2007, dove \u00e8 stato registrato con un arco alpino quasi sgombro dalla neve per gran parte della stagione invernale. Questo significa minor possibilit\u00e0 per i ghiacciai di resistere al Global Warming perch\u00e9 non c\u2019\u00e8 un reintegro attraverso l\u2019innevamento. In pi\u00f9, un minor innevamento significa anche meno acqua per i nostri fiumi, per i nostri laghi e per i nostri consumi.<br \/>&#8211;&nbsp;&nbsp;&nbsp; Un disordine della circolazione generale dell\u2019atmosfera e, in particolare, i percorsi che fanno le perturbazioni atlantiche che portano nuvole e pioggia. Oggi rispetto al passato passano molto pi\u00f9 lontano dall\u2019Italia le perturbazioni: vi sono pi\u00f9 piogge nel Nord Europa rispetto al passato, ma meno nel Mediterraneo. Quindi in alcune aree piove di pi\u00f9 rispetto al passato&nbsp; e in alcune meno; ci\u00f2 causa un impoverimento delle risorse idriche per il futuro.<\/p>\n<p><strong>Link all&#8217;intervista:&nbsp; <br \/><\/strong>http:\/\/www.you4planet.it\/<\/p>\n<p><\/p>\n","protected":false},"excerpt":{"rendered":"<p>Il  Colonnello Mario Giuliacci \u00e8 LA meteorologia in Italia. A lui la maggior parte degli italiani affida le decisioni sulle proprie ferie, se spendere il weekend al mare, in montagna o pi\u00f9 semplicemente sul mezzo da prendere per andare al lavoro ogni giorno.<br \/>\nLa redazione di You4planet lo ha incontrato per rivolgergli alcune domande sul clima e per richiedergli la previsione pi\u00f9 importante\u2026 quella sul futuro del pianeta.<\/p>\n","protected":false},"author":10,"featured_media":0,"comment_status":"open","ping_status":"open","sticky":false,"template":"","format":"standard","meta":{"cybocfi_hide_featured_image":"","footnotes":""},"categories":[55],"tags":[9065,9063,9064,9066],"class_list":["post-2795","post","type-post","status-publish","format-standard","hentry","category-ambiente","tag-cambiamento-climatico","tag-giuliacci","tag-impatto-ambientale","tag-nucleare"],"yoast_head":"<!-- This site is optimized with the Yoast SEO plugin v27.0 - https:\/\/yoast.com\/product\/yoast-seo-wordpress\/ -->\n<title>Intervista al Col. Giuliacci - Il futuro del pianeta? E\u2019 in mano alle nuove generazioni - Article Marketing<\/title>\n<meta name=\"robots\" content=\"index, follow, max-snippet:-1, max-image-preview:large, max-video-preview:-1\" \/>\n<link rel=\"canonical\" href=\"https:\/\/www.article-marketing.eu\/comunicati\/ambiente\/intervista-al-col-giuliacci-il-futuro-del-pianeta-e-in-mano-alle-nuove-generazioni\/\" \/>\n<meta property=\"og:locale\" content=\"it_IT\" \/>\n<meta property=\"og:type\" content=\"article\" \/>\n<meta property=\"og:title\" content=\"Intervista al Col. Giuliacci - Il futuro del pianeta? E\u2019 in mano alle nuove generazioni - Article Marketing\" \/>\n<meta property=\"og:description\" content=\"Il Colonnello Mario Giuliacci \u00e8 LA meteorologia in Italia. A lui la maggior parte degli italiani affida le decisioni sulle proprie ferie, se spendere il weekend al mare, in montagna o pi\u00f9 semplicemente sul mezzo da prendere per andare al lavoro ogni giorno. La redazione di You4planet lo ha incontrato per rivolgergli alcune domande sul clima e per richiedergli la previsione pi\u00f9 importante\u2026 quella sul futuro del pianeta.\" \/>\n<meta property=\"og:url\" content=\"https:\/\/www.article-marketing.eu\/comunicati\/ambiente\/intervista-al-col-giuliacci-il-futuro-del-pianeta-e-in-mano-alle-nuove-generazioni\/\" \/>\n<meta property=\"og:site_name\" content=\"Article Marketing\" \/>\n<meta property=\"article:published_time\" content=\"2009-09-18T11:08:41+00:00\" \/>\n<meta property=\"article:modified_time\" content=\"2018-06-04T18:27:55+00:00\" \/>\n<meta name=\"author\" content=\"Redazione Comunicati Stampa\" \/>\n<meta name=\"twitter:card\" content=\"summary_large_image\" \/>\n<meta name=\"twitter:label1\" content=\"Scritto da\" \/>\n\t<meta name=\"twitter:data1\" content=\"Redazione Comunicati Stampa\" \/>\n\t<meta name=\"twitter:label2\" content=\"Tempo di lettura stimato\" \/>\n\t<meta name=\"twitter:data2\" content=\"2 minuti\" \/>\n<script type=\"application\/ld+json\" class=\"yoast-schema-graph\">{\"@context\":\"https:\/\/schema.org\",\"@graph\":[{\"@type\":\"Article\",\"@id\":\"https:\/\/www.article-marketing.eu\/comunicati\/ambiente\/intervista-al-col-giuliacci-il-futuro-del-pianeta-e-in-mano-alle-nuove-generazioni\/#article\",\"isPartOf\":{\"@id\":\"https:\/\/www.article-marketing.eu\/comunicati\/ambiente\/intervista-al-col-giuliacci-il-futuro-del-pianeta-e-in-mano-alle-nuove-generazioni\/\"},\"author\":{\"name\":\"Redazione Comunicati Stampa\",\"@id\":\"https:\/\/www.article-marketing.eu\/comunicati\/#\/schema\/person\/44372e4d4d0fa797b18e03ed1ace9017\"},\"headline\":\"Intervista al Col. Giuliacci &#8211; Il futuro del pianeta? E\u2019 in mano alle nuove generazioni\",\"datePublished\":\"2009-09-18T11:08:41+00:00\",\"dateModified\":\"2018-06-04T18:27:55+00:00\",\"mainEntityOfPage\":{\"@id\":\"https:\/\/www.article-marketing.eu\/comunicati\/ambiente\/intervista-al-col-giuliacci-il-futuro-del-pianeta-e-in-mano-alle-nuove-generazioni\/\"},\"wordCount\":487,\"commentCount\":0,\"keywords\":[\"cambiamento climatico\",\"giuliacci\",\"impatto ambientale\",\"nucleare\"],\"articleSection\":[\"Ambiente\"],\"inLanguage\":\"it-IT\",\"potentialAction\":[{\"@type\":\"CommentAction\",\"name\":\"Comment\",\"target\":[\"https:\/\/www.article-marketing.eu\/comunicati\/ambiente\/intervista-al-col-giuliacci-il-futuro-del-pianeta-e-in-mano-alle-nuove-generazioni\/#respond\"]}]},{\"@type\":\"WebPage\",\"@id\":\"https:\/\/www.article-marketing.eu\/comunicati\/ambiente\/intervista-al-col-giuliacci-il-futuro-del-pianeta-e-in-mano-alle-nuove-generazioni\/\",\"url\":\"https:\/\/www.article-marketing.eu\/comunicati\/ambiente\/intervista-al-col-giuliacci-il-futuro-del-pianeta-e-in-mano-alle-nuove-generazioni\/\",\"name\":\"Intervista al Col. Giuliacci - Il futuro del pianeta? E\u2019 in mano alle nuove generazioni - Article Marketing\",\"isPartOf\":{\"@id\":\"https:\/\/www.article-marketing.eu\/comunicati\/#website\"},\"datePublished\":\"2009-09-18T11:08:41+00:00\",\"dateModified\":\"2018-06-04T18:27:55+00:00\",\"author\":{\"@id\":\"https:\/\/www.article-marketing.eu\/comunicati\/#\/schema\/person\/44372e4d4d0fa797b18e03ed1ace9017\"},\"breadcrumb\":{\"@id\":\"https:\/\/www.article-marketing.eu\/comunicati\/ambiente\/intervista-al-col-giuliacci-il-futuro-del-pianeta-e-in-mano-alle-nuove-generazioni\/#breadcrumb\"},\"inLanguage\":\"it-IT\",\"potentialAction\":[{\"@type\":\"ReadAction\",\"target\":[\"https:\/\/www.article-marketing.eu\/comunicati\/ambiente\/intervista-al-col-giuliacci-il-futuro-del-pianeta-e-in-mano-alle-nuove-generazioni\/\"]}]},{\"@type\":\"BreadcrumbList\",\"@id\":\"https:\/\/www.article-marketing.eu\/comunicati\/ambiente\/intervista-al-col-giuliacci-il-futuro-del-pianeta-e-in-mano-alle-nuove-generazioni\/#breadcrumb\",\"itemListElement\":[{\"@type\":\"ListItem\",\"position\":1,\"name\":\"Home\",\"item\":\"https:\/\/www.article-marketing.eu\/comunicati\/\"},{\"@type\":\"ListItem\",\"position\":2,\"name\":\"Intervista al Col. Giuliacci &#8211; Il futuro del pianeta? E\u2019 in mano alle nuove generazioni\"}]},{\"@type\":\"WebSite\",\"@id\":\"https:\/\/www.article-marketing.eu\/comunicati\/#website\",\"url\":\"https:\/\/www.article-marketing.eu\/comunicati\/\",\"name\":\"Article Marketing\",\"description\":\"article marketing &amp; press release\",\"potentialAction\":[{\"@type\":\"SearchAction\",\"target\":{\"@type\":\"EntryPoint\",\"urlTemplate\":\"https:\/\/www.article-marketing.eu\/comunicati\/?s={search_term_string}\"},\"query-input\":{\"@type\":\"PropertyValueSpecification\",\"valueRequired\":true,\"valueName\":\"search_term_string\"}}],\"inLanguage\":\"it-IT\"},{\"@type\":\"Person\",\"@id\":\"https:\/\/www.article-marketing.eu\/comunicati\/#\/schema\/person\/44372e4d4d0fa797b18e03ed1ace9017\",\"name\":\"Redazione Comunicati Stampa\",\"image\":{\"@type\":\"ImageObject\",\"inLanguage\":\"it-IT\",\"@id\":\"https:\/\/www.article-marketing.eu\/comunicati\/#\/schema\/person\/image\/\",\"url\":\"https:\/\/secure.gravatar.com\/avatar\/50e5c6421d3072f42e7ace803501602c60d75233d34e29fd05feb91c8760b792?s=96&d=mm&r=g\",\"contentUrl\":\"https:\/\/secure.gravatar.com\/avatar\/50e5c6421d3072f42e7ace803501602c60d75233d34e29fd05feb91c8760b792?s=96&d=mm&r=g\",\"caption\":\"Redazione Comunicati Stampa\"},\"url\":\"https:\/\/www.article-marketing.eu\/comunicati\/author\/redazione-comunicati-stampa\/\"}]}<\/script>\n<!-- \/ Yoast SEO plugin. -->","yoast_head_json":{"title":"Intervista al Col. Giuliacci - Il futuro del pianeta? E\u2019 in mano alle nuove generazioni - Article Marketing","robots":{"index":"index","follow":"follow","max-snippet":"max-snippet:-1","max-image-preview":"max-image-preview:large","max-video-preview":"max-video-preview:-1"},"canonical":"https:\/\/www.article-marketing.eu\/comunicati\/ambiente\/intervista-al-col-giuliacci-il-futuro-del-pianeta-e-in-mano-alle-nuove-generazioni\/","og_locale":"it_IT","og_type":"article","og_title":"Intervista al Col. Giuliacci - Il futuro del pianeta? E\u2019 in mano alle nuove generazioni - Article Marketing","og_description":"Il Colonnello Mario Giuliacci \u00e8 LA meteorologia in Italia. A lui la maggior parte degli italiani affida le decisioni sulle proprie ferie, se spendere il weekend al mare, in montagna o pi\u00f9 semplicemente sul mezzo da prendere per andare al lavoro ogni giorno. La redazione di You4planet lo ha incontrato per rivolgergli alcune domande sul clima e per richiedergli la previsione pi\u00f9 importante\u2026 quella sul futuro del pianeta.","og_url":"https:\/\/www.article-marketing.eu\/comunicati\/ambiente\/intervista-al-col-giuliacci-il-futuro-del-pianeta-e-in-mano-alle-nuove-generazioni\/","og_site_name":"Article Marketing","article_published_time":"2009-09-18T11:08:41+00:00","article_modified_time":"2018-06-04T18:27:55+00:00","author":"Redazione Comunicati Stampa","twitter_card":"summary_large_image","twitter_misc":{"Scritto da":"Redazione Comunicati Stampa","Tempo di lettura stimato":"2 minuti"},"schema":{"@context":"https:\/\/schema.org","@graph":[{"@type":"Article","@id":"https:\/\/www.article-marketing.eu\/comunicati\/ambiente\/intervista-al-col-giuliacci-il-futuro-del-pianeta-e-in-mano-alle-nuove-generazioni\/#article","isPartOf":{"@id":"https:\/\/www.article-marketing.eu\/comunicati\/ambiente\/intervista-al-col-giuliacci-il-futuro-del-pianeta-e-in-mano-alle-nuove-generazioni\/"},"author":{"name":"Redazione Comunicati Stampa","@id":"https:\/\/www.article-marketing.eu\/comunicati\/#\/schema\/person\/44372e4d4d0fa797b18e03ed1ace9017"},"headline":"Intervista al Col. Giuliacci &#8211; Il futuro del pianeta? E\u2019 in mano alle nuove generazioni","datePublished":"2009-09-18T11:08:41+00:00","dateModified":"2018-06-04T18:27:55+00:00","mainEntityOfPage":{"@id":"https:\/\/www.article-marketing.eu\/comunicati\/ambiente\/intervista-al-col-giuliacci-il-futuro-del-pianeta-e-in-mano-alle-nuove-generazioni\/"},"wordCount":487,"commentCount":0,"keywords":["cambiamento climatico","giuliacci","impatto ambientale","nucleare"],"articleSection":["Ambiente"],"inLanguage":"it-IT","potentialAction":[{"@type":"CommentAction","name":"Comment","target":["https:\/\/www.article-marketing.eu\/comunicati\/ambiente\/intervista-al-col-giuliacci-il-futuro-del-pianeta-e-in-mano-alle-nuove-generazioni\/#respond"]}]},{"@type":"WebPage","@id":"https:\/\/www.article-marketing.eu\/comunicati\/ambiente\/intervista-al-col-giuliacci-il-futuro-del-pianeta-e-in-mano-alle-nuove-generazioni\/","url":"https:\/\/www.article-marketing.eu\/comunicati\/ambiente\/intervista-al-col-giuliacci-il-futuro-del-pianeta-e-in-mano-alle-nuove-generazioni\/","name":"Intervista al Col. Giuliacci - Il futuro del pianeta? E\u2019 in mano alle nuove generazioni - Article Marketing","isPartOf":{"@id":"https:\/\/www.article-marketing.eu\/comunicati\/#website"},"datePublished":"2009-09-18T11:08:41+00:00","dateModified":"2018-06-04T18:27:55+00:00","author":{"@id":"https:\/\/www.article-marketing.eu\/comunicati\/#\/schema\/person\/44372e4d4d0fa797b18e03ed1ace9017"},"breadcrumb":{"@id":"https:\/\/www.article-marketing.eu\/comunicati\/ambiente\/intervista-al-col-giuliacci-il-futuro-del-pianeta-e-in-mano-alle-nuove-generazioni\/#breadcrumb"},"inLanguage":"it-IT","potentialAction":[{"@type":"ReadAction","target":["https:\/\/www.article-marketing.eu\/comunicati\/ambiente\/intervista-al-col-giuliacci-il-futuro-del-pianeta-e-in-mano-alle-nuove-generazioni\/"]}]},{"@type":"BreadcrumbList","@id":"https:\/\/www.article-marketing.eu\/comunicati\/ambiente\/intervista-al-col-giuliacci-il-futuro-del-pianeta-e-in-mano-alle-nuove-generazioni\/#breadcrumb","itemListElement":[{"@type":"ListItem","position":1,"name":"Home","item":"https:\/\/www.article-marketing.eu\/comunicati\/"},{"@type":"ListItem","position":2,"name":"Intervista al Col. Giuliacci &#8211; Il futuro del pianeta? E\u2019 in mano alle nuove generazioni"}]},{"@type":"WebSite","@id":"https:\/\/www.article-marketing.eu\/comunicati\/#website","url":"https:\/\/www.article-marketing.eu\/comunicati\/","name":"Article Marketing","description":"article marketing &amp; press release","potentialAction":[{"@type":"SearchAction","target":{"@type":"EntryPoint","urlTemplate":"https:\/\/www.article-marketing.eu\/comunicati\/?s={search_term_string}"},"query-input":{"@type":"PropertyValueSpecification","valueRequired":true,"valueName":"search_term_string"}}],"inLanguage":"it-IT"},{"@type":"Person","@id":"https:\/\/www.article-marketing.eu\/comunicati\/#\/schema\/person\/44372e4d4d0fa797b18e03ed1ace9017","name":"Redazione Comunicati Stampa","image":{"@type":"ImageObject","inLanguage":"it-IT","@id":"https:\/\/www.article-marketing.eu\/comunicati\/#\/schema\/person\/image\/","url":"https:\/\/secure.gravatar.com\/avatar\/50e5c6421d3072f42e7ace803501602c60d75233d34e29fd05feb91c8760b792?s=96&d=mm&r=g","contentUrl":"https:\/\/secure.gravatar.com\/avatar\/50e5c6421d3072f42e7ace803501602c60d75233d34e29fd05feb91c8760b792?s=96&d=mm&r=g","caption":"Redazione Comunicati Stampa"},"url":"https:\/\/www.article-marketing.eu\/comunicati\/author\/redazione-comunicati-stampa\/"}]}},"_links":{"self":[{"href":"https:\/\/www.article-marketing.eu\/comunicati\/wp-json\/wp\/v2\/posts\/2795","targetHints":{"allow":["GET"]}}],"collection":[{"href":"https:\/\/www.article-marketing.eu\/comunicati\/wp-json\/wp\/v2\/posts"}],"about":[{"href":"https:\/\/www.article-marketing.eu\/comunicati\/wp-json\/wp\/v2\/types\/post"}],"author":[{"embeddable":true,"href":"https:\/\/www.article-marketing.eu\/comunicati\/wp-json\/wp\/v2\/users\/10"}],"replies":[{"embeddable":true,"href":"https:\/\/www.article-marketing.eu\/comunicati\/wp-json\/wp\/v2\/comments?post=2795"}],"version-history":[{"count":1,"href":"https:\/\/www.article-marketing.eu\/comunicati\/wp-json\/wp\/v2\/posts\/2795\/revisions"}],"predecessor-version":[{"id":55781,"href":"https:\/\/www.article-marketing.eu\/comunicati\/wp-json\/wp\/v2\/posts\/2795\/revisions\/55781"}],"wp:attachment":[{"href":"https:\/\/www.article-marketing.eu\/comunicati\/wp-json\/wp\/v2\/media?parent=2795"}],"wp:term":[{"taxonomy":"category","embeddable":true,"href":"https:\/\/www.article-marketing.eu\/comunicati\/wp-json\/wp\/v2\/categories?post=2795"},{"taxonomy":"post_tag","embeddable":true,"href":"https:\/\/www.article-marketing.eu\/comunicati\/wp-json\/wp\/v2\/tags?post=2795"}],"curies":[{"name":"wp","href":"https:\/\/api.w.org\/{rel}","templated":true}]}}