{"id":28021,"date":"2012-07-11T10:27:09","date_gmt":"2012-07-11T08:27:09","guid":{"rendered":"http:\/\/www.article-marketing.eu\/comunicati\/senza-categoria\/barreca-and-la-varra-questioni-di-facciata\/"},"modified":"2012-07-11T10:27:09","modified_gmt":"2012-07-11T08:27:09","slug":"barreca-and-la-varra-questioni-di-facciata","status":"publish","type":"post","link":"https:\/\/www.article-marketing.eu\/comunicati\/arte-e-cultura\/barreca-and-la-varra-questioni-di-facciata\/","title":{"rendered":"Barreca &#038; La Varra Questioni di facciata"},"content":{"rendered":"<p><strong style=\"margin: 0px; padding: 0px; border: 0px; outline: 0px; vertical-align: baseline; background-color: transparent;\">Barreca &amp; La Varra. Questioni di facciata<\/strong><br \/>A cura di Moreno Gentili<br \/>Editore Skira<br \/>Il volume indaga l&rsquo;evoluzione di una delle parti della citt&agrave; su cui si &egrave; spesso lavorato creando una urbanizzazione generica e confusa, priva di qualit&agrave;: la <strong style=\"margin: 0px; padding: 0px; border: 0px; outline: 0px; vertical-align: baseline; background-color: transparent;\">facciata degli edifici<\/strong>. La facciata &egrave; un indizio per comprendere la natura di un edificio. &Egrave; in questo sottile diaframma che si rappresentano questioni di progetto quali la tecnica e il simbolico, la materia e il disegno, le regole e le istanze prestazionali, le procedure e gli imprevisti. Nessuna altra parte dell&rsquo;edificio vive la condizione ambigua di essere parte della struttura architettonica e della citt&agrave;. La natura della facciata &egrave; sempre pubblica, la sua vocazione &egrave; necessariamente collettiva.<br \/>Continua a leggere su Alchimag: <a href=\"http:\/\/www.alchimag.net\/2012\/07\/10\/barreca-la-varra-questioni-di-facciata\/\">http:\/\/www.alchimag.net\/2012\/07\/10\/barreca-la-varra-questioni-di-facciata\/<\/a><\/p>\n<p><strong style=\"margin: 0px; padding: 0px; border: 0px; outline: 0px; vertical-align: baseline; background-color: transparent;\">Barreca &amp; La Varra. Questioni di facciata<\/strong><br \/>A cura di Moreno Gentili<br \/>Editore Skira<br \/>Il volume indaga l&rsquo;evoluzione di una delle parti della citt&agrave; su cui si &egrave; spesso lavorato creando una urbanizzazione generica e confusa, priva di qualit&agrave;: la <strong style=\"margin: 0px; padding: 0px; border: 0px; outline: 0px; vertical-align: baseline; background-color: transparent;\">facciata degli edifici<\/strong>. La facciata &egrave; un indizio per comprendere la natura di un edificio. &Egrave; in questo sottile diaframma che si rappresentano questioni di progetto quali la tecnica e il simbolico, la materia e il disegno, le regole e le istanze prestazionali, le procedure e gli imprevisti. Nessuna altra parte dell&rsquo;edificio vive la condizione ambigua di essere parte della struttura architettonica e della citt&agrave;. La natura della facciata &egrave; sempre pubblica, la sua vocazione &egrave; necessariamente collettiva.<br \/>Continua a leggere su Alchimag: http:\/\/www.alchimag.net\/2012\/07\/10\/barreca-la-varra-questioni-di-facciata\/<\/p>\n<p><strong style=\"margin: 0px; padding: 0px; border: 0px; outline: 0px; vertical-align: baseline; background-color: transparent;\">Barreca &amp; La Varra. Questioni di facciata<\/strong><br \/>A cura di Moreno Gentili<br \/>Editore Skira<br \/>Il volume indaga l&rsquo;evoluzione di una delle parti della citt&agrave; su cui si &egrave; spesso lavorato creando una urbanizzazione generica e confusa, priva di qualit&agrave;: la <strong style=\"margin: 0px; padding: 0px; border: 0px; outline: 0px; vertical-align: baseline; background-color: transparent;\">facciata degli edifici<\/strong>. La facciata &egrave; un indizio per comprendere la natura di un edificio. &Egrave; in questo sottile diaframma che si rappresentano questioni di progetto quali la tecnica e il simbolico, la materia e il disegno, le regole e le istanze prestazionali, le procedure e gli imprevisti. Nessuna altra parte dell&rsquo;edificio vive la condizione ambigua di essere parte della struttura architettonica e della citt&agrave;. La natura della facciata &egrave; sempre pubblica, la sua vocazione &egrave; necessariamente collettiva.<br \/>Continua a leggere su Alchimag: http:\/\/www.alchimag.net\/2012\/07\/10\/barreca-la-varra-questioni-di-facciata\/<\/p>\n<p><strong style=\"margin: 0px; padding: 0px; border: 0px; outline: 0px; vertical-align: baseline; background-color: transparent;\">Barreca &amp; La Varra. Questioni di facciata<\/strong><br \/>A cura di Moreno Gentili<br \/>Editore Skira<br \/>Il volume indaga l&rsquo;evoluzione di una delle parti della citt&agrave; su cui si &egrave; spesso lavorato creando una urbanizzazione generica e confusa, priva di qualit&agrave;: la <strong style=\"margin: 0px; padding: 0px; border: 0px; outline: 0px; vertical-align: baseline; background-color: transparent;\">facciata degli edifici<\/strong>. La facciata &egrave; un indizio per comprendere la natura di un edificio. &Egrave; in questo sottile diaframma che si rappresentano questioni di progetto quali la tecnica e il simbolico, la materia e il disegno, le regole e le istanze prestazionali, le procedure e gli imprevisti. Nessuna altra parte dell&rsquo;edificio vive la condizione ambigua di essere parte della struttura architettonica e della citt&agrave;. La natura della facciata &egrave; sempre pubblica, la sua vocazione &egrave; necessariamente collettiva.<br \/>Continua a leggere su Alchimag: http:\/\/www.alchimag.net\/2012\/07\/10\/barreca-la-varra-questioni-di-facciata\/<\/p>\n<p><strong style=\"margin: 0px; padding: 0px; border: 0px; outline: 0px; vertical-align: baseline; background-color: transparent;\">Barreca &amp; La Varra. Questioni di facciata<\/strong><br \/>A cura di Moreno Gentili<br \/>Editore Skira<br \/>Il volume indaga l&rsquo;evoluzione di una delle parti della citt&agrave; su cui si &egrave; spesso lavorato creando una urbanizzazione generica e confusa, priva di qualit&agrave;: la <strong style=\"margin: 0px; padding: 0px; border: 0px; outline: 0px; vertical-align: baseline; background-color: transparent;\">facciata degli edifici<\/strong>. La facciata &egrave; un indizio per comprendere la natura di un edificio. &Egrave; in questo sottile diaframma che si rappresentano questioni di progetto quali la tecnica e il simbolico, la materia e il disegno, le regole e le istanze prestazionali, le procedure e gli imprevisti. Nessuna altra parte dell&rsquo;edificio vive la condizione ambigua di essere parte della struttura architettonica e della citt&agrave;. La natura della facciata &egrave; sempre pubblica, la sua vocazione &egrave; necessariamente collettiva.<br \/>Continua a leggere su Alchimag: http:\/\/www.alchimag.net\/2012\/07\/10\/barreca-la-varra-questioni-di-facciata\/<\/p>\n","protected":false},"excerpt":{"rendered":"<p>Il volume indaga l\u2019evoluzione di una delle parti della citt\u00e0 su cui si \u00e8 spesso lavorato creando una urbanizzazione generica e confusa, priva di qualit\u00e0: la facciata degli edifici.<\/p>\n","protected":false},"author":10,"featured_media":0,"comment_status":"open","ping_status":"open","sticky":false,"template":"","format":"standard","meta":{"cybocfi_hide_featured_image":"","footnotes":""},"categories":[27],"tags":[36102,37111,37114,37112,37113],"class_list":["post-28021","post","type-post","status-publish","format-standard","hentry","category-arte-e-cultura","tag-alchimag","tag-barreca-la-varra-questioni-di-facciata","tag-editore-skira","tag-facciata-edifici","tag-moreno-gentili"],"yoast_head":"<!-- This site is optimized with the Yoast SEO plugin v27.0 - https:\/\/yoast.com\/product\/yoast-seo-wordpress\/ -->\n<title>Barreca &amp; La Varra Questioni di facciata - Article Marketing<\/title>\n<meta name=\"robots\" content=\"index, follow, max-snippet:-1, max-image-preview:large, max-video-preview:-1\" \/>\n<link rel=\"canonical\" href=\"https:\/\/www.article-marketing.eu\/comunicati\/arte-e-cultura\/barreca-and-la-varra-questioni-di-facciata\/\" \/>\n<meta property=\"og:locale\" content=\"it_IT\" \/>\n<meta property=\"og:type\" content=\"article\" \/>\n<meta property=\"og:title\" content=\"Barreca &amp; La Varra Questioni di facciata - Article Marketing\" \/>\n<meta property=\"og:description\" content=\"Il volume indaga l\u2019evoluzione di una delle parti della citt\u00e0 su cui si \u00e8 spesso lavorato creando una urbanizzazione generica e confusa, priva di qualit\u00e0: la facciata degli edifici.\" \/>\n<meta property=\"og:url\" content=\"https:\/\/www.article-marketing.eu\/comunicati\/arte-e-cultura\/barreca-and-la-varra-questioni-di-facciata\/\" \/>\n<meta property=\"og:site_name\" content=\"Article Marketing\" \/>\n<meta property=\"article:published_time\" content=\"2012-07-11T08:27:09+00:00\" \/>\n<meta name=\"author\" content=\"Redazione Comunicati Stampa\" \/>\n<meta name=\"twitter:card\" content=\"summary_large_image\" \/>\n<meta name=\"twitter:label1\" content=\"Scritto da\" \/>\n\t<meta name=\"twitter:data1\" content=\"Redazione Comunicati Stampa\" \/>\n\t<meta name=\"twitter:label2\" content=\"Tempo di lettura stimato\" \/>\n\t<meta name=\"twitter:data2\" content=\"3 minuti\" \/>\n<script type=\"application\/ld+json\" class=\"yoast-schema-graph\">{\"@context\":\"https:\/\/schema.org\",\"@graph\":[{\"@type\":\"Article\",\"@id\":\"https:\/\/www.article-marketing.eu\/comunicati\/arte-e-cultura\/barreca-and-la-varra-questioni-di-facciata\/#article\",\"isPartOf\":{\"@id\":\"https:\/\/www.article-marketing.eu\/comunicati\/arte-e-cultura\/barreca-and-la-varra-questioni-di-facciata\/\"},\"author\":{\"name\":\"Redazione Comunicati Stampa\",\"@id\":\"https:\/\/www.article-marketing.eu\/comunicati\/#\/schema\/person\/44372e4d4d0fa797b18e03ed1ace9017\"},\"headline\":\"Barreca &#038; La Varra Questioni di facciata\",\"datePublished\":\"2012-07-11T08:27:09+00:00\",\"mainEntityOfPage\":{\"@id\":\"https:\/\/www.article-marketing.eu\/comunicati\/arte-e-cultura\/barreca-and-la-varra-questioni-di-facciata\/\"},\"wordCount\":671,\"commentCount\":0,\"keywords\":[\"Alchimag\",\"Barreca &amp; La Varra. Questioni di facciata\",\"Editore Skira\",\"Facciata edifici\",\"Moreno Gentili\"],\"articleSection\":[\"Arte e cultura\"],\"inLanguage\":\"it-IT\",\"potentialAction\":[{\"@type\":\"CommentAction\",\"name\":\"Comment\",\"target\":[\"https:\/\/www.article-marketing.eu\/comunicati\/arte-e-cultura\/barreca-and-la-varra-questioni-di-facciata\/#respond\"]}]},{\"@type\":\"WebPage\",\"@id\":\"https:\/\/www.article-marketing.eu\/comunicati\/arte-e-cultura\/barreca-and-la-varra-questioni-di-facciata\/\",\"url\":\"https:\/\/www.article-marketing.eu\/comunicati\/arte-e-cultura\/barreca-and-la-varra-questioni-di-facciata\/\",\"name\":\"Barreca & La Varra Questioni di facciata - Article Marketing\",\"isPartOf\":{\"@id\":\"https:\/\/www.article-marketing.eu\/comunicati\/#website\"},\"datePublished\":\"2012-07-11T08:27:09+00:00\",\"author\":{\"@id\":\"https:\/\/www.article-marketing.eu\/comunicati\/#\/schema\/person\/44372e4d4d0fa797b18e03ed1ace9017\"},\"breadcrumb\":{\"@id\":\"https:\/\/www.article-marketing.eu\/comunicati\/arte-e-cultura\/barreca-and-la-varra-questioni-di-facciata\/#breadcrumb\"},\"inLanguage\":\"it-IT\",\"potentialAction\":[{\"@type\":\"ReadAction\",\"target\":[\"https:\/\/www.article-marketing.eu\/comunicati\/arte-e-cultura\/barreca-and-la-varra-questioni-di-facciata\/\"]}]},{\"@type\":\"BreadcrumbList\",\"@id\":\"https:\/\/www.article-marketing.eu\/comunicati\/arte-e-cultura\/barreca-and-la-varra-questioni-di-facciata\/#breadcrumb\",\"itemListElement\":[{\"@type\":\"ListItem\",\"position\":1,\"name\":\"Home\",\"item\":\"https:\/\/www.article-marketing.eu\/comunicati\/\"},{\"@type\":\"ListItem\",\"position\":2,\"name\":\"Barreca &#038; La Varra Questioni di facciata\"}]},{\"@type\":\"WebSite\",\"@id\":\"https:\/\/www.article-marketing.eu\/comunicati\/#website\",\"url\":\"https:\/\/www.article-marketing.eu\/comunicati\/\",\"name\":\"Article Marketing\",\"description\":\"article marketing &amp; press release\",\"potentialAction\":[{\"@type\":\"SearchAction\",\"target\":{\"@type\":\"EntryPoint\",\"urlTemplate\":\"https:\/\/www.article-marketing.eu\/comunicati\/?s={search_term_string}\"},\"query-input\":{\"@type\":\"PropertyValueSpecification\",\"valueRequired\":true,\"valueName\":\"search_term_string\"}}],\"inLanguage\":\"it-IT\"},{\"@type\":\"Person\",\"@id\":\"https:\/\/www.article-marketing.eu\/comunicati\/#\/schema\/person\/44372e4d4d0fa797b18e03ed1ace9017\",\"name\":\"Redazione Comunicati Stampa\",\"image\":{\"@type\":\"ImageObject\",\"inLanguage\":\"it-IT\",\"@id\":\"https:\/\/www.article-marketing.eu\/comunicati\/#\/schema\/person\/image\/\",\"url\":\"https:\/\/secure.gravatar.com\/avatar\/50e5c6421d3072f42e7ace803501602c60d75233d34e29fd05feb91c8760b792?s=96&d=mm&r=g\",\"contentUrl\":\"https:\/\/secure.gravatar.com\/avatar\/50e5c6421d3072f42e7ace803501602c60d75233d34e29fd05feb91c8760b792?s=96&d=mm&r=g\",\"caption\":\"Redazione Comunicati Stampa\"},\"url\":\"https:\/\/www.article-marketing.eu\/comunicati\/author\/redazione-comunicati-stampa\/\"}]}<\/script>\n<!-- \/ Yoast SEO plugin. -->","yoast_head_json":{"title":"Barreca & La Varra Questioni di facciata - Article Marketing","robots":{"index":"index","follow":"follow","max-snippet":"max-snippet:-1","max-image-preview":"max-image-preview:large","max-video-preview":"max-video-preview:-1"},"canonical":"https:\/\/www.article-marketing.eu\/comunicati\/arte-e-cultura\/barreca-and-la-varra-questioni-di-facciata\/","og_locale":"it_IT","og_type":"article","og_title":"Barreca & La Varra Questioni di facciata - Article Marketing","og_description":"Il volume indaga l\u2019evoluzione di una delle parti della citt\u00e0 su cui si \u00e8 spesso lavorato creando una urbanizzazione generica e confusa, priva di qualit\u00e0: la facciata degli edifici.","og_url":"https:\/\/www.article-marketing.eu\/comunicati\/arte-e-cultura\/barreca-and-la-varra-questioni-di-facciata\/","og_site_name":"Article Marketing","article_published_time":"2012-07-11T08:27:09+00:00","author":"Redazione Comunicati Stampa","twitter_card":"summary_large_image","twitter_misc":{"Scritto da":"Redazione Comunicati Stampa","Tempo di lettura stimato":"3 minuti"},"schema":{"@context":"https:\/\/schema.org","@graph":[{"@type":"Article","@id":"https:\/\/www.article-marketing.eu\/comunicati\/arte-e-cultura\/barreca-and-la-varra-questioni-di-facciata\/#article","isPartOf":{"@id":"https:\/\/www.article-marketing.eu\/comunicati\/arte-e-cultura\/barreca-and-la-varra-questioni-di-facciata\/"},"author":{"name":"Redazione Comunicati Stampa","@id":"https:\/\/www.article-marketing.eu\/comunicati\/#\/schema\/person\/44372e4d4d0fa797b18e03ed1ace9017"},"headline":"Barreca &#038; La Varra Questioni di facciata","datePublished":"2012-07-11T08:27:09+00:00","mainEntityOfPage":{"@id":"https:\/\/www.article-marketing.eu\/comunicati\/arte-e-cultura\/barreca-and-la-varra-questioni-di-facciata\/"},"wordCount":671,"commentCount":0,"keywords":["Alchimag","Barreca &amp; La Varra. Questioni di facciata","Editore Skira","Facciata edifici","Moreno Gentili"],"articleSection":["Arte e cultura"],"inLanguage":"it-IT","potentialAction":[{"@type":"CommentAction","name":"Comment","target":["https:\/\/www.article-marketing.eu\/comunicati\/arte-e-cultura\/barreca-and-la-varra-questioni-di-facciata\/#respond"]}]},{"@type":"WebPage","@id":"https:\/\/www.article-marketing.eu\/comunicati\/arte-e-cultura\/barreca-and-la-varra-questioni-di-facciata\/","url":"https:\/\/www.article-marketing.eu\/comunicati\/arte-e-cultura\/barreca-and-la-varra-questioni-di-facciata\/","name":"Barreca & La Varra Questioni di facciata - Article Marketing","isPartOf":{"@id":"https:\/\/www.article-marketing.eu\/comunicati\/#website"},"datePublished":"2012-07-11T08:27:09+00:00","author":{"@id":"https:\/\/www.article-marketing.eu\/comunicati\/#\/schema\/person\/44372e4d4d0fa797b18e03ed1ace9017"},"breadcrumb":{"@id":"https:\/\/www.article-marketing.eu\/comunicati\/arte-e-cultura\/barreca-and-la-varra-questioni-di-facciata\/#breadcrumb"},"inLanguage":"it-IT","potentialAction":[{"@type":"ReadAction","target":["https:\/\/www.article-marketing.eu\/comunicati\/arte-e-cultura\/barreca-and-la-varra-questioni-di-facciata\/"]}]},{"@type":"BreadcrumbList","@id":"https:\/\/www.article-marketing.eu\/comunicati\/arte-e-cultura\/barreca-and-la-varra-questioni-di-facciata\/#breadcrumb","itemListElement":[{"@type":"ListItem","position":1,"name":"Home","item":"https:\/\/www.article-marketing.eu\/comunicati\/"},{"@type":"ListItem","position":2,"name":"Barreca &#038; La Varra Questioni di facciata"}]},{"@type":"WebSite","@id":"https:\/\/www.article-marketing.eu\/comunicati\/#website","url":"https:\/\/www.article-marketing.eu\/comunicati\/","name":"Article Marketing","description":"article marketing &amp; press release","potentialAction":[{"@type":"SearchAction","target":{"@type":"EntryPoint","urlTemplate":"https:\/\/www.article-marketing.eu\/comunicati\/?s={search_term_string}"},"query-input":{"@type":"PropertyValueSpecification","valueRequired":true,"valueName":"search_term_string"}}],"inLanguage":"it-IT"},{"@type":"Person","@id":"https:\/\/www.article-marketing.eu\/comunicati\/#\/schema\/person\/44372e4d4d0fa797b18e03ed1ace9017","name":"Redazione Comunicati Stampa","image":{"@type":"ImageObject","inLanguage":"it-IT","@id":"https:\/\/www.article-marketing.eu\/comunicati\/#\/schema\/person\/image\/","url":"https:\/\/secure.gravatar.com\/avatar\/50e5c6421d3072f42e7ace803501602c60d75233d34e29fd05feb91c8760b792?s=96&d=mm&r=g","contentUrl":"https:\/\/secure.gravatar.com\/avatar\/50e5c6421d3072f42e7ace803501602c60d75233d34e29fd05feb91c8760b792?s=96&d=mm&r=g","caption":"Redazione Comunicati Stampa"},"url":"https:\/\/www.article-marketing.eu\/comunicati\/author\/redazione-comunicati-stampa\/"}]}},"_links":{"self":[{"href":"https:\/\/www.article-marketing.eu\/comunicati\/wp-json\/wp\/v2\/posts\/28021","targetHints":{"allow":["GET"]}}],"collection":[{"href":"https:\/\/www.article-marketing.eu\/comunicati\/wp-json\/wp\/v2\/posts"}],"about":[{"href":"https:\/\/www.article-marketing.eu\/comunicati\/wp-json\/wp\/v2\/types\/post"}],"author":[{"embeddable":true,"href":"https:\/\/www.article-marketing.eu\/comunicati\/wp-json\/wp\/v2\/users\/10"}],"replies":[{"embeddable":true,"href":"https:\/\/www.article-marketing.eu\/comunicati\/wp-json\/wp\/v2\/comments?post=28021"}],"version-history":[{"count":0,"href":"https:\/\/www.article-marketing.eu\/comunicati\/wp-json\/wp\/v2\/posts\/28021\/revisions"}],"wp:attachment":[{"href":"https:\/\/www.article-marketing.eu\/comunicati\/wp-json\/wp\/v2\/media?parent=28021"}],"wp:term":[{"taxonomy":"category","embeddable":true,"href":"https:\/\/www.article-marketing.eu\/comunicati\/wp-json\/wp\/v2\/categories?post=28021"},{"taxonomy":"post_tag","embeddable":true,"href":"https:\/\/www.article-marketing.eu\/comunicati\/wp-json\/wp\/v2\/tags?post=28021"}],"curies":[{"name":"wp","href":"https:\/\/api.w.org\/{rel}","templated":true}]}}