{"id":2806,"date":"2009-09-20T18:51:26","date_gmt":"2009-09-20T16:51:26","guid":{"rendered":"http:\/\/www.article-marketing.eu\/comunicati\/senza-categoria\/infuenza-a-e-integratori-alimentari-1\/"},"modified":"2009-09-20T18:51:26","modified_gmt":"2009-09-20T16:51:26","slug":"infuenza-a-e-integratori-alimentari-1","status":"publish","type":"post","link":"https:\/\/www.article-marketing.eu\/comunicati\/ambiente\/natura\/infuenza-a-e-integratori-alimentari-1\/","title":{"rendered":"Infuenza A e Integratori Alimentari (1)"},"content":{"rendered":"<p>Si parla troppo e forse a sproposito di questa famigerata, stra pubblicizzata <strong>Influenza A<\/strong> ( o suina ). E  la prima volta che vediamo un cos\u00ec massiccio impiego di mezzi di informazione allo scopo di  proteggerci  da questa emergenza, che poi tanto emergenza non \u00e8. Vengono usati termini come <strong>pandemia<\/strong>, diffusione globale e i governi (ma guarda un p\u00f2) spendono milioni dei ns soldi, per salvarci e\/o proteggerci da questa temibilissima influenza. Ci sarebbe da ringraziarli per questa premura nei nostri confronti, sennonch\u00e8 piano piano sta emergendo una diversa visione e una diversa verit\u00e0. Digitate su google o youtube le parole <strong>Influenza Suina H1N1<\/strong> e ne leggerete e vedrete delle belle. Sono sempre maggiori le smentite sulla reale pericolosit\u00e0 di questo virus, per fortuna la maggior parte delle persone che hanno contratto il virus, in luoghi civili, con <strong>adeguate cure<\/strong> e senza gravi problematiche di salute preesistenti, ne sono usciti sani e arzilli in 3 giorni 3 (spaventoso non \u00e8 vero&#8217;) <img decoding=\"async\" class=\"wp-smiley\" alt=\":)\" src=\"http:\/\/s.wordpress.com\/wp-includes\/images\/smilies\/icon_smile.gif\" \/><\/p>\n<p>Non voglio stare qui a dissertare sui motivi economici, lobby farmaceutiche o potenziali <strong>complotti globali<\/strong>, che forse hanno creato ad arte  tutto questo marasma, per quello ci sono altri blog e siti che se ne occupano (forse anche troppi), ma bens\u00ec oltre a dare 2 dati statistici veri, a proporre  una <strong>soluzione alternativa<\/strong> alle paure di prendere questa famigerata <strong>influenza A<\/strong>.<\/p>\n<p><strong>I DATI REALI<\/strong><\/p>\n<p>Ad Oggi 09\/09\/2009 in tutto il mondo sono stati accertati circa 1500 decessi; Numero impressionante, ma lo diventa molto meno se paragonato ai decessi annui per altre cause. Vi elenco le principali:<\/p>\n<ol>\n<li>\n  Fumo (anche passivo):  3.000.000 di decessi annui (fonte OMS)\n  <\/li>\n<li>\n  Inquinamento:                  800.000 decessi annui ( fonte OMS)\n  <\/li>\n<li>\n  Inquinamento in casa\/lavoro: 1.500.000 decessi annui ( fonte OMS)\n  <\/li>\n<li>\n  Incidenti stradali:            1.200.000 decessi annui ( fonte OMS)\n  <\/li>\n<li>\n  Alcool:                              200.000 decessi ( fonte OMS)\n  <\/li>\n<\/ol>\n<p class=\"mceTemp\" align=\"justify\">La cosa bella \u00e8 scoprire che nel mondo si muore molto per cause  a norma di legge   legali  e approvate. E  bello morire legalmente. <img decoding=\"async\" class=\"wp-smiley\" alt=\":)\" src=\"http:\/\/s.wordpress.com\/wp-includes\/images\/smilies\/icon_smile.gif\" \/>\n<\/p>\n<p class=\"mceTemp\" align=\"justify\">Quindi la pericolosit\u00e0 e la virulenza di questa nuova (nuova o riciclata&#8217;) influenza pare ridimensionata. Non arriver\u00e0 mai e poi mai ai 50 milioni di morti della tristemente famosa <strong>influenza spagnola<\/strong>.\n<\/p>\n<p class=\"mceTemp\" align=\"justify\"><strong>Perch\u00e8&#8217;<\/strong>\n<\/p>\n<p class=\"mceTemp\" align=\"justify\">Perch\u00e8 non \u00e8 il 1918, non \u00e8  appena finita la 1a guerra mondiale, non c \u00e8 fame e deperimento fisico e psichico (su questo ci sarebbe da fare 100 articoli)  nelle popolazioni ma sopratutto perch\u00e8 ci laviamo, esiste l acqua corrente e l igiene \u00e8 decisamente migliorata negli ultimi 100 anni. Questo,  almeno nel cos\u00ec detto  Mondo Civile &#038;  Ma il resto del mondo&#8221;&#038; Segue<\/p>\n","protected":false},"excerpt":{"rendered":"<p>Si parla troppo e forse a sproposito di questa famigerata, stra pubblicizzata Influenza A ( o suina ). E  la prima volta che vediamo un cos\u00ec massiccio impiego di mezzi di informazione allo scopo di  proteggerci  da questa emergenza, che poi tanto emergenza non \u00e8.<\/p>\n","protected":false},"author":10,"featured_media":0,"comment_status":"open","ping_status":"open","sticky":false,"template":"","format":"standard","meta":{"cybocfi_hide_featured_image":"","footnotes":""},"categories":[92],"tags":[],"class_list":["post-2806","post","type-post","status-publish","format-standard","hentry","category-natura"],"yoast_head":"<!-- This site is optimized with the Yoast SEO plugin v27.0 - https:\/\/yoast.com\/product\/yoast-seo-wordpress\/ -->\n<title>Infuenza A e Integratori Alimentari (1) - Article Marketing<\/title>\n<meta name=\"robots\" content=\"index, follow, max-snippet:-1, max-image-preview:large, max-video-preview:-1\" \/>\n<link rel=\"canonical\" href=\"https:\/\/www.article-marketing.eu\/comunicati\/ambiente\/natura\/infuenza-a-e-integratori-alimentari-1\/\" \/>\n<meta property=\"og:locale\" content=\"it_IT\" \/>\n<meta property=\"og:type\" content=\"article\" \/>\n<meta property=\"og:title\" content=\"Infuenza A e Integratori Alimentari (1) - Article Marketing\" \/>\n<meta property=\"og:description\" content=\"Si parla troppo e forse a sproposito di questa famigerata, stra pubblicizzata Influenza A ( o suina ). E la prima volta che vediamo un cos\u00ec massiccio impiego di mezzi di informazione allo scopo di proteggerci da questa emergenza, che poi tanto emergenza non \u00e8.\" \/>\n<meta property=\"og:url\" content=\"https:\/\/www.article-marketing.eu\/comunicati\/ambiente\/natura\/infuenza-a-e-integratori-alimentari-1\/\" \/>\n<meta property=\"og:site_name\" content=\"Article Marketing\" \/>\n<meta property=\"article:published_time\" content=\"2009-09-20T16:51:26+00:00\" \/>\n<meta property=\"og:image\" content=\"http:\/\/s.wordpress.com\/wp-includes\/images\/smilies\/icon_smile.gif\" \/>\n<meta name=\"author\" content=\"Redazione Comunicati Stampa\" \/>\n<meta name=\"twitter:card\" content=\"summary_large_image\" \/>\n<meta name=\"twitter:label1\" content=\"Scritto da\" \/>\n\t<meta name=\"twitter:data1\" content=\"Redazione Comunicati Stampa\" \/>\n\t<meta name=\"twitter:label2\" content=\"Tempo di lettura stimato\" \/>\n\t<meta name=\"twitter:data2\" content=\"2 minuti\" \/>\n<script type=\"application\/ld+json\" class=\"yoast-schema-graph\">{\"@context\":\"https:\/\/schema.org\",\"@graph\":[{\"@type\":\"Article\",\"@id\":\"https:\/\/www.article-marketing.eu\/comunicati\/ambiente\/natura\/infuenza-a-e-integratori-alimentari-1\/#article\",\"isPartOf\":{\"@id\":\"https:\/\/www.article-marketing.eu\/comunicati\/ambiente\/natura\/infuenza-a-e-integratori-alimentari-1\/\"},\"author\":{\"name\":\"Redazione Comunicati Stampa\",\"@id\":\"https:\/\/www.article-marketing.eu\/comunicati\/#\/schema\/person\/44372e4d4d0fa797b18e03ed1ace9017\"},\"headline\":\"Infuenza A e Integratori Alimentari (1)\",\"datePublished\":\"2009-09-20T16:51:26+00:00\",\"mainEntityOfPage\":{\"@id\":\"https:\/\/www.article-marketing.eu\/comunicati\/ambiente\/natura\/infuenza-a-e-integratori-alimentari-1\/\"},\"wordCount\":398,\"commentCount\":0,\"image\":{\"@id\":\"https:\/\/www.article-marketing.eu\/comunicati\/ambiente\/natura\/infuenza-a-e-integratori-alimentari-1\/#primaryimage\"},\"thumbnailUrl\":\"http:\/\/s.wordpress.com\/wp-includes\/images\/smilies\/icon_smile.gif\",\"articleSection\":[\"Natura\"],\"inLanguage\":\"it-IT\",\"potentialAction\":[{\"@type\":\"CommentAction\",\"name\":\"Comment\",\"target\":[\"https:\/\/www.article-marketing.eu\/comunicati\/ambiente\/natura\/infuenza-a-e-integratori-alimentari-1\/#respond\"]}]},{\"@type\":\"WebPage\",\"@id\":\"https:\/\/www.article-marketing.eu\/comunicati\/ambiente\/natura\/infuenza-a-e-integratori-alimentari-1\/\",\"url\":\"https:\/\/www.article-marketing.eu\/comunicati\/ambiente\/natura\/infuenza-a-e-integratori-alimentari-1\/\",\"name\":\"Infuenza A e Integratori Alimentari (1) - Article Marketing\",\"isPartOf\":{\"@id\":\"https:\/\/www.article-marketing.eu\/comunicati\/#website\"},\"primaryImageOfPage\":{\"@id\":\"https:\/\/www.article-marketing.eu\/comunicati\/ambiente\/natura\/infuenza-a-e-integratori-alimentari-1\/#primaryimage\"},\"image\":{\"@id\":\"https:\/\/www.article-marketing.eu\/comunicati\/ambiente\/natura\/infuenza-a-e-integratori-alimentari-1\/#primaryimage\"},\"thumbnailUrl\":\"http:\/\/s.wordpress.com\/wp-includes\/images\/smilies\/icon_smile.gif\",\"datePublished\":\"2009-09-20T16:51:26+00:00\",\"author\":{\"@id\":\"https:\/\/www.article-marketing.eu\/comunicati\/#\/schema\/person\/44372e4d4d0fa797b18e03ed1ace9017\"},\"breadcrumb\":{\"@id\":\"https:\/\/www.article-marketing.eu\/comunicati\/ambiente\/natura\/infuenza-a-e-integratori-alimentari-1\/#breadcrumb\"},\"inLanguage\":\"it-IT\",\"potentialAction\":[{\"@type\":\"ReadAction\",\"target\":[\"https:\/\/www.article-marketing.eu\/comunicati\/ambiente\/natura\/infuenza-a-e-integratori-alimentari-1\/\"]}]},{\"@type\":\"ImageObject\",\"inLanguage\":\"it-IT\",\"@id\":\"https:\/\/www.article-marketing.eu\/comunicati\/ambiente\/natura\/infuenza-a-e-integratori-alimentari-1\/#primaryimage\",\"url\":\"http:\/\/s.wordpress.com\/wp-includes\/images\/smilies\/icon_smile.gif\",\"contentUrl\":\"http:\/\/s.wordpress.com\/wp-includes\/images\/smilies\/icon_smile.gif\"},{\"@type\":\"BreadcrumbList\",\"@id\":\"https:\/\/www.article-marketing.eu\/comunicati\/ambiente\/natura\/infuenza-a-e-integratori-alimentari-1\/#breadcrumb\",\"itemListElement\":[{\"@type\":\"ListItem\",\"position\":1,\"name\":\"Home\",\"item\":\"https:\/\/www.article-marketing.eu\/comunicati\/\"},{\"@type\":\"ListItem\",\"position\":2,\"name\":\"Infuenza A e Integratori Alimentari (1)\"}]},{\"@type\":\"WebSite\",\"@id\":\"https:\/\/www.article-marketing.eu\/comunicati\/#website\",\"url\":\"https:\/\/www.article-marketing.eu\/comunicati\/\",\"name\":\"Article Marketing\",\"description\":\"article marketing &amp; press release\",\"potentialAction\":[{\"@type\":\"SearchAction\",\"target\":{\"@type\":\"EntryPoint\",\"urlTemplate\":\"https:\/\/www.article-marketing.eu\/comunicati\/?s={search_term_string}\"},\"query-input\":{\"@type\":\"PropertyValueSpecification\",\"valueRequired\":true,\"valueName\":\"search_term_string\"}}],\"inLanguage\":\"it-IT\"},{\"@type\":\"Person\",\"@id\":\"https:\/\/www.article-marketing.eu\/comunicati\/#\/schema\/person\/44372e4d4d0fa797b18e03ed1ace9017\",\"name\":\"Redazione Comunicati Stampa\",\"image\":{\"@type\":\"ImageObject\",\"inLanguage\":\"it-IT\",\"@id\":\"https:\/\/www.article-marketing.eu\/comunicati\/#\/schema\/person\/image\/\",\"url\":\"https:\/\/secure.gravatar.com\/avatar\/50e5c6421d3072f42e7ace803501602c60d75233d34e29fd05feb91c8760b792?s=96&d=mm&r=g\",\"contentUrl\":\"https:\/\/secure.gravatar.com\/avatar\/50e5c6421d3072f42e7ace803501602c60d75233d34e29fd05feb91c8760b792?s=96&d=mm&r=g\",\"caption\":\"Redazione Comunicati Stampa\"},\"url\":\"https:\/\/www.article-marketing.eu\/comunicati\/author\/redazione-comunicati-stampa\/\"}]}<\/script>\n<!-- \/ Yoast SEO plugin. -->","yoast_head_json":{"title":"Infuenza A e Integratori Alimentari (1) - Article Marketing","robots":{"index":"index","follow":"follow","max-snippet":"max-snippet:-1","max-image-preview":"max-image-preview:large","max-video-preview":"max-video-preview:-1"},"canonical":"https:\/\/www.article-marketing.eu\/comunicati\/ambiente\/natura\/infuenza-a-e-integratori-alimentari-1\/","og_locale":"it_IT","og_type":"article","og_title":"Infuenza A e Integratori Alimentari (1) - Article Marketing","og_description":"Si parla troppo e forse a sproposito di questa famigerata, stra pubblicizzata Influenza A ( o suina ). E la prima volta che vediamo un cos\u00ec massiccio impiego di mezzi di informazione allo scopo di proteggerci da questa emergenza, che poi tanto emergenza non \u00e8.","og_url":"https:\/\/www.article-marketing.eu\/comunicati\/ambiente\/natura\/infuenza-a-e-integratori-alimentari-1\/","og_site_name":"Article Marketing","article_published_time":"2009-09-20T16:51:26+00:00","og_image":[{"url":"http:\/\/s.wordpress.com\/wp-includes\/images\/smilies\/icon_smile.gif","type":"","width":"","height":""}],"author":"Redazione Comunicati Stampa","twitter_card":"summary_large_image","twitter_misc":{"Scritto da":"Redazione Comunicati Stampa","Tempo di lettura stimato":"2 minuti"},"schema":{"@context":"https:\/\/schema.org","@graph":[{"@type":"Article","@id":"https:\/\/www.article-marketing.eu\/comunicati\/ambiente\/natura\/infuenza-a-e-integratori-alimentari-1\/#article","isPartOf":{"@id":"https:\/\/www.article-marketing.eu\/comunicati\/ambiente\/natura\/infuenza-a-e-integratori-alimentari-1\/"},"author":{"name":"Redazione Comunicati Stampa","@id":"https:\/\/www.article-marketing.eu\/comunicati\/#\/schema\/person\/44372e4d4d0fa797b18e03ed1ace9017"},"headline":"Infuenza A e Integratori Alimentari (1)","datePublished":"2009-09-20T16:51:26+00:00","mainEntityOfPage":{"@id":"https:\/\/www.article-marketing.eu\/comunicati\/ambiente\/natura\/infuenza-a-e-integratori-alimentari-1\/"},"wordCount":398,"commentCount":0,"image":{"@id":"https:\/\/www.article-marketing.eu\/comunicati\/ambiente\/natura\/infuenza-a-e-integratori-alimentari-1\/#primaryimage"},"thumbnailUrl":"http:\/\/s.wordpress.com\/wp-includes\/images\/smilies\/icon_smile.gif","articleSection":["Natura"],"inLanguage":"it-IT","potentialAction":[{"@type":"CommentAction","name":"Comment","target":["https:\/\/www.article-marketing.eu\/comunicati\/ambiente\/natura\/infuenza-a-e-integratori-alimentari-1\/#respond"]}]},{"@type":"WebPage","@id":"https:\/\/www.article-marketing.eu\/comunicati\/ambiente\/natura\/infuenza-a-e-integratori-alimentari-1\/","url":"https:\/\/www.article-marketing.eu\/comunicati\/ambiente\/natura\/infuenza-a-e-integratori-alimentari-1\/","name":"Infuenza A e Integratori Alimentari (1) - Article Marketing","isPartOf":{"@id":"https:\/\/www.article-marketing.eu\/comunicati\/#website"},"primaryImageOfPage":{"@id":"https:\/\/www.article-marketing.eu\/comunicati\/ambiente\/natura\/infuenza-a-e-integratori-alimentari-1\/#primaryimage"},"image":{"@id":"https:\/\/www.article-marketing.eu\/comunicati\/ambiente\/natura\/infuenza-a-e-integratori-alimentari-1\/#primaryimage"},"thumbnailUrl":"http:\/\/s.wordpress.com\/wp-includes\/images\/smilies\/icon_smile.gif","datePublished":"2009-09-20T16:51:26+00:00","author":{"@id":"https:\/\/www.article-marketing.eu\/comunicati\/#\/schema\/person\/44372e4d4d0fa797b18e03ed1ace9017"},"breadcrumb":{"@id":"https:\/\/www.article-marketing.eu\/comunicati\/ambiente\/natura\/infuenza-a-e-integratori-alimentari-1\/#breadcrumb"},"inLanguage":"it-IT","potentialAction":[{"@type":"ReadAction","target":["https:\/\/www.article-marketing.eu\/comunicati\/ambiente\/natura\/infuenza-a-e-integratori-alimentari-1\/"]}]},{"@type":"ImageObject","inLanguage":"it-IT","@id":"https:\/\/www.article-marketing.eu\/comunicati\/ambiente\/natura\/infuenza-a-e-integratori-alimentari-1\/#primaryimage","url":"http:\/\/s.wordpress.com\/wp-includes\/images\/smilies\/icon_smile.gif","contentUrl":"http:\/\/s.wordpress.com\/wp-includes\/images\/smilies\/icon_smile.gif"},{"@type":"BreadcrumbList","@id":"https:\/\/www.article-marketing.eu\/comunicati\/ambiente\/natura\/infuenza-a-e-integratori-alimentari-1\/#breadcrumb","itemListElement":[{"@type":"ListItem","position":1,"name":"Home","item":"https:\/\/www.article-marketing.eu\/comunicati\/"},{"@type":"ListItem","position":2,"name":"Infuenza A e Integratori Alimentari (1)"}]},{"@type":"WebSite","@id":"https:\/\/www.article-marketing.eu\/comunicati\/#website","url":"https:\/\/www.article-marketing.eu\/comunicati\/","name":"Article Marketing","description":"article marketing &amp; press release","potentialAction":[{"@type":"SearchAction","target":{"@type":"EntryPoint","urlTemplate":"https:\/\/www.article-marketing.eu\/comunicati\/?s={search_term_string}"},"query-input":{"@type":"PropertyValueSpecification","valueRequired":true,"valueName":"search_term_string"}}],"inLanguage":"it-IT"},{"@type":"Person","@id":"https:\/\/www.article-marketing.eu\/comunicati\/#\/schema\/person\/44372e4d4d0fa797b18e03ed1ace9017","name":"Redazione Comunicati Stampa","image":{"@type":"ImageObject","inLanguage":"it-IT","@id":"https:\/\/www.article-marketing.eu\/comunicati\/#\/schema\/person\/image\/","url":"https:\/\/secure.gravatar.com\/avatar\/50e5c6421d3072f42e7ace803501602c60d75233d34e29fd05feb91c8760b792?s=96&d=mm&r=g","contentUrl":"https:\/\/secure.gravatar.com\/avatar\/50e5c6421d3072f42e7ace803501602c60d75233d34e29fd05feb91c8760b792?s=96&d=mm&r=g","caption":"Redazione Comunicati Stampa"},"url":"https:\/\/www.article-marketing.eu\/comunicati\/author\/redazione-comunicati-stampa\/"}]}},"_links":{"self":[{"href":"https:\/\/www.article-marketing.eu\/comunicati\/wp-json\/wp\/v2\/posts\/2806","targetHints":{"allow":["GET"]}}],"collection":[{"href":"https:\/\/www.article-marketing.eu\/comunicati\/wp-json\/wp\/v2\/posts"}],"about":[{"href":"https:\/\/www.article-marketing.eu\/comunicati\/wp-json\/wp\/v2\/types\/post"}],"author":[{"embeddable":true,"href":"https:\/\/www.article-marketing.eu\/comunicati\/wp-json\/wp\/v2\/users\/10"}],"replies":[{"embeddable":true,"href":"https:\/\/www.article-marketing.eu\/comunicati\/wp-json\/wp\/v2\/comments?post=2806"}],"version-history":[{"count":0,"href":"https:\/\/www.article-marketing.eu\/comunicati\/wp-json\/wp\/v2\/posts\/2806\/revisions"}],"wp:attachment":[{"href":"https:\/\/www.article-marketing.eu\/comunicati\/wp-json\/wp\/v2\/media?parent=2806"}],"wp:term":[{"taxonomy":"category","embeddable":true,"href":"https:\/\/www.article-marketing.eu\/comunicati\/wp-json\/wp\/v2\/categories?post=2806"},{"taxonomy":"post_tag","embeddable":true,"href":"https:\/\/www.article-marketing.eu\/comunicati\/wp-json\/wp\/v2\/tags?post=2806"}],"curies":[{"name":"wp","href":"https:\/\/api.w.org\/{rel}","templated":true}]}}